{"id":39364,"date":"2024-07-28T23:06:01","date_gmt":"2024-07-28T23:06:01","guid":{"rendered":"https:\/\/appsaf.apieproject.com\/news\/?p=39364"},"modified":"2024-07-28T23:06:02","modified_gmt":"2024-07-28T23:06:02","slug":"senegal-la-france-fait-un-pas-vers-la-reconnaissance-du-massacre-de-thiaroye","status":"publish","type":"post","link":"https:\/\/appsaf.apieproject.com\/news\/fr\/2024\/07\/28\/senegal-la-france-fait-un-pas-vers-la-reconnaissance-du-massacre-de-thiaroye\/","title":{"rendered":"S\u00e9n\u00e9gal\u00a0: La France Fait Un Pas Vers La Reconnaissance Du Massacre De Thiaroye"},"content":{"rendered":"\n<p>En\u00a01944, des dizaines de tirailleurs avaient \u00e9t\u00e9 ex\u00e9cut\u00e9s par l\u2019arm\u00e9e fran\u00e7aise pr\u00e8s de Dakar. Six d\u2019entre eux viennent d\u2019\u00eatre reconnus \u00ab\u00a0Morts pour la France\u00a0\u00bb, mais beaucoup reste \u00e0 faire pour comprendre les circonstances de ce drame.<\/p>\n\n\n\n<p>\u00ab\u00a0Mort pour la France.\u00a0\u00bb Ces quatre mots lourds de sens, Biram Senghor les attend depuis quatre-vingts ans pour son p\u00e8re, ex\u00e9cut\u00e9, comme plusieurs dizaines de tirailleurs, le 1<sup>er<\/sup>\u00a0d\u00e9cembre\u00a01944 \u00e0 Thiaroye, au\u00a0S\u00e9n\u00e9gal, sur ordre de l\u2019arm\u00e9e fran\u00e7aise. Apr\u00e8s des d\u00e9cennies de combat pour leur m\u00e9moire, l\u2019homme de 86\u00a0ans vient d\u2019apprendre que cette mention honorifique a \u00e9t\u00e9 octroy\u00e9e \u00e0 six d\u2019entre eux, dont M\u2019Bap Senghor, son p\u00e8re.<\/p>\n\n\n\n<p>Cette attribution a \u00e9t\u00e9 d\u00e9livr\u00e9e en toute discr\u00e9tion le 18\u00a0juin, selon un document consult\u00e9 par\u00a0<em>Le\u00a0Monde\u00a0<\/em>et r\u00e9dig\u00e9 par l\u2019Office national des combattants et des victimes de guerre (un organisme rattach\u00e9 au minist\u00e8re fran\u00e7ais des arm\u00e9es), soit deux jours avant la premi\u00e8re rencontre entre le nouveau chef de l\u2019Etat s\u00e9n\u00e9galais, Bassirou Diomaye Faye, et Emmanuel Macron \u00e0 Paris.<\/p>\n\n\n\n<p><em>\u00ab\u00a0C\u2019est l\u2019aboutissement de tant d\u2019efforts contre l\u2019injustice que ma famille a subie\u00a0\u00bb,<\/em>\u00a0confie Biram Senghor<em>.<\/em>\u00a0Apr\u00e8s avoir \u00e9t\u00e9 inform\u00e9 oralement de la nouvelle, il se dit\u00a0<em>\u00ab\u00a0impatient\u00a0\u00bb<\/em>\u00a0de recevoir le document officiel, qui doit lui \u00eatre envoy\u00e9 par valise diplomatique.\u00a0<em>\u00ab\u00a0J\u2019avais 6\u00a0ans lorsque j\u2019ai appris dans quelles conditions mon p\u00e8re \u00e9tait mort. Depuis, je cours derri\u00e8re la France pour obtenir r\u00e9paration. J\u2019ai \u00e9t\u00e9 confront\u00e9 aux silences et \u00e0 la l\u00e2chet\u00e9 de l\u2019Etat, mais aujourd\u2019hui, c\u2019est une grande victoire qu\u2019il reconnaisse ses torts\u00a0\u00bb,<\/em>\u00a0poursuit l\u2019ancien gendarme.<\/p>\n\n\n\n<h2 class=\"wp-block-heading\">Fosses communes<\/h2>\n\n\n\n<p>Cette reconnaissance est un geste in\u00e9dit dans un dossier m\u00e9moriel douloureux entre la France et ses anciennes colonies. A Thiaroye, une ville situ\u00e9e non loin de Dakar, des dizaines de tirailleurs africains (35 selon les autorit\u00e9s militaires, dix fois plus selon plusieurs historiens) ont \u00e9t\u00e9 ex\u00e9cut\u00e9s, le 1<sup>er<\/sup>&nbsp;d\u00e9cembre&nbsp;1944, pour avoir manifest\u00e9 afin de toucher leur solde.<\/p>\n","protected":false},"excerpt":{"rendered":"<p>En\u00a01944, des dizaines de tirailleurs avaient \u00e9t\u00e9 ex\u00e9cut\u00e9s par l\u2019arm\u00e9e fran\u00e7aise pr\u00e8s de Dakar. Six d\u2019entre eux viennent d\u2019\u00eatre reconnus \u00ab\u00a0Morts pour la France\u00a0\u00bb, mais beaucoup reste \u00e0 faire pour comprendre les circonstances de ce drame. \u00ab\u00a0Mort pour la France.\u00a0\u00bb Ces quatre mots lourds de sens, Biram Senghor les attend depuis quatre-vingts ans pour son [&hellip;]<\/p>\n","protected":false},"author":1,"featured_media":39365,"comment_status":"open","ping_status":"open","sticky":false,"template":"","format":"standard","meta":{"footnotes":""},"categories":[67,53,59],"tags":[81,78,87],"class_list":{"0":"post-39364","1":"post","2":"type-post","3":"status-publish","4":"format-standard","5":"has-post-thumbnail","7":"category-actualites","8":"category-culture-fr","9":"category-speciaux","10":"tag-actualites","11":"tag-apie-project-2","12":"tag-culture-2"},"yoast_head":"<!-- This site is optimized with the Yoast SEO plugin v24.4 - https:\/\/yoast.com\/wordpress\/plugins\/seo\/ -->\n<title>S\u00e9n\u00e9gal\u00a0: La France Fait Un Pas Vers La Reconnaissance Du Massacre De Thiaroye - APIE NEWS<\/title>\n<meta name=\"robots\" content=\"index, follow, max-snippet:-1, max-image-preview:large, max-video-preview:-1\" \/>\n<link rel=\"canonical\" href=\"https:\/\/appsaf.apieproject.com\/news\/fr\/2024\/07\/28\/senegal-la-france-fait-un-pas-vers-la-reconnaissance-du-massacre-de-thiaroye\/\" \/>\n<meta property=\"og:locale\" content=\"fr_FR\" \/>\n<meta property=\"og:type\" content=\"article\" \/>\n<meta property=\"og:title\" content=\"S\u00e9n\u00e9gal\u00a0: La France Fait Un Pas Vers La Reconnaissance Du Massacre De Thiaroye - APIE NEWS\" \/>\n<meta property=\"og:description\" content=\"En\u00a01944, des dizaines de tirailleurs avaient \u00e9t\u00e9 ex\u00e9cut\u00e9s par l\u2019arm\u00e9e fran\u00e7aise pr\u00e8s de Dakar. Six d\u2019entre eux viennent d\u2019\u00eatre reconnus \u00ab\u00a0Morts pour la France\u00a0\u00bb, mais beaucoup reste \u00e0 faire pour comprendre les circonstances de ce drame. \u00ab\u00a0Mort pour la France.\u00a0\u00bb Ces quatre mots lourds de sens, Biram Senghor les attend depuis quatre-vingts ans pour son [&hellip;]\" \/>\n<meta property=\"og:url\" content=\"https:\/\/appsaf.apieproject.com\/news\/fr\/2024\/07\/28\/senegal-la-france-fait-un-pas-vers-la-reconnaissance-du-massacre-de-thiaroye\/\" \/>\n<meta property=\"og:site_name\" content=\"APIE NEWS\" \/>\n<meta property=\"article:publisher\" content=\"https:\/\/facebook.com\/apieproject\" \/>\n<meta property=\"article:published_time\" content=\"2024-07-28T23:06:01+00:00\" \/>\n<meta property=\"article:modified_time\" content=\"2024-07-28T23:06:02+00:00\" \/>\n<meta property=\"og:image\" content=\"https:\/\/appsaf.apieproject.com\/news\/wp-content\/uploads\/sites\/29\/2024\/07\/Thiaroye.jpg\" \/>\n\t<meta property=\"og:image:width\" content=\"550\" \/>\n\t<meta property=\"og:image:height\" content=\"382\" \/>\n\t<meta property=\"og:image:type\" content=\"image\/jpeg\" \/>\n<meta name=\"author\" content=\"apieproject\" \/>\n<meta name=\"twitter:card\" content=\"summary_large_image\" \/>\n<meta name=\"twitter:creator\" content=\"@apieproject\" \/>\n<meta name=\"twitter:site\" content=\"@apieproject\" \/>\n<meta name=\"twitter:label1\" content=\"\u00c9crit par\" \/>\n\t<meta name=\"twitter:data1\" content=\"apieproject\" \/>\n\t<meta name=\"twitter:label2\" content=\"Dur\u00e9e de lecture estim\u00e9e\" \/>\n\t<meta name=\"twitter:data2\" content=\"2 minutes\" \/>\n<script type=\"application\/ld+json\" class=\"yoast-schema-graph\">{\"@context\":\"https:\/\/schema.org\",\"@graph\":[{\"@type\":\"Article\",\"@id\":\"https:\/\/appsaf.apieproject.com\/news\/fr\/2024\/07\/28\/senegal-la-france-fait-un-pas-vers-la-reconnaissance-du-massacre-de-thiaroye\/#article\",\"isPartOf\":{\"@id\":\"https:\/\/appsaf.apieproject.com\/news\/fr\/2024\/07\/28\/senegal-la-france-fait-un-pas-vers-la-reconnaissance-du-massacre-de-thiaroye\/\"},\"author\":{\"name\":\"apieproject\",\"@id\":\"https:\/\/appsaf.apieproject.com\/news\/#\/schema\/person\/ad5502ca15531a327ebd9865992b8492\"},\"headline\":\"S\u00e9n\u00e9gal\u00a0: La France Fait Un Pas Vers La Reconnaissance Du Massacre De Thiaroye\",\"datePublished\":\"2024-07-28T23:06:01+00:00\",\"dateModified\":\"2024-07-28T23:06:02+00:00\",\"mainEntityOfPage\":{\"@id\":\"https:\/\/appsaf.apieproject.com\/news\/fr\/2024\/07\/28\/senegal-la-france-fait-un-pas-vers-la-reconnaissance-du-massacre-de-thiaroye\/\"},\"wordCount\":378,\"commentCount\":0,\"publisher\":{\"@id\":\"https:\/\/appsaf.apieproject.com\/news\/#organization\"},\"image\":{\"@id\":\"https:\/\/appsaf.apieproject.com\/news\/fr\/2024\/07\/28\/senegal-la-france-fait-un-pas-vers-la-reconnaissance-du-massacre-de-thiaroye\/#primaryimage\"},\"thumbnailUrl\":\"https:\/\/appsaf.apieproject.com\/news\/wp-content\/uploads\/sites\/29\/2024\/07\/Thiaroye.jpg\",\"keywords\":[\"actualites\",\"apie project\",\"culture\"],\"articleSection\":[\"Actualit\u00e9s\",\"Culture\",\"Sp\u00e9ciaux\"],\"inLanguage\":\"fr-FR\",\"potentialAction\":[{\"@type\":\"CommentAction\",\"name\":\"Comment\",\"target\":[\"https:\/\/appsaf.apieproject.com\/news\/fr\/2024\/07\/28\/senegal-la-france-fait-un-pas-vers-la-reconnaissance-du-massacre-de-thiaroye\/#respond\"]}]},{\"@type\":\"WebPage\",\"@id\":\"https:\/\/appsaf.apieproject.com\/news\/fr\/2024\/07\/28\/senegal-la-france-fait-un-pas-vers-la-reconnaissance-du-massacre-de-thiaroye\/\",\"url\":\"https:\/\/appsaf.apieproject.com\/news\/fr\/2024\/07\/28\/senegal-la-france-fait-un-pas-vers-la-reconnaissance-du-massacre-de-thiaroye\/\",\"name\":\"S\u00e9n\u00e9gal\u00a0: La France Fait Un Pas Vers La Reconnaissance Du Massacre De Thiaroye - APIE NEWS\",\"isPartOf\":{\"@id\":\"https:\/\/appsaf.apieproject.com\/news\/#website\"},\"primaryImageOfPage\":{\"@id\":\"https:\/\/appsaf.apieproject.com\/news\/fr\/2024\/07\/28\/senegal-la-france-fait-un-pas-vers-la-reconnaissance-du-massacre-de-thiaroye\/#primaryimage\"},\"image\":{\"@id\":\"https:\/\/appsaf.apieproject.com\/news\/fr\/2024\/07\/28\/senegal-la-france-fait-un-pas-vers-la-reconnaissance-du-massacre-de-thiaroye\/#primaryimage\"},\"thumbnailUrl\":\"https:\/\/appsaf.apieproject.com\/news\/wp-content\/uploads\/sites\/29\/2024\/07\/Thiaroye.jpg\",\"datePublished\":\"2024-07-28T23:06:01+00:00\",\"dateModified\":\"2024-07-28T23:06:02+00:00\",\"breadcrumb\":{\"@id\":\"https:\/\/appsaf.apieproject.com\/news\/fr\/2024\/07\/28\/senegal-la-france-fait-un-pas-vers-la-reconnaissance-du-massacre-de-thiaroye\/#breadcrumb\"},\"inLanguage\":\"fr-FR\",\"potentialAction\":[{\"@type\":\"ReadAction\",\"target\":[\"https:\/\/appsaf.apieproject.com\/news\/fr\/2024\/07\/28\/senegal-la-france-fait-un-pas-vers-la-reconnaissance-du-massacre-de-thiaroye\/\"]}]},{\"@type\":\"ImageObject\",\"inLanguage\":\"fr-FR\",\"@id\":\"https:\/\/appsaf.apieproject.com\/news\/fr\/2024\/07\/28\/senegal-la-france-fait-un-pas-vers-la-reconnaissance-du-massacre-de-thiaroye\/#primaryimage\",\"url\":\"https:\/\/appsaf.apieproject.com\/news\/wp-content\/uploads\/sites\/29\/2024\/07\/Thiaroye.jpg\",\"contentUrl\":\"https:\/\/appsaf.apieproject.com\/news\/wp-content\/uploads\/sites\/29\/2024\/07\/Thiaroye.jpg\",\"width\":550,\"height\":382},{\"@type\":\"BreadcrumbList\",\"@id\":\"https:\/\/appsaf.apieproject.com\/news\/fr\/2024\/07\/28\/senegal-la-france-fait-un-pas-vers-la-reconnaissance-du-massacre-de-thiaroye\/#breadcrumb\",\"itemListElement\":[{\"@type\":\"ListItem\",\"position\":1,\"name\":\"Home\",\"item\":\"https:\/\/appsaf.apieproject.com\/news\/fr\/home\/\"},{\"@type\":\"ListItem\",\"position\":2,\"name\":\"S\u00e9n\u00e9gal\u00a0: La France Fait Un Pas Vers La Reconnaissance Du Massacre De Thiaroye\"}]},{\"@type\":\"WebSite\",\"@id\":\"https:\/\/appsaf.apieproject.com\/news\/#website\",\"url\":\"https:\/\/appsaf.apieproject.com\/news\/\",\"name\":\"APIE NEWS\",\"description\":\"PANAFRICANISM NEWS PORTAL\",\"publisher\":{\"@id\":\"https:\/\/appsaf.apieproject.com\/news\/#organization\"},\"potentialAction\":[{\"@type\":\"SearchAction\",\"target\":{\"@type\":\"EntryPoint\",\"urlTemplate\":\"https:\/\/appsaf.apieproject.com\/news\/?s={search_term_string}\"},\"query-input\":{\"@type\":\"PropertyValueSpecification\",\"valueRequired\":true,\"valueName\":\"search_term_string\"}}],\"inLanguage\":\"fr-FR\"},{\"@type\":\"Organization\",\"@id\":\"https:\/\/appsaf.apieproject.com\/news\/#organization\",\"name\":\"APIE PROJECT\",\"url\":\"https:\/\/appsaf.apieproject.com\/news\/\",\"logo\":{\"@type\":\"ImageObject\",\"inLanguage\":\"fr-FR\",\"@id\":\"https:\/\/appsaf.apieproject.com\/news\/#\/schema\/logo\/image\/\",\"url\":\"https:\/\/appsaf.apieproject.com\/news\/wp-content\/uploads\/sites\/29\/2022\/07\/logo-R-TransparentBackground.png\",\"contentUrl\":\"https:\/\/appsaf.apieproject.com\/news\/wp-content\/uploads\/sites\/29\/2022\/07\/logo-R-TransparentBackground.png\",\"width\":512,\"height\":512,\"caption\":\"APIE PROJECT\"},\"image\":{\"@id\":\"https:\/\/appsaf.apieproject.com\/news\/#\/schema\/logo\/image\/\"},\"sameAs\":[\"https:\/\/facebook.com\/apieproject\",\"https:\/\/x.com\/apieproject\"]},{\"@type\":\"Person\",\"@id\":\"https:\/\/appsaf.apieproject.com\/news\/#\/schema\/person\/ad5502ca15531a327ebd9865992b8492\",\"name\":\"apieproject\",\"image\":{\"@type\":\"ImageObject\",\"inLanguage\":\"fr-FR\",\"@id\":\"https:\/\/appsaf.apieproject.com\/news\/#\/schema\/person\/image\/\",\"url\":\"https:\/\/secure.gravatar.com\/avatar\/8da820f890920c54e6a9a30087a8b9ec?s=96&d=mm&r=g\",\"contentUrl\":\"https:\/\/secure.gravatar.com\/avatar\/8da820f890920c54e6a9a30087a8b9ec?s=96&d=mm&r=g\",\"caption\":\"apieproject\"},\"url\":\"https:\/\/appsaf.apieproject.com\/news\/fr\/author\/apieproject\/\"}]}<\/script>\n<!-- \/ Yoast SEO plugin. -->","yoast_head_json":{"title":"S\u00e9n\u00e9gal\u00a0: La France Fait Un Pas Vers La Reconnaissance Du Massacre De Thiaroye - APIE NEWS","robots":{"index":"index","follow":"follow","max-snippet":"max-snippet:-1","max-image-preview":"max-image-preview:large","max-video-preview":"max-video-preview:-1"},"canonical":"https:\/\/appsaf.apieproject.com\/news\/fr\/2024\/07\/28\/senegal-la-france-fait-un-pas-vers-la-reconnaissance-du-massacre-de-thiaroye\/","og_locale":"fr_FR","og_type":"article","og_title":"S\u00e9n\u00e9gal\u00a0: La France Fait Un Pas Vers La Reconnaissance Du Massacre De Thiaroye - APIE NEWS","og_description":"En\u00a01944, des dizaines de tirailleurs avaient \u00e9t\u00e9 ex\u00e9cut\u00e9s par l\u2019arm\u00e9e fran\u00e7aise pr\u00e8s de Dakar. Six d\u2019entre eux viennent d\u2019\u00eatre reconnus \u00ab\u00a0Morts pour la France\u00a0\u00bb, mais beaucoup reste \u00e0 faire pour comprendre les circonstances de ce drame. \u00ab\u00a0Mort pour la France.\u00a0\u00bb Ces quatre mots lourds de sens, Biram Senghor les attend depuis quatre-vingts ans pour son [&hellip;]","og_url":"https:\/\/appsaf.apieproject.com\/news\/fr\/2024\/07\/28\/senegal-la-france-fait-un-pas-vers-la-reconnaissance-du-massacre-de-thiaroye\/","og_site_name":"APIE NEWS","article_publisher":"https:\/\/facebook.com\/apieproject","article_published_time":"2024-07-28T23:06:01+00:00","article_modified_time":"2024-07-28T23:06:02+00:00","og_image":[{"width":550,"height":382,"url":"https:\/\/appsaf.apieproject.com\/news\/wp-content\/uploads\/sites\/29\/2024\/07\/Thiaroye.jpg","type":"image\/jpeg"}],"author":"apieproject","twitter_card":"summary_large_image","twitter_creator":"@apieproject","twitter_site":"@apieproject","twitter_misc":{"\u00c9crit par":"apieproject","Dur\u00e9e de lecture estim\u00e9e":"2 minutes"},"schema":{"@context":"https:\/\/schema.org","@graph":[{"@type":"Article","@id":"https:\/\/appsaf.apieproject.com\/news\/fr\/2024\/07\/28\/senegal-la-france-fait-un-pas-vers-la-reconnaissance-du-massacre-de-thiaroye\/#article","isPartOf":{"@id":"https:\/\/appsaf.apieproject.com\/news\/fr\/2024\/07\/28\/senegal-la-france-fait-un-pas-vers-la-reconnaissance-du-massacre-de-thiaroye\/"},"author":{"name":"apieproject","@id":"https:\/\/appsaf.apieproject.com\/news\/#\/schema\/person\/ad5502ca15531a327ebd9865992b8492"},"headline":"S\u00e9n\u00e9gal\u00a0: La France Fait Un Pas Vers La Reconnaissance Du Massacre De Thiaroye","datePublished":"2024-07-28T23:06:01+00:00","dateModified":"2024-07-28T23:06:02+00:00","mainEntityOfPage":{"@id":"https:\/\/appsaf.apieproject.com\/news\/fr\/2024\/07\/28\/senegal-la-france-fait-un-pas-vers-la-reconnaissance-du-massacre-de-thiaroye\/"},"wordCount":378,"commentCount":0,"publisher":{"@id":"https:\/\/appsaf.apieproject.com\/news\/#organization"},"image":{"@id":"https:\/\/appsaf.apieproject.com\/news\/fr\/2024\/07\/28\/senegal-la-france-fait-un-pas-vers-la-reconnaissance-du-massacre-de-thiaroye\/#primaryimage"},"thumbnailUrl":"https:\/\/appsaf.apieproject.com\/news\/wp-content\/uploads\/sites\/29\/2024\/07\/Thiaroye.jpg","keywords":["actualites","apie project","culture"],"articleSection":["Actualit\u00e9s","Culture","Sp\u00e9ciaux"],"inLanguage":"fr-FR","potentialAction":[{"@type":"CommentAction","name":"Comment","target":["https:\/\/appsaf.apieproject.com\/news\/fr\/2024\/07\/28\/senegal-la-france-fait-un-pas-vers-la-reconnaissance-du-massacre-de-thiaroye\/#respond"]}]},{"@type":"WebPage","@id":"https:\/\/appsaf.apieproject.com\/news\/fr\/2024\/07\/28\/senegal-la-france-fait-un-pas-vers-la-reconnaissance-du-massacre-de-thiaroye\/","url":"https:\/\/appsaf.apieproject.com\/news\/fr\/2024\/07\/28\/senegal-la-france-fait-un-pas-vers-la-reconnaissance-du-massacre-de-thiaroye\/","name":"S\u00e9n\u00e9gal\u00a0: La France Fait Un Pas Vers La Reconnaissance Du Massacre De Thiaroye - APIE NEWS","isPartOf":{"@id":"https:\/\/appsaf.apieproject.com\/news\/#website"},"primaryImageOfPage":{"@id":"https:\/\/appsaf.apieproject.com\/news\/fr\/2024\/07\/28\/senegal-la-france-fait-un-pas-vers-la-reconnaissance-du-massacre-de-thiaroye\/#primaryimage"},"image":{"@id":"https:\/\/appsaf.apieproject.com\/news\/fr\/2024\/07\/28\/senegal-la-france-fait-un-pas-vers-la-reconnaissance-du-massacre-de-thiaroye\/#primaryimage"},"thumbnailUrl":"https:\/\/appsaf.apieproject.com\/news\/wp-content\/uploads\/sites\/29\/2024\/07\/Thiaroye.jpg","datePublished":"2024-07-28T23:06:01+00:00","dateModified":"2024-07-28T23:06:02+00:00","breadcrumb":{"@id":"https:\/\/appsaf.apieproject.com\/news\/fr\/2024\/07\/28\/senegal-la-france-fait-un-pas-vers-la-reconnaissance-du-massacre-de-thiaroye\/#breadcrumb"},"inLanguage":"fr-FR","potentialAction":[{"@type":"ReadAction","target":["https:\/\/appsaf.apieproject.com\/news\/fr\/2024\/07\/28\/senegal-la-france-fait-un-pas-vers-la-reconnaissance-du-massacre-de-thiaroye\/"]}]},{"@type":"ImageObject","inLanguage":"fr-FR","@id":"https:\/\/appsaf.apieproject.com\/news\/fr\/2024\/07\/28\/senegal-la-france-fait-un-pas-vers-la-reconnaissance-du-massacre-de-thiaroye\/#primaryimage","url":"https:\/\/appsaf.apieproject.com\/news\/wp-content\/uploads\/sites\/29\/2024\/07\/Thiaroye.jpg","contentUrl":"https:\/\/appsaf.apieproject.com\/news\/wp-content\/uploads\/sites\/29\/2024\/07\/Thiaroye.jpg","width":550,"height":382},{"@type":"BreadcrumbList","@id":"https:\/\/appsaf.apieproject.com\/news\/fr\/2024\/07\/28\/senegal-la-france-fait-un-pas-vers-la-reconnaissance-du-massacre-de-thiaroye\/#breadcrumb","itemListElement":[{"@type":"ListItem","position":1,"name":"Home","item":"https:\/\/appsaf.apieproject.com\/news\/fr\/home\/"},{"@type":"ListItem","position":2,"name":"S\u00e9n\u00e9gal\u00a0: La France Fait Un Pas Vers La Reconnaissance Du Massacre De Thiaroye"}]},{"@type":"WebSite","@id":"https:\/\/appsaf.apieproject.com\/news\/#website","url":"https:\/\/appsaf.apieproject.com\/news\/","name":"APIE NEWS","description":"PANAFRICANISM NEWS PORTAL","publisher":{"@id":"https:\/\/appsaf.apieproject.com\/news\/#organization"},"potentialAction":[{"@type":"SearchAction","target":{"@type":"EntryPoint","urlTemplate":"https:\/\/appsaf.apieproject.com\/news\/?s={search_term_string}"},"query-input":{"@type":"PropertyValueSpecification","valueRequired":true,"valueName":"search_term_string"}}],"inLanguage":"fr-FR"},{"@type":"Organization","@id":"https:\/\/appsaf.apieproject.com\/news\/#organization","name":"APIE PROJECT","url":"https:\/\/appsaf.apieproject.com\/news\/","logo":{"@type":"ImageObject","inLanguage":"fr-FR","@id":"https:\/\/appsaf.apieproject.com\/news\/#\/schema\/logo\/image\/","url":"https:\/\/appsaf.apieproject.com\/news\/wp-content\/uploads\/sites\/29\/2022\/07\/logo-R-TransparentBackground.png","contentUrl":"https:\/\/appsaf.apieproject.com\/news\/wp-content\/uploads\/sites\/29\/2022\/07\/logo-R-TransparentBackground.png","width":512,"height":512,"caption":"APIE PROJECT"},"image":{"@id":"https:\/\/appsaf.apieproject.com\/news\/#\/schema\/logo\/image\/"},"sameAs":["https:\/\/facebook.com\/apieproject","https:\/\/x.com\/apieproject"]},{"@type":"Person","@id":"https:\/\/appsaf.apieproject.com\/news\/#\/schema\/person\/ad5502ca15531a327ebd9865992b8492","name":"apieproject","image":{"@type":"ImageObject","inLanguage":"fr-FR","@id":"https:\/\/appsaf.apieproject.com\/news\/#\/schema\/person\/image\/","url":"https:\/\/secure.gravatar.com\/avatar\/8da820f890920c54e6a9a30087a8b9ec?s=96&d=mm&r=g","contentUrl":"https:\/\/secure.gravatar.com\/avatar\/8da820f890920c54e6a9a30087a8b9ec?s=96&d=mm&r=g","caption":"apieproject"},"url":"https:\/\/appsaf.apieproject.com\/news\/fr\/author\/apieproject\/"}]}},"_links":{"self":[{"href":"https:\/\/appsaf.apieproject.com\/news\/fr\/wp-json\/wp\/v2\/posts\/39364","targetHints":{"allow":["GET"]}}],"collection":[{"href":"https:\/\/appsaf.apieproject.com\/news\/fr\/wp-json\/wp\/v2\/posts"}],"about":[{"href":"https:\/\/appsaf.apieproject.com\/news\/fr\/wp-json\/wp\/v2\/types\/post"}],"author":[{"embeddable":true,"href":"https:\/\/appsaf.apieproject.com\/news\/fr\/wp-json\/wp\/v2\/users\/1"}],"replies":[{"embeddable":true,"href":"https:\/\/appsaf.apieproject.com\/news\/fr\/wp-json\/wp\/v2\/comments?post=39364"}],"version-history":[{"count":1,"href":"https:\/\/appsaf.apieproject.com\/news\/fr\/wp-json\/wp\/v2\/posts\/39364\/revisions"}],"predecessor-version":[{"id":39368,"href":"https:\/\/appsaf.apieproject.com\/news\/fr\/wp-json\/wp\/v2\/posts\/39364\/revisions\/39368"}],"wp:featuredmedia":[{"embeddable":true,"href":"https:\/\/appsaf.apieproject.com\/news\/fr\/wp-json\/wp\/v2\/media\/39365"}],"wp:attachment":[{"href":"https:\/\/appsaf.apieproject.com\/news\/fr\/wp-json\/wp\/v2\/media?parent=39364"}],"wp:term":[{"taxonomy":"category","embeddable":true,"href":"https:\/\/appsaf.apieproject.com\/news\/fr\/wp-json\/wp\/v2\/categories?post=39364"},{"taxonomy":"post_tag","embeddable":true,"href":"https:\/\/appsaf.apieproject.com\/news\/fr\/wp-json\/wp\/v2\/tags?post=39364"}],"curies":[{"name":"wp","href":"https:\/\/api.w.org\/{rel}","templated":true}]}}