{"id":39419,"date":"2024-08-04T23:19:59","date_gmt":"2024-08-04T23:19:59","guid":{"rendered":"https:\/\/appsaf.apieproject.com\/news\/?p=39419"},"modified":"2024-08-04T23:20:01","modified_gmt":"2024-08-04T23:20:01","slug":"la-suisse-a-lavant-poste-des-arts-africains","status":"publish","type":"post","link":"https:\/\/appsaf.apieproject.com\/news\/fr\/2024\/08\/04\/la-suisse-a-lavant-poste-des-arts-africains\/","title":{"rendered":"La Suisse \u00e0 L&rsquo;avant-poste Des Arts Africains"},"content":{"rendered":"\n<p>L&rsquo;histoire commence avec un symbole fort. Pour sa premi\u00e8re itin\u00e9rance en Europe, l&rsquo;exposition\u00a0<em>When We See Us. Un si\u00e8cle de peinture figurative panafricaine<\/em>\u00a0vient de s&rsquo;installer en Suisse. Et dans un mus\u00e9e non des moindres\u00a0: le mus\u00e9e d&rsquo;art de B\u00e2le (KunstMuseum Basel). Pour l&rsquo;occasion, l&rsquo;institution pluris\u00e9culaire \u2013 le plus ancien mus\u00e9e d&rsquo;art suisse \u2013 a ouvert les portes de sa gigantesque annexe d\u00e9di\u00e9e \u00e0 l&rsquo;art contemporain, \u00ab\u00a0Gegenwart\u00a0\u00bb, \u00e0 plus de\u00a0150\u00a0artistes issus du continent africain.<\/p>\n\n\n\n<p>\u00ab\u00a0<em>When We See Us<\/em>, c&rsquo;est la perp\u00e9tuation, l&rsquo;essence et la mise en avant du ph\u00e9nom\u00e8ne de la Black Joy\u00a0\u00bb, pr\u00e9sente Koyo Kouoh, la cheffe d&rsquo;orchestre de la r\u00e9trospective, de sa voix grave et assur\u00e9e. Le ton est donn\u00e9, la position pleinement assum\u00e9e\u00a0: une expo militante, qui cherche \u00e0 c\u00e9l\u00e9brer\u00a0la richesse des cultures noires peintes dans leur quotidien. La m\u00eame directrice du Zeitz MOCAA au Cap de poursuivre\u00a0: \u00ab\u00a0<em>When We See Us<\/em>\u00a0contribue au discours critique sur la repr\u00e9sentation et d\u00e9montre que la subjectivit\u00e9 noire se manifeste partout dans le monde dans le jeu, l&rsquo;oisivet\u00e9, le loisir, l&rsquo;indulgence, l&rsquo;opulence, la spiritualit\u00e9, le triomphe et bien d&rsquo;autres activit\u00e9s humaines.\u00a0\u00bb<\/p>\n\n\n\n<p>Sc\u00e9nographi\u00e9e en six th\u00e9matiques r\u00e9parties sur un rez-de-chauss\u00e9e et deux \u00e9tages, l&rsquo;expo propose une travers\u00e9e de la peinture figurative africaine et diasporique de\u00a01920\u00a0\u00e0 nos jours.<\/p>\n\n\n\n<h2 class=\"wp-block-heading\">Une exposition panafricaine en Suisse<\/h2>\n\n\n\n<p>Pourquoi au juste le KunstMuseum Basel pour abriter un tel \u00e9v\u00e9nement&nbsp;? Les raisons sont multiples. Personnelles d&rsquo;abord, puisque la co-commissaire, l&rsquo;influente polyglotte Koyo Kouoh, a \u00e9tudi\u00e9 non loin en Suisse al\u00e9manique, \u00e0 Zurich \u2013 avant de poursuivre une trajectoire d\u00e9di\u00e9e \u00e0 la valorisation des arts issus du continent africain et de sa diaspora.<\/p>\n\n\n\n<p>Mais pas que. De fait, \u00e0 l&rsquo;\u00e9chelle nationale, la Suisse s&rsquo;est positionn\u00e9e en faveur des arts africains, anciens et contemporains. Preuve en est, au-del\u00e0 des collections d&rsquo;institutions culturelles (mus\u00e9e Rietberg \u00e0 Zurich, mus\u00e9e Barbier-Mueller ou encore Fondation Gandur pour l&rsquo;Art \u00e0 Gen\u00e8ve), l&rsquo;ouverture post-Covid de plusieurs galeries sp\u00e9cialis\u00e9es \u00e0 Gen\u00e8ve et Lausanne. Un effort favoris\u00e9 sans doute par l&rsquo;absence d&rsquo;un pass\u00e9 colonial \u2013 encore trop probl\u00e9matique, voire irr\u00e9solu, par les voisins europ\u00e9ens. Mais aussi par la pr\u00e9sence de collectionneurs et fortunes africaines dans l&rsquo;espace helv\u00e8te, ainsi qu&rsquo;une longue tradition philanthropique et humanitaire.Et B\u00e2le, alors&nbsp;? La ville germanophone accueille, elle, l&rsquo;incontournable Art Basel \u2013 cette foire d&rsquo;art contemporain qui r\u00e9unit chaque ann\u00e9e \u00e0 la mi-juin le gratin des galeries internationales. Depuis plusieurs ann\u00e9es, elle contribue \u00e0 la mont\u00e9e en puissance des artistes africains. Enfin, des liens anciens avec son mus\u00e9e d&rsquo;Art,&nbsp;<em>When We See Us<\/em>&nbsp;succ\u00e9dant \u00e0 une s\u00e9rie d&rsquo;expositions monographiques consacr\u00e9es \u00e0 des artistes afro-am\u00e9ricains (Theaster Gates, Sam Gilliam, Kara Walker\u2026).<\/p>\n\n\n\n<p>Lors du lancement, la participation de l&rsquo;institution h\u00f4te se fait pourtant discr\u00e8te. KunstMuseum Basel offre avant tout son \u00e9crin. C&rsquo;est qu&rsquo;il fallait un espace suffisant pour abriter un si\u00e8cle de peinture panafricaine retrac\u00e9 en plus de\u00a0200\u00a0\u0153uvres. Le Zeitz MOCAA au Cap, o\u00f9 a \u00e9t\u00e9 pens\u00e9e l&rsquo;exposition en premier lieu, \u00ab\u00a0ce sont plus de\u00a05000\u00a0m\u00b2\u00a0!\u00a0\u00bb\u00a0\u00c0 son tour, le mus\u00e9e d&rsquo;art de B\u00e2le a mis \u00e0 profit son annexe pour valoriser les six th\u00e9matiques composant le parcours\u00a0: \u00ab\u00a0Triomphe et \u00e9mancipation\u00a0\u00bb, \u00ab\u00a0Sensualit\u00e9\u00a0\u00bb, \u00ab\u00a0Spiritualit\u00e9\u00a0\u00bb, \u00ab\u00a0Le quotidien\u00a0\u00bb, \u00ab\u00a0Joie et all\u00e9gresse\u00a0\u00bb, \u00ab\u00a0Repos\u00a0\u00bb.<\/p>\n\n\n\n<p>Dans l&rsquo;espace lumineux se suivent toiles de ma\u00eetres\u00a0\u00e9tablis et tableaux d&rsquo;artistes \u00e9mergents. Les g\u00e9ographies \u00e9galement rebattues, c&rsquo;est l&rsquo;occasion de (re)d\u00e9couvertes\u00a0: ce portrait d&rsquo;un couple diabolique du provocateur peintre britannique Chris Ofili\u00a0; les corps \u00e9lanc\u00e9s tout en nuances du Guadeloup\u00e9en Elladj Lincy Deloumeaux\u00a0; deux femmes allong\u00e9es dans un d\u00e9cor aux couleurs fauves de Zandile Tshabalala, peintre originaire de Soweto\u00a0; un portrait \u00e9tonnamment classique d&rsquo;un bourgeois soudanais de l&rsquo;artiste et ex-diplomate Ibrahim el-Salahi, ou encore un homme chass\u00e9 par un fauve par un \u00e9minent repr\u00e9sentant de la Harlem Renaissance, Aaron Douglas.<br><\/p>\n\n\n\n<p>Concernant le parcours, Kouoh pr\u00e9cise\u00a0: \u00ab\u00a0On a un peu r\u00e9orient\u00e9 la circulation de l&rsquo;exposition. Au Cap, elle d\u00e9marre avec le th\u00e8me du quotidien, qui est maintenant au 2<sup>e<\/sup>\u00a0\u00e9tage. Mais on a travaill\u00e9 \u00e0 partir d&rsquo;une m\u00eame sc\u00e9nographie\u00a0: jeux sur terre et for\u00eat avec les couleurs des supports\u00a0; des paravents pour cr\u00e9er des moments d&rsquo;intimit\u00e9.\u00a0\u00bb Ces adaptations \u00e0 la marge permettent de conserver l&rsquo;approche politique au c\u0153ur de l&rsquo;exposition con\u00e7ue en Afrique du Sud \u2013 un an et demi avant les \u00e9lections pr\u00e9sidentielles tout juste conclues.<\/p>\n\n\n\n<h2 class=\"wp-block-heading\">Une expo, une vision, un plaidoyer<\/h2>\n\n\n\n<p>Sans d\u00e9tour, la commissaire situe son expo\u00a0: \u00ab\u00a0Tout est sous-tendu par la politique et l&rsquo;id\u00e9e du panafricanisme.\u00a0\u00bb Ainsi le cartel de la premi\u00e8re section \u00ab\u00a0Triomphe et \u00e9mancipation\u00a0\u00bb aux premi\u00e8res lignes ici reproduites\u00a0: \u00ab\u00a0Joie, soulagement, fiert\u00e9\u00a0: nous sommes ici la force incarn\u00e9e. Notre triomphe nous a rendus invincibles et victorieux. Nous sommes les leaders r\u00e9volutionnaires que d\u00e9crit\u00a0Ch\u00e9ri Ch\u00e9rin, et nous sommes aussi confiants que tous les personnages de cette partie de l&rsquo;exposition\u00a0se tiennent droit rien qu&rsquo;en s&rsquo;asseyant.\u00a0\u00bb Affaire de posture. Et de ce point de vue. Car\u00a0il s&rsquo;agit bien de se raconter soi-m\u00eame, positivement. C&rsquo;est d&rsquo;ailleurs ce que dit le titre de l&rsquo;exposition \u2013 un d\u00e9tournement du titre de la minis\u00e9rie\u00a0<em>When They See Us<\/em>\u00a0(2019) de la r\u00e9alisatrice africaine-am\u00e9ricaine Ava DuVernay.<\/p>\n\n\n\n<p>Aussi, d\u00e8s le premier \u00e9tage, fruit de recherches d&rsquo;archives, un mur expose une frise chronologique des \u00e9tapes marquantes du mouvement panafricaniste et de ses \u00e9manations artistiques. Mani\u00e8re \u00e0 la fois de partager des connaissances \u00e0 propos d&rsquo;une id\u00e9ologie politique et de s&rsquo;y ins\u00e9rer. Ladite frise est fournie. Cela, \u00e0 l&rsquo;image de l&rsquo;ensemble de la r\u00e9trospective, marqu\u00e9&nbsp;par l&rsquo;\u00e9clectisme et la juxtaposition d&rsquo;\u0153uvres sur des formats et des techniques diff\u00e9rents (peintures \u00e0 l&rsquo;huile, \u00e0 l&rsquo;eau, laques, collages\u2026) \u2013 parfois directement influenc\u00e9es par la tradition picturale occidentale. Y sont bross\u00e9s des individus autant que des communaut\u00e9s, des int\u00e9rieurs et des ext\u00e9rieurs, avec toutes les nuances possibles de r\u00e9alisme et d&rsquo;abstraction.<\/p>\n\n\n\n<p>Pour mettre en sc\u00e8ne cette c\u00e9l\u00e9bration d&rsquo;Africains par eux-m\u00eames, des \u0153uvres d&rsquo;artistes d\u00e9j\u00e0 connus\u00a0:\u00a0Ch\u00e9ri Samba, par exemple, avec sa r\u00e9cente r\u00e9trospective au mus\u00e9e Maillol \u00e0 Paris, ou Kehinde Wiley, expos\u00e9 l&rsquo;an dernier au mus\u00e9e du Quai Branly. Ce, \u00e0 c\u00f4t\u00e9 d&rsquo;autres encore discrets dans le champ francophone \u2013 \u00e0 l&rsquo;instar de Michael Armitage, Sungi Mlengeya ou Olusegun Adejumo.<\/p>\n\n\n\n<p>\u00ab&nbsp;L&rsquo;id\u00e9e, c&rsquo;\u00e9tait surtout de rassembler des \u0153uvres. Bien s\u00fbr, au Cap ou ici, il y a toujours un groupe d&rsquo;artistes qui accompagnent l&rsquo;expo&nbsp;\u00bb, ajoute Kouoh. C&rsquo;est le cas du peintre afro-am\u00e9ricain Kambui Olujimi, originaire de New York, absent lors de l&rsquo;inauguration au Cap, mais pr\u00e9sent \u00e0 B\u00e2le. \u00ab&nbsp;C&rsquo;est ma communaut\u00e9 globale. Je suis heureux de la voir appara\u00eetre au grand jour.&nbsp;\u00bb<\/p>\n\n\n\n<h2 class=\"wp-block-heading\">Des circulations globales<\/h2>\n\n\n\n<p>Les deux commissaires soulignent \u00ab&nbsp;une expo historique&nbsp;\u00bb. La transposition dans un contexte europ\u00e9en d&rsquo;une vaste r\u00e9trospective pens\u00e9e sur le continent suscite bien entendu la curiosit\u00e9 \u2013 qui plus est depuis un pays, l&rsquo;Afrique du Sud, et une ville, Le Cap, d\u00e9chir\u00e9s par leur pass\u00e9 s\u00e9gr\u00e9gationniste.<\/p>\n\n\n\n<p>Les \u0153uvres proviennent des collections de plus de&nbsp;70&nbsp;pr\u00eateurs (galeries, institutions, priv\u00e9s), recr\u00e9ant des circulations f\u00e9condes entre l&rsquo;Afrique, l&rsquo;Am\u00e9rique du Nord et l&rsquo;Europe principalement. Cette ampleur g\u00e9ographique est rendue possible par l&rsquo;influence internationale des commissaires, par la notori\u00e9t\u00e9 de la structure d&rsquo;accueil et par les moyens d\u00e9ploy\u00e9s \u2013 en t\u00e9moigne la campagne publicitaire d\u00e8s la sortie de la gare de B\u00e2le.<\/p>\n\n\n\n<p>Alors que la pluie se remet \u00e0 tomber, l&rsquo;heure du d\u00e9jeuner avance. La commissaire de conclure avec une lueur de d\u00e9fiance\u00a0: \u00ab\u00a0Il faut d\u00e9centrer les questions de violence, qui sont toujours attribu\u00e9es \u00e0 l&rsquo;espace africain et afro-diasporique. Comme si on avait que \u00e7a comme pratique\u00a0!\u00a0\u00bb<\/p>\n\n\n\n<p><\/p>\n","protected":false},"excerpt":{"rendered":"<p>L&rsquo;histoire commence avec un symbole fort. Pour sa premi\u00e8re itin\u00e9rance en Europe, l&rsquo;exposition\u00a0When We See Us. Un si\u00e8cle de peinture figurative panafricaine\u00a0vient de s&rsquo;installer en Suisse. Et dans un mus\u00e9e non des moindres\u00a0: le mus\u00e9e d&rsquo;art de B\u00e2le (KunstMuseum Basel). Pour l&rsquo;occasion, l&rsquo;institution pluris\u00e9culaire \u2013 le plus ancien mus\u00e9e d&rsquo;art suisse \u2013 a ouvert les [&hellip;]<\/p>\n","protected":false},"author":1,"featured_media":39420,"comment_status":"open","ping_status":"open","sticky":false,"template":"","format":"standard","meta":{"footnotes":""},"categories":[53,210,59],"tags":[81,78,87],"class_list":{"0":"post-39419","1":"post","2":"type-post","3":"status-publish","4":"format-standard","5":"has-post-thumbnail","7":"category-culture-fr","8":"category-histoire","9":"category-speciaux","10":"tag-actualites","11":"tag-apie-project-2","12":"tag-culture-2"},"yoast_head":"<!-- This site is optimized with the Yoast SEO plugin v24.4 - https:\/\/yoast.com\/wordpress\/plugins\/seo\/ -->\n<title>La Suisse \u00e0 L&#039;avant-poste Des Arts Africains - APIE NEWS<\/title>\n<meta name=\"robots\" content=\"index, follow, max-snippet:-1, max-image-preview:large, max-video-preview:-1\" \/>\n<link rel=\"canonical\" href=\"https:\/\/appsaf.apieproject.com\/news\/fr\/2024\/08\/04\/la-suisse-a-lavant-poste-des-arts-africains\/\" \/>\n<meta property=\"og:locale\" content=\"fr_FR\" \/>\n<meta property=\"og:type\" content=\"article\" \/>\n<meta property=\"og:title\" content=\"La Suisse \u00e0 L&#039;avant-poste Des Arts Africains - APIE NEWS\" \/>\n<meta property=\"og:description\" content=\"L&rsquo;histoire commence avec un symbole fort. Pour sa premi\u00e8re itin\u00e9rance en Europe, l&rsquo;exposition\u00a0When We See Us. Un si\u00e8cle de peinture figurative panafricaine\u00a0vient de s&rsquo;installer en Suisse. Et dans un mus\u00e9e non des moindres\u00a0: le mus\u00e9e d&rsquo;art de B\u00e2le (KunstMuseum Basel). Pour l&rsquo;occasion, l&rsquo;institution pluris\u00e9culaire \u2013 le plus ancien mus\u00e9e d&rsquo;art suisse \u2013 a ouvert les [&hellip;]\" \/>\n<meta property=\"og:url\" content=\"https:\/\/appsaf.apieproject.com\/news\/fr\/2024\/08\/04\/la-suisse-a-lavant-poste-des-arts-africains\/\" \/>\n<meta property=\"og:site_name\" content=\"APIE NEWS\" \/>\n<meta property=\"article:publisher\" content=\"https:\/\/facebook.com\/apieproject\" \/>\n<meta property=\"article:published_time\" content=\"2024-08-04T23:19:59+00:00\" \/>\n<meta property=\"article:modified_time\" content=\"2024-08-04T23:20:01+00:00\" \/>\n<meta property=\"og:image\" content=\"https:\/\/appsaf.apieproject.com\/news\/wp-content\/uploads\/sites\/29\/2024\/08\/cheri-samba.jpg\" \/>\n\t<meta property=\"og:image:width\" content=\"809\" \/>\n\t<meta property=\"og:image:height\" content=\"810\" \/>\n\t<meta property=\"og:image:type\" content=\"image\/jpeg\" \/>\n<meta name=\"author\" content=\"apieproject\" \/>\n<meta name=\"twitter:card\" content=\"summary_large_image\" \/>\n<meta name=\"twitter:creator\" content=\"@apieproject\" \/>\n<meta name=\"twitter:site\" content=\"@apieproject\" \/>\n<meta name=\"twitter:label1\" content=\"\u00c9crit par\" \/>\n\t<meta name=\"twitter:data1\" content=\"apieproject\" \/>\n\t<meta name=\"twitter:label2\" content=\"Dur\u00e9e de lecture estim\u00e9e\" \/>\n\t<meta name=\"twitter:data2\" content=\"7 minutes\" \/>\n<script type=\"application\/ld+json\" class=\"yoast-schema-graph\">{\"@context\":\"https:\/\/schema.org\",\"@graph\":[{\"@type\":\"Article\",\"@id\":\"https:\/\/appsaf.apieproject.com\/news\/fr\/2024\/08\/04\/la-suisse-a-lavant-poste-des-arts-africains\/#article\",\"isPartOf\":{\"@id\":\"https:\/\/appsaf.apieproject.com\/news\/fr\/2024\/08\/04\/la-suisse-a-lavant-poste-des-arts-africains\/\"},\"author\":{\"name\":\"apieproject\",\"@id\":\"https:\/\/appsaf.apieproject.com\/news\/#\/schema\/person\/ad5502ca15531a327ebd9865992b8492\"},\"headline\":\"La Suisse \u00e0 L&rsquo;avant-poste Des Arts Africains\",\"datePublished\":\"2024-08-04T23:19:59+00:00\",\"dateModified\":\"2024-08-04T23:20:01+00:00\",\"mainEntityOfPage\":{\"@id\":\"https:\/\/appsaf.apieproject.com\/news\/fr\/2024\/08\/04\/la-suisse-a-lavant-poste-des-arts-africains\/\"},\"wordCount\":1420,\"commentCount\":0,\"publisher\":{\"@id\":\"https:\/\/appsaf.apieproject.com\/news\/#organization\"},\"image\":{\"@id\":\"https:\/\/appsaf.apieproject.com\/news\/fr\/2024\/08\/04\/la-suisse-a-lavant-poste-des-arts-africains\/#primaryimage\"},\"thumbnailUrl\":\"https:\/\/appsaf.apieproject.com\/news\/wp-content\/uploads\/sites\/29\/2024\/08\/cheri-samba.jpg\",\"keywords\":[\"actualites\",\"apie project\",\"culture\"],\"articleSection\":[\"Culture\",\"Histoire\",\"Sp\u00e9ciaux\"],\"inLanguage\":\"fr-FR\",\"potentialAction\":[{\"@type\":\"CommentAction\",\"name\":\"Comment\",\"target\":[\"https:\/\/appsaf.apieproject.com\/news\/fr\/2024\/08\/04\/la-suisse-a-lavant-poste-des-arts-africains\/#respond\"]}]},{\"@type\":\"WebPage\",\"@id\":\"https:\/\/appsaf.apieproject.com\/news\/fr\/2024\/08\/04\/la-suisse-a-lavant-poste-des-arts-africains\/\",\"url\":\"https:\/\/appsaf.apieproject.com\/news\/fr\/2024\/08\/04\/la-suisse-a-lavant-poste-des-arts-africains\/\",\"name\":\"La Suisse \u00e0 L'avant-poste Des Arts Africains - APIE NEWS\",\"isPartOf\":{\"@id\":\"https:\/\/appsaf.apieproject.com\/news\/#website\"},\"primaryImageOfPage\":{\"@id\":\"https:\/\/appsaf.apieproject.com\/news\/fr\/2024\/08\/04\/la-suisse-a-lavant-poste-des-arts-africains\/#primaryimage\"},\"image\":{\"@id\":\"https:\/\/appsaf.apieproject.com\/news\/fr\/2024\/08\/04\/la-suisse-a-lavant-poste-des-arts-africains\/#primaryimage\"},\"thumbnailUrl\":\"https:\/\/appsaf.apieproject.com\/news\/wp-content\/uploads\/sites\/29\/2024\/08\/cheri-samba.jpg\",\"datePublished\":\"2024-08-04T23:19:59+00:00\",\"dateModified\":\"2024-08-04T23:20:01+00:00\",\"breadcrumb\":{\"@id\":\"https:\/\/appsaf.apieproject.com\/news\/fr\/2024\/08\/04\/la-suisse-a-lavant-poste-des-arts-africains\/#breadcrumb\"},\"inLanguage\":\"fr-FR\",\"potentialAction\":[{\"@type\":\"ReadAction\",\"target\":[\"https:\/\/appsaf.apieproject.com\/news\/fr\/2024\/08\/04\/la-suisse-a-lavant-poste-des-arts-africains\/\"]}]},{\"@type\":\"ImageObject\",\"inLanguage\":\"fr-FR\",\"@id\":\"https:\/\/appsaf.apieproject.com\/news\/fr\/2024\/08\/04\/la-suisse-a-lavant-poste-des-arts-africains\/#primaryimage\",\"url\":\"https:\/\/appsaf.apieproject.com\/news\/wp-content\/uploads\/sites\/29\/2024\/08\/cheri-samba.jpg\",\"contentUrl\":\"https:\/\/appsaf.apieproject.com\/news\/wp-content\/uploads\/sites\/29\/2024\/08\/cheri-samba.jpg\",\"width\":809,\"height\":810},{\"@type\":\"BreadcrumbList\",\"@id\":\"https:\/\/appsaf.apieproject.com\/news\/fr\/2024\/08\/04\/la-suisse-a-lavant-poste-des-arts-africains\/#breadcrumb\",\"itemListElement\":[{\"@type\":\"ListItem\",\"position\":1,\"name\":\"Home\",\"item\":\"https:\/\/appsaf.apieproject.com\/news\/fr\/home\/\"},{\"@type\":\"ListItem\",\"position\":2,\"name\":\"La Suisse \u00e0 L&#8217;avant-poste Des Arts Africains\"}]},{\"@type\":\"WebSite\",\"@id\":\"https:\/\/appsaf.apieproject.com\/news\/#website\",\"url\":\"https:\/\/appsaf.apieproject.com\/news\/\",\"name\":\"APIE NEWS\",\"description\":\"PANAFRICANISM NEWS PORTAL\",\"publisher\":{\"@id\":\"https:\/\/appsaf.apieproject.com\/news\/#organization\"},\"potentialAction\":[{\"@type\":\"SearchAction\",\"target\":{\"@type\":\"EntryPoint\",\"urlTemplate\":\"https:\/\/appsaf.apieproject.com\/news\/?s={search_term_string}\"},\"query-input\":{\"@type\":\"PropertyValueSpecification\",\"valueRequired\":true,\"valueName\":\"search_term_string\"}}],\"inLanguage\":\"fr-FR\"},{\"@type\":\"Organization\",\"@id\":\"https:\/\/appsaf.apieproject.com\/news\/#organization\",\"name\":\"APIE PROJECT\",\"url\":\"https:\/\/appsaf.apieproject.com\/news\/\",\"logo\":{\"@type\":\"ImageObject\",\"inLanguage\":\"fr-FR\",\"@id\":\"https:\/\/appsaf.apieproject.com\/news\/#\/schema\/logo\/image\/\",\"url\":\"https:\/\/appsaf.apieproject.com\/news\/wp-content\/uploads\/sites\/29\/2022\/07\/logo-R-TransparentBackground.png\",\"contentUrl\":\"https:\/\/appsaf.apieproject.com\/news\/wp-content\/uploads\/sites\/29\/2022\/07\/logo-R-TransparentBackground.png\",\"width\":512,\"height\":512,\"caption\":\"APIE PROJECT\"},\"image\":{\"@id\":\"https:\/\/appsaf.apieproject.com\/news\/#\/schema\/logo\/image\/\"},\"sameAs\":[\"https:\/\/facebook.com\/apieproject\",\"https:\/\/x.com\/apieproject\"]},{\"@type\":\"Person\",\"@id\":\"https:\/\/appsaf.apieproject.com\/news\/#\/schema\/person\/ad5502ca15531a327ebd9865992b8492\",\"name\":\"apieproject\",\"image\":{\"@type\":\"ImageObject\",\"inLanguage\":\"fr-FR\",\"@id\":\"https:\/\/appsaf.apieproject.com\/news\/#\/schema\/person\/image\/\",\"url\":\"https:\/\/secure.gravatar.com\/avatar\/8da820f890920c54e6a9a30087a8b9ec?s=96&d=mm&r=g\",\"contentUrl\":\"https:\/\/secure.gravatar.com\/avatar\/8da820f890920c54e6a9a30087a8b9ec?s=96&d=mm&r=g\",\"caption\":\"apieproject\"},\"url\":\"https:\/\/appsaf.apieproject.com\/news\/fr\/author\/apieproject\/\"}]}<\/script>\n<!-- \/ Yoast SEO plugin. -->","yoast_head_json":{"title":"La Suisse \u00e0 L'avant-poste Des Arts Africains - APIE NEWS","robots":{"index":"index","follow":"follow","max-snippet":"max-snippet:-1","max-image-preview":"max-image-preview:large","max-video-preview":"max-video-preview:-1"},"canonical":"https:\/\/appsaf.apieproject.com\/news\/fr\/2024\/08\/04\/la-suisse-a-lavant-poste-des-arts-africains\/","og_locale":"fr_FR","og_type":"article","og_title":"La Suisse \u00e0 L'avant-poste Des Arts Africains - APIE NEWS","og_description":"L&rsquo;histoire commence avec un symbole fort. Pour sa premi\u00e8re itin\u00e9rance en Europe, l&rsquo;exposition\u00a0When We See Us. Un si\u00e8cle de peinture figurative panafricaine\u00a0vient de s&rsquo;installer en Suisse. Et dans un mus\u00e9e non des moindres\u00a0: le mus\u00e9e d&rsquo;art de B\u00e2le (KunstMuseum Basel). Pour l&rsquo;occasion, l&rsquo;institution pluris\u00e9culaire \u2013 le plus ancien mus\u00e9e d&rsquo;art suisse \u2013 a ouvert les [&hellip;]","og_url":"https:\/\/appsaf.apieproject.com\/news\/fr\/2024\/08\/04\/la-suisse-a-lavant-poste-des-arts-africains\/","og_site_name":"APIE NEWS","article_publisher":"https:\/\/facebook.com\/apieproject","article_published_time":"2024-08-04T23:19:59+00:00","article_modified_time":"2024-08-04T23:20:01+00:00","og_image":[{"width":809,"height":810,"url":"https:\/\/appsaf.apieproject.com\/news\/wp-content\/uploads\/sites\/29\/2024\/08\/cheri-samba.jpg","type":"image\/jpeg"}],"author":"apieproject","twitter_card":"summary_large_image","twitter_creator":"@apieproject","twitter_site":"@apieproject","twitter_misc":{"\u00c9crit par":"apieproject","Dur\u00e9e de lecture estim\u00e9e":"7 minutes"},"schema":{"@context":"https:\/\/schema.org","@graph":[{"@type":"Article","@id":"https:\/\/appsaf.apieproject.com\/news\/fr\/2024\/08\/04\/la-suisse-a-lavant-poste-des-arts-africains\/#article","isPartOf":{"@id":"https:\/\/appsaf.apieproject.com\/news\/fr\/2024\/08\/04\/la-suisse-a-lavant-poste-des-arts-africains\/"},"author":{"name":"apieproject","@id":"https:\/\/appsaf.apieproject.com\/news\/#\/schema\/person\/ad5502ca15531a327ebd9865992b8492"},"headline":"La Suisse \u00e0 L&rsquo;avant-poste Des Arts Africains","datePublished":"2024-08-04T23:19:59+00:00","dateModified":"2024-08-04T23:20:01+00:00","mainEntityOfPage":{"@id":"https:\/\/appsaf.apieproject.com\/news\/fr\/2024\/08\/04\/la-suisse-a-lavant-poste-des-arts-africains\/"},"wordCount":1420,"commentCount":0,"publisher":{"@id":"https:\/\/appsaf.apieproject.com\/news\/#organization"},"image":{"@id":"https:\/\/appsaf.apieproject.com\/news\/fr\/2024\/08\/04\/la-suisse-a-lavant-poste-des-arts-africains\/#primaryimage"},"thumbnailUrl":"https:\/\/appsaf.apieproject.com\/news\/wp-content\/uploads\/sites\/29\/2024\/08\/cheri-samba.jpg","keywords":["actualites","apie project","culture"],"articleSection":["Culture","Histoire","Sp\u00e9ciaux"],"inLanguage":"fr-FR","potentialAction":[{"@type":"CommentAction","name":"Comment","target":["https:\/\/appsaf.apieproject.com\/news\/fr\/2024\/08\/04\/la-suisse-a-lavant-poste-des-arts-africains\/#respond"]}]},{"@type":"WebPage","@id":"https:\/\/appsaf.apieproject.com\/news\/fr\/2024\/08\/04\/la-suisse-a-lavant-poste-des-arts-africains\/","url":"https:\/\/appsaf.apieproject.com\/news\/fr\/2024\/08\/04\/la-suisse-a-lavant-poste-des-arts-africains\/","name":"La Suisse \u00e0 L'avant-poste Des Arts Africains - APIE NEWS","isPartOf":{"@id":"https:\/\/appsaf.apieproject.com\/news\/#website"},"primaryImageOfPage":{"@id":"https:\/\/appsaf.apieproject.com\/news\/fr\/2024\/08\/04\/la-suisse-a-lavant-poste-des-arts-africains\/#primaryimage"},"image":{"@id":"https:\/\/appsaf.apieproject.com\/news\/fr\/2024\/08\/04\/la-suisse-a-lavant-poste-des-arts-africains\/#primaryimage"},"thumbnailUrl":"https:\/\/appsaf.apieproject.com\/news\/wp-content\/uploads\/sites\/29\/2024\/08\/cheri-samba.jpg","datePublished":"2024-08-04T23:19:59+00:00","dateModified":"2024-08-04T23:20:01+00:00","breadcrumb":{"@id":"https:\/\/appsaf.apieproject.com\/news\/fr\/2024\/08\/04\/la-suisse-a-lavant-poste-des-arts-africains\/#breadcrumb"},"inLanguage":"fr-FR","potentialAction":[{"@type":"ReadAction","target":["https:\/\/appsaf.apieproject.com\/news\/fr\/2024\/08\/04\/la-suisse-a-lavant-poste-des-arts-africains\/"]}]},{"@type":"ImageObject","inLanguage":"fr-FR","@id":"https:\/\/appsaf.apieproject.com\/news\/fr\/2024\/08\/04\/la-suisse-a-lavant-poste-des-arts-africains\/#primaryimage","url":"https:\/\/appsaf.apieproject.com\/news\/wp-content\/uploads\/sites\/29\/2024\/08\/cheri-samba.jpg","contentUrl":"https:\/\/appsaf.apieproject.com\/news\/wp-content\/uploads\/sites\/29\/2024\/08\/cheri-samba.jpg","width":809,"height":810},{"@type":"BreadcrumbList","@id":"https:\/\/appsaf.apieproject.com\/news\/fr\/2024\/08\/04\/la-suisse-a-lavant-poste-des-arts-africains\/#breadcrumb","itemListElement":[{"@type":"ListItem","position":1,"name":"Home","item":"https:\/\/appsaf.apieproject.com\/news\/fr\/home\/"},{"@type":"ListItem","position":2,"name":"La Suisse \u00e0 L&#8217;avant-poste Des Arts Africains"}]},{"@type":"WebSite","@id":"https:\/\/appsaf.apieproject.com\/news\/#website","url":"https:\/\/appsaf.apieproject.com\/news\/","name":"APIE NEWS","description":"PANAFRICANISM NEWS PORTAL","publisher":{"@id":"https:\/\/appsaf.apieproject.com\/news\/#organization"},"potentialAction":[{"@type":"SearchAction","target":{"@type":"EntryPoint","urlTemplate":"https:\/\/appsaf.apieproject.com\/news\/?s={search_term_string}"},"query-input":{"@type":"PropertyValueSpecification","valueRequired":true,"valueName":"search_term_string"}}],"inLanguage":"fr-FR"},{"@type":"Organization","@id":"https:\/\/appsaf.apieproject.com\/news\/#organization","name":"APIE PROJECT","url":"https:\/\/appsaf.apieproject.com\/news\/","logo":{"@type":"ImageObject","inLanguage":"fr-FR","@id":"https:\/\/appsaf.apieproject.com\/news\/#\/schema\/logo\/image\/","url":"https:\/\/appsaf.apieproject.com\/news\/wp-content\/uploads\/sites\/29\/2022\/07\/logo-R-TransparentBackground.png","contentUrl":"https:\/\/appsaf.apieproject.com\/news\/wp-content\/uploads\/sites\/29\/2022\/07\/logo-R-TransparentBackground.png","width":512,"height":512,"caption":"APIE PROJECT"},"image":{"@id":"https:\/\/appsaf.apieproject.com\/news\/#\/schema\/logo\/image\/"},"sameAs":["https:\/\/facebook.com\/apieproject","https:\/\/x.com\/apieproject"]},{"@type":"Person","@id":"https:\/\/appsaf.apieproject.com\/news\/#\/schema\/person\/ad5502ca15531a327ebd9865992b8492","name":"apieproject","image":{"@type":"ImageObject","inLanguage":"fr-FR","@id":"https:\/\/appsaf.apieproject.com\/news\/#\/schema\/person\/image\/","url":"https:\/\/secure.gravatar.com\/avatar\/8da820f890920c54e6a9a30087a8b9ec?s=96&d=mm&r=g","contentUrl":"https:\/\/secure.gravatar.com\/avatar\/8da820f890920c54e6a9a30087a8b9ec?s=96&d=mm&r=g","caption":"apieproject"},"url":"https:\/\/appsaf.apieproject.com\/news\/fr\/author\/apieproject\/"}]}},"_links":{"self":[{"href":"https:\/\/appsaf.apieproject.com\/news\/fr\/wp-json\/wp\/v2\/posts\/39419","targetHints":{"allow":["GET"]}}],"collection":[{"href":"https:\/\/appsaf.apieproject.com\/news\/fr\/wp-json\/wp\/v2\/posts"}],"about":[{"href":"https:\/\/appsaf.apieproject.com\/news\/fr\/wp-json\/wp\/v2\/types\/post"}],"author":[{"embeddable":true,"href":"https:\/\/appsaf.apieproject.com\/news\/fr\/wp-json\/wp\/v2\/users\/1"}],"replies":[{"embeddable":true,"href":"https:\/\/appsaf.apieproject.com\/news\/fr\/wp-json\/wp\/v2\/comments?post=39419"}],"version-history":[{"count":1,"href":"https:\/\/appsaf.apieproject.com\/news\/fr\/wp-json\/wp\/v2\/posts\/39419\/revisions"}],"predecessor-version":[{"id":39423,"href":"https:\/\/appsaf.apieproject.com\/news\/fr\/wp-json\/wp\/v2\/posts\/39419\/revisions\/39423"}],"wp:featuredmedia":[{"embeddable":true,"href":"https:\/\/appsaf.apieproject.com\/news\/fr\/wp-json\/wp\/v2\/media\/39420"}],"wp:attachment":[{"href":"https:\/\/appsaf.apieproject.com\/news\/fr\/wp-json\/wp\/v2\/media?parent=39419"}],"wp:term":[{"taxonomy":"category","embeddable":true,"href":"https:\/\/appsaf.apieproject.com\/news\/fr\/wp-json\/wp\/v2\/categories?post=39419"},{"taxonomy":"post_tag","embeddable":true,"href":"https:\/\/appsaf.apieproject.com\/news\/fr\/wp-json\/wp\/v2\/tags?post=39419"}],"curies":[{"name":"wp","href":"https:\/\/api.w.org\/{rel}","templated":true}]}}