{"id":39654,"date":"2024-10-07T01:07:08","date_gmt":"2024-10-07T01:07:08","guid":{"rendered":"https:\/\/appsaf.apieproject.com\/news\/?p=39654"},"modified":"2024-10-07T01:07:10","modified_gmt":"2024-10-07T01:07:10","slug":"la-francophonie-cet-outil-abime-de-la-diplomatie-francaise-en-afrique","status":"publish","type":"post","link":"https:\/\/appsaf.apieproject.com\/news\/fr\/2024\/10\/07\/la-francophonie-cet-outil-abime-de-la-diplomatie-francaise-en-afrique\/","title":{"rendered":"La Francophonie, Cet Outil Ab\u00eem\u00e9 De La Diplomatie Fran\u00e7aise En Afrique"},"content":{"rendered":"\n<p>Le Sommet de la francophonie se tient vendredi et samedi \u00e0 Villers-Cotter\u00eats et Paris, en pr\u00e9sence de plusieurs chefs d\u2019Etat ou de gouvernement. Derri\u00e8re l\u2019union de fa\u00e7ade autour de la langue fran\u00e7aise, ce grand forum illustre la perte d\u2019influence politique de Paris sur le continent africain.<\/p>\n\n\n\n<p>Ce n\u2019est pas au XIX<sup>e<\/sup> Sommet de la francophonie, organis\u00e9 vendredi&nbsp;4&nbsp;et samedi 5&nbsp;octobre \u00e0 Villers-Cotter\u00eats (Aisne) et Paris, que seront d\u00e9battus les grands dossiers du monde. Pourtant, une bonne dizaine de chefs d\u2019Etat ou de gouvernement africains et plusieurs de leurs homologues europ\u00e9ens, am\u00e9ricains ou asiatiques, seront pr\u00e9sents. On n\u2019y \u00e9voquera pas non plus les nombreux sujets de tensions en Afrique subsaharienne.<\/p>\n\n\n\n<p>Deux exemples parmi d\u2019autres illustreront la faiblesse diplomatique et politique de ce grand forum qui subit l\u2019effacement de l\u2019influence de la France sur le continent africain. Ainsi, il ne devrait pas \u00eatre question de la transition chaotique en Guin\u00e9e, plac\u00e9e sous le joug de plus en plus pesant d\u2019une junte militaire\u00a0; ni de l\u2019implication du Rwanda dans la guerre qui, depuis presque trois ans, martyrise les populations dans l\u2019est de la R\u00e9publique d\u00e9mocratique du Congo (RDC).<\/p>\n\n\n\n<p>Certes, le pr\u00e9sident fran\u00e7ais doit rencontrer, vendredi \u00e0 l\u2019Elys\u00e9e, son homologue congolais F\u00e9lix Tshisekedi. Puis, le lendemain, au Grand Palais, le Rwandais Paul Kagam\u00e9. Des rencontres bilat\u00e9rales lanc\u00e9es par Paris, en marge, et non dans l\u2019enceinte du Sommet de la francophonie, dont les deux pays sont membres. L\u2019ambition diplomatique est d\u2019ailleurs modeste. <em>\u00ab\u00a0Emmanuel Macron encouragera les deux parties \u00e0 aboutir \u00e0 un accord au plus vite pour que les combats d\u00e9vastateurs dans le Nord-Kivu prennent fin\u00a0\u00bb<\/em>, indique une source \u00e0 l\u2019Elys\u00e9e.<\/p>\n\n\n\n<h2 class=\"wp-block-heading\">Tensions entre Rwanda et RDC<\/h2>\n\n\n\n<p>Une source diplomatique fran\u00e7aise pr\u00e9cise que les discussions men\u00e9es par la m\u00e9diation angolaise, le processus dit de Luanda soutenu par la France, conna\u00eet <em>\u00ab&nbsp;un coup d\u2019arr\u00eat&nbsp;\u00bb<\/em>. Une rencontre directe entre les pr\u00e9sidents rwandais et congolais n\u2019est pas envisag\u00e9e \u00e0 Paris. Pour plus tard et ailleurs, cela reste <em>\u00ab&nbsp;un objectif lointain, atteignable seulement si les deux parties font un pas l\u2019une vers l\u2019autre, ce qui n\u2019est pas actuellement le cas&nbsp;\u00bb<\/em>, ajoute cette source. Elle se contente d\u2019observer que <em>\u00ab&nbsp;Paul Kagam\u00e9 et F\u00e9lix Tshisekedi seront pr\u00e9sents dans la m\u00eame salle avec les autres participants au Sommet, c\u2019est d\u00e9j\u00e0 \u00e7a&nbsp;\u00bb<\/em>.<\/p>\n\n\n\n<p>L\u2019impuissance de la francophonie \u00e0 peser sur ce dossier tient notamment \u00e0 la d\u00e9fiance de la RDC vis-\u00e0-vis de l\u2019actuelle secr\u00e9taire g\u00e9n\u00e9rale de l\u2019Organisation internationale de la francophonie (OIF), Louise Mushikiwabo, ancienne ministre rwandaise des affaires \u00e9trang\u00e8res (de 2009\u00a0\u00e0 2018), fid\u00e8lement align\u00e9e sur son pr\u00e9sident Paul Kagam\u00e9. Le 20\u00a0mars, Kinshasa avait d\u2019ailleurs ouvertement boycott\u00e9 la journ\u00e9e de la francophonie.<\/p>\n\n\n\n<p>Christophe Lutundula, chef de la diplomatie congolaise \u00e0 ce moment-l\u00e0, avait rappel\u00e9 qu\u2019en plus d\u2019\u00eatre un espace linguistique, la francophonie est <em>\u00ab&nbsp;une communaut\u00e9 de valeurs comme celles de paix, de d\u00e9mocratie, d\u2019Etat de droit, de solidarit\u00e9, d\u2019\u00e9galit\u00e9 entre hommes et femmes et de diversit\u00e9 culturelle&nbsp;\u00bb<\/em>. Le ministre d\u00e9non\u00e7ait dans la foul\u00e9e \u00ab&nbsp;<em>le silence et l\u2019indiff\u00e9rence de la francophonie institutionnelle face \u00e0 l\u2019agression de la RDC par le Rwanda, un des membres de l\u2019OIF, et des trag\u00e9dies qu\u2019il provoque depuis trois d\u00e9cennies&nbsp;\u00bb<\/em>, qualifiant cette attitude&nbsp;d\u2019<em>\u00ab&nbsp;inadmissible et contradictoire&nbsp;\u00bb.<\/em><\/p>\n\n\n\n<h2 class=\"wp-block-heading\">Une secr\u00e9taire g\u00e9n\u00e9rale contest\u00e9e<\/h2>\n\n\n\n<p>C\u2019est l\u2019une des cons\u00e9quences du choix d\u2019Emmanuel Macron de faire \u00e9lire, en octobre&nbsp;2018, Louise Mushikiwabo \u00e0 la t\u00eate de l\u2019OIF, organisation forte de 88&nbsp;membres (Etats ou provinces). <em>\u00ab&nbsp;Il a fait cadeau de ce poste au Rwanda pour avancer sur l\u2019enjeu m\u00e9moriel [li\u00e9 au r\u00f4le controvers\u00e9 de la France durant le g\u00e9nocide de 1994] et appara\u00eetre comme celui qui aura recoll\u00e9 les morceaux d\u2019une relation d\u00e9grad\u00e9e avec Kigali&nbsp;\u00bb<\/em>, analyse Aur\u00e9lien Tach\u00e9. Ce d\u00e9put\u00e9 (La France insoumise) du Val-d\u2019Oise conduit avec l\u2019\u00e9lue (La R\u00e9publique en marche) des Fran\u00e7ais \u00e9tablis hors de France, Am\u00e9lia Lakrafi, une mission d\u2019information parlementaire sur la francophonie.<\/p>\n\n\n\n<p><em>\u00ab\u00a0Le rapprochement avec le Rwanda s\u2019est op\u00e9r\u00e9 au prix du renoncement d\u2019une francophonie politique d\u00e9fendant les valeurs d\u00e9mocratiques dans l\u2019espace francophone\u00a0\u00bb<\/em>, ajoute un ancien chef d\u2019une des directions de l\u2019OIF. Il rappelle que Paul Kagam\u00e9, au pouvoir depuis 1994, a \u00e9t\u00e9 de nouveau r\u00e9\u00e9lu en juillet\u00a02024\u00a0avec plus de 99\u00a0% des voix.\u00a0<em>\u00ab\u00a0Comme Emmanuel Macron, la secr\u00e9taire g\u00e9n\u00e9rale a une approche plus manag\u00e9riale que politique\u00a0\u00bb<\/em>, ajoute Aur\u00e9lien Tach\u00e9.<\/p>\n\n\n\n<p>Le XIX<sup>e<\/sup> Sommet a ainsi pour th\u00e8me&nbsp;: <em>\u00ab&nbsp;Cr\u00e9er, innover et entreprendre en fran\u00e7ais&nbsp;\u00bb. <\/em>Aux yeux des deux d\u00e9put\u00e9s fran\u00e7ais cit\u00e9s pr\u00e9c\u00e9demment, il faudrait \u00e9galement <em>\u00ab&nbsp;se concentrer sur un r\u00f4le d\u2019interm\u00e9diation politique entre les Etats, notamment dans les situations de crise, comme au Sahel ou en RDC&nbsp;\u00bb.<\/em><\/p>\n\n\n\n<h2 class=\"wp-block-heading\">La Guin\u00e9e r\u00e9int\u00e9gr\u00e9e<\/h2>\n\n\n\n<p>Concernant la Guin\u00e9e, le pr\u00e9sident de la transition, Mamadi Doumbouya, ne sera pas \u00e0 Villers-Cotter\u00eats. Mais un certain malaise a accompagn\u00e9 la d\u00e9cision prise par l\u2019OIF, mi-septembre, de r\u00e9int\u00e9grer dans ses rangs ce pays d\u2019Afrique de l\u2019Ouest. Conakry en avait \u00e9t\u00e9 suspendu dans la foul\u00e9e du putsch men\u00e9 le 5\u00a0septembre\u00a02021\u00a0par l\u2019ancien de la l\u00e9gion \u00e9trang\u00e8re fran\u00e7aise puis chef du groupement des forces sp\u00e9ciales guin\u00e9ennes contre le pr\u00e9sident Alpha Cond\u00e9.<\/p>\n\n\n\n<p>Depuis, la junte qu\u2019il dirige multiplie les coups de menton en direction des m\u00e9dias, des partis politiques, de la soci\u00e9t\u00e9 civile voire de ses fr\u00e8res d\u2019armes. Oumar Sylla, alias Fonik\u00e9 Mengu\u00e9, et Mamadou Billo Bah, deux militants du Front national pour la d\u00e9fense de la Constitution (FNDC), n\u2019ont donn\u00e9 aucun signe de vie depuis leur enl\u00e8vement par des militaires le 9\u00a0juillet. Le 25\u00a0septembre, les autorit\u00e9s ont annonc\u00e9, sans autres explications, la mort en d\u00e9tention du colonel C\u00e9lestin Bilivogui, port\u00e9 disparu depuis plusieurs mois.<\/p>\n\n\n\n<p>Les trois pays putschistes du Sahel \u2013 Mali, Burkina Faso, Niger \u2013 sont, quant \u00e0 eux, toujours suspendus de l\u2019OIF. <em>\u00ab\u00a0Cela peut appara\u00eetre comme deux poids deux mesures mais nous ne pouvons pas nous f\u00e2cher aussi avec la Guin\u00e9e m\u00eame si elle s\u2019\u00e9loigne de nos valeurs\u00a0\u00bb<\/em>, glisse un diplomate fran\u00e7ais. <em>\u00ab\u00a0Il faudrait pourtant d\u00e9montrer que la francophonie n\u2019est plus un outil d\u2019influence des gouvernements fran\u00e7ais\u00a0\u00bb<\/em>, explique pourtant Aur\u00e9lien Tach\u00e9. D\u2019autant, selon le d\u00e9put\u00e9, que le fran\u00e7ais en Afrique est <em>\u00ab\u00a0parfois vu comme la langue des seules \u00e9lites administratives, voire marqu\u00e9e par un h\u00e9ritage autoritaire ou colonial\u00a0\u00bb<\/em>.<\/p>\n\n\n\n<h2 class=\"wp-block-heading\">La langue fran\u00e7aise menac\u00e9e<\/h2>\n\n\n\n<p>Certes, le continent africain demeure <em>\u00ab&nbsp;le c\u0153ur battant de la francophonie&nbsp;\u00bb. <\/em>Ilabrite 75&nbsp;% des quelque 100&nbsp;millions d\u2019\u00e9l\u00e8ves au monde scolaris\u00e9s en langue fran\u00e7aise.Mais l\u2019avenir&nbsp;est loin d\u2019\u00eatre radieux. Partout dans le monde, l\u2019usage du fran\u00e7ais est battu en br\u00e8che par celui de l\u2019anglais. Et dans l\u2019espace africain, francophone, la croissance d\u00e9mographique submerge des syst\u00e8mes \u00e9ducatifs qui ne cessent de s\u2019appauvrir.<\/p>\n\n\n\n<p>Cela faisait trente-trois\u00a0ans que la France n\u2019avait pas organis\u00e9 la grand-messe de la francophonie sur son sol. Le prochain sommet continental Afrique-France se tiendra quant \u00e0 lui \u00e0 Nairobi, la capitale k\u00e9nyane.\u00a0<em>\u00ab\u00a0On nous explique que c\u2019est en Afrique de l\u2019Est, anglophone, que se trouvent des opportunit\u00e9s de business et de rayonnement pour la France. Mais, l\u00e0-bas, personne ne nous y attend. Ce qu\u2019il faudrait c\u2019est r\u00e9inventer un projet francophone sauf que \u00e7a n\u2019a pas l\u2019air d\u2019int\u00e9resser le pouvoir actuel\u00a0\u00bb<\/em>, conclut Aur\u00e9lien Tach\u00e9.<\/p>\n","protected":false},"excerpt":{"rendered":"<p>Le Sommet de la francophonie se tient vendredi et samedi \u00e0 Villers-Cotter\u00eats et Paris, en pr\u00e9sence de plusieurs chefs d\u2019Etat ou de gouvernement. Derri\u00e8re l\u2019union de fa\u00e7ade autour de la langue fran\u00e7aise, ce grand forum illustre la perte d\u2019influence politique de Paris sur le continent africain. Ce n\u2019est pas au XIXe Sommet de la francophonie, [&hellip;]<\/p>\n","protected":false},"author":1,"featured_media":39655,"comment_status":"open","ping_status":"open","sticky":false,"template":"","format":"standard","meta":{"footnotes":""},"categories":[67,69,59],"tags":[81,78,82],"class_list":{"0":"post-39654","1":"post","2":"type-post","3":"status-publish","4":"format-standard","5":"has-post-thumbnail","7":"category-actualites","8":"category-politique","9":"category-speciaux","10":"tag-actualites","11":"tag-apie-project-2","12":"tag-politique"},"yoast_head":"<!-- This site is optimized with the Yoast SEO plugin v24.4 - https:\/\/yoast.com\/wordpress\/plugins\/seo\/ -->\n<title>La Francophonie, Cet Outil Ab\u00eem\u00e9 De La Diplomatie Fran\u00e7aise En Afrique - APIE NEWS<\/title>\n<meta name=\"robots\" content=\"index, follow, max-snippet:-1, max-image-preview:large, max-video-preview:-1\" \/>\n<link rel=\"canonical\" href=\"https:\/\/appsaf.apieproject.com\/news\/fr\/2024\/10\/07\/la-francophonie-cet-outil-abime-de-la-diplomatie-francaise-en-afrique\/\" \/>\n<meta property=\"og:locale\" content=\"fr_FR\" \/>\n<meta property=\"og:type\" content=\"article\" \/>\n<meta property=\"og:title\" content=\"La Francophonie, Cet Outil Ab\u00eem\u00e9 De La Diplomatie Fran\u00e7aise En Afrique - APIE NEWS\" \/>\n<meta property=\"og:description\" content=\"Le Sommet de la francophonie se tient vendredi et samedi \u00e0 Villers-Cotter\u00eats et Paris, en pr\u00e9sence de plusieurs chefs d\u2019Etat ou de gouvernement. Derri\u00e8re l\u2019union de fa\u00e7ade autour de la langue fran\u00e7aise, ce grand forum illustre la perte d\u2019influence politique de Paris sur le continent africain. Ce n\u2019est pas au XIXe Sommet de la francophonie, [&hellip;]\" \/>\n<meta property=\"og:url\" content=\"https:\/\/appsaf.apieproject.com\/news\/fr\/2024\/10\/07\/la-francophonie-cet-outil-abime-de-la-diplomatie-francaise-en-afrique\/\" \/>\n<meta property=\"og:site_name\" content=\"APIE NEWS\" \/>\n<meta property=\"article:publisher\" content=\"https:\/\/facebook.com\/apieproject\" \/>\n<meta property=\"article:published_time\" content=\"2024-10-07T01:07:08+00:00\" \/>\n<meta property=\"article:modified_time\" content=\"2024-10-07T01:07:10+00:00\" \/>\n<meta property=\"og:image\" content=\"https:\/\/appsaf.apieproject.com\/news\/wp-content\/uploads\/sites\/29\/2024\/10\/francophonie.jpg\" \/>\n\t<meta property=\"og:image:width\" content=\"558\" \/>\n\t<meta property=\"og:image:height\" content=\"368\" \/>\n\t<meta property=\"og:image:type\" content=\"image\/jpeg\" \/>\n<meta name=\"author\" content=\"apieproject\" \/>\n<meta name=\"twitter:card\" content=\"summary_large_image\" \/>\n<meta name=\"twitter:creator\" content=\"@apieproject\" \/>\n<meta name=\"twitter:site\" content=\"@apieproject\" \/>\n<meta name=\"twitter:label1\" content=\"\u00c9crit par\" \/>\n\t<meta name=\"twitter:data1\" content=\"apieproject\" \/>\n\t<meta name=\"twitter:label2\" content=\"Dur\u00e9e de lecture estim\u00e9e\" \/>\n\t<meta name=\"twitter:data2\" content=\"7 minutes\" \/>\n<script type=\"application\/ld+json\" class=\"yoast-schema-graph\">{\"@context\":\"https:\/\/schema.org\",\"@graph\":[{\"@type\":\"Article\",\"@id\":\"https:\/\/appsaf.apieproject.com\/news\/fr\/2024\/10\/07\/la-francophonie-cet-outil-abime-de-la-diplomatie-francaise-en-afrique\/#article\",\"isPartOf\":{\"@id\":\"https:\/\/appsaf.apieproject.com\/news\/fr\/2024\/10\/07\/la-francophonie-cet-outil-abime-de-la-diplomatie-francaise-en-afrique\/\"},\"author\":{\"name\":\"apieproject\",\"@id\":\"https:\/\/appsaf.apieproject.com\/news\/#\/schema\/person\/ad5502ca15531a327ebd9865992b8492\"},\"headline\":\"La Francophonie, Cet Outil Ab\u00eem\u00e9 De La Diplomatie Fran\u00e7aise En Afrique\",\"datePublished\":\"2024-10-07T01:07:08+00:00\",\"dateModified\":\"2024-10-07T01:07:10+00:00\",\"mainEntityOfPage\":{\"@id\":\"https:\/\/appsaf.apieproject.com\/news\/fr\/2024\/10\/07\/la-francophonie-cet-outil-abime-de-la-diplomatie-francaise-en-afrique\/\"},\"wordCount\":1371,\"commentCount\":0,\"publisher\":{\"@id\":\"https:\/\/appsaf.apieproject.com\/news\/#organization\"},\"image\":{\"@id\":\"https:\/\/appsaf.apieproject.com\/news\/fr\/2024\/10\/07\/la-francophonie-cet-outil-abime-de-la-diplomatie-francaise-en-afrique\/#primaryimage\"},\"thumbnailUrl\":\"https:\/\/appsaf.apieproject.com\/news\/wp-content\/uploads\/sites\/29\/2024\/10\/francophonie.jpg\",\"keywords\":[\"actualites\",\"apie project\",\"politique\"],\"articleSection\":[\"Actualit\u00e9s\",\"Politique\",\"Sp\u00e9ciaux\"],\"inLanguage\":\"fr-FR\",\"potentialAction\":[{\"@type\":\"CommentAction\",\"name\":\"Comment\",\"target\":[\"https:\/\/appsaf.apieproject.com\/news\/fr\/2024\/10\/07\/la-francophonie-cet-outil-abime-de-la-diplomatie-francaise-en-afrique\/#respond\"]}]},{\"@type\":\"WebPage\",\"@id\":\"https:\/\/appsaf.apieproject.com\/news\/fr\/2024\/10\/07\/la-francophonie-cet-outil-abime-de-la-diplomatie-francaise-en-afrique\/\",\"url\":\"https:\/\/appsaf.apieproject.com\/news\/fr\/2024\/10\/07\/la-francophonie-cet-outil-abime-de-la-diplomatie-francaise-en-afrique\/\",\"name\":\"La Francophonie, Cet Outil Ab\u00eem\u00e9 De La Diplomatie Fran\u00e7aise En Afrique - APIE NEWS\",\"isPartOf\":{\"@id\":\"https:\/\/appsaf.apieproject.com\/news\/#website\"},\"primaryImageOfPage\":{\"@id\":\"https:\/\/appsaf.apieproject.com\/news\/fr\/2024\/10\/07\/la-francophonie-cet-outil-abime-de-la-diplomatie-francaise-en-afrique\/#primaryimage\"},\"image\":{\"@id\":\"https:\/\/appsaf.apieproject.com\/news\/fr\/2024\/10\/07\/la-francophonie-cet-outil-abime-de-la-diplomatie-francaise-en-afrique\/#primaryimage\"},\"thumbnailUrl\":\"https:\/\/appsaf.apieproject.com\/news\/wp-content\/uploads\/sites\/29\/2024\/10\/francophonie.jpg\",\"datePublished\":\"2024-10-07T01:07:08+00:00\",\"dateModified\":\"2024-10-07T01:07:10+00:00\",\"breadcrumb\":{\"@id\":\"https:\/\/appsaf.apieproject.com\/news\/fr\/2024\/10\/07\/la-francophonie-cet-outil-abime-de-la-diplomatie-francaise-en-afrique\/#breadcrumb\"},\"inLanguage\":\"fr-FR\",\"potentialAction\":[{\"@type\":\"ReadAction\",\"target\":[\"https:\/\/appsaf.apieproject.com\/news\/fr\/2024\/10\/07\/la-francophonie-cet-outil-abime-de-la-diplomatie-francaise-en-afrique\/\"]}]},{\"@type\":\"ImageObject\",\"inLanguage\":\"fr-FR\",\"@id\":\"https:\/\/appsaf.apieproject.com\/news\/fr\/2024\/10\/07\/la-francophonie-cet-outil-abime-de-la-diplomatie-francaise-en-afrique\/#primaryimage\",\"url\":\"https:\/\/appsaf.apieproject.com\/news\/wp-content\/uploads\/sites\/29\/2024\/10\/francophonie.jpg\",\"contentUrl\":\"https:\/\/appsaf.apieproject.com\/news\/wp-content\/uploads\/sites\/29\/2024\/10\/francophonie.jpg\",\"width\":558,\"height\":368},{\"@type\":\"BreadcrumbList\",\"@id\":\"https:\/\/appsaf.apieproject.com\/news\/fr\/2024\/10\/07\/la-francophonie-cet-outil-abime-de-la-diplomatie-francaise-en-afrique\/#breadcrumb\",\"itemListElement\":[{\"@type\":\"ListItem\",\"position\":1,\"name\":\"Home\",\"item\":\"https:\/\/appsaf.apieproject.com\/news\/fr\/home\/\"},{\"@type\":\"ListItem\",\"position\":2,\"name\":\"La Francophonie, Cet Outil Ab\u00eem\u00e9 De La Diplomatie Fran\u00e7aise En Afrique\"}]},{\"@type\":\"WebSite\",\"@id\":\"https:\/\/appsaf.apieproject.com\/news\/#website\",\"url\":\"https:\/\/appsaf.apieproject.com\/news\/\",\"name\":\"APIE NEWS\",\"description\":\"PANAFRICANISM NEWS PORTAL\",\"publisher\":{\"@id\":\"https:\/\/appsaf.apieproject.com\/news\/#organization\"},\"potentialAction\":[{\"@type\":\"SearchAction\",\"target\":{\"@type\":\"EntryPoint\",\"urlTemplate\":\"https:\/\/appsaf.apieproject.com\/news\/?s={search_term_string}\"},\"query-input\":{\"@type\":\"PropertyValueSpecification\",\"valueRequired\":true,\"valueName\":\"search_term_string\"}}],\"inLanguage\":\"fr-FR\"},{\"@type\":\"Organization\",\"@id\":\"https:\/\/appsaf.apieproject.com\/news\/#organization\",\"name\":\"APIE PROJECT\",\"url\":\"https:\/\/appsaf.apieproject.com\/news\/\",\"logo\":{\"@type\":\"ImageObject\",\"inLanguage\":\"fr-FR\",\"@id\":\"https:\/\/appsaf.apieproject.com\/news\/#\/schema\/logo\/image\/\",\"url\":\"https:\/\/appsaf.apieproject.com\/news\/wp-content\/uploads\/sites\/29\/2022\/07\/logo-R-TransparentBackground.png\",\"contentUrl\":\"https:\/\/appsaf.apieproject.com\/news\/wp-content\/uploads\/sites\/29\/2022\/07\/logo-R-TransparentBackground.png\",\"width\":512,\"height\":512,\"caption\":\"APIE PROJECT\"},\"image\":{\"@id\":\"https:\/\/appsaf.apieproject.com\/news\/#\/schema\/logo\/image\/\"},\"sameAs\":[\"https:\/\/facebook.com\/apieproject\",\"https:\/\/x.com\/apieproject\"]},{\"@type\":\"Person\",\"@id\":\"https:\/\/appsaf.apieproject.com\/news\/#\/schema\/person\/ad5502ca15531a327ebd9865992b8492\",\"name\":\"apieproject\",\"image\":{\"@type\":\"ImageObject\",\"inLanguage\":\"fr-FR\",\"@id\":\"https:\/\/appsaf.apieproject.com\/news\/#\/schema\/person\/image\/\",\"url\":\"https:\/\/secure.gravatar.com\/avatar\/8da820f890920c54e6a9a30087a8b9ec?s=96&d=mm&r=g\",\"contentUrl\":\"https:\/\/secure.gravatar.com\/avatar\/8da820f890920c54e6a9a30087a8b9ec?s=96&d=mm&r=g\",\"caption\":\"apieproject\"},\"url\":\"https:\/\/appsaf.apieproject.com\/news\/fr\/author\/apieproject\/\"}]}<\/script>\n<!-- \/ Yoast SEO plugin. -->","yoast_head_json":{"title":"La Francophonie, Cet Outil Ab\u00eem\u00e9 De La Diplomatie Fran\u00e7aise En Afrique - APIE NEWS","robots":{"index":"index","follow":"follow","max-snippet":"max-snippet:-1","max-image-preview":"max-image-preview:large","max-video-preview":"max-video-preview:-1"},"canonical":"https:\/\/appsaf.apieproject.com\/news\/fr\/2024\/10\/07\/la-francophonie-cet-outil-abime-de-la-diplomatie-francaise-en-afrique\/","og_locale":"fr_FR","og_type":"article","og_title":"La Francophonie, Cet Outil Ab\u00eem\u00e9 De La Diplomatie Fran\u00e7aise En Afrique - APIE NEWS","og_description":"Le Sommet de la francophonie se tient vendredi et samedi \u00e0 Villers-Cotter\u00eats et Paris, en pr\u00e9sence de plusieurs chefs d\u2019Etat ou de gouvernement. Derri\u00e8re l\u2019union de fa\u00e7ade autour de la langue fran\u00e7aise, ce grand forum illustre la perte d\u2019influence politique de Paris sur le continent africain. Ce n\u2019est pas au XIXe Sommet de la francophonie, [&hellip;]","og_url":"https:\/\/appsaf.apieproject.com\/news\/fr\/2024\/10\/07\/la-francophonie-cet-outil-abime-de-la-diplomatie-francaise-en-afrique\/","og_site_name":"APIE NEWS","article_publisher":"https:\/\/facebook.com\/apieproject","article_published_time":"2024-10-07T01:07:08+00:00","article_modified_time":"2024-10-07T01:07:10+00:00","og_image":[{"width":558,"height":368,"url":"https:\/\/appsaf.apieproject.com\/news\/wp-content\/uploads\/sites\/29\/2024\/10\/francophonie.jpg","type":"image\/jpeg"}],"author":"apieproject","twitter_card":"summary_large_image","twitter_creator":"@apieproject","twitter_site":"@apieproject","twitter_misc":{"\u00c9crit par":"apieproject","Dur\u00e9e de lecture estim\u00e9e":"7 minutes"},"schema":{"@context":"https:\/\/schema.org","@graph":[{"@type":"Article","@id":"https:\/\/appsaf.apieproject.com\/news\/fr\/2024\/10\/07\/la-francophonie-cet-outil-abime-de-la-diplomatie-francaise-en-afrique\/#article","isPartOf":{"@id":"https:\/\/appsaf.apieproject.com\/news\/fr\/2024\/10\/07\/la-francophonie-cet-outil-abime-de-la-diplomatie-francaise-en-afrique\/"},"author":{"name":"apieproject","@id":"https:\/\/appsaf.apieproject.com\/news\/#\/schema\/person\/ad5502ca15531a327ebd9865992b8492"},"headline":"La Francophonie, Cet Outil Ab\u00eem\u00e9 De La Diplomatie Fran\u00e7aise En Afrique","datePublished":"2024-10-07T01:07:08+00:00","dateModified":"2024-10-07T01:07:10+00:00","mainEntityOfPage":{"@id":"https:\/\/appsaf.apieproject.com\/news\/fr\/2024\/10\/07\/la-francophonie-cet-outil-abime-de-la-diplomatie-francaise-en-afrique\/"},"wordCount":1371,"commentCount":0,"publisher":{"@id":"https:\/\/appsaf.apieproject.com\/news\/#organization"},"image":{"@id":"https:\/\/appsaf.apieproject.com\/news\/fr\/2024\/10\/07\/la-francophonie-cet-outil-abime-de-la-diplomatie-francaise-en-afrique\/#primaryimage"},"thumbnailUrl":"https:\/\/appsaf.apieproject.com\/news\/wp-content\/uploads\/sites\/29\/2024\/10\/francophonie.jpg","keywords":["actualites","apie project","politique"],"articleSection":["Actualit\u00e9s","Politique","Sp\u00e9ciaux"],"inLanguage":"fr-FR","potentialAction":[{"@type":"CommentAction","name":"Comment","target":["https:\/\/appsaf.apieproject.com\/news\/fr\/2024\/10\/07\/la-francophonie-cet-outil-abime-de-la-diplomatie-francaise-en-afrique\/#respond"]}]},{"@type":"WebPage","@id":"https:\/\/appsaf.apieproject.com\/news\/fr\/2024\/10\/07\/la-francophonie-cet-outil-abime-de-la-diplomatie-francaise-en-afrique\/","url":"https:\/\/appsaf.apieproject.com\/news\/fr\/2024\/10\/07\/la-francophonie-cet-outil-abime-de-la-diplomatie-francaise-en-afrique\/","name":"La Francophonie, Cet Outil Ab\u00eem\u00e9 De La Diplomatie Fran\u00e7aise En Afrique - APIE NEWS","isPartOf":{"@id":"https:\/\/appsaf.apieproject.com\/news\/#website"},"primaryImageOfPage":{"@id":"https:\/\/appsaf.apieproject.com\/news\/fr\/2024\/10\/07\/la-francophonie-cet-outil-abime-de-la-diplomatie-francaise-en-afrique\/#primaryimage"},"image":{"@id":"https:\/\/appsaf.apieproject.com\/news\/fr\/2024\/10\/07\/la-francophonie-cet-outil-abime-de-la-diplomatie-francaise-en-afrique\/#primaryimage"},"thumbnailUrl":"https:\/\/appsaf.apieproject.com\/news\/wp-content\/uploads\/sites\/29\/2024\/10\/francophonie.jpg","datePublished":"2024-10-07T01:07:08+00:00","dateModified":"2024-10-07T01:07:10+00:00","breadcrumb":{"@id":"https:\/\/appsaf.apieproject.com\/news\/fr\/2024\/10\/07\/la-francophonie-cet-outil-abime-de-la-diplomatie-francaise-en-afrique\/#breadcrumb"},"inLanguage":"fr-FR","potentialAction":[{"@type":"ReadAction","target":["https:\/\/appsaf.apieproject.com\/news\/fr\/2024\/10\/07\/la-francophonie-cet-outil-abime-de-la-diplomatie-francaise-en-afrique\/"]}]},{"@type":"ImageObject","inLanguage":"fr-FR","@id":"https:\/\/appsaf.apieproject.com\/news\/fr\/2024\/10\/07\/la-francophonie-cet-outil-abime-de-la-diplomatie-francaise-en-afrique\/#primaryimage","url":"https:\/\/appsaf.apieproject.com\/news\/wp-content\/uploads\/sites\/29\/2024\/10\/francophonie.jpg","contentUrl":"https:\/\/appsaf.apieproject.com\/news\/wp-content\/uploads\/sites\/29\/2024\/10\/francophonie.jpg","width":558,"height":368},{"@type":"BreadcrumbList","@id":"https:\/\/appsaf.apieproject.com\/news\/fr\/2024\/10\/07\/la-francophonie-cet-outil-abime-de-la-diplomatie-francaise-en-afrique\/#breadcrumb","itemListElement":[{"@type":"ListItem","position":1,"name":"Home","item":"https:\/\/appsaf.apieproject.com\/news\/fr\/home\/"},{"@type":"ListItem","position":2,"name":"La Francophonie, Cet Outil Ab\u00eem\u00e9 De La Diplomatie Fran\u00e7aise En Afrique"}]},{"@type":"WebSite","@id":"https:\/\/appsaf.apieproject.com\/news\/#website","url":"https:\/\/appsaf.apieproject.com\/news\/","name":"APIE NEWS","description":"PANAFRICANISM NEWS PORTAL","publisher":{"@id":"https:\/\/appsaf.apieproject.com\/news\/#organization"},"potentialAction":[{"@type":"SearchAction","target":{"@type":"EntryPoint","urlTemplate":"https:\/\/appsaf.apieproject.com\/news\/?s={search_term_string}"},"query-input":{"@type":"PropertyValueSpecification","valueRequired":true,"valueName":"search_term_string"}}],"inLanguage":"fr-FR"},{"@type":"Organization","@id":"https:\/\/appsaf.apieproject.com\/news\/#organization","name":"APIE PROJECT","url":"https:\/\/appsaf.apieproject.com\/news\/","logo":{"@type":"ImageObject","inLanguage":"fr-FR","@id":"https:\/\/appsaf.apieproject.com\/news\/#\/schema\/logo\/image\/","url":"https:\/\/appsaf.apieproject.com\/news\/wp-content\/uploads\/sites\/29\/2022\/07\/logo-R-TransparentBackground.png","contentUrl":"https:\/\/appsaf.apieproject.com\/news\/wp-content\/uploads\/sites\/29\/2022\/07\/logo-R-TransparentBackground.png","width":512,"height":512,"caption":"APIE PROJECT"},"image":{"@id":"https:\/\/appsaf.apieproject.com\/news\/#\/schema\/logo\/image\/"},"sameAs":["https:\/\/facebook.com\/apieproject","https:\/\/x.com\/apieproject"]},{"@type":"Person","@id":"https:\/\/appsaf.apieproject.com\/news\/#\/schema\/person\/ad5502ca15531a327ebd9865992b8492","name":"apieproject","image":{"@type":"ImageObject","inLanguage":"fr-FR","@id":"https:\/\/appsaf.apieproject.com\/news\/#\/schema\/person\/image\/","url":"https:\/\/secure.gravatar.com\/avatar\/8da820f890920c54e6a9a30087a8b9ec?s=96&d=mm&r=g","contentUrl":"https:\/\/secure.gravatar.com\/avatar\/8da820f890920c54e6a9a30087a8b9ec?s=96&d=mm&r=g","caption":"apieproject"},"url":"https:\/\/appsaf.apieproject.com\/news\/fr\/author\/apieproject\/"}]}},"_links":{"self":[{"href":"https:\/\/appsaf.apieproject.com\/news\/fr\/wp-json\/wp\/v2\/posts\/39654","targetHints":{"allow":["GET"]}}],"collection":[{"href":"https:\/\/appsaf.apieproject.com\/news\/fr\/wp-json\/wp\/v2\/posts"}],"about":[{"href":"https:\/\/appsaf.apieproject.com\/news\/fr\/wp-json\/wp\/v2\/types\/post"}],"author":[{"embeddable":true,"href":"https:\/\/appsaf.apieproject.com\/news\/fr\/wp-json\/wp\/v2\/users\/1"}],"replies":[{"embeddable":true,"href":"https:\/\/appsaf.apieproject.com\/news\/fr\/wp-json\/wp\/v2\/comments?post=39654"}],"version-history":[{"count":1,"href":"https:\/\/appsaf.apieproject.com\/news\/fr\/wp-json\/wp\/v2\/posts\/39654\/revisions"}],"predecessor-version":[{"id":39658,"href":"https:\/\/appsaf.apieproject.com\/news\/fr\/wp-json\/wp\/v2\/posts\/39654\/revisions\/39658"}],"wp:featuredmedia":[{"embeddable":true,"href":"https:\/\/appsaf.apieproject.com\/news\/fr\/wp-json\/wp\/v2\/media\/39655"}],"wp:attachment":[{"href":"https:\/\/appsaf.apieproject.com\/news\/fr\/wp-json\/wp\/v2\/media?parent=39654"}],"wp:term":[{"taxonomy":"category","embeddable":true,"href":"https:\/\/appsaf.apieproject.com\/news\/fr\/wp-json\/wp\/v2\/categories?post=39654"},{"taxonomy":"post_tag","embeddable":true,"href":"https:\/\/appsaf.apieproject.com\/news\/fr\/wp-json\/wp\/v2\/tags?post=39654"}],"curies":[{"name":"wp","href":"https:\/\/api.w.org\/{rel}","templated":true}]}}