{"id":39891,"date":"2024-12-09T05:53:39","date_gmt":"2024-12-09T05:53:39","guid":{"rendered":"https:\/\/appsaf.apieproject.com\/news\/?p=39891"},"modified":"2024-12-09T05:53:40","modified_gmt":"2024-12-09T05:53:40","slug":"afrique-francophone-lunitilite-de-la-presence-militaire-francaise","status":"publish","type":"post","link":"https:\/\/appsaf.apieproject.com\/news\/fr\/2024\/12\/09\/afrique-francophone-lunitilite-de-la-presence-militaire-francaise\/","title":{"rendered":"Afrique Francophone:  L\u2019unitilit\u00e9 De LA Pr\u00e9sence Militaire Francaise"},"content":{"rendered":"\n<p>Il s\u2019agit d\u2019une annonce historique qui semble avoir pris les autorit\u00e9s fran\u00e7aises de court. Le gouvernement du\u00a0Tchad\u00a0a d\u00e9cid\u00e9 de\u00a0mettre fin \u00e0 l&rsquo;accord de coop\u00e9ration en\u00a0mati\u00e8re de d\u00e9fense\u00a0sign\u00e9 avec la\u00a0France, a d\u00e9clar\u00e9, jeudi 28 novembre, le minist\u00e8re tchadien des Affaires \u00e9trang\u00e8res. Une annonce lourde de cons\u00e9quences puisqu\u2019elle devrait entra\u00eener le d\u00e9part des quelque 1\u00a0000 soldats fran\u00e7ais d\u00e9ploy\u00e9s dans le pays. La France perdrait ainsi sa derni\u00e8re grande emprise militaire au\u00a0Sahel\u00a0apr\u00e8s avoir \u00e9t\u00e9 pouss\u00e9e dehors par les r\u00e9gimes militaires du\u00a0Mali,\u00a0Burkina Faso\u00a0et\u00a0Niger.<\/p>\n\n\n\n<p>Cette d\u00e9cision intervient quelques jours apr\u00e8s la remise du rapport de\u00a0Jean-Marie Bockel, \u00ab\u00a0envoy\u00e9 personnel\u00a0\u00bb en\u00a0Afrique\u00a0d\u2019Emmanuel Macron. Cet ancien s\u00e9nateur, qui fut secr\u00e9taire d\u2019\u00c9tat \u00e0 la Coop\u00e9ration de\u00a0Nicolas Sarkozy, avait \u00e9t\u00e9 charg\u00e9 en f\u00e9vrier 2024 de red\u00e9finir les dispositifs militaires fran\u00e7ais dans les quatre pays francophones abritant encore ses bases\u00a0(le\u00a0S\u00e9n\u00e9gal, la C\u00f4te d\u2019Ivoire, le\u00a0Gabon\u00a0et le Tchad) avec leurs dirigeants.<\/p>\n\n\n\n<p>Quelques jours avant l\u2019annonce des autorit\u00e9s tchadiennes, il avait affirm\u00e9\u00a0lors d\u2019une interview sur France 24, ne pas avoir re\u00e7u de demande de retrait des forces fran\u00e7aises de la part de N&rsquo;djamena.<\/p>\n\n\n\n<p>En parall\u00e8le, le nouveau pr\u00e9sident du S\u00e9n\u00e9gal,\u00a0Bassirou Diomaye Faye, a \u00e9voqu\u00e9 lors de deux interviews avec France 2 et l\u2019AFP\u00a0le d\u00e9part des militaires fran\u00e7ais, jugeant cette pr\u00e9sence incompatible avec la souverainet\u00e9 du pays, sans pour autant \u00e9voquer un quelconque calendrier. Pour analyser les enjeux de ces annonces, France 24 s\u2019est entretenu avec Niagal\u00e9 Bagayoko,\u00a0docteure en science politique\u00a0et pr\u00e9sidente du centre de recherche African Security Sector Network (ASSN).<\/p>\n\n\n\n<p><strong>France 24 : ces annonces interviennent quelques jours apr\u00e8s la remise du rapport de Jean-Marie Bockel \u00e0\u00a0Emmanuel Macron. Le timing est-il surprenant<\/strong>\u00a0<strong>?<\/strong><\/p>\n\n\n\n<p><strong>Niagal\u00e9 Bagayoko :<\/strong>\u00a0elles sont, je trouve, assez inattendues. Le contenu du rapport n&rsquo;a pas \u00e9t\u00e9 rendu public, mais\u00a0un certain nombre d&rsquo;orientations ont \u00e9t\u00e9 d\u00e9voil\u00e9es par son auteur, notamment concernant la contraction du dispositif au Tchad autour d&rsquo;environ 300\u00a0hommes, avec la possibilit\u00e9 d\u2019une mont\u00e9e en puissance en cas d\u2019urgence s\u00e9curitaire. Par ailleurs, on sait tr\u00e8s bien que depuis que\u00a0Mahamat Idriss D\u00e9by\u00a0est arriv\u00e9 \u00e0 la t\u00eate de l&rsquo;\u00c9tat tchadien, la France n&rsquo;a pas m\u00e9nag\u00e9 ses efforts pour l&rsquo;appuyer, en affirmant toujours le caract\u00e8re absolument strat\u00e9gique du Tchad per\u00e7u comme un verrou s\u00e9curitaire, garant de la stabilit\u00e9 r\u00e9gionale. Le pr\u00e9sident D\u00e9by a \u00e9t\u00e9 accueilli \u00e0 Paris par le Pr\u00e9sident et surtout le ministre des Affaires \u00e9trang\u00e8res.\u00a0Jean-No\u00ebl Barrot\u00a0\u00e9tait encore au Tchad \u00e0 la veille de cette annonce.<\/p>\n\n\n\n<p>Pour le S\u00e9n\u00e9gal \u00e9galement, on peut s\u2019interroger sur le timing de ces d\u00e9clarations, m\u00eame si les nouvelles autorit\u00e9s avaient d\u00e9j\u00e0 \u00e9voqu\u00e9 le d\u00e9part des soldats fran\u00e7ais. Elles avaient donn\u00e9 une fin de non-recevoir \u00e0 la demande de visite de Jean-Marie Bockel au motif que les \u00e9lections l\u00e9gislatives allaient se tenir et que le contexte n&rsquo;\u00e9tait pas propice. Ces propos peuvent donc para\u00eetre assez brutaux pour les autorit\u00e9s fran\u00e7aises, d\u2019autant plus qu\u2019ils interviennent juste apr\u00e8s avoir re\u00e7u\u00a0la lettre d&rsquo;Emmanuel Macron reconnaissant le massacre de Thiaroye.<\/p>\n\n\n\n<p><strong>Le Tchad, comme le S\u00e9n\u00e9gal, affirme ne pas vouloir de \u00ab\u00a0rupture\u00a0\u00bb avec la France mais souligne l\u2019importance de la souverainet\u00e9 nationale. Comment interpr\u00e9tez-vous ce discours<\/strong>&nbsp;<strong>?<\/strong><\/p>\n\n\n\n<p>Tout d\u2019abord, il convient de noter qu\u2019il y a des diff\u00e9rences\u00a0: le S\u00e9n\u00e9gal n\u2019a pour l\u2019heure pas rompu les accords de d\u00e9fense avec la France, mais indique que les soldats fran\u00e7ais ne peuvent rester ad vitam aeternam. Les propos de Bassirou Diomaye Faye r\u00e9pondent \u00e0 une aspiration populaire, car cette pr\u00e9sence est per\u00e7ue, de plus en plus, comme une atteinte insupportable \u00e0 la souverainet\u00e9 du pays. Au Tchad, beaucoup plus autoritaire, cette aspiration est plus difficile \u00e0 mesurer. Mais l\u2019on constate quand m\u00eame que le souverainisme, le patriotisme et le nationalisme ont le vent en poupe en Afrique comme ailleurs\u00a0; ce sont des courants politiques qui progressent fortement dans les opinions, comme en t\u00e9moigne, par exemple, aux\u00a0\u00c9tats-Unis\u00a0la r\u00e9\u00e9lection de\u00a0Donald Trump.<\/p>\n\n\n\n<p>Par ailleurs, sur le plan militaire, ces \u00c9tats ne semblent plus y trouver leur compte. La France met en avant la formation et l\u2019entra\u00eenement des arm\u00e9es locales, ainsi que le partage d&rsquo;informations. Mais l&rsquo;enlisement puis le d\u00e9part de Barkhane a d\u00e9valoris\u00e9 la valeur ajout\u00e9e du savoir-faire militaire fran\u00e7ais. Elle n\u2019arrive pas \u00e0 contrer la menace terroriste, pas plus que les autres partenaires, comme la\u00a0Russie, ou que les \u00c9tats eux-m\u00eames.<\/p>\n\n\n\n<p>Longtemps elle a fait valoir l\u2019importance de la r\u00e9assurance, c\u2019est-\u00e0-dire du soutien a\u00e9rien. Mais l\u2019on constate que les arm\u00e9es africaines tendent depuis quelques ann\u00e9es \u00e0 se doter elles-m\u00eames de v\u00e9ritables capacit\u00e9s en la mati\u00e8re aupr\u00e8s d\u2019autres partenaires.<\/p>\n\n\n\n<p>La plupart des \u00c9tats affichent la volont\u00e9 de multiplier les partenariats avec diff\u00e9rents acteurs internationaux et \u00e9valuent la valeur ajout\u00e9e de chacun.&nbsp;\u00c0 l&rsquo;\u00e9vidence, la France n&rsquo;a pas r\u00e9ussi \u00e0 d\u00e9montrer la valeur ajout\u00e9e de sa pr\u00e9sence militaire. D&rsquo;autant qu&rsquo;elle affirme que sa pr\u00e9sence n\u2019a pas pour but de prot\u00e9ger les r\u00e9gimes en place, m\u00eame si le cas du Tchad est beaucoup plus ambigu.<\/p>\n\n\n\n<p><strong>Comme pr\u00e9c\u00e9demment au Mali, au Burkina et au Niger, on a le sentiment que la France subit ces d\u00e9cisions, m\u00eame si les relations avec le Tchad et le S\u00e9n\u00e9gal semblent bien meilleures. Est-elle devenue inaudible aupr\u00e8s de ses partenaires<\/strong>&nbsp;<strong>?<\/strong><\/p>\n\n\n\n<p>Il est clair qu\u2019il s\u2019agit d\u2019un nouveau camouflet pour la politique africaine de la France. Cela fait quand m\u00eame trois ans qu&rsquo;il nous est annonc\u00e9 que le dispositif militaire fran\u00e7ais va \u00eatre r\u00e9organis\u00e9. Et ce qui se produit en r\u00e9alit\u00e9, c&rsquo;est que ce dispositif va bien \u00eatre r\u00e9organis\u00e9, mais absolument pas en fonction des options soutenues par la France, mais en fonction des orientations qui apparaissent comme impos\u00e9es par les partenaires.<\/p>\n\n\n\n<p>La France a toujours pein\u00e9, d&rsquo;une part, \u00e0 justifier le maintien de bases permanentes sur le continent africain, et de l&rsquo;autre, \u00e0 donner les contours et le contenu exact de ce dispositif qu\u2019elle comptait maintenir. Sur le premier \u00e9l\u00e9ment, il n&rsquo;y a toujours pas eu un effort pour d\u00e9finir quels \u00e9taient exactement les int\u00e9r\u00eats fran\u00e7ais sur le continent. C&rsquo;est ce flou sur l\u2019utilit\u00e9 de sa pr\u00e9sence militaire que la France paye ici.<\/p>\n\n\n\n<p>Il favorise le discours complotiste du pr\u00e9sum\u00e9 pillage des ressources africaines alors que\u00a0la France a en r\u00e9alit\u00e9 peu d\u2019int\u00e9r\u00eats \u00e9conomiques dans ces pays. Les principales entreprises fran\u00e7aises pr\u00e9sentes ne sont pas dans l\u2019extraction, mais dans les t\u00e9l\u00e9coms ou l&rsquo;agroalimentaire. Il est vrai qu\u2019il y a plus de soci\u00e9t\u00e9s fran\u00e7aises et de ressortissants fran\u00e7ais dans les pays c\u00f4tiers comme le S\u00e9n\u00e9gal ou la C\u00f4te d&rsquo;Ivoire.<\/p>\n\n\n\n<p>Mais en quoi une pr\u00e9sence militaire est-elle n\u00e9cessaire pour garantir ses int\u00e9r\u00eats&nbsp;? N&rsquo;est-il pas aujourd&rsquo;hui indispensable pour Paris de d\u00e9coupler ses int\u00e9r\u00eats \u00e9conomiques et sa pr\u00e9sence militaire&nbsp;? La France reste quand m\u00eame le dernier \u00c9tat europ\u00e9en \u00e0 avoir cette pr\u00e9sence militaire permanente.<\/p>\n","protected":false},"excerpt":{"rendered":"<p>Il s\u2019agit d\u2019une annonce historique qui semble avoir pris les autorit\u00e9s fran\u00e7aises de court. Le gouvernement du\u00a0Tchad\u00a0a d\u00e9cid\u00e9 de\u00a0mettre fin \u00e0 l&rsquo;accord de coop\u00e9ration en\u00a0mati\u00e8re de d\u00e9fense\u00a0sign\u00e9 avec la\u00a0France, a d\u00e9clar\u00e9, jeudi 28 novembre, le minist\u00e8re tchadien des Affaires \u00e9trang\u00e8res. Une annonce lourde de cons\u00e9quences puisqu\u2019elle devrait entra\u00eener le d\u00e9part des quelque 1\u00a0000 soldats fran\u00e7ais [&hellip;]<\/p>\n","protected":false},"author":1,"featured_media":39892,"comment_status":"open","ping_status":"open","sticky":false,"template":"","format":"standard","meta":{"footnotes":""},"categories":[210,69,59],"tags":[78,211,82],"class_list":{"0":"post-39891","1":"post","2":"type-post","3":"status-publish","4":"format-standard","5":"has-post-thumbnail","7":"category-histoire","8":"category-politique","9":"category-speciaux","10":"tag-apie-project-2","11":"tag-histoire","12":"tag-politique"},"yoast_head":"<!-- This site is optimized with the Yoast SEO plugin v24.4 - https:\/\/yoast.com\/wordpress\/plugins\/seo\/ -->\n<title>Afrique Francophone: L\u2019unitilit\u00e9 De LA Pr\u00e9sence Militaire Francaise - APIE NEWS<\/title>\n<meta name=\"robots\" content=\"index, follow, max-snippet:-1, max-image-preview:large, max-video-preview:-1\" \/>\n<link rel=\"canonical\" href=\"https:\/\/appsaf.apieproject.com\/news\/fr\/2024\/12\/09\/afrique-francophone-lunitilite-de-la-presence-militaire-francaise\/\" \/>\n<meta property=\"og:locale\" content=\"fr_FR\" \/>\n<meta property=\"og:type\" content=\"article\" \/>\n<meta property=\"og:title\" content=\"Afrique Francophone: L\u2019unitilit\u00e9 De LA Pr\u00e9sence Militaire Francaise - APIE NEWS\" \/>\n<meta property=\"og:description\" content=\"Il s\u2019agit d\u2019une annonce historique qui semble avoir pris les autorit\u00e9s fran\u00e7aises de court. Le gouvernement du\u00a0Tchad\u00a0a d\u00e9cid\u00e9 de\u00a0mettre fin \u00e0 l&rsquo;accord de coop\u00e9ration en\u00a0mati\u00e8re de d\u00e9fense\u00a0sign\u00e9 avec la\u00a0France, a d\u00e9clar\u00e9, jeudi 28 novembre, le minist\u00e8re tchadien des Affaires \u00e9trang\u00e8res. Une annonce lourde de cons\u00e9quences puisqu\u2019elle devrait entra\u00eener le d\u00e9part des quelque 1\u00a0000 soldats fran\u00e7ais [&hellip;]\" \/>\n<meta property=\"og:url\" content=\"https:\/\/appsaf.apieproject.com\/news\/fr\/2024\/12\/09\/afrique-francophone-lunitilite-de-la-presence-militaire-francaise\/\" \/>\n<meta property=\"og:site_name\" content=\"APIE NEWS\" \/>\n<meta property=\"article:publisher\" content=\"https:\/\/facebook.com\/apieproject\" \/>\n<meta property=\"article:published_time\" content=\"2024-12-09T05:53:39+00:00\" \/>\n<meta property=\"article:modified_time\" content=\"2024-12-09T05:53:40+00:00\" \/>\n<meta property=\"og:image\" content=\"https:\/\/appsaf.apieproject.com\/news\/wp-content\/uploads\/sites\/29\/2024\/12\/tchad-depart.jpg\" \/>\n\t<meta property=\"og:image:width\" content=\"651\" \/>\n\t<meta property=\"og:image:height\" content=\"366\" \/>\n\t<meta property=\"og:image:type\" content=\"image\/jpeg\" \/>\n<meta name=\"author\" content=\"apieproject\" \/>\n<meta name=\"twitter:card\" content=\"summary_large_image\" \/>\n<meta name=\"twitter:creator\" content=\"@apieproject\" \/>\n<meta name=\"twitter:site\" content=\"@apieproject\" \/>\n<meta name=\"twitter:label1\" content=\"\u00c9crit par\" \/>\n\t<meta name=\"twitter:data1\" content=\"apieproject\" \/>\n\t<meta name=\"twitter:label2\" content=\"Dur\u00e9e de lecture estim\u00e9e\" \/>\n\t<meta name=\"twitter:data2\" content=\"6 minutes\" \/>\n<script type=\"application\/ld+json\" class=\"yoast-schema-graph\">{\"@context\":\"https:\/\/schema.org\",\"@graph\":[{\"@type\":\"Article\",\"@id\":\"https:\/\/appsaf.apieproject.com\/news\/fr\/2024\/12\/09\/afrique-francophone-lunitilite-de-la-presence-militaire-francaise\/#article\",\"isPartOf\":{\"@id\":\"https:\/\/appsaf.apieproject.com\/news\/fr\/2024\/12\/09\/afrique-francophone-lunitilite-de-la-presence-militaire-francaise\/\"},\"author\":{\"name\":\"apieproject\",\"@id\":\"https:\/\/appsaf.apieproject.com\/news\/#\/schema\/person\/ad5502ca15531a327ebd9865992b8492\"},\"headline\":\"Afrique Francophone: L\u2019unitilit\u00e9 De LA Pr\u00e9sence Militaire Francaise\",\"datePublished\":\"2024-12-09T05:53:39+00:00\",\"dateModified\":\"2024-12-09T05:53:40+00:00\",\"mainEntityOfPage\":{\"@id\":\"https:\/\/appsaf.apieproject.com\/news\/fr\/2024\/12\/09\/afrique-francophone-lunitilite-de-la-presence-militaire-francaise\/\"},\"wordCount\":1317,\"commentCount\":0,\"publisher\":{\"@id\":\"https:\/\/appsaf.apieproject.com\/news\/#organization\"},\"image\":{\"@id\":\"https:\/\/appsaf.apieproject.com\/news\/fr\/2024\/12\/09\/afrique-francophone-lunitilite-de-la-presence-militaire-francaise\/#primaryimage\"},\"thumbnailUrl\":\"https:\/\/appsaf.apieproject.com\/news\/wp-content\/uploads\/sites\/29\/2024\/12\/tchad-depart.jpg\",\"keywords\":[\"apie project\",\"Histoire\",\"politique\"],\"articleSection\":[\"Histoire\",\"Politique\",\"Sp\u00e9ciaux\"],\"inLanguage\":\"fr-FR\",\"potentialAction\":[{\"@type\":\"CommentAction\",\"name\":\"Comment\",\"target\":[\"https:\/\/appsaf.apieproject.com\/news\/fr\/2024\/12\/09\/afrique-francophone-lunitilite-de-la-presence-militaire-francaise\/#respond\"]}]},{\"@type\":\"WebPage\",\"@id\":\"https:\/\/appsaf.apieproject.com\/news\/fr\/2024\/12\/09\/afrique-francophone-lunitilite-de-la-presence-militaire-francaise\/\",\"url\":\"https:\/\/appsaf.apieproject.com\/news\/fr\/2024\/12\/09\/afrique-francophone-lunitilite-de-la-presence-militaire-francaise\/\",\"name\":\"Afrique Francophone: L\u2019unitilit\u00e9 De LA Pr\u00e9sence Militaire Francaise - APIE NEWS\",\"isPartOf\":{\"@id\":\"https:\/\/appsaf.apieproject.com\/news\/#website\"},\"primaryImageOfPage\":{\"@id\":\"https:\/\/appsaf.apieproject.com\/news\/fr\/2024\/12\/09\/afrique-francophone-lunitilite-de-la-presence-militaire-francaise\/#primaryimage\"},\"image\":{\"@id\":\"https:\/\/appsaf.apieproject.com\/news\/fr\/2024\/12\/09\/afrique-francophone-lunitilite-de-la-presence-militaire-francaise\/#primaryimage\"},\"thumbnailUrl\":\"https:\/\/appsaf.apieproject.com\/news\/wp-content\/uploads\/sites\/29\/2024\/12\/tchad-depart.jpg\",\"datePublished\":\"2024-12-09T05:53:39+00:00\",\"dateModified\":\"2024-12-09T05:53:40+00:00\",\"breadcrumb\":{\"@id\":\"https:\/\/appsaf.apieproject.com\/news\/fr\/2024\/12\/09\/afrique-francophone-lunitilite-de-la-presence-militaire-francaise\/#breadcrumb\"},\"inLanguage\":\"fr-FR\",\"potentialAction\":[{\"@type\":\"ReadAction\",\"target\":[\"https:\/\/appsaf.apieproject.com\/news\/fr\/2024\/12\/09\/afrique-francophone-lunitilite-de-la-presence-militaire-francaise\/\"]}]},{\"@type\":\"ImageObject\",\"inLanguage\":\"fr-FR\",\"@id\":\"https:\/\/appsaf.apieproject.com\/news\/fr\/2024\/12\/09\/afrique-francophone-lunitilite-de-la-presence-militaire-francaise\/#primaryimage\",\"url\":\"https:\/\/appsaf.apieproject.com\/news\/wp-content\/uploads\/sites\/29\/2024\/12\/tchad-depart.jpg\",\"contentUrl\":\"https:\/\/appsaf.apieproject.com\/news\/wp-content\/uploads\/sites\/29\/2024\/12\/tchad-depart.jpg\",\"width\":651,\"height\":366},{\"@type\":\"BreadcrumbList\",\"@id\":\"https:\/\/appsaf.apieproject.com\/news\/fr\/2024\/12\/09\/afrique-francophone-lunitilite-de-la-presence-militaire-francaise\/#breadcrumb\",\"itemListElement\":[{\"@type\":\"ListItem\",\"position\":1,\"name\":\"Home\",\"item\":\"https:\/\/appsaf.apieproject.com\/news\/fr\/home\/\"},{\"@type\":\"ListItem\",\"position\":2,\"name\":\"Afrique Francophone: L\u2019unitilit\u00e9 De LA Pr\u00e9sence Militaire Francaise\"}]},{\"@type\":\"WebSite\",\"@id\":\"https:\/\/appsaf.apieproject.com\/news\/#website\",\"url\":\"https:\/\/appsaf.apieproject.com\/news\/\",\"name\":\"APIE NEWS\",\"description\":\"PANAFRICANISM NEWS PORTAL\",\"publisher\":{\"@id\":\"https:\/\/appsaf.apieproject.com\/news\/#organization\"},\"potentialAction\":[{\"@type\":\"SearchAction\",\"target\":{\"@type\":\"EntryPoint\",\"urlTemplate\":\"https:\/\/appsaf.apieproject.com\/news\/?s={search_term_string}\"},\"query-input\":{\"@type\":\"PropertyValueSpecification\",\"valueRequired\":true,\"valueName\":\"search_term_string\"}}],\"inLanguage\":\"fr-FR\"},{\"@type\":\"Organization\",\"@id\":\"https:\/\/appsaf.apieproject.com\/news\/#organization\",\"name\":\"APIE PROJECT\",\"url\":\"https:\/\/appsaf.apieproject.com\/news\/\",\"logo\":{\"@type\":\"ImageObject\",\"inLanguage\":\"fr-FR\",\"@id\":\"https:\/\/appsaf.apieproject.com\/news\/#\/schema\/logo\/image\/\",\"url\":\"https:\/\/appsaf.apieproject.com\/news\/wp-content\/uploads\/sites\/29\/2022\/07\/logo-R-TransparentBackground.png\",\"contentUrl\":\"https:\/\/appsaf.apieproject.com\/news\/wp-content\/uploads\/sites\/29\/2022\/07\/logo-R-TransparentBackground.png\",\"width\":512,\"height\":512,\"caption\":\"APIE PROJECT\"},\"image\":{\"@id\":\"https:\/\/appsaf.apieproject.com\/news\/#\/schema\/logo\/image\/\"},\"sameAs\":[\"https:\/\/facebook.com\/apieproject\",\"https:\/\/x.com\/apieproject\"]},{\"@type\":\"Person\",\"@id\":\"https:\/\/appsaf.apieproject.com\/news\/#\/schema\/person\/ad5502ca15531a327ebd9865992b8492\",\"name\":\"apieproject\",\"image\":{\"@type\":\"ImageObject\",\"inLanguage\":\"fr-FR\",\"@id\":\"https:\/\/appsaf.apieproject.com\/news\/#\/schema\/person\/image\/\",\"url\":\"https:\/\/secure.gravatar.com\/avatar\/8da820f890920c54e6a9a30087a8b9ec?s=96&d=mm&r=g\",\"contentUrl\":\"https:\/\/secure.gravatar.com\/avatar\/8da820f890920c54e6a9a30087a8b9ec?s=96&d=mm&r=g\",\"caption\":\"apieproject\"},\"url\":\"https:\/\/appsaf.apieproject.com\/news\/fr\/author\/apieproject\/\"}]}<\/script>\n<!-- \/ Yoast SEO plugin. -->","yoast_head_json":{"title":"Afrique Francophone: L\u2019unitilit\u00e9 De LA Pr\u00e9sence Militaire Francaise - APIE NEWS","robots":{"index":"index","follow":"follow","max-snippet":"max-snippet:-1","max-image-preview":"max-image-preview:large","max-video-preview":"max-video-preview:-1"},"canonical":"https:\/\/appsaf.apieproject.com\/news\/fr\/2024\/12\/09\/afrique-francophone-lunitilite-de-la-presence-militaire-francaise\/","og_locale":"fr_FR","og_type":"article","og_title":"Afrique Francophone: L\u2019unitilit\u00e9 De LA Pr\u00e9sence Militaire Francaise - APIE NEWS","og_description":"Il s\u2019agit d\u2019une annonce historique qui semble avoir pris les autorit\u00e9s fran\u00e7aises de court. Le gouvernement du\u00a0Tchad\u00a0a d\u00e9cid\u00e9 de\u00a0mettre fin \u00e0 l&rsquo;accord de coop\u00e9ration en\u00a0mati\u00e8re de d\u00e9fense\u00a0sign\u00e9 avec la\u00a0France, a d\u00e9clar\u00e9, jeudi 28 novembre, le minist\u00e8re tchadien des Affaires \u00e9trang\u00e8res. Une annonce lourde de cons\u00e9quences puisqu\u2019elle devrait entra\u00eener le d\u00e9part des quelque 1\u00a0000 soldats fran\u00e7ais [&hellip;]","og_url":"https:\/\/appsaf.apieproject.com\/news\/fr\/2024\/12\/09\/afrique-francophone-lunitilite-de-la-presence-militaire-francaise\/","og_site_name":"APIE NEWS","article_publisher":"https:\/\/facebook.com\/apieproject","article_published_time":"2024-12-09T05:53:39+00:00","article_modified_time":"2024-12-09T05:53:40+00:00","og_image":[{"width":651,"height":366,"url":"https:\/\/appsaf.apieproject.com\/news\/wp-content\/uploads\/sites\/29\/2024\/12\/tchad-depart.jpg","type":"image\/jpeg"}],"author":"apieproject","twitter_card":"summary_large_image","twitter_creator":"@apieproject","twitter_site":"@apieproject","twitter_misc":{"\u00c9crit par":"apieproject","Dur\u00e9e de lecture estim\u00e9e":"6 minutes"},"schema":{"@context":"https:\/\/schema.org","@graph":[{"@type":"Article","@id":"https:\/\/appsaf.apieproject.com\/news\/fr\/2024\/12\/09\/afrique-francophone-lunitilite-de-la-presence-militaire-francaise\/#article","isPartOf":{"@id":"https:\/\/appsaf.apieproject.com\/news\/fr\/2024\/12\/09\/afrique-francophone-lunitilite-de-la-presence-militaire-francaise\/"},"author":{"name":"apieproject","@id":"https:\/\/appsaf.apieproject.com\/news\/#\/schema\/person\/ad5502ca15531a327ebd9865992b8492"},"headline":"Afrique Francophone: L\u2019unitilit\u00e9 De LA Pr\u00e9sence Militaire Francaise","datePublished":"2024-12-09T05:53:39+00:00","dateModified":"2024-12-09T05:53:40+00:00","mainEntityOfPage":{"@id":"https:\/\/appsaf.apieproject.com\/news\/fr\/2024\/12\/09\/afrique-francophone-lunitilite-de-la-presence-militaire-francaise\/"},"wordCount":1317,"commentCount":0,"publisher":{"@id":"https:\/\/appsaf.apieproject.com\/news\/#organization"},"image":{"@id":"https:\/\/appsaf.apieproject.com\/news\/fr\/2024\/12\/09\/afrique-francophone-lunitilite-de-la-presence-militaire-francaise\/#primaryimage"},"thumbnailUrl":"https:\/\/appsaf.apieproject.com\/news\/wp-content\/uploads\/sites\/29\/2024\/12\/tchad-depart.jpg","keywords":["apie project","Histoire","politique"],"articleSection":["Histoire","Politique","Sp\u00e9ciaux"],"inLanguage":"fr-FR","potentialAction":[{"@type":"CommentAction","name":"Comment","target":["https:\/\/appsaf.apieproject.com\/news\/fr\/2024\/12\/09\/afrique-francophone-lunitilite-de-la-presence-militaire-francaise\/#respond"]}]},{"@type":"WebPage","@id":"https:\/\/appsaf.apieproject.com\/news\/fr\/2024\/12\/09\/afrique-francophone-lunitilite-de-la-presence-militaire-francaise\/","url":"https:\/\/appsaf.apieproject.com\/news\/fr\/2024\/12\/09\/afrique-francophone-lunitilite-de-la-presence-militaire-francaise\/","name":"Afrique Francophone: L\u2019unitilit\u00e9 De LA Pr\u00e9sence Militaire Francaise - APIE NEWS","isPartOf":{"@id":"https:\/\/appsaf.apieproject.com\/news\/#website"},"primaryImageOfPage":{"@id":"https:\/\/appsaf.apieproject.com\/news\/fr\/2024\/12\/09\/afrique-francophone-lunitilite-de-la-presence-militaire-francaise\/#primaryimage"},"image":{"@id":"https:\/\/appsaf.apieproject.com\/news\/fr\/2024\/12\/09\/afrique-francophone-lunitilite-de-la-presence-militaire-francaise\/#primaryimage"},"thumbnailUrl":"https:\/\/appsaf.apieproject.com\/news\/wp-content\/uploads\/sites\/29\/2024\/12\/tchad-depart.jpg","datePublished":"2024-12-09T05:53:39+00:00","dateModified":"2024-12-09T05:53:40+00:00","breadcrumb":{"@id":"https:\/\/appsaf.apieproject.com\/news\/fr\/2024\/12\/09\/afrique-francophone-lunitilite-de-la-presence-militaire-francaise\/#breadcrumb"},"inLanguage":"fr-FR","potentialAction":[{"@type":"ReadAction","target":["https:\/\/appsaf.apieproject.com\/news\/fr\/2024\/12\/09\/afrique-francophone-lunitilite-de-la-presence-militaire-francaise\/"]}]},{"@type":"ImageObject","inLanguage":"fr-FR","@id":"https:\/\/appsaf.apieproject.com\/news\/fr\/2024\/12\/09\/afrique-francophone-lunitilite-de-la-presence-militaire-francaise\/#primaryimage","url":"https:\/\/appsaf.apieproject.com\/news\/wp-content\/uploads\/sites\/29\/2024\/12\/tchad-depart.jpg","contentUrl":"https:\/\/appsaf.apieproject.com\/news\/wp-content\/uploads\/sites\/29\/2024\/12\/tchad-depart.jpg","width":651,"height":366},{"@type":"BreadcrumbList","@id":"https:\/\/appsaf.apieproject.com\/news\/fr\/2024\/12\/09\/afrique-francophone-lunitilite-de-la-presence-militaire-francaise\/#breadcrumb","itemListElement":[{"@type":"ListItem","position":1,"name":"Home","item":"https:\/\/appsaf.apieproject.com\/news\/fr\/home\/"},{"@type":"ListItem","position":2,"name":"Afrique Francophone: L\u2019unitilit\u00e9 De LA Pr\u00e9sence Militaire Francaise"}]},{"@type":"WebSite","@id":"https:\/\/appsaf.apieproject.com\/news\/#website","url":"https:\/\/appsaf.apieproject.com\/news\/","name":"APIE NEWS","description":"PANAFRICANISM NEWS PORTAL","publisher":{"@id":"https:\/\/appsaf.apieproject.com\/news\/#organization"},"potentialAction":[{"@type":"SearchAction","target":{"@type":"EntryPoint","urlTemplate":"https:\/\/appsaf.apieproject.com\/news\/?s={search_term_string}"},"query-input":{"@type":"PropertyValueSpecification","valueRequired":true,"valueName":"search_term_string"}}],"inLanguage":"fr-FR"},{"@type":"Organization","@id":"https:\/\/appsaf.apieproject.com\/news\/#organization","name":"APIE PROJECT","url":"https:\/\/appsaf.apieproject.com\/news\/","logo":{"@type":"ImageObject","inLanguage":"fr-FR","@id":"https:\/\/appsaf.apieproject.com\/news\/#\/schema\/logo\/image\/","url":"https:\/\/appsaf.apieproject.com\/news\/wp-content\/uploads\/sites\/29\/2022\/07\/logo-R-TransparentBackground.png","contentUrl":"https:\/\/appsaf.apieproject.com\/news\/wp-content\/uploads\/sites\/29\/2022\/07\/logo-R-TransparentBackground.png","width":512,"height":512,"caption":"APIE PROJECT"},"image":{"@id":"https:\/\/appsaf.apieproject.com\/news\/#\/schema\/logo\/image\/"},"sameAs":["https:\/\/facebook.com\/apieproject","https:\/\/x.com\/apieproject"]},{"@type":"Person","@id":"https:\/\/appsaf.apieproject.com\/news\/#\/schema\/person\/ad5502ca15531a327ebd9865992b8492","name":"apieproject","image":{"@type":"ImageObject","inLanguage":"fr-FR","@id":"https:\/\/appsaf.apieproject.com\/news\/#\/schema\/person\/image\/","url":"https:\/\/secure.gravatar.com\/avatar\/8da820f890920c54e6a9a30087a8b9ec?s=96&d=mm&r=g","contentUrl":"https:\/\/secure.gravatar.com\/avatar\/8da820f890920c54e6a9a30087a8b9ec?s=96&d=mm&r=g","caption":"apieproject"},"url":"https:\/\/appsaf.apieproject.com\/news\/fr\/author\/apieproject\/"}]}},"_links":{"self":[{"href":"https:\/\/appsaf.apieproject.com\/news\/fr\/wp-json\/wp\/v2\/posts\/39891","targetHints":{"allow":["GET"]}}],"collection":[{"href":"https:\/\/appsaf.apieproject.com\/news\/fr\/wp-json\/wp\/v2\/posts"}],"about":[{"href":"https:\/\/appsaf.apieproject.com\/news\/fr\/wp-json\/wp\/v2\/types\/post"}],"author":[{"embeddable":true,"href":"https:\/\/appsaf.apieproject.com\/news\/fr\/wp-json\/wp\/v2\/users\/1"}],"replies":[{"embeddable":true,"href":"https:\/\/appsaf.apieproject.com\/news\/fr\/wp-json\/wp\/v2\/comments?post=39891"}],"version-history":[{"count":1,"href":"https:\/\/appsaf.apieproject.com\/news\/fr\/wp-json\/wp\/v2\/posts\/39891\/revisions"}],"predecessor-version":[{"id":39895,"href":"https:\/\/appsaf.apieproject.com\/news\/fr\/wp-json\/wp\/v2\/posts\/39891\/revisions\/39895"}],"wp:featuredmedia":[{"embeddable":true,"href":"https:\/\/appsaf.apieproject.com\/news\/fr\/wp-json\/wp\/v2\/media\/39892"}],"wp:attachment":[{"href":"https:\/\/appsaf.apieproject.com\/news\/fr\/wp-json\/wp\/v2\/media?parent=39891"}],"wp:term":[{"taxonomy":"category","embeddable":true,"href":"https:\/\/appsaf.apieproject.com\/news\/fr\/wp-json\/wp\/v2\/categories?post=39891"},{"taxonomy":"post_tag","embeddable":true,"href":"https:\/\/appsaf.apieproject.com\/news\/fr\/wp-json\/wp\/v2\/tags?post=39891"}],"curies":[{"name":"wp","href":"https:\/\/api.w.org\/{rel}","templated":true}]}}