{"id":39954,"date":"2024-12-23T03:51:50","date_gmt":"2024-12-23T03:51:50","guid":{"rendered":"https:\/\/appsaf.apieproject.com\/news\/?p=39954"},"modified":"2024-12-23T03:51:51","modified_gmt":"2024-12-23T03:51:51","slug":"retrait-de-larmee-francaise-du-tchad","status":"publish","type":"post","link":"https:\/\/appsaf.apieproject.com\/news\/fr\/2024\/12\/23\/retrait-de-larmee-francaise-du-tchad\/","title":{"rendered":"Retrait De L&rsquo;Arm\u00e9e Fran\u00e7aise Du Tchad"},"content":{"rendered":"\n<p>Un premier contingent de 120 soldats fran\u00e7ais a quitt\u00e9 le Tchad vendredi 20\u00a0d\u00e9cembre, trois semaines apr\u00e8s l\u2019annonce surprise de la suspension de l\u2019accord militaire entre Paris et N\u2019Djamena, a annonc\u00e9 le minist\u00e8re des arm\u00e9es tchadien.<\/p>\n\n\n\n<p><em>\u00ab\u00a0Ce midi, 120 soldats fran\u00e7ais ont d\u00e9coll\u00e9 de l\u2019a\u00e9roport militaire de N\u2019Djamena \u00e0 bord d\u2019un Airbus A330 Ph\u00e9nix MRTT, \u00e0 destination de la France\u00a0\u00bb<\/em>, selon un communiqu\u00e9 publi\u00e9 sur la page Facebook du minist\u00e8re. Interrog\u00e9 par l\u2019Agence France-Presse \u00e0 Paris, le minist\u00e8re des arm\u00e9es fran\u00e7ais, qui compte pr\u00e8s de 1\u00a0000 membres dans le pays, n\u2019a pas comment\u00e9 cette annonce.<\/p>\n\n\n\n<p>Ce premier mouvement de soldats, dix jours apr\u00e8s le d\u00e9part des avions de chasse fran\u00e7ais, fait suite \u00e0 la d\u00e9cision de ce pays du Sahel de mettre fin \u00e0 plus de soixante ans de coop\u00e9ration militaire en rompant les accords qui le liaient \u00e0 la France depuis la fin de la colonisation. Maillon-cl\u00e9 de la pr\u00e9sence militaire fran\u00e7aise en Afrique, ce pays d\u00e9sertique constituait le dernier point d\u2019ancrage de Paris au Sahel apr\u00e8s les retraits forc\u00e9s de trois pays ouest-africains.<\/p>\n\n\n\n<p>Vendredi matin, le d\u00e9part des troupes s\u2019est d\u00e9roul\u00e9 en pr\u00e9sence des autorit\u00e9s militaires tchadiennes, dont la pr\u00e9sence&nbsp;<em>\u00ab&nbsp;t\u00e9moigne de l\u2019intensit\u00e9 de la coop\u00e9ration entre les deux pays dans le domaine de la s\u00e9curit\u00e9&nbsp;\u00bb<\/em>, pr\u00e9cise le m\u00eame communiqu\u00e9.<\/p>\n\n\n\n<h2 class=\"wp-block-heading\">La France a d\u00e9j\u00e0 \u00e9vacu\u00e9 ses troupes du Mali, du Niger et du Burkina Faso<\/h2>\n\n\n\n<p>La France a d\u00e9j\u00e0 \u00e9t\u00e9 contrainte d\u2019\u00e9vacuer ses troupes du Mali, du Burkina Faso et du Niger en&nbsp;2022 et 2023, apr\u00e8s l\u2019arriv\u00e9e au pouvoir de juntes militaires qui se sont rapproch\u00e9es de Moscou. Le S\u00e9n\u00e9gal a de plus fait part de son souhait de voir la France fermer ses bases militaires sur son sol. La d\u00e9cision de N\u2019Djamena de d\u00e9noncer l\u2019accord de d\u00e9fense avec son vieil alli\u00e9 a pris Paris de court, alors que l\u2019influence d\u2019autres puissances \u2013 notamment russe \u2013 cro\u00eet au Sahel.<\/p>\n\n\n\n<p>Des troupes et des avions de combat fran\u00e7ais ont stationn\u00e9 au Tchad quasiment sans discontinuer depuis l\u2019ind\u00e9pendance en\u00a01960, servant \u00e0 la formation et l\u2019entra\u00eenement des militaires tchadiens. Les avions constituaient un appui a\u00e9rien qui s\u2019est av\u00e9r\u00e9 primordial \u00e0 plusieurs reprises pour stopper des rebelles cherchant \u00e0 s\u2019emparer du pouvoir.<\/p>\n\n\n\n<p>Les membres de l\u2019arm\u00e9e fran\u00e7aise sont pr\u00e9sents dans trois lieux au Tchad \u2013 dont une majorit\u00e9 au camp Kossei, \u00e0 N\u2019Djamena. La France avait pr\u00e9vu de r\u00e9duire ces effectifs dans le cadre d\u2019une reconfiguration de sa pr\u00e9sence militaire sur le continent africain. <em>\u00ab&nbsp;Des tonnes d\u2019\u00e9quipements militaires, soigneusement conditionn\u00e9s et entrepos\u00e9s \u00e0 l\u2019a\u00e9roport militaire de N\u2019Djamena, seront transport\u00e9es par un Antonov 124 pr\u00e9vu pour les jours \u00e0 venir&nbsp;\u00bb<\/em>, affirme le minist\u00e8re des arm\u00e9es tchadien sur Facebook. <em>\u00ab&nbsp;Les v\u00e9hicules militaires provenant des bases fran\u00e7aises de Faya-Largeau, Ab\u00e9ch\u00e9 et N\u2019Djamena seront \u00e9galement rapatri\u00e9s en France via le port de Douala, avec une \u00e9ch\u00e9ance attendue d\u2019ici janvier&nbsp;\u00bb<\/em>, et <em>\u00ab&nbsp;le trajet maritime prendra environ trois semaines&nbsp;\u00bb<\/em>, selon un responsable de l\u2019arm\u00e9e fran\u00e7aise cit\u00e9 dans la publication du minist\u00e8re tchadien.<\/p>\n\n\n\n<p><\/p>\n","protected":false},"excerpt":{"rendered":"<p>Un premier contingent de 120 soldats fran\u00e7ais a quitt\u00e9 le Tchad vendredi 20\u00a0d\u00e9cembre, trois semaines apr\u00e8s l\u2019annonce surprise de la suspension de l\u2019accord militaire entre Paris et N\u2019Djamena, a annonc\u00e9 le minist\u00e8re des arm\u00e9es tchadien. \u00ab\u00a0Ce midi, 120 soldats fran\u00e7ais ont d\u00e9coll\u00e9 de l\u2019a\u00e9roport militaire de N\u2019Djamena \u00e0 bord d\u2019un Airbus A330 Ph\u00e9nix MRTT, \u00e0 [&hellip;]<\/p>\n","protected":false},"author":1,"featured_media":39955,"comment_status":"open","ping_status":"open","sticky":false,"template":"","format":"standard","meta":{"footnotes":""},"categories":[210,69,59],"tags":[78,211,82],"class_list":{"0":"post-39954","1":"post","2":"type-post","3":"status-publish","4":"format-standard","5":"has-post-thumbnail","7":"category-histoire","8":"category-politique","9":"category-speciaux","10":"tag-apie-project-2","11":"tag-histoire","12":"tag-politique"},"yoast_head":"<!-- This site is optimized with the Yoast SEO plugin v24.4 - https:\/\/yoast.com\/wordpress\/plugins\/seo\/ -->\n<title>Retrait De L&#039;Arm\u00e9e Fran\u00e7aise Du Tchad - APIE NEWS<\/title>\n<meta name=\"robots\" content=\"index, follow, max-snippet:-1, max-image-preview:large, max-video-preview:-1\" \/>\n<link rel=\"canonical\" href=\"https:\/\/appsaf.apieproject.com\/news\/fr\/2024\/12\/23\/retrait-de-larmee-francaise-du-tchad\/\" \/>\n<meta property=\"og:locale\" content=\"fr_FR\" \/>\n<meta property=\"og:type\" content=\"article\" \/>\n<meta property=\"og:title\" content=\"Retrait De L&#039;Arm\u00e9e Fran\u00e7aise Du Tchad - APIE NEWS\" \/>\n<meta property=\"og:description\" content=\"Un premier contingent de 120 soldats fran\u00e7ais a quitt\u00e9 le Tchad vendredi 20\u00a0d\u00e9cembre, trois semaines apr\u00e8s l\u2019annonce surprise de la suspension de l\u2019accord militaire entre Paris et N\u2019Djamena, a annonc\u00e9 le minist\u00e8re des arm\u00e9es tchadien. \u00ab\u00a0Ce midi, 120 soldats fran\u00e7ais ont d\u00e9coll\u00e9 de l\u2019a\u00e9roport militaire de N\u2019Djamena \u00e0 bord d\u2019un Airbus A330 Ph\u00e9nix MRTT, \u00e0 [&hellip;]\" \/>\n<meta property=\"og:url\" content=\"https:\/\/appsaf.apieproject.com\/news\/fr\/2024\/12\/23\/retrait-de-larmee-francaise-du-tchad\/\" \/>\n<meta property=\"og:site_name\" content=\"APIE NEWS\" \/>\n<meta property=\"article:publisher\" content=\"https:\/\/facebook.com\/apieproject\" \/>\n<meta property=\"article:published_time\" content=\"2024-12-23T03:51:50+00:00\" \/>\n<meta property=\"article:modified_time\" content=\"2024-12-23T03:51:51+00:00\" \/>\n<meta property=\"og:image\" content=\"https:\/\/appsaf.apieproject.com\/news\/wp-content\/uploads\/sites\/29\/2024\/12\/france-tchad.jpg\" \/>\n\t<meta property=\"og:image:width\" content=\"960\" \/>\n\t<meta property=\"og:image:height\" content=\"465\" \/>\n\t<meta property=\"og:image:type\" content=\"image\/jpeg\" \/>\n<meta name=\"author\" content=\"apieproject\" \/>\n<meta name=\"twitter:card\" content=\"summary_large_image\" \/>\n<meta name=\"twitter:creator\" content=\"@apieproject\" \/>\n<meta name=\"twitter:site\" content=\"@apieproject\" \/>\n<meta name=\"twitter:label1\" content=\"\u00c9crit par\" \/>\n\t<meta name=\"twitter:data1\" content=\"apieproject\" \/>\n\t<meta name=\"twitter:label2\" content=\"Dur\u00e9e de lecture estim\u00e9e\" \/>\n\t<meta name=\"twitter:data2\" content=\"3 minutes\" \/>\n<script type=\"application\/ld+json\" class=\"yoast-schema-graph\">{\"@context\":\"https:\/\/schema.org\",\"@graph\":[{\"@type\":\"Article\",\"@id\":\"https:\/\/appsaf.apieproject.com\/news\/fr\/2024\/12\/23\/retrait-de-larmee-francaise-du-tchad\/#article\",\"isPartOf\":{\"@id\":\"https:\/\/appsaf.apieproject.com\/news\/fr\/2024\/12\/23\/retrait-de-larmee-francaise-du-tchad\/\"},\"author\":{\"name\":\"apieproject\",\"@id\":\"https:\/\/appsaf.apieproject.com\/news\/#\/schema\/person\/ad5502ca15531a327ebd9865992b8492\"},\"headline\":\"Retrait De L&rsquo;Arm\u00e9e Fran\u00e7aise Du Tchad\",\"datePublished\":\"2024-12-23T03:51:50+00:00\",\"dateModified\":\"2024-12-23T03:51:51+00:00\",\"mainEntityOfPage\":{\"@id\":\"https:\/\/appsaf.apieproject.com\/news\/fr\/2024\/12\/23\/retrait-de-larmee-francaise-du-tchad\/\"},\"wordCount\":583,\"commentCount\":0,\"publisher\":{\"@id\":\"https:\/\/appsaf.apieproject.com\/news\/#organization\"},\"image\":{\"@id\":\"https:\/\/appsaf.apieproject.com\/news\/fr\/2024\/12\/23\/retrait-de-larmee-francaise-du-tchad\/#primaryimage\"},\"thumbnailUrl\":\"https:\/\/appsaf.apieproject.com\/news\/wp-content\/uploads\/sites\/29\/2024\/12\/france-tchad.jpg\",\"keywords\":[\"apie project\",\"Histoire\",\"politique\"],\"articleSection\":[\"Histoire\",\"Politique\",\"Sp\u00e9ciaux\"],\"inLanguage\":\"fr-FR\",\"potentialAction\":[{\"@type\":\"CommentAction\",\"name\":\"Comment\",\"target\":[\"https:\/\/appsaf.apieproject.com\/news\/fr\/2024\/12\/23\/retrait-de-larmee-francaise-du-tchad\/#respond\"]}]},{\"@type\":\"WebPage\",\"@id\":\"https:\/\/appsaf.apieproject.com\/news\/fr\/2024\/12\/23\/retrait-de-larmee-francaise-du-tchad\/\",\"url\":\"https:\/\/appsaf.apieproject.com\/news\/fr\/2024\/12\/23\/retrait-de-larmee-francaise-du-tchad\/\",\"name\":\"Retrait De L'Arm\u00e9e Fran\u00e7aise Du Tchad - APIE NEWS\",\"isPartOf\":{\"@id\":\"https:\/\/appsaf.apieproject.com\/news\/#website\"},\"primaryImageOfPage\":{\"@id\":\"https:\/\/appsaf.apieproject.com\/news\/fr\/2024\/12\/23\/retrait-de-larmee-francaise-du-tchad\/#primaryimage\"},\"image\":{\"@id\":\"https:\/\/appsaf.apieproject.com\/news\/fr\/2024\/12\/23\/retrait-de-larmee-francaise-du-tchad\/#primaryimage\"},\"thumbnailUrl\":\"https:\/\/appsaf.apieproject.com\/news\/wp-content\/uploads\/sites\/29\/2024\/12\/france-tchad.jpg\",\"datePublished\":\"2024-12-23T03:51:50+00:00\",\"dateModified\":\"2024-12-23T03:51:51+00:00\",\"breadcrumb\":{\"@id\":\"https:\/\/appsaf.apieproject.com\/news\/fr\/2024\/12\/23\/retrait-de-larmee-francaise-du-tchad\/#breadcrumb\"},\"inLanguage\":\"fr-FR\",\"potentialAction\":[{\"@type\":\"ReadAction\",\"target\":[\"https:\/\/appsaf.apieproject.com\/news\/fr\/2024\/12\/23\/retrait-de-larmee-francaise-du-tchad\/\"]}]},{\"@type\":\"ImageObject\",\"inLanguage\":\"fr-FR\",\"@id\":\"https:\/\/appsaf.apieproject.com\/news\/fr\/2024\/12\/23\/retrait-de-larmee-francaise-du-tchad\/#primaryimage\",\"url\":\"https:\/\/appsaf.apieproject.com\/news\/wp-content\/uploads\/sites\/29\/2024\/12\/france-tchad.jpg\",\"contentUrl\":\"https:\/\/appsaf.apieproject.com\/news\/wp-content\/uploads\/sites\/29\/2024\/12\/france-tchad.jpg\",\"width\":960,\"height\":465},{\"@type\":\"BreadcrumbList\",\"@id\":\"https:\/\/appsaf.apieproject.com\/news\/fr\/2024\/12\/23\/retrait-de-larmee-francaise-du-tchad\/#breadcrumb\",\"itemListElement\":[{\"@type\":\"ListItem\",\"position\":1,\"name\":\"Home\",\"item\":\"https:\/\/appsaf.apieproject.com\/news\/fr\/home\/\"},{\"@type\":\"ListItem\",\"position\":2,\"name\":\"Retrait De L&#8217;Arm\u00e9e Fran\u00e7aise Du Tchad\"}]},{\"@type\":\"WebSite\",\"@id\":\"https:\/\/appsaf.apieproject.com\/news\/#website\",\"url\":\"https:\/\/appsaf.apieproject.com\/news\/\",\"name\":\"APIE NEWS\",\"description\":\"PANAFRICANISM NEWS PORTAL\",\"publisher\":{\"@id\":\"https:\/\/appsaf.apieproject.com\/news\/#organization\"},\"potentialAction\":[{\"@type\":\"SearchAction\",\"target\":{\"@type\":\"EntryPoint\",\"urlTemplate\":\"https:\/\/appsaf.apieproject.com\/news\/?s={search_term_string}\"},\"query-input\":{\"@type\":\"PropertyValueSpecification\",\"valueRequired\":true,\"valueName\":\"search_term_string\"}}],\"inLanguage\":\"fr-FR\"},{\"@type\":\"Organization\",\"@id\":\"https:\/\/appsaf.apieproject.com\/news\/#organization\",\"name\":\"APIE PROJECT\",\"url\":\"https:\/\/appsaf.apieproject.com\/news\/\",\"logo\":{\"@type\":\"ImageObject\",\"inLanguage\":\"fr-FR\",\"@id\":\"https:\/\/appsaf.apieproject.com\/news\/#\/schema\/logo\/image\/\",\"url\":\"https:\/\/appsaf.apieproject.com\/news\/wp-content\/uploads\/sites\/29\/2022\/07\/logo-R-TransparentBackground.png\",\"contentUrl\":\"https:\/\/appsaf.apieproject.com\/news\/wp-content\/uploads\/sites\/29\/2022\/07\/logo-R-TransparentBackground.png\",\"width\":512,\"height\":512,\"caption\":\"APIE PROJECT\"},\"image\":{\"@id\":\"https:\/\/appsaf.apieproject.com\/news\/#\/schema\/logo\/image\/\"},\"sameAs\":[\"https:\/\/facebook.com\/apieproject\",\"https:\/\/x.com\/apieproject\"]},{\"@type\":\"Person\",\"@id\":\"https:\/\/appsaf.apieproject.com\/news\/#\/schema\/person\/ad5502ca15531a327ebd9865992b8492\",\"name\":\"apieproject\",\"image\":{\"@type\":\"ImageObject\",\"inLanguage\":\"fr-FR\",\"@id\":\"https:\/\/appsaf.apieproject.com\/news\/#\/schema\/person\/image\/\",\"url\":\"https:\/\/secure.gravatar.com\/avatar\/8da820f890920c54e6a9a30087a8b9ec?s=96&d=mm&r=g\",\"contentUrl\":\"https:\/\/secure.gravatar.com\/avatar\/8da820f890920c54e6a9a30087a8b9ec?s=96&d=mm&r=g\",\"caption\":\"apieproject\"},\"url\":\"https:\/\/appsaf.apieproject.com\/news\/fr\/author\/apieproject\/\"}]}<\/script>\n<!-- \/ Yoast SEO plugin. -->","yoast_head_json":{"title":"Retrait De L'Arm\u00e9e Fran\u00e7aise Du Tchad - APIE NEWS","robots":{"index":"index","follow":"follow","max-snippet":"max-snippet:-1","max-image-preview":"max-image-preview:large","max-video-preview":"max-video-preview:-1"},"canonical":"https:\/\/appsaf.apieproject.com\/news\/fr\/2024\/12\/23\/retrait-de-larmee-francaise-du-tchad\/","og_locale":"fr_FR","og_type":"article","og_title":"Retrait De L'Arm\u00e9e Fran\u00e7aise Du Tchad - APIE NEWS","og_description":"Un premier contingent de 120 soldats fran\u00e7ais a quitt\u00e9 le Tchad vendredi 20\u00a0d\u00e9cembre, trois semaines apr\u00e8s l\u2019annonce surprise de la suspension de l\u2019accord militaire entre Paris et N\u2019Djamena, a annonc\u00e9 le minist\u00e8re des arm\u00e9es tchadien. \u00ab\u00a0Ce midi, 120 soldats fran\u00e7ais ont d\u00e9coll\u00e9 de l\u2019a\u00e9roport militaire de N\u2019Djamena \u00e0 bord d\u2019un Airbus A330 Ph\u00e9nix MRTT, \u00e0 [&hellip;]","og_url":"https:\/\/appsaf.apieproject.com\/news\/fr\/2024\/12\/23\/retrait-de-larmee-francaise-du-tchad\/","og_site_name":"APIE NEWS","article_publisher":"https:\/\/facebook.com\/apieproject","article_published_time":"2024-12-23T03:51:50+00:00","article_modified_time":"2024-12-23T03:51:51+00:00","og_image":[{"width":960,"height":465,"url":"https:\/\/appsaf.apieproject.com\/news\/wp-content\/uploads\/sites\/29\/2024\/12\/france-tchad.jpg","type":"image\/jpeg"}],"author":"apieproject","twitter_card":"summary_large_image","twitter_creator":"@apieproject","twitter_site":"@apieproject","twitter_misc":{"\u00c9crit par":"apieproject","Dur\u00e9e de lecture estim\u00e9e":"3 minutes"},"schema":{"@context":"https:\/\/schema.org","@graph":[{"@type":"Article","@id":"https:\/\/appsaf.apieproject.com\/news\/fr\/2024\/12\/23\/retrait-de-larmee-francaise-du-tchad\/#article","isPartOf":{"@id":"https:\/\/appsaf.apieproject.com\/news\/fr\/2024\/12\/23\/retrait-de-larmee-francaise-du-tchad\/"},"author":{"name":"apieproject","@id":"https:\/\/appsaf.apieproject.com\/news\/#\/schema\/person\/ad5502ca15531a327ebd9865992b8492"},"headline":"Retrait De L&rsquo;Arm\u00e9e Fran\u00e7aise Du Tchad","datePublished":"2024-12-23T03:51:50+00:00","dateModified":"2024-12-23T03:51:51+00:00","mainEntityOfPage":{"@id":"https:\/\/appsaf.apieproject.com\/news\/fr\/2024\/12\/23\/retrait-de-larmee-francaise-du-tchad\/"},"wordCount":583,"commentCount":0,"publisher":{"@id":"https:\/\/appsaf.apieproject.com\/news\/#organization"},"image":{"@id":"https:\/\/appsaf.apieproject.com\/news\/fr\/2024\/12\/23\/retrait-de-larmee-francaise-du-tchad\/#primaryimage"},"thumbnailUrl":"https:\/\/appsaf.apieproject.com\/news\/wp-content\/uploads\/sites\/29\/2024\/12\/france-tchad.jpg","keywords":["apie project","Histoire","politique"],"articleSection":["Histoire","Politique","Sp\u00e9ciaux"],"inLanguage":"fr-FR","potentialAction":[{"@type":"CommentAction","name":"Comment","target":["https:\/\/appsaf.apieproject.com\/news\/fr\/2024\/12\/23\/retrait-de-larmee-francaise-du-tchad\/#respond"]}]},{"@type":"WebPage","@id":"https:\/\/appsaf.apieproject.com\/news\/fr\/2024\/12\/23\/retrait-de-larmee-francaise-du-tchad\/","url":"https:\/\/appsaf.apieproject.com\/news\/fr\/2024\/12\/23\/retrait-de-larmee-francaise-du-tchad\/","name":"Retrait De L'Arm\u00e9e Fran\u00e7aise Du Tchad - APIE NEWS","isPartOf":{"@id":"https:\/\/appsaf.apieproject.com\/news\/#website"},"primaryImageOfPage":{"@id":"https:\/\/appsaf.apieproject.com\/news\/fr\/2024\/12\/23\/retrait-de-larmee-francaise-du-tchad\/#primaryimage"},"image":{"@id":"https:\/\/appsaf.apieproject.com\/news\/fr\/2024\/12\/23\/retrait-de-larmee-francaise-du-tchad\/#primaryimage"},"thumbnailUrl":"https:\/\/appsaf.apieproject.com\/news\/wp-content\/uploads\/sites\/29\/2024\/12\/france-tchad.jpg","datePublished":"2024-12-23T03:51:50+00:00","dateModified":"2024-12-23T03:51:51+00:00","breadcrumb":{"@id":"https:\/\/appsaf.apieproject.com\/news\/fr\/2024\/12\/23\/retrait-de-larmee-francaise-du-tchad\/#breadcrumb"},"inLanguage":"fr-FR","potentialAction":[{"@type":"ReadAction","target":["https:\/\/appsaf.apieproject.com\/news\/fr\/2024\/12\/23\/retrait-de-larmee-francaise-du-tchad\/"]}]},{"@type":"ImageObject","inLanguage":"fr-FR","@id":"https:\/\/appsaf.apieproject.com\/news\/fr\/2024\/12\/23\/retrait-de-larmee-francaise-du-tchad\/#primaryimage","url":"https:\/\/appsaf.apieproject.com\/news\/wp-content\/uploads\/sites\/29\/2024\/12\/france-tchad.jpg","contentUrl":"https:\/\/appsaf.apieproject.com\/news\/wp-content\/uploads\/sites\/29\/2024\/12\/france-tchad.jpg","width":960,"height":465},{"@type":"BreadcrumbList","@id":"https:\/\/appsaf.apieproject.com\/news\/fr\/2024\/12\/23\/retrait-de-larmee-francaise-du-tchad\/#breadcrumb","itemListElement":[{"@type":"ListItem","position":1,"name":"Home","item":"https:\/\/appsaf.apieproject.com\/news\/fr\/home\/"},{"@type":"ListItem","position":2,"name":"Retrait De L&#8217;Arm\u00e9e Fran\u00e7aise Du Tchad"}]},{"@type":"WebSite","@id":"https:\/\/appsaf.apieproject.com\/news\/#website","url":"https:\/\/appsaf.apieproject.com\/news\/","name":"APIE NEWS","description":"PANAFRICANISM NEWS PORTAL","publisher":{"@id":"https:\/\/appsaf.apieproject.com\/news\/#organization"},"potentialAction":[{"@type":"SearchAction","target":{"@type":"EntryPoint","urlTemplate":"https:\/\/appsaf.apieproject.com\/news\/?s={search_term_string}"},"query-input":{"@type":"PropertyValueSpecification","valueRequired":true,"valueName":"search_term_string"}}],"inLanguage":"fr-FR"},{"@type":"Organization","@id":"https:\/\/appsaf.apieproject.com\/news\/#organization","name":"APIE PROJECT","url":"https:\/\/appsaf.apieproject.com\/news\/","logo":{"@type":"ImageObject","inLanguage":"fr-FR","@id":"https:\/\/appsaf.apieproject.com\/news\/#\/schema\/logo\/image\/","url":"https:\/\/appsaf.apieproject.com\/news\/wp-content\/uploads\/sites\/29\/2022\/07\/logo-R-TransparentBackground.png","contentUrl":"https:\/\/appsaf.apieproject.com\/news\/wp-content\/uploads\/sites\/29\/2022\/07\/logo-R-TransparentBackground.png","width":512,"height":512,"caption":"APIE PROJECT"},"image":{"@id":"https:\/\/appsaf.apieproject.com\/news\/#\/schema\/logo\/image\/"},"sameAs":["https:\/\/facebook.com\/apieproject","https:\/\/x.com\/apieproject"]},{"@type":"Person","@id":"https:\/\/appsaf.apieproject.com\/news\/#\/schema\/person\/ad5502ca15531a327ebd9865992b8492","name":"apieproject","image":{"@type":"ImageObject","inLanguage":"fr-FR","@id":"https:\/\/appsaf.apieproject.com\/news\/#\/schema\/person\/image\/","url":"https:\/\/secure.gravatar.com\/avatar\/8da820f890920c54e6a9a30087a8b9ec?s=96&d=mm&r=g","contentUrl":"https:\/\/secure.gravatar.com\/avatar\/8da820f890920c54e6a9a30087a8b9ec?s=96&d=mm&r=g","caption":"apieproject"},"url":"https:\/\/appsaf.apieproject.com\/news\/fr\/author\/apieproject\/"}]}},"_links":{"self":[{"href":"https:\/\/appsaf.apieproject.com\/news\/fr\/wp-json\/wp\/v2\/posts\/39954","targetHints":{"allow":["GET"]}}],"collection":[{"href":"https:\/\/appsaf.apieproject.com\/news\/fr\/wp-json\/wp\/v2\/posts"}],"about":[{"href":"https:\/\/appsaf.apieproject.com\/news\/fr\/wp-json\/wp\/v2\/types\/post"}],"author":[{"embeddable":true,"href":"https:\/\/appsaf.apieproject.com\/news\/fr\/wp-json\/wp\/v2\/users\/1"}],"replies":[{"embeddable":true,"href":"https:\/\/appsaf.apieproject.com\/news\/fr\/wp-json\/wp\/v2\/comments?post=39954"}],"version-history":[{"count":1,"href":"https:\/\/appsaf.apieproject.com\/news\/fr\/wp-json\/wp\/v2\/posts\/39954\/revisions"}],"predecessor-version":[{"id":39958,"href":"https:\/\/appsaf.apieproject.com\/news\/fr\/wp-json\/wp\/v2\/posts\/39954\/revisions\/39958"}],"wp:featuredmedia":[{"embeddable":true,"href":"https:\/\/appsaf.apieproject.com\/news\/fr\/wp-json\/wp\/v2\/media\/39955"}],"wp:attachment":[{"href":"https:\/\/appsaf.apieproject.com\/news\/fr\/wp-json\/wp\/v2\/media?parent=39954"}],"wp:term":[{"taxonomy":"category","embeddable":true,"href":"https:\/\/appsaf.apieproject.com\/news\/fr\/wp-json\/wp\/v2\/categories?post=39954"},{"taxonomy":"post_tag","embeddable":true,"href":"https:\/\/appsaf.apieproject.com\/news\/fr\/wp-json\/wp\/v2\/tags?post=39954"}],"curies":[{"name":"wp","href":"https:\/\/api.w.org\/{rel}","templated":true}]}}