{"id":40106,"date":"2025-01-27T04:40:59","date_gmt":"2025-01-27T04:40:59","guid":{"rendered":"https:\/\/appsaf.apieproject.com\/news\/?p=40106"},"modified":"2025-02-03T00:21:38","modified_gmt":"2025-02-03T00:21:38","slug":"prelat-camerounais-on-ne-va-pas-souffrir-plus-que-ca","status":"publish","type":"post","link":"https:\/\/appsaf.apieproject.com\/news\/fr\/2025\/01\/27\/prelat-camerounais-on-ne-va-pas-souffrir-plus-que-ca\/","title":{"rendered":"Pr\u00e9lat Camerounais: On ne va pas souffrir plus que ca"},"content":{"rendered":"\n<p>Lors de leurs hom\u00e9lies \u00e0 l&rsquo;occasion de la f\u00eate du nouvel an, plusieurs \u00e9v\u00eaques camerounais ont lanc\u00e9 des piques, critiquant la gouvernance Paul Biya, alors que ce dernier se dit toujours \u00ab d\u00e9termin\u00e9 \u00e0 servir \u00bb le pays.<\/p>\n\n\n\n<p>Fin d&rsquo;hom\u00e9lie tonitruante le 1er janvier 2025 \u00e0 la cath\u00e9drale de Yagoua, dans la r\u00e9gion de l&rsquo;extr\u00eame nord du Cameroun. L&rsquo;\u00e9v\u00eaque Barth\u00e9lemy Yaouda Hourgo coiff\u00e9e de sa mitre beige, pavois\u00e9e de d\u00e9corations rouges a la mine agit\u00e9e lorsqu&rsquo;il se l\u00e2che :<\/p>\n\n\n\n<p>\u00ab On ne va pas souffrir plus que \u00e7a encore. On a d\u00e9j\u00e0 souffert. Le pire ne viendra pas. M\u00eame le diable qu&rsquo;il prenne d&rsquo;abord le pouvoir au Cameroun, et on verra apr\u00e8s. \u00bb<\/p>\n\n\n\n<p>\u00c0 peine cette d\u00e9claration devant ses ouailles finie, l&rsquo;homme de Dieu ramasse ses papiers pos\u00e9s sur la chaire (table d\u00e9di\u00e9e \u00e0 l&rsquo;hom\u00e9lie), commence \u00e0 tourner le dos au public, avant de prononcer le traditionnel \u00ab amen \u00bb, qui vient clore l&rsquo;hom\u00e9lie.<\/p>\n\n\n\n<p>Cette fin de prise de parole est fortement acclam\u00e9e par l&rsquo;assistance. L&rsquo;extrait de cette \u00ab exhortation \u00bb de l&rsquo;\u00e9v\u00eaque de Yagoua est devenu viral ce 2 janvier sur les r\u00e9seaux sociaux au Cameroun.<\/p>\n\n\n\n<p>Tout comme celle de l&rsquo;\u00e9v\u00eaque de Ngaound\u00e9r\u00e9, chef-lieu de la r\u00e9gion de l&rsquo;Adamaoua. Mgr Emmanuel Abbo a pr\u00e9f\u00e9r\u00e9 se pencher sur \u00ab la souffrance qu&rsquo;endurent les Camerounais \u00bb.<\/p>\n\n\n\n<p>\u00ab Qu&rsquo;est-ce que les Camerounais n&rsquo;ont pas encore endur\u00e9 ? Comment est-il possible que le mal-\u00eatre des Camerounais ne pousse pas les responsables de ce pays \u00e0 mettre fin aux trop nombreuses souffrances ?&nbsp;\u00bb s&rsquo;interroge le pr\u00e9lat.<\/p>\n\n\n\n<p>Avant de poursuivre \u00ab&nbsp;La plus grande des souffrances est qu&rsquo;on interdit aux Camerounais d&rsquo;exprimer leurs souffrances en promettant que l&rsquo;\u00c9tat est un rouleau compresseur, un Moulinex qui r\u00e9duit en p\u00e2te tout Camerounais qui osera exprimer sa souffrance. Qui va-t-on gouverner quand on aura broy\u00e9 tous les Camerounais ?&nbsp;\u00bb<\/p>\n\n\n\n<p>Dans cette hom\u00e9lie retransmise dans une t\u00e9l\u00e9vision locale, l&rsquo;\u00e9v\u00eaque conclut \u00ab&nbsp;On demande aux Camerounais d&rsquo;\u00e9viter les discours de haine, mais du haut nous arrivent des paroles de violence. \u00bb<\/p>\n\n\n\n<p>Le Cameroun tiendra une pr\u00e9sidentielle en octobre 2025. Paul Biya, 92 ans, dont 42 au pouvoir, n&rsquo;a pas encore dit s&rsquo;il sera candidat ou pas.<\/p>\n\n\n\n<p>Cela repr\u00e9sente l&rsquo;un des d\u00e9fis majeurs de l&rsquo;ann\u00e9e, selon Mgr Jean Mbarga, archev\u00eaque de Yaound\u00e9, qui, dans son hom\u00e9lie, a appel\u00e9 l&rsquo;\u00c9tat \u00e0 \u00ab tout faire pour que la voix des Camerounais soit entendue \u00bb.<\/p>\n\n\n\n<p>C&rsquo;est de Douala, la capitale \u00e9conomique et plus grande ville du pays, qu&rsquo;est parti ce d\u00e9chainement. Dans un m\u00e9dia fran\u00e7ais la semaine derni\u00e8re, Samuel Kl\u00e9da, l&rsquo;archev\u00eaque et ancien pr\u00e9sident de la Conf\u00e9rence \u00e9piscopale nationale, n&rsquo;a pas m\u00e2cher ses mots, pour appeler le pr\u00e9sident camerounais \u00e0 quitter le pouvoir cette ann\u00e9e.<\/p>\n\n\n\n<p>\u00ab Ce que je veux pour mon pays (c&rsquo;est NDLR) : une transition pacifique. \u00bb Commentant l&rsquo;\u00e2ge du dirigeant camerounais, Samuel Kleda d\u00e9clare : \u00ab Nous sommes des \u00eatres humains. \u00c0 un moment donn\u00e9, nous quittons ce monde, nous ne pouvons pas faire de miracle. \u00bb<\/p>\n\n\n\n<p>Ajoutant qu&rsquo;une candidature de Paul Biya \u00ab&nbsp;n&rsquo;est pas r\u00e9aliste&nbsp;\u00bb.<\/p>\n\n\n\n<p>Une sortie qui a fait des vagues au sein de l&rsquo;opinion, poussant un proche du parti au pouvoir \u00e0 d\u00e9clarer sous anonymat que \u00ab Mgr Kleda est en train de reprendre le jeu de feu Christian Tumi \u00bb, du nom de l&rsquo;unique cardinal du pays, connu pour ses positions dures contre le r\u00e9gime de Yaound\u00e9, qui est d\u00e9c\u00e9d\u00e9 en 2021.<\/p>\n\n\n\n<p>Nos efforts pour recueillir une r\u00e9action officielle du RDPC, le parti au pouvoir sur ces sorties des \u00e9v\u00eaques camerounais, sont rest\u00e9s vains.<\/p>\n\n\n\n<p>Mais le dirigeant camerounais, lui, semble creuser son sillon en amont des \u00e9lections d&rsquo;octobre prochain. Bien qu&rsquo;il n&rsquo;ait pas encore donn\u00e9 sa position pour cette \u00e9ch\u00e9ance \u00e9lectorale, Paul Biya ne semble pas moins ambitieux.<\/p>\n\n\n\n<p>Lors de son discours \u00e0 la nation le 31 d\u00e9cembre, le dirigeant camerounais a remerci\u00e9 ses compatriotes pour le \u00ab soutien massif \u00bb qu&rsquo;ils n&rsquo;ont \u00abcess\u00e9 \u00bb de lui \u00abapporter pendant toutes ces ann\u00e9es \u00bb, et affirm\u00e9 que sa \u00ab d\u00e9termination \u00e0 servir reste intacte et se renforce au quotidien \u00bb.<\/p>\n\n\n\n<p>Il a qualifi\u00e9 2025 comme une ann\u00e9e pleine de d\u00e9fis avant de se montrer optimiste. \u00ab Oui, mes chers compatriotes, nous saurons, ensemble, comme par le pass\u00e9, transformer ces d\u00e9fis en opportunit\u00e9s. Et nous continuerons, ensemble, notre marche d\u00e9termin\u00e9e vers le progr\u00e8s, dans la s\u00e9curit\u00e9 et la paix. \u00bb<\/p>\n\n\n\n<p>Thomas Atenga, professeur de communication \u00e0 l&rsquo;Universit\u00e9 de Douala, estime que la position de certains membres du clerg\u00e9 catholique camerounais, est r\u00e9v\u00e9latrice de la fragmentation de \u00ab ce qu&rsquo;on peut appeler le pays r\u00e9el dont les \u00e9v\u00eaques se revendiquent d&rsquo;\u00eatre proches et au contact des souffrances quotidiennes des Camerounais, de leurs pr\u00e9occupations, de leur souffrance ; et de l&rsquo;autre c\u00f4t\u00e9, la classe politique qui est coup\u00e9e des r\u00e9alit\u00e9s des Camerounais \u00bb.<\/p>\n\n\n\n<p>Pour lui, l&rsquo;\u00e9glise Catholique en tant qu&rsquo;institution forte, \u00ab n&rsquo;a pas d&rsquo;autre choix dans le temps o\u00f9 nous nous trouvons que de porter ce message de lib\u00e9ration et de libert\u00e9. Parce qu&rsquo;au bout de 42 ans de pouvoir, il est quand m\u00eame temps que les Camerounais connaissent d&rsquo;autres formes d&rsquo;espoir, de gouvernement qui leur permettent de penser que le monde est autrement que celui qu&rsquo;ils connaissent depuis ces ann\u00e9es. \u00bb<\/p>\n\n\n\n<p>Il conseille tout de m\u00eame de temp\u00e9rer. Estimant qu&rsquo;il ne s&rsquo;agit pas d&rsquo;une position officielle de l&rsquo;\u00c9glise catholique camerounaise, mais celle d&rsquo;une partie du clerg\u00e9.<\/p>\n\n\n\n<p>L&rsquo;enseignant estime \u00e9galement que cette situation est \u00ab tout simplement r\u00e9v\u00e9latrice du fait \u00ab qu&rsquo;au sein m\u00eame de cette \u00e9glise comme institution, il y a des lignes de fragmentation aujourd&rsquo;hui qui sont claires entre ceux qui ont choisi d&rsquo;\u00eatre ouvertement la voix des sans voix, la voix du peuple silencieux, et ceux qui continuent \u00e0 \u00eatre avec le pouvoir, dans une forme de compromission qui est en contradiction avec les valeurs \u00e9vang\u00e9liques, \u00e0 savoir lib\u00e9rer l&rsquo;homme, \u00eatre du c\u00f4t\u00e9 des opprim\u00e9s, du c\u00f4t\u00e9 des pauvres, de la veuve, de l&rsquo;orphelin \u00bb.<\/p>\n","protected":false},"excerpt":{"rendered":"<p>Lors de leurs hom\u00e9lies \u00e0 l&rsquo;occasion de la f\u00eate du nouvel an, plusieurs \u00e9v\u00eaques camerounais ont lanc\u00e9 des piques, critiquant la gouvernance Paul Biya, alors que ce dernier se dit toujours \u00ab d\u00e9termin\u00e9 \u00e0 servir \u00bb le pays. Fin d&rsquo;hom\u00e9lie tonitruante le 1er janvier 2025 \u00e0 la cath\u00e9drale de Yagoua, dans la r\u00e9gion de l&rsquo;extr\u00eame [&hellip;]<\/p>\n","protected":false},"author":1,"featured_media":40107,"comment_status":"open","ping_status":"open","sticky":false,"template":"","format":"standard","meta":{"footnotes":""},"categories":[67,69],"tags":[],"class_list":{"0":"post-40106","1":"post","2":"type-post","3":"status-publish","4":"format-standard","5":"has-post-thumbnail","7":"category-actualites","8":"category-politique"},"yoast_head":"<!-- This site is optimized with the Yoast SEO plugin v24.4 - https:\/\/yoast.com\/wordpress\/plugins\/seo\/ -->\n<title>Pr\u00e9lat Camerounais: On ne va pas souffrir plus que ca - APIE NEWS<\/title>\n<meta name=\"robots\" content=\"index, follow, max-snippet:-1, max-image-preview:large, max-video-preview:-1\" \/>\n<link rel=\"canonical\" href=\"https:\/\/appsaf.apieproject.com\/news\/fr\/2025\/01\/27\/prelat-camerounais-on-ne-va-pas-souffrir-plus-que-ca\/\" \/>\n<meta property=\"og:locale\" content=\"fr_FR\" \/>\n<meta property=\"og:type\" content=\"article\" \/>\n<meta property=\"og:title\" content=\"Pr\u00e9lat Camerounais: On ne va pas souffrir plus que ca - APIE NEWS\" \/>\n<meta property=\"og:description\" content=\"Lors de leurs hom\u00e9lies \u00e0 l&rsquo;occasion de la f\u00eate du nouvel an, plusieurs \u00e9v\u00eaques camerounais ont lanc\u00e9 des piques, critiquant la gouvernance Paul Biya, alors que ce dernier se dit toujours \u00ab d\u00e9termin\u00e9 \u00e0 servir \u00bb le pays. Fin d&rsquo;hom\u00e9lie tonitruante le 1er janvier 2025 \u00e0 la cath\u00e9drale de Yagoua, dans la r\u00e9gion de l&rsquo;extr\u00eame [&hellip;]\" \/>\n<meta property=\"og:url\" content=\"https:\/\/appsaf.apieproject.com\/news\/fr\/2025\/01\/27\/prelat-camerounais-on-ne-va-pas-souffrir-plus-que-ca\/\" \/>\n<meta property=\"og:site_name\" content=\"APIE NEWS\" \/>\n<meta property=\"article:publisher\" content=\"https:\/\/facebook.com\/apieproject\" \/>\n<meta property=\"article:published_time\" content=\"2025-01-27T04:40:59+00:00\" \/>\n<meta property=\"article:modified_time\" content=\"2025-02-03T00:21:38+00:00\" \/>\n<meta property=\"og:image\" content=\"https:\/\/appsaf.apieproject.com\/news\/wp-content\/uploads\/sites\/29\/2025\/01\/kleda.jpg\" \/>\n\t<meta property=\"og:image:width\" content=\"727\" \/>\n\t<meta property=\"og:image:height\" content=\"410\" \/>\n\t<meta property=\"og:image:type\" content=\"image\/jpeg\" \/>\n<meta name=\"author\" content=\"apieproject\" \/>\n<meta name=\"twitter:card\" content=\"summary_large_image\" \/>\n<meta name=\"twitter:creator\" content=\"@apieproject\" \/>\n<meta name=\"twitter:site\" content=\"@apieproject\" \/>\n<meta name=\"twitter:label1\" content=\"\u00c9crit par\" \/>\n\t<meta name=\"twitter:data1\" content=\"apieproject\" \/>\n\t<meta name=\"twitter:label2\" content=\"Dur\u00e9e de lecture estim\u00e9e\" \/>\n\t<meta name=\"twitter:data2\" content=\"5 minutes\" \/>\n<script type=\"application\/ld+json\" class=\"yoast-schema-graph\">{\"@context\":\"https:\/\/schema.org\",\"@graph\":[{\"@type\":\"Article\",\"@id\":\"https:\/\/appsaf.apieproject.com\/news\/fr\/2025\/01\/27\/prelat-camerounais-on-ne-va-pas-souffrir-plus-que-ca\/#article\",\"isPartOf\":{\"@id\":\"https:\/\/appsaf.apieproject.com\/news\/fr\/2025\/01\/27\/prelat-camerounais-on-ne-va-pas-souffrir-plus-que-ca\/\"},\"author\":{\"name\":\"apieproject\",\"@id\":\"https:\/\/appsaf.apieproject.com\/news\/#\/schema\/person\/ad5502ca15531a327ebd9865992b8492\"},\"headline\":\"Pr\u00e9lat Camerounais: On ne va pas souffrir plus que ca\",\"datePublished\":\"2025-01-27T04:40:59+00:00\",\"dateModified\":\"2025-02-03T00:21:38+00:00\",\"mainEntityOfPage\":{\"@id\":\"https:\/\/appsaf.apieproject.com\/news\/fr\/2025\/01\/27\/prelat-camerounais-on-ne-va-pas-souffrir-plus-que-ca\/\"},\"wordCount\":1084,\"commentCount\":0,\"publisher\":{\"@id\":\"https:\/\/appsaf.apieproject.com\/news\/#organization\"},\"image\":{\"@id\":\"https:\/\/appsaf.apieproject.com\/news\/fr\/2025\/01\/27\/prelat-camerounais-on-ne-va-pas-souffrir-plus-que-ca\/#primaryimage\"},\"thumbnailUrl\":\"https:\/\/appsaf.apieproject.com\/news\/wp-content\/uploads\/sites\/29\/2025\/01\/kleda.jpg\",\"articleSection\":[\"Actualit\u00e9s\",\"Politique\"],\"inLanguage\":\"fr-FR\",\"potentialAction\":[{\"@type\":\"CommentAction\",\"name\":\"Comment\",\"target\":[\"https:\/\/appsaf.apieproject.com\/news\/fr\/2025\/01\/27\/prelat-camerounais-on-ne-va-pas-souffrir-plus-que-ca\/#respond\"]}]},{\"@type\":\"WebPage\",\"@id\":\"https:\/\/appsaf.apieproject.com\/news\/fr\/2025\/01\/27\/prelat-camerounais-on-ne-va-pas-souffrir-plus-que-ca\/\",\"url\":\"https:\/\/appsaf.apieproject.com\/news\/fr\/2025\/01\/27\/prelat-camerounais-on-ne-va-pas-souffrir-plus-que-ca\/\",\"name\":\"Pr\u00e9lat Camerounais: On ne va pas souffrir plus que ca - APIE NEWS\",\"isPartOf\":{\"@id\":\"https:\/\/appsaf.apieproject.com\/news\/#website\"},\"primaryImageOfPage\":{\"@id\":\"https:\/\/appsaf.apieproject.com\/news\/fr\/2025\/01\/27\/prelat-camerounais-on-ne-va-pas-souffrir-plus-que-ca\/#primaryimage\"},\"image\":{\"@id\":\"https:\/\/appsaf.apieproject.com\/news\/fr\/2025\/01\/27\/prelat-camerounais-on-ne-va-pas-souffrir-plus-que-ca\/#primaryimage\"},\"thumbnailUrl\":\"https:\/\/appsaf.apieproject.com\/news\/wp-content\/uploads\/sites\/29\/2025\/01\/kleda.jpg\",\"datePublished\":\"2025-01-27T04:40:59+00:00\",\"dateModified\":\"2025-02-03T00:21:38+00:00\",\"breadcrumb\":{\"@id\":\"https:\/\/appsaf.apieproject.com\/news\/fr\/2025\/01\/27\/prelat-camerounais-on-ne-va-pas-souffrir-plus-que-ca\/#breadcrumb\"},\"inLanguage\":\"fr-FR\",\"potentialAction\":[{\"@type\":\"ReadAction\",\"target\":[\"https:\/\/appsaf.apieproject.com\/news\/fr\/2025\/01\/27\/prelat-camerounais-on-ne-va-pas-souffrir-plus-que-ca\/\"]}]},{\"@type\":\"ImageObject\",\"inLanguage\":\"fr-FR\",\"@id\":\"https:\/\/appsaf.apieproject.com\/news\/fr\/2025\/01\/27\/prelat-camerounais-on-ne-va-pas-souffrir-plus-que-ca\/#primaryimage\",\"url\":\"https:\/\/appsaf.apieproject.com\/news\/wp-content\/uploads\/sites\/29\/2025\/01\/kleda.jpg\",\"contentUrl\":\"https:\/\/appsaf.apieproject.com\/news\/wp-content\/uploads\/sites\/29\/2025\/01\/kleda.jpg\",\"width\":727,\"height\":410},{\"@type\":\"BreadcrumbList\",\"@id\":\"https:\/\/appsaf.apieproject.com\/news\/fr\/2025\/01\/27\/prelat-camerounais-on-ne-va-pas-souffrir-plus-que-ca\/#breadcrumb\",\"itemListElement\":[{\"@type\":\"ListItem\",\"position\":1,\"name\":\"Home\",\"item\":\"https:\/\/appsaf.apieproject.com\/news\/fr\/home\/\"},{\"@type\":\"ListItem\",\"position\":2,\"name\":\"Pr\u00e9lat Camerounais: On ne va pas souffrir plus que ca\"}]},{\"@type\":\"WebSite\",\"@id\":\"https:\/\/appsaf.apieproject.com\/news\/#website\",\"url\":\"https:\/\/appsaf.apieproject.com\/news\/\",\"name\":\"APIE NEWS\",\"description\":\"PANAFRICANISM NEWS PORTAL\",\"publisher\":{\"@id\":\"https:\/\/appsaf.apieproject.com\/news\/#organization\"},\"potentialAction\":[{\"@type\":\"SearchAction\",\"target\":{\"@type\":\"EntryPoint\",\"urlTemplate\":\"https:\/\/appsaf.apieproject.com\/news\/?s={search_term_string}\"},\"query-input\":{\"@type\":\"PropertyValueSpecification\",\"valueRequired\":true,\"valueName\":\"search_term_string\"}}],\"inLanguage\":\"fr-FR\"},{\"@type\":\"Organization\",\"@id\":\"https:\/\/appsaf.apieproject.com\/news\/#organization\",\"name\":\"APIE PROJECT\",\"url\":\"https:\/\/appsaf.apieproject.com\/news\/\",\"logo\":{\"@type\":\"ImageObject\",\"inLanguage\":\"fr-FR\",\"@id\":\"https:\/\/appsaf.apieproject.com\/news\/#\/schema\/logo\/image\/\",\"url\":\"https:\/\/appsaf.apieproject.com\/news\/wp-content\/uploads\/sites\/29\/2022\/07\/logo-R-TransparentBackground.png\",\"contentUrl\":\"https:\/\/appsaf.apieproject.com\/news\/wp-content\/uploads\/sites\/29\/2022\/07\/logo-R-TransparentBackground.png\",\"width\":512,\"height\":512,\"caption\":\"APIE PROJECT\"},\"image\":{\"@id\":\"https:\/\/appsaf.apieproject.com\/news\/#\/schema\/logo\/image\/\"},\"sameAs\":[\"https:\/\/facebook.com\/apieproject\",\"https:\/\/x.com\/apieproject\"]},{\"@type\":\"Person\",\"@id\":\"https:\/\/appsaf.apieproject.com\/news\/#\/schema\/person\/ad5502ca15531a327ebd9865992b8492\",\"name\":\"apieproject\",\"image\":{\"@type\":\"ImageObject\",\"inLanguage\":\"fr-FR\",\"@id\":\"https:\/\/appsaf.apieproject.com\/news\/#\/schema\/person\/image\/\",\"url\":\"https:\/\/secure.gravatar.com\/avatar\/8da820f890920c54e6a9a30087a8b9ec?s=96&d=mm&r=g\",\"contentUrl\":\"https:\/\/secure.gravatar.com\/avatar\/8da820f890920c54e6a9a30087a8b9ec?s=96&d=mm&r=g\",\"caption\":\"apieproject\"},\"url\":\"https:\/\/appsaf.apieproject.com\/news\/fr\/author\/apieproject\/\"}]}<\/script>\n<!-- \/ Yoast SEO plugin. -->","yoast_head_json":{"title":"Pr\u00e9lat Camerounais: On ne va pas souffrir plus que ca - APIE NEWS","robots":{"index":"index","follow":"follow","max-snippet":"max-snippet:-1","max-image-preview":"max-image-preview:large","max-video-preview":"max-video-preview:-1"},"canonical":"https:\/\/appsaf.apieproject.com\/news\/fr\/2025\/01\/27\/prelat-camerounais-on-ne-va-pas-souffrir-plus-que-ca\/","og_locale":"fr_FR","og_type":"article","og_title":"Pr\u00e9lat Camerounais: On ne va pas souffrir plus que ca - APIE NEWS","og_description":"Lors de leurs hom\u00e9lies \u00e0 l&rsquo;occasion de la f\u00eate du nouvel an, plusieurs \u00e9v\u00eaques camerounais ont lanc\u00e9 des piques, critiquant la gouvernance Paul Biya, alors que ce dernier se dit toujours \u00ab d\u00e9termin\u00e9 \u00e0 servir \u00bb le pays. Fin d&rsquo;hom\u00e9lie tonitruante le 1er janvier 2025 \u00e0 la cath\u00e9drale de Yagoua, dans la r\u00e9gion de l&rsquo;extr\u00eame [&hellip;]","og_url":"https:\/\/appsaf.apieproject.com\/news\/fr\/2025\/01\/27\/prelat-camerounais-on-ne-va-pas-souffrir-plus-que-ca\/","og_site_name":"APIE NEWS","article_publisher":"https:\/\/facebook.com\/apieproject","article_published_time":"2025-01-27T04:40:59+00:00","article_modified_time":"2025-02-03T00:21:38+00:00","og_image":[{"width":727,"height":410,"url":"https:\/\/appsaf.apieproject.com\/news\/wp-content\/uploads\/sites\/29\/2025\/01\/kleda.jpg","type":"image\/jpeg"}],"author":"apieproject","twitter_card":"summary_large_image","twitter_creator":"@apieproject","twitter_site":"@apieproject","twitter_misc":{"\u00c9crit par":"apieproject","Dur\u00e9e de lecture estim\u00e9e":"5 minutes"},"schema":{"@context":"https:\/\/schema.org","@graph":[{"@type":"Article","@id":"https:\/\/appsaf.apieproject.com\/news\/fr\/2025\/01\/27\/prelat-camerounais-on-ne-va-pas-souffrir-plus-que-ca\/#article","isPartOf":{"@id":"https:\/\/appsaf.apieproject.com\/news\/fr\/2025\/01\/27\/prelat-camerounais-on-ne-va-pas-souffrir-plus-que-ca\/"},"author":{"name":"apieproject","@id":"https:\/\/appsaf.apieproject.com\/news\/#\/schema\/person\/ad5502ca15531a327ebd9865992b8492"},"headline":"Pr\u00e9lat Camerounais: On ne va pas souffrir plus que ca","datePublished":"2025-01-27T04:40:59+00:00","dateModified":"2025-02-03T00:21:38+00:00","mainEntityOfPage":{"@id":"https:\/\/appsaf.apieproject.com\/news\/fr\/2025\/01\/27\/prelat-camerounais-on-ne-va-pas-souffrir-plus-que-ca\/"},"wordCount":1084,"commentCount":0,"publisher":{"@id":"https:\/\/appsaf.apieproject.com\/news\/#organization"},"image":{"@id":"https:\/\/appsaf.apieproject.com\/news\/fr\/2025\/01\/27\/prelat-camerounais-on-ne-va-pas-souffrir-plus-que-ca\/#primaryimage"},"thumbnailUrl":"https:\/\/appsaf.apieproject.com\/news\/wp-content\/uploads\/sites\/29\/2025\/01\/kleda.jpg","articleSection":["Actualit\u00e9s","Politique"],"inLanguage":"fr-FR","potentialAction":[{"@type":"CommentAction","name":"Comment","target":["https:\/\/appsaf.apieproject.com\/news\/fr\/2025\/01\/27\/prelat-camerounais-on-ne-va-pas-souffrir-plus-que-ca\/#respond"]}]},{"@type":"WebPage","@id":"https:\/\/appsaf.apieproject.com\/news\/fr\/2025\/01\/27\/prelat-camerounais-on-ne-va-pas-souffrir-plus-que-ca\/","url":"https:\/\/appsaf.apieproject.com\/news\/fr\/2025\/01\/27\/prelat-camerounais-on-ne-va-pas-souffrir-plus-que-ca\/","name":"Pr\u00e9lat Camerounais: On ne va pas souffrir plus que ca - APIE NEWS","isPartOf":{"@id":"https:\/\/appsaf.apieproject.com\/news\/#website"},"primaryImageOfPage":{"@id":"https:\/\/appsaf.apieproject.com\/news\/fr\/2025\/01\/27\/prelat-camerounais-on-ne-va-pas-souffrir-plus-que-ca\/#primaryimage"},"image":{"@id":"https:\/\/appsaf.apieproject.com\/news\/fr\/2025\/01\/27\/prelat-camerounais-on-ne-va-pas-souffrir-plus-que-ca\/#primaryimage"},"thumbnailUrl":"https:\/\/appsaf.apieproject.com\/news\/wp-content\/uploads\/sites\/29\/2025\/01\/kleda.jpg","datePublished":"2025-01-27T04:40:59+00:00","dateModified":"2025-02-03T00:21:38+00:00","breadcrumb":{"@id":"https:\/\/appsaf.apieproject.com\/news\/fr\/2025\/01\/27\/prelat-camerounais-on-ne-va-pas-souffrir-plus-que-ca\/#breadcrumb"},"inLanguage":"fr-FR","potentialAction":[{"@type":"ReadAction","target":["https:\/\/appsaf.apieproject.com\/news\/fr\/2025\/01\/27\/prelat-camerounais-on-ne-va-pas-souffrir-plus-que-ca\/"]}]},{"@type":"ImageObject","inLanguage":"fr-FR","@id":"https:\/\/appsaf.apieproject.com\/news\/fr\/2025\/01\/27\/prelat-camerounais-on-ne-va-pas-souffrir-plus-que-ca\/#primaryimage","url":"https:\/\/appsaf.apieproject.com\/news\/wp-content\/uploads\/sites\/29\/2025\/01\/kleda.jpg","contentUrl":"https:\/\/appsaf.apieproject.com\/news\/wp-content\/uploads\/sites\/29\/2025\/01\/kleda.jpg","width":727,"height":410},{"@type":"BreadcrumbList","@id":"https:\/\/appsaf.apieproject.com\/news\/fr\/2025\/01\/27\/prelat-camerounais-on-ne-va-pas-souffrir-plus-que-ca\/#breadcrumb","itemListElement":[{"@type":"ListItem","position":1,"name":"Home","item":"https:\/\/appsaf.apieproject.com\/news\/fr\/home\/"},{"@type":"ListItem","position":2,"name":"Pr\u00e9lat Camerounais: On ne va pas souffrir plus que ca"}]},{"@type":"WebSite","@id":"https:\/\/appsaf.apieproject.com\/news\/#website","url":"https:\/\/appsaf.apieproject.com\/news\/","name":"APIE NEWS","description":"PANAFRICANISM NEWS PORTAL","publisher":{"@id":"https:\/\/appsaf.apieproject.com\/news\/#organization"},"potentialAction":[{"@type":"SearchAction","target":{"@type":"EntryPoint","urlTemplate":"https:\/\/appsaf.apieproject.com\/news\/?s={search_term_string}"},"query-input":{"@type":"PropertyValueSpecification","valueRequired":true,"valueName":"search_term_string"}}],"inLanguage":"fr-FR"},{"@type":"Organization","@id":"https:\/\/appsaf.apieproject.com\/news\/#organization","name":"APIE PROJECT","url":"https:\/\/appsaf.apieproject.com\/news\/","logo":{"@type":"ImageObject","inLanguage":"fr-FR","@id":"https:\/\/appsaf.apieproject.com\/news\/#\/schema\/logo\/image\/","url":"https:\/\/appsaf.apieproject.com\/news\/wp-content\/uploads\/sites\/29\/2022\/07\/logo-R-TransparentBackground.png","contentUrl":"https:\/\/appsaf.apieproject.com\/news\/wp-content\/uploads\/sites\/29\/2022\/07\/logo-R-TransparentBackground.png","width":512,"height":512,"caption":"APIE PROJECT"},"image":{"@id":"https:\/\/appsaf.apieproject.com\/news\/#\/schema\/logo\/image\/"},"sameAs":["https:\/\/facebook.com\/apieproject","https:\/\/x.com\/apieproject"]},{"@type":"Person","@id":"https:\/\/appsaf.apieproject.com\/news\/#\/schema\/person\/ad5502ca15531a327ebd9865992b8492","name":"apieproject","image":{"@type":"ImageObject","inLanguage":"fr-FR","@id":"https:\/\/appsaf.apieproject.com\/news\/#\/schema\/person\/image\/","url":"https:\/\/secure.gravatar.com\/avatar\/8da820f890920c54e6a9a30087a8b9ec?s=96&d=mm&r=g","contentUrl":"https:\/\/secure.gravatar.com\/avatar\/8da820f890920c54e6a9a30087a8b9ec?s=96&d=mm&r=g","caption":"apieproject"},"url":"https:\/\/appsaf.apieproject.com\/news\/fr\/author\/apieproject\/"}]}},"_links":{"self":[{"href":"https:\/\/appsaf.apieproject.com\/news\/fr\/wp-json\/wp\/v2\/posts\/40106","targetHints":{"allow":["GET"]}}],"collection":[{"href":"https:\/\/appsaf.apieproject.com\/news\/fr\/wp-json\/wp\/v2\/posts"}],"about":[{"href":"https:\/\/appsaf.apieproject.com\/news\/fr\/wp-json\/wp\/v2\/types\/post"}],"author":[{"embeddable":true,"href":"https:\/\/appsaf.apieproject.com\/news\/fr\/wp-json\/wp\/v2\/users\/1"}],"replies":[{"embeddable":true,"href":"https:\/\/appsaf.apieproject.com\/news\/fr\/wp-json\/wp\/v2\/comments?post=40106"}],"version-history":[{"count":1,"href":"https:\/\/appsaf.apieproject.com\/news\/fr\/wp-json\/wp\/v2\/posts\/40106\/revisions"}],"predecessor-version":[{"id":40110,"href":"https:\/\/appsaf.apieproject.com\/news\/fr\/wp-json\/wp\/v2\/posts\/40106\/revisions\/40110"}],"wp:featuredmedia":[{"embeddable":true,"href":"https:\/\/appsaf.apieproject.com\/news\/fr\/wp-json\/wp\/v2\/media\/40107"}],"wp:attachment":[{"href":"https:\/\/appsaf.apieproject.com\/news\/fr\/wp-json\/wp\/v2\/media?parent=40106"}],"wp:term":[{"taxonomy":"category","embeddable":true,"href":"https:\/\/appsaf.apieproject.com\/news\/fr\/wp-json\/wp\/v2\/categories?post=40106"},{"taxonomy":"post_tag","embeddable":true,"href":"https:\/\/appsaf.apieproject.com\/news\/fr\/wp-json\/wp\/v2\/tags?post=40106"}],"curies":[{"name":"wp","href":"https:\/\/api.w.org\/{rel}","templated":true}]}}