{"id":40225,"date":"2025-03-03T05:15:20","date_gmt":"2025-03-03T05:15:20","guid":{"rendered":"https:\/\/appsaf.apieproject.com\/news\/?p=40225"},"modified":"2025-03-17T02:30:27","modified_gmt":"2025-03-17T02:30:27","slug":"france-et-lalgerie-la-tension-monte-sur-les-accords-migratoires","status":"publish","type":"post","link":"https:\/\/appsaf.apieproject.com\/news\/fr\/2025\/03\/03\/france-et-lalgerie-la-tension-monte-sur-les-accords-migratoires\/","title":{"rendered":"France et l\u2019Alg\u00e9rie: La Tension Monte Sur Les Accords Migratoires"},"content":{"rendered":"\n<p>Le Premier ministre, Fran\u00e7ois Bayrou, a ouvert la r\u00e9examen de cet accord bilat\u00e9ral qui r\u00e9git les conditions d&rsquo;immigration des Alg\u00e9riens en France.<\/p>\n\n\n\n<p>C&rsquo;est un texte juridique qui se retrouve au c\u0153ur du d\u00e9bat politique fran\u00e7ais et qui cristallise\u00a0les tensions diplomatiques in\u00e9dites entre Paris et Alger. Lors d&rsquo;une conf\u00e9rence de presse tenue mercredi 26 f\u00e9vrier, le Premier ministre, Fran\u00e7ois Bayrou, a annonc\u00e9 que la France allait demander \u00e0 l&rsquo;Alg\u00e9rie\u00a0de\u00a0<em>\u00ab\u00a0r\u00e9examiner\u00a0\u00bb\u00a0<\/em>l&rsquo;accord de 1968 entre les deux pays.\u00a0Paris va notamment fournir \u00e0 Alger une\u00a0<em>\u00ab\u00a0liste d&rsquo;urgence\u00a0\u00bb\u00a0<\/em>de personnes consid\u00e9r\u00e9es comme\u00a0<em>\u00ab\u00a0sensibles\u00a0\u00bb<\/em>\u00a0et que le gouvernement fran\u00e7ais veut voir reprises par l&rsquo;Alg\u00e9rie, faute de quoi l&rsquo;accord\u00a0sera d\u00e9nonc\u00e9.<\/p>\n\n\n\n<p>Cette demande est exprim\u00e9e de longue date par l&rsquo;extr\u00eame droite et la droite, y compris par certains membres du gouvernement, comme le ministre de l&rsquo;Int\u00e9rieur, Bruno Retailleau.\u00a0<em>\u00ab\u00a0Cet accord est dat\u00e9 et a d\u00e9form\u00e9 l&rsquo;immigration alg\u00e9rienne. Il n&rsquo;a pas lieu d&rsquo;\u00eatre. Il faut le remettre sur la table\u00a0\u00bb,\u00a0<\/em>d\u00e9non\u00e7ait le locataire de Beauvau, le 19 janvier sur\u00a0BFMTV(Nouvelle fen\u00eatre).<\/p>\n\n\n\n<p>Emmanuel Macron a lui tenter de calmer le jeu vendredi, appelant les deux capitales \u00e0&nbsp;<em>\u00ab\u00a0r\u00e9engager un travail de fond\u00a0\u00bb<\/em>&nbsp;sur leurs accords d&rsquo;immigation.&nbsp;<em>\u00ab\u00a0Nous n&rsquo;avancerons pas s&rsquo;il n&rsquo;y a pas un travail, on ne peut pas se parler par voie de presse, c&rsquo;est ridicule, \u00e7a ne marche jamais comme cela\u00a0\u00bb<\/em>, a-t-il lanc\u00e9 lors d&rsquo;une conf\u00e9rence de presse \u00e0 Porto.&nbsp;<em>\u00ab\u00a0Il ne faut pas que<\/em>&nbsp;[les relations]&nbsp;<em>fassent l&rsquo;objet de jeux politiques\u00a0\u00bb<\/em>, a-t-il ajout\u00e9. En parall\u00e8le de ces tensions, nombre d&rsquo;historiens rappellent d&rsquo;ailleurs que la France a longtemps b\u00e9n\u00e9fici\u00e9 de cet accord et relativisent sa port\u00e9e actuelle.<\/p>\n\n\n\n<h2 class=\"wp-block-heading\">\u00ab\u00a0Maintenir un courant r\u00e9gulier de travailleurs\u00a0\u00bb<\/h2>\n\n\n\n<p>Le document sign\u00e9 le 27 d\u00e9cembre 1968 a fait l&rsquo;objet de trois r\u00e9visions, en 1985, 1994 et 2001. Il conf\u00e8re aux Alg\u00e9riens un statut d\u00e9rogatoire au droit commun, qui r\u00e9git leurs conditions de circulation, de s\u00e9jour et d&#8217;emploi sur le territoire national.\u00a0L&rsquo;accord, consid\u00e9r\u00e9 aujourd&rsquo;hui par certains responsables politiques fran\u00e7ais comme trop avantageux pour l&rsquo;Alg\u00e9rie, a initialement \u00e9t\u00e9 sign\u00e9 pour restreindre les facilit\u00e9s d&rsquo;immigration offertes par\u00a0les accords d&rsquo;Evian. Sign\u00e9s six ans plus t\u00f4t, ceux-ci ont mis fin \u00e0 la guerre d&rsquo;Alg\u00e9rie (de 1954 \u00e0 1962) en reconnaissant l&rsquo;ind\u00e9pendance du pays, colonie fran\u00e7aise depuis 1830, tout en actant\u00a0<em>\u00ab\u00a0que la libert\u00e9 de circulation serait maintenue\u00a0\u00bb,<\/em>\u00a0note l&rsquo;historien et politiste Emmanuel Blanchard dans son ouvrage\u00a0<em>Histoire de l&rsquo;immigration alg\u00e9rienne en France.<\/em><\/p>\n\n\n\n<p><em>\u00ab\u00a0On est pass\u00e9 d&rsquo;une circulation de peuplement, avec des gens qui pouvaient circuler librement, \u00e0 l&rsquo;instauration d&rsquo;une migration de travail. On avait besoin de main-d&rsquo;\u0153uvre sur tous les terrains\u00a0\u00bb,&nbsp;<\/em>observe aupr\u00e8s de franceinfo l&rsquo;historien Benjamin Stora, sp\u00e9cialiste de l&rsquo;Alg\u00e9rie contemporaine et de l&rsquo;immigration alg\u00e9rienne.<em>&nbsp;\u00ab\u00a0On donne aux Alg\u00e9riens le statut de travailleurs \u00e9trangers. C&rsquo;est une compensation, car il n&rsquo;y a donc plus de libert\u00e9 de circulation.\u00a0\u00bb<\/em>&nbsp;<\/p>\n\n\n\n<p>Concr\u00e8tement,\u00a0<em>\u00ab\u00a0seuls 35\u00a0000\u00a0Alg\u00e9riens par an peuvent venir s&rsquo;installer en France, sans que ceux-ci n&rsquo;aient besoin de visa long s\u00e9jour.\u00a0Ces derniers b\u00e9n\u00e9ficient d&rsquo;une carte de r\u00e9sidence (CRA) de cinq ans s&rsquo;ils peuvent justifier d&rsquo;un emploi. Au bout de trois ans de r\u00e9sidence en France, une CRA de dix ans peut \u00eatre octroy\u00e9e,\u00a0<\/em>rel\u00e8ve\u00a0TV5 Monde(Nouvelle fen\u00eatre)<em>. L&rsquo;accord de 1968 facilite \u00e9galement le regroupement familial (conjoint, enfants, ascendants), au bout de douze mois de pr\u00e9sence en France.\u00a0\u00bb<\/em><\/p>\n\n\n\n<p>Le d\u00e9cret d&rsquo;application du 18 mars 1969 justifie l&rsquo;accord par\u00a0<em>\u00ab\u00a0la n\u00e9cessit\u00e9 de maintenir un courant r\u00e9gulier de travailleurs\u00a0\u00bb<\/em>, qui\u00a0<em>\u00ab\u00a0tienne compte du volume de l&rsquo;immigration traditionnelle alg\u00e9rienne en France\u00a0\u00bb<\/em>.\u00a0Pour Benjamin Stora, l&rsquo;\u00e9poque \u00e9tait\u00a0<em>\u00ab\u00a0\u00e0 l&rsquo;expansion \u00e9conomique de la France\u00a0\u00bb,\u00a0<\/em>avec\u00a0les Trente Glorieuses(Nouvelle fen\u00eatre).<em>\u00a0\u00ab\u00a0Il fallait construire tous azimuts, des autoroutes, des logements. Or, l&rsquo;immigration europ\u00e9enne, qu&rsquo;elle soit portugaise ou espagnole, se tarissait, il y avait besoin d&rsquo;une immigration alg\u00e9rienne\u00a0\u00bb<\/em>, d\u00e9taille l&rsquo;historien.<\/p>\n\n\n\n<p>Le destin de ces immigr\u00e9s alg\u00e9riens se cantonne souvent aux usines.&nbsp;<em>\u00ab\u00a0Plus de 90% des Alg\u00e9riens \u00e9taient ouvriers&nbsp;: la plupart d&rsquo;entre eux n&rsquo;avaient d&rsquo;autre destin que &lsquo;la pelle et la pioche&rsquo;, expression utilis\u00e9e par les principaux int\u00e9ress\u00e9s afin de d\u00e9signer les emplois de man\u0153uvres dans le BTP ou l&rsquo;industrie\u00a0\u00bb,&nbsp;<\/em>rel\u00e8ve ainsi Emmanuel Blanchard dans son ouvrage.&nbsp;<\/p>\n\n\n\n<h2 class=\"wp-block-heading\">\u00ab\u00a0Cet accord n&rsquo;existe pratiquement plus\u00a0\u00bb<\/h2>\n\n\n\n<p>Les Trente Glorieuses se terminent en 1973 avec le premier choc p\u00e9trolier.&nbsp;<em>\u00ab\u00a0Lorsqu&rsquo;on a sign\u00e9 l&rsquo;accord de 1968, on \u00e9tait donc bient\u00f4t \u00e0 la fin des Trente Glorieuses, mais les Alg\u00e9riens ont ensuite particip\u00e9 \u00e0 la vie de la France dans tous les domaines et de mani\u00e8re notable\u00a0\u00bb<\/em>, poursuit l&rsquo;historien Jacques Fr\u00e9meaux, professeur \u00e0 l&rsquo;universit\u00e9 La Sorbonne et sp\u00e9cialiste de l&rsquo;histoire coloniale.<\/p>\n\n\n\n<p>Ils sont aussi les premiers concern\u00e9s par le ch\u00f4mage qui s&rsquo;installe avec la r\u00e9cession \u00e9conomique.&nbsp;<em>\u00ab\u00a0Les immigr\u00e9s et en particulier les Arabes furent les premiers frapp\u00e9s par les licenciements. Ils subirent de plein fouet les cons\u00e9quences des discriminations, qui les frappaient dans toutes les dimensions de leurs carri\u00e8res\u00a0\u00bb,&nbsp;<\/em>affirme Emmanuel Blanchard dans son livre.&nbsp;N\u00e9anmoins, cela n&rsquo;a pas att\u00e9nu\u00e9 le flux des arriv\u00e9es des Alg\u00e9riens en France.&nbsp;<\/p>\n\n\n\n<p>La communaut\u00e9 alg\u00e9rienne, poursuit ce sp\u00e9cialiste, devient la plus nombreuse en France, au tournant des ann\u00e9es 1980,&nbsp;<em>\u00ab\u00a0place auparavant occup\u00e9e par les Italiens puis les Portugais\u00a0\u00bb.&nbsp;<\/em>Or, cette situation n&rsquo;est pas de nature \u00e0 ravir les autorit\u00e9s fran\u00e7aises qui, d\u00e8s 1947 et le nouveau statut de l&rsquo;Alg\u00e9rie, ont vu arriver dans l&rsquo;Hexagone ces immigr\u00e9s pendant plusieurs d\u00e9cennies.&nbsp;<em>\u00ab\u00a0Les centaines de milliers d&rsquo;arriv\u00e9es alors enregistr\u00e9es ne furent cependant pas encourag\u00e9es par les pouvoirs publics fran\u00e7ais. Ceux-ci auraient en effet pr\u00e9f\u00e9r\u00e9 que l&rsquo;immigration soit aliment\u00e9e par d&rsquo;autres r\u00e9gions et demeure &lsquo;europ\u00e9enne'\u00a0\u00bb,&nbsp;<\/em>relate Emmanuel Blanchard.<\/p>\n\n\n\n<p>L&rsquo;accord de 1968 va, au fur et \u00e0 mesure de ses r\u00e9visions et a fortiori depuis l&rsquo;obligation de visa impos\u00e9e en 1986, se restreindre.<em>&nbsp;\u00ab\u00a0De facto, cet accord n&rsquo;existe pratiquement plus. Qu&rsquo;est-ce qui compte pour un Alg\u00e9rien&nbsp;? C&rsquo;est d&rsquo;avoir un visa. Or, depuis 1986, c&rsquo;est tr\u00e8s dur l&rsquo;avoir\u00a0\u00bb<\/em>, assure Benjamin Stora.&nbsp;Les Alg\u00e9riens restent cependant aujourd&rsquo;hui en France les premiers ressortissants \u00e9trangers, en nombre, puisqu&rsquo;ils sont chaque ann\u00e9e&nbsp;<em>\u00ab\u00a0plus de 400&nbsp;000\u00a0\u00bb<\/em>&nbsp;\u00e0&nbsp;<em>\u00ab\u00a0obtenir un visa pour se rendre et s\u00e9journer plus ou moins longuement en France\u00a0\u00bb<\/em>, selon Emmanuel Blanchard.<\/p>\n","protected":false},"excerpt":{"rendered":"<p>Le Premier ministre, Fran\u00e7ois Bayrou, a ouvert la r\u00e9examen de cet accord bilat\u00e9ral qui r\u00e9git les conditions d&rsquo;immigration des Alg\u00e9riens en France. C&rsquo;est un texte juridique qui se retrouve au c\u0153ur du d\u00e9bat politique fran\u00e7ais et qui cristallise\u00a0les tensions diplomatiques in\u00e9dites entre Paris et Alger. Lors d&rsquo;une conf\u00e9rence de presse tenue mercredi 26 f\u00e9vrier, le [&hellip;]<\/p>\n","protected":false},"author":1,"featured_media":40226,"comment_status":"open","ping_status":"open","sticky":false,"template":"","format":"standard","meta":{"footnotes":""},"categories":[53,210],"tags":[78,87,211],"class_list":{"0":"post-40225","1":"post","2":"type-post","3":"status-publish","4":"format-standard","5":"has-post-thumbnail","7":"category-culture-fr","8":"category-histoire","9":"tag-apie-project-2","10":"tag-culture-2","11":"tag-histoire"},"yoast_head":"<!-- This site is optimized with the Yoast SEO plugin v24.4 - https:\/\/yoast.com\/wordpress\/plugins\/seo\/ -->\n<title>France et l\u2019Alg\u00e9rie: La Tension Monte Sur Les Accords Migratoires - APIE NEWS<\/title>\n<meta name=\"robots\" content=\"index, follow, max-snippet:-1, max-image-preview:large, max-video-preview:-1\" \/>\n<link rel=\"canonical\" href=\"https:\/\/appsaf.apieproject.com\/news\/fr\/2025\/03\/03\/france-et-lalgerie-la-tension-monte-sur-les-accords-migratoires\/\" \/>\n<meta property=\"og:locale\" content=\"fr_FR\" \/>\n<meta property=\"og:type\" content=\"article\" \/>\n<meta property=\"og:title\" content=\"France et l\u2019Alg\u00e9rie: La Tension Monte Sur Les Accords Migratoires - APIE NEWS\" \/>\n<meta property=\"og:description\" content=\"Le Premier ministre, Fran\u00e7ois Bayrou, a ouvert la r\u00e9examen de cet accord bilat\u00e9ral qui r\u00e9git les conditions d&rsquo;immigration des Alg\u00e9riens en France. C&rsquo;est un texte juridique qui se retrouve au c\u0153ur du d\u00e9bat politique fran\u00e7ais et qui cristallise\u00a0les tensions diplomatiques in\u00e9dites entre Paris et Alger. Lors d&rsquo;une conf\u00e9rence de presse tenue mercredi 26 f\u00e9vrier, le [&hellip;]\" \/>\n<meta property=\"og:url\" content=\"https:\/\/appsaf.apieproject.com\/news\/fr\/2025\/03\/03\/france-et-lalgerie-la-tension-monte-sur-les-accords-migratoires\/\" \/>\n<meta property=\"og:site_name\" content=\"APIE NEWS\" \/>\n<meta property=\"article:publisher\" content=\"https:\/\/facebook.com\/apieproject\" \/>\n<meta property=\"article:published_time\" content=\"2025-03-03T05:15:20+00:00\" \/>\n<meta property=\"article:modified_time\" content=\"2025-03-17T02:30:27+00:00\" \/>\n<meta property=\"og:image\" content=\"https:\/\/appsaf.apieproject.com\/news\/wp-content\/uploads\/sites\/29\/2025\/03\/france-algerie.jpg\" \/>\n\t<meta property=\"og:image:width\" content=\"1317\" \/>\n\t<meta property=\"og:image:height\" content=\"743\" \/>\n\t<meta property=\"og:image:type\" content=\"image\/jpeg\" \/>\n<meta name=\"author\" content=\"apieproject\" \/>\n<meta name=\"twitter:card\" content=\"summary_large_image\" \/>\n<meta name=\"twitter:creator\" content=\"@apieproject\" \/>\n<meta name=\"twitter:site\" content=\"@apieproject\" \/>\n<meta name=\"twitter:label1\" content=\"\u00c9crit par\" \/>\n\t<meta name=\"twitter:data1\" content=\"apieproject\" \/>\n\t<meta name=\"twitter:label2\" content=\"Dur\u00e9e de lecture estim\u00e9e\" \/>\n\t<meta name=\"twitter:data2\" content=\"5 minutes\" \/>\n<script type=\"application\/ld+json\" class=\"yoast-schema-graph\">{\"@context\":\"https:\/\/schema.org\",\"@graph\":[{\"@type\":\"Article\",\"@id\":\"https:\/\/appsaf.apieproject.com\/news\/fr\/2025\/03\/03\/france-et-lalgerie-la-tension-monte-sur-les-accords-migratoires\/#article\",\"isPartOf\":{\"@id\":\"https:\/\/appsaf.apieproject.com\/news\/fr\/2025\/03\/03\/france-et-lalgerie-la-tension-monte-sur-les-accords-migratoires\/\"},\"author\":{\"name\":\"apieproject\",\"@id\":\"https:\/\/appsaf.apieproject.com\/news\/#\/schema\/person\/ad5502ca15531a327ebd9865992b8492\"},\"headline\":\"France et l\u2019Alg\u00e9rie: La Tension Monte Sur Les Accords Migratoires\",\"datePublished\":\"2025-03-03T05:15:20+00:00\",\"dateModified\":\"2025-03-17T02:30:27+00:00\",\"mainEntityOfPage\":{\"@id\":\"https:\/\/appsaf.apieproject.com\/news\/fr\/2025\/03\/03\/france-et-lalgerie-la-tension-monte-sur-les-accords-migratoires\/\"},\"wordCount\":1196,\"commentCount\":0,\"publisher\":{\"@id\":\"https:\/\/appsaf.apieproject.com\/news\/#organization\"},\"image\":{\"@id\":\"https:\/\/appsaf.apieproject.com\/news\/fr\/2025\/03\/03\/france-et-lalgerie-la-tension-monte-sur-les-accords-migratoires\/#primaryimage\"},\"thumbnailUrl\":\"https:\/\/appsaf.apieproject.com\/news\/wp-content\/uploads\/sites\/29\/2025\/03\/france-algerie.jpg\",\"keywords\":[\"apie project\",\"culture\",\"Histoire\"],\"articleSection\":[\"Culture\",\"Histoire\"],\"inLanguage\":\"fr-FR\",\"potentialAction\":[{\"@type\":\"CommentAction\",\"name\":\"Comment\",\"target\":[\"https:\/\/appsaf.apieproject.com\/news\/fr\/2025\/03\/03\/france-et-lalgerie-la-tension-monte-sur-les-accords-migratoires\/#respond\"]}]},{\"@type\":\"WebPage\",\"@id\":\"https:\/\/appsaf.apieproject.com\/news\/fr\/2025\/03\/03\/france-et-lalgerie-la-tension-monte-sur-les-accords-migratoires\/\",\"url\":\"https:\/\/appsaf.apieproject.com\/news\/fr\/2025\/03\/03\/france-et-lalgerie-la-tension-monte-sur-les-accords-migratoires\/\",\"name\":\"France et l\u2019Alg\u00e9rie: La Tension Monte Sur Les Accords Migratoires - APIE NEWS\",\"isPartOf\":{\"@id\":\"https:\/\/appsaf.apieproject.com\/news\/#website\"},\"primaryImageOfPage\":{\"@id\":\"https:\/\/appsaf.apieproject.com\/news\/fr\/2025\/03\/03\/france-et-lalgerie-la-tension-monte-sur-les-accords-migratoires\/#primaryimage\"},\"image\":{\"@id\":\"https:\/\/appsaf.apieproject.com\/news\/fr\/2025\/03\/03\/france-et-lalgerie-la-tension-monte-sur-les-accords-migratoires\/#primaryimage\"},\"thumbnailUrl\":\"https:\/\/appsaf.apieproject.com\/news\/wp-content\/uploads\/sites\/29\/2025\/03\/france-algerie.jpg\",\"datePublished\":\"2025-03-03T05:15:20+00:00\",\"dateModified\":\"2025-03-17T02:30:27+00:00\",\"breadcrumb\":{\"@id\":\"https:\/\/appsaf.apieproject.com\/news\/fr\/2025\/03\/03\/france-et-lalgerie-la-tension-monte-sur-les-accords-migratoires\/#breadcrumb\"},\"inLanguage\":\"fr-FR\",\"potentialAction\":[{\"@type\":\"ReadAction\",\"target\":[\"https:\/\/appsaf.apieproject.com\/news\/fr\/2025\/03\/03\/france-et-lalgerie-la-tension-monte-sur-les-accords-migratoires\/\"]}]},{\"@type\":\"ImageObject\",\"inLanguage\":\"fr-FR\",\"@id\":\"https:\/\/appsaf.apieproject.com\/news\/fr\/2025\/03\/03\/france-et-lalgerie-la-tension-monte-sur-les-accords-migratoires\/#primaryimage\",\"url\":\"https:\/\/appsaf.apieproject.com\/news\/wp-content\/uploads\/sites\/29\/2025\/03\/france-algerie.jpg\",\"contentUrl\":\"https:\/\/appsaf.apieproject.com\/news\/wp-content\/uploads\/sites\/29\/2025\/03\/france-algerie.jpg\",\"width\":1317,\"height\":743},{\"@type\":\"BreadcrumbList\",\"@id\":\"https:\/\/appsaf.apieproject.com\/news\/fr\/2025\/03\/03\/france-et-lalgerie-la-tension-monte-sur-les-accords-migratoires\/#breadcrumb\",\"itemListElement\":[{\"@type\":\"ListItem\",\"position\":1,\"name\":\"Home\",\"item\":\"https:\/\/appsaf.apieproject.com\/news\/fr\/home\/\"},{\"@type\":\"ListItem\",\"position\":2,\"name\":\"France et l\u2019Alg\u00e9rie: La Tension Monte Sur Les Accords Migratoires\"}]},{\"@type\":\"WebSite\",\"@id\":\"https:\/\/appsaf.apieproject.com\/news\/#website\",\"url\":\"https:\/\/appsaf.apieproject.com\/news\/\",\"name\":\"APIE NEWS\",\"description\":\"PANAFRICANISM NEWS PORTAL\",\"publisher\":{\"@id\":\"https:\/\/appsaf.apieproject.com\/news\/#organization\"},\"potentialAction\":[{\"@type\":\"SearchAction\",\"target\":{\"@type\":\"EntryPoint\",\"urlTemplate\":\"https:\/\/appsaf.apieproject.com\/news\/?s={search_term_string}\"},\"query-input\":{\"@type\":\"PropertyValueSpecification\",\"valueRequired\":true,\"valueName\":\"search_term_string\"}}],\"inLanguage\":\"fr-FR\"},{\"@type\":\"Organization\",\"@id\":\"https:\/\/appsaf.apieproject.com\/news\/#organization\",\"name\":\"APIE PROJECT\",\"url\":\"https:\/\/appsaf.apieproject.com\/news\/\",\"logo\":{\"@type\":\"ImageObject\",\"inLanguage\":\"fr-FR\",\"@id\":\"https:\/\/appsaf.apieproject.com\/news\/#\/schema\/logo\/image\/\",\"url\":\"https:\/\/appsaf.apieproject.com\/news\/wp-content\/uploads\/sites\/29\/2022\/07\/logo-R-TransparentBackground.png\",\"contentUrl\":\"https:\/\/appsaf.apieproject.com\/news\/wp-content\/uploads\/sites\/29\/2022\/07\/logo-R-TransparentBackground.png\",\"width\":512,\"height\":512,\"caption\":\"APIE PROJECT\"},\"image\":{\"@id\":\"https:\/\/appsaf.apieproject.com\/news\/#\/schema\/logo\/image\/\"},\"sameAs\":[\"https:\/\/facebook.com\/apieproject\",\"https:\/\/x.com\/apieproject\"]},{\"@type\":\"Person\",\"@id\":\"https:\/\/appsaf.apieproject.com\/news\/#\/schema\/person\/ad5502ca15531a327ebd9865992b8492\",\"name\":\"apieproject\",\"image\":{\"@type\":\"ImageObject\",\"inLanguage\":\"fr-FR\",\"@id\":\"https:\/\/appsaf.apieproject.com\/news\/#\/schema\/person\/image\/\",\"url\":\"https:\/\/secure.gravatar.com\/avatar\/8da820f890920c54e6a9a30087a8b9ec?s=96&d=mm&r=g\",\"contentUrl\":\"https:\/\/secure.gravatar.com\/avatar\/8da820f890920c54e6a9a30087a8b9ec?s=96&d=mm&r=g\",\"caption\":\"apieproject\"},\"url\":\"https:\/\/appsaf.apieproject.com\/news\/fr\/author\/apieproject\/\"}]}<\/script>\n<!-- \/ Yoast SEO plugin. -->","yoast_head_json":{"title":"France et l\u2019Alg\u00e9rie: La Tension Monte Sur Les Accords Migratoires - APIE NEWS","robots":{"index":"index","follow":"follow","max-snippet":"max-snippet:-1","max-image-preview":"max-image-preview:large","max-video-preview":"max-video-preview:-1"},"canonical":"https:\/\/appsaf.apieproject.com\/news\/fr\/2025\/03\/03\/france-et-lalgerie-la-tension-monte-sur-les-accords-migratoires\/","og_locale":"fr_FR","og_type":"article","og_title":"France et l\u2019Alg\u00e9rie: La Tension Monte Sur Les Accords Migratoires - APIE NEWS","og_description":"Le Premier ministre, Fran\u00e7ois Bayrou, a ouvert la r\u00e9examen de cet accord bilat\u00e9ral qui r\u00e9git les conditions d&rsquo;immigration des Alg\u00e9riens en France. C&rsquo;est un texte juridique qui se retrouve au c\u0153ur du d\u00e9bat politique fran\u00e7ais et qui cristallise\u00a0les tensions diplomatiques in\u00e9dites entre Paris et Alger. Lors d&rsquo;une conf\u00e9rence de presse tenue mercredi 26 f\u00e9vrier, le [&hellip;]","og_url":"https:\/\/appsaf.apieproject.com\/news\/fr\/2025\/03\/03\/france-et-lalgerie-la-tension-monte-sur-les-accords-migratoires\/","og_site_name":"APIE NEWS","article_publisher":"https:\/\/facebook.com\/apieproject","article_published_time":"2025-03-03T05:15:20+00:00","article_modified_time":"2025-03-17T02:30:27+00:00","og_image":[{"width":1317,"height":743,"url":"https:\/\/appsaf.apieproject.com\/news\/wp-content\/uploads\/sites\/29\/2025\/03\/france-algerie.jpg","type":"image\/jpeg"}],"author":"apieproject","twitter_card":"summary_large_image","twitter_creator":"@apieproject","twitter_site":"@apieproject","twitter_misc":{"\u00c9crit par":"apieproject","Dur\u00e9e de lecture estim\u00e9e":"5 minutes"},"schema":{"@context":"https:\/\/schema.org","@graph":[{"@type":"Article","@id":"https:\/\/appsaf.apieproject.com\/news\/fr\/2025\/03\/03\/france-et-lalgerie-la-tension-monte-sur-les-accords-migratoires\/#article","isPartOf":{"@id":"https:\/\/appsaf.apieproject.com\/news\/fr\/2025\/03\/03\/france-et-lalgerie-la-tension-monte-sur-les-accords-migratoires\/"},"author":{"name":"apieproject","@id":"https:\/\/appsaf.apieproject.com\/news\/#\/schema\/person\/ad5502ca15531a327ebd9865992b8492"},"headline":"France et l\u2019Alg\u00e9rie: La Tension Monte Sur Les Accords Migratoires","datePublished":"2025-03-03T05:15:20+00:00","dateModified":"2025-03-17T02:30:27+00:00","mainEntityOfPage":{"@id":"https:\/\/appsaf.apieproject.com\/news\/fr\/2025\/03\/03\/france-et-lalgerie-la-tension-monte-sur-les-accords-migratoires\/"},"wordCount":1196,"commentCount":0,"publisher":{"@id":"https:\/\/appsaf.apieproject.com\/news\/#organization"},"image":{"@id":"https:\/\/appsaf.apieproject.com\/news\/fr\/2025\/03\/03\/france-et-lalgerie-la-tension-monte-sur-les-accords-migratoires\/#primaryimage"},"thumbnailUrl":"https:\/\/appsaf.apieproject.com\/news\/wp-content\/uploads\/sites\/29\/2025\/03\/france-algerie.jpg","keywords":["apie project","culture","Histoire"],"articleSection":["Culture","Histoire"],"inLanguage":"fr-FR","potentialAction":[{"@type":"CommentAction","name":"Comment","target":["https:\/\/appsaf.apieproject.com\/news\/fr\/2025\/03\/03\/france-et-lalgerie-la-tension-monte-sur-les-accords-migratoires\/#respond"]}]},{"@type":"WebPage","@id":"https:\/\/appsaf.apieproject.com\/news\/fr\/2025\/03\/03\/france-et-lalgerie-la-tension-monte-sur-les-accords-migratoires\/","url":"https:\/\/appsaf.apieproject.com\/news\/fr\/2025\/03\/03\/france-et-lalgerie-la-tension-monte-sur-les-accords-migratoires\/","name":"France et l\u2019Alg\u00e9rie: La Tension Monte Sur Les Accords Migratoires - APIE NEWS","isPartOf":{"@id":"https:\/\/appsaf.apieproject.com\/news\/#website"},"primaryImageOfPage":{"@id":"https:\/\/appsaf.apieproject.com\/news\/fr\/2025\/03\/03\/france-et-lalgerie-la-tension-monte-sur-les-accords-migratoires\/#primaryimage"},"image":{"@id":"https:\/\/appsaf.apieproject.com\/news\/fr\/2025\/03\/03\/france-et-lalgerie-la-tension-monte-sur-les-accords-migratoires\/#primaryimage"},"thumbnailUrl":"https:\/\/appsaf.apieproject.com\/news\/wp-content\/uploads\/sites\/29\/2025\/03\/france-algerie.jpg","datePublished":"2025-03-03T05:15:20+00:00","dateModified":"2025-03-17T02:30:27+00:00","breadcrumb":{"@id":"https:\/\/appsaf.apieproject.com\/news\/fr\/2025\/03\/03\/france-et-lalgerie-la-tension-monte-sur-les-accords-migratoires\/#breadcrumb"},"inLanguage":"fr-FR","potentialAction":[{"@type":"ReadAction","target":["https:\/\/appsaf.apieproject.com\/news\/fr\/2025\/03\/03\/france-et-lalgerie-la-tension-monte-sur-les-accords-migratoires\/"]}]},{"@type":"ImageObject","inLanguage":"fr-FR","@id":"https:\/\/appsaf.apieproject.com\/news\/fr\/2025\/03\/03\/france-et-lalgerie-la-tension-monte-sur-les-accords-migratoires\/#primaryimage","url":"https:\/\/appsaf.apieproject.com\/news\/wp-content\/uploads\/sites\/29\/2025\/03\/france-algerie.jpg","contentUrl":"https:\/\/appsaf.apieproject.com\/news\/wp-content\/uploads\/sites\/29\/2025\/03\/france-algerie.jpg","width":1317,"height":743},{"@type":"BreadcrumbList","@id":"https:\/\/appsaf.apieproject.com\/news\/fr\/2025\/03\/03\/france-et-lalgerie-la-tension-monte-sur-les-accords-migratoires\/#breadcrumb","itemListElement":[{"@type":"ListItem","position":1,"name":"Home","item":"https:\/\/appsaf.apieproject.com\/news\/fr\/home\/"},{"@type":"ListItem","position":2,"name":"France et l\u2019Alg\u00e9rie: La Tension Monte Sur Les Accords Migratoires"}]},{"@type":"WebSite","@id":"https:\/\/appsaf.apieproject.com\/news\/#website","url":"https:\/\/appsaf.apieproject.com\/news\/","name":"APIE NEWS","description":"PANAFRICANISM NEWS PORTAL","publisher":{"@id":"https:\/\/appsaf.apieproject.com\/news\/#organization"},"potentialAction":[{"@type":"SearchAction","target":{"@type":"EntryPoint","urlTemplate":"https:\/\/appsaf.apieproject.com\/news\/?s={search_term_string}"},"query-input":{"@type":"PropertyValueSpecification","valueRequired":true,"valueName":"search_term_string"}}],"inLanguage":"fr-FR"},{"@type":"Organization","@id":"https:\/\/appsaf.apieproject.com\/news\/#organization","name":"APIE PROJECT","url":"https:\/\/appsaf.apieproject.com\/news\/","logo":{"@type":"ImageObject","inLanguage":"fr-FR","@id":"https:\/\/appsaf.apieproject.com\/news\/#\/schema\/logo\/image\/","url":"https:\/\/appsaf.apieproject.com\/news\/wp-content\/uploads\/sites\/29\/2022\/07\/logo-R-TransparentBackground.png","contentUrl":"https:\/\/appsaf.apieproject.com\/news\/wp-content\/uploads\/sites\/29\/2022\/07\/logo-R-TransparentBackground.png","width":512,"height":512,"caption":"APIE PROJECT"},"image":{"@id":"https:\/\/appsaf.apieproject.com\/news\/#\/schema\/logo\/image\/"},"sameAs":["https:\/\/facebook.com\/apieproject","https:\/\/x.com\/apieproject"]},{"@type":"Person","@id":"https:\/\/appsaf.apieproject.com\/news\/#\/schema\/person\/ad5502ca15531a327ebd9865992b8492","name":"apieproject","image":{"@type":"ImageObject","inLanguage":"fr-FR","@id":"https:\/\/appsaf.apieproject.com\/news\/#\/schema\/person\/image\/","url":"https:\/\/secure.gravatar.com\/avatar\/8da820f890920c54e6a9a30087a8b9ec?s=96&d=mm&r=g","contentUrl":"https:\/\/secure.gravatar.com\/avatar\/8da820f890920c54e6a9a30087a8b9ec?s=96&d=mm&r=g","caption":"apieproject"},"url":"https:\/\/appsaf.apieproject.com\/news\/fr\/author\/apieproject\/"}]}},"_links":{"self":[{"href":"https:\/\/appsaf.apieproject.com\/news\/fr\/wp-json\/wp\/v2\/posts\/40225","targetHints":{"allow":["GET"]}}],"collection":[{"href":"https:\/\/appsaf.apieproject.com\/news\/fr\/wp-json\/wp\/v2\/posts"}],"about":[{"href":"https:\/\/appsaf.apieproject.com\/news\/fr\/wp-json\/wp\/v2\/types\/post"}],"author":[{"embeddable":true,"href":"https:\/\/appsaf.apieproject.com\/news\/fr\/wp-json\/wp\/v2\/users\/1"}],"replies":[{"embeddable":true,"href":"https:\/\/appsaf.apieproject.com\/news\/fr\/wp-json\/wp\/v2\/comments?post=40225"}],"version-history":[{"count":1,"href":"https:\/\/appsaf.apieproject.com\/news\/fr\/wp-json\/wp\/v2\/posts\/40225\/revisions"}],"predecessor-version":[{"id":40229,"href":"https:\/\/appsaf.apieproject.com\/news\/fr\/wp-json\/wp\/v2\/posts\/40225\/revisions\/40229"}],"wp:featuredmedia":[{"embeddable":true,"href":"https:\/\/appsaf.apieproject.com\/news\/fr\/wp-json\/wp\/v2\/media\/40226"}],"wp:attachment":[{"href":"https:\/\/appsaf.apieproject.com\/news\/fr\/wp-json\/wp\/v2\/media?parent=40225"}],"wp:term":[{"taxonomy":"category","embeddable":true,"href":"https:\/\/appsaf.apieproject.com\/news\/fr\/wp-json\/wp\/v2\/categories?post=40225"},{"taxonomy":"post_tag","embeddable":true,"href":"https:\/\/appsaf.apieproject.com\/news\/fr\/wp-json\/wp\/v2\/tags?post=40225"}],"curies":[{"name":"wp","href":"https:\/\/api.w.org\/{rel}","templated":true}]}}