{"id":40281,"date":"2025-03-24T01:11:06","date_gmt":"2025-03-24T01:11:06","guid":{"rendered":"https:\/\/appsaf.apieproject.com\/news\/?p=40281"},"modified":"2025-03-31T03:39:43","modified_gmt":"2025-03-31T03:39:43","slug":"netumbo-nandi-ndaitwah-premiere-presidente-de-la-namibie","status":"publish","type":"post","link":"https:\/\/appsaf.apieproject.com\/news\/fr\/2025\/03\/24\/netumbo-nandi-ndaitwah-premiere-presidente-de-la-namibie\/","title":{"rendered":"Netumbo Nandi-Ndaitwah: Premi\u00e8re Pr\u00e9sidente De La Namibie"},"content":{"rendered":"\n<p>La Namibie a une nouvelle pr\u00e9sidente et pour la premi\u00e8re fois, c\u2019est une femme. Netumbo Nandi-Ndaitwah a pr\u00eat\u00e9 serment ce vendredi \u00e0 Windhoek, la capitale du pays, apr\u00e8s des \u00e9lections contest\u00e9es en novembre dernier. Plusieurs chefs d\u2019\u00c9tat africains ont fait le d\u00e9placement pour assister \u00e0 l\u2019\u00e9v\u00e9nement. Parmi eux, les pr\u00e9sidents de l\u2019Afrique du Sud, de l\u2019Angola, et celui de la Tanzanie, pays dirig\u00e9 lui aussi par une femme.<\/p>\n\n\n\n<p>\u00ab NNN \u00bb, comme elle est surnomm\u00e9e, devient ainsi le cinqui\u00e8me chef d&rsquo;\u00c9tat de la\u00a0Namibie\u00a0depuis l&rsquo;ind\u00e9pendance du pays et c\u2019est une journ\u00e9e qualifi\u00e9e d\u2019historique.<\/p>\n\n\n\n<p>Des applaudissements et des youyous ont retenti ce vendredi 21 mars \u00e0 Windhoek, quand\u00a0Netumbo Nandi-Ndaitwah\u00a0a pr\u00eat\u00e9 serment. Mais cette fille d\u2019un pasteur anglican a rapidement demand\u00e9 au public de ne pas l\u2019applaudir.<\/p>\n\n\n\n<p>Elle a pr\u00e9f\u00e9r\u00e9 rendre hommage \u00e0 celles qui l\u2019ont pr\u00e9c\u00e9d\u00e9e, Ellen Johnson Sirleaf, du Liberia, Samia Suluhu Hassan, de la Tanzanie. \u00ab\u00a0<em>Elles m\u2019ont pr\u00e9par\u00e9 le chemin<\/em>\u00a0\u00bb, a-t-elle d\u00e9clar\u00e9. Netumbo Nandi-Ndaitwah a aussi salu\u00e9 les p\u00e8res fondateurs de la Namibie, Sam Nujoma, d\u00e9c\u00e9d\u00e9 il y a trois semaines, et\u00a0Hage Geingob, disparu l\u2019an dernier.<\/p>\n\n\n\n<h2 class=\"wp-block-heading\">\u00ab&nbsp;<em>Une nouvelle \u00e8re s\u2019ouvre&nbsp;<\/em>\u00bb<\/h2>\n\n\n\n<p>Elle a remerci\u00e9 son pr\u00e9d\u00e9cesseur, Nangolo Mbumba, et a repris l\u2019une de ses phrases : \u00ab&nbsp;<em>Une nouvelle \u00e8re s\u2019ouvre sur notre beau pays<\/em>&nbsp;\u00bb.&nbsp; Pour construire sur cette nouvelle \u00e8re, elle fixe ses priorit\u00e9s : r\u00e9unir la nation, cr\u00e9er des emplois, renforcer l\u2019\u00e9ducation, et&nbsp;surtout, lutter contre la corruption.<\/p>\n\n\n\n<p>Netumbo Nandi-Ndaitwah&nbsp;tend aussi la main \u00e0 l\u2019opposition. \u00ab&nbsp;<em>Je servirai tous les Namibiens, quelle que soit leur affiliation politique<\/em>. \u00bb Et face aux critiques, elle r\u00e9pond : \u00ab&nbsp;<em>Je n\u2019ai pas \u00e9t\u00e9 \u00e9lue parce que je suis une femme, mais parce que j\u2019en suis capable.<\/em>&nbsp;\u00bb<\/p>\n\n\n\n<p>Un message fort, et un mot d\u2019encouragement aussi, pour d\u2019autres femmes, appel\u00e9es \u00e0 marcher dans ses pas. Un symbole salu\u00e9 bien au-del\u00e0 des fronti\u00e8res, dans toute la communaut\u00e9 de l\u2019Afrique australe.<\/p>\n","protected":false},"excerpt":{"rendered":"<p>La Namibie a une nouvelle pr\u00e9sidente et pour la premi\u00e8re fois, c\u2019est une femme. Netumbo Nandi-Ndaitwah a pr\u00eat\u00e9 serment ce vendredi \u00e0 Windhoek, la capitale du pays, apr\u00e8s des \u00e9lections contest\u00e9es en novembre dernier. Plusieurs chefs d\u2019\u00c9tat africains ont fait le d\u00e9placement pour assister \u00e0 l\u2019\u00e9v\u00e9nement. Parmi eux, les pr\u00e9sidents de l\u2019Afrique du Sud, de [&hellip;]<\/p>\n","protected":false},"author":1,"featured_media":40268,"comment_status":"open","ping_status":"open","sticky":false,"template":"","format":"standard","meta":{"footnotes":""},"categories":[67,69],"tags":[81,78,82],"class_list":{"0":"post-40281","1":"post","2":"type-post","3":"status-publish","4":"format-standard","5":"has-post-thumbnail","7":"category-actualites","8":"category-politique","9":"tag-actualites","10":"tag-apie-project-2","11":"tag-politique"},"yoast_head":"<!-- This site is optimized with the Yoast SEO plugin v24.4 - https:\/\/yoast.com\/wordpress\/plugins\/seo\/ -->\n<title>Netumbo Nandi-Ndaitwah: Premi\u00e8re Pr\u00e9sidente De La Namibie - APIE NEWS<\/title>\n<meta name=\"robots\" content=\"index, follow, max-snippet:-1, max-image-preview:large, max-video-preview:-1\" \/>\n<link rel=\"canonical\" href=\"https:\/\/appsaf.apieproject.com\/news\/fr\/2025\/03\/24\/netumbo-nandi-ndaitwah-premiere-presidente-de-la-namibie\/\" \/>\n<meta property=\"og:locale\" content=\"fr_FR\" \/>\n<meta property=\"og:type\" content=\"article\" \/>\n<meta property=\"og:title\" content=\"Netumbo Nandi-Ndaitwah: Premi\u00e8re Pr\u00e9sidente De La Namibie - APIE NEWS\" \/>\n<meta property=\"og:description\" content=\"La Namibie a une nouvelle pr\u00e9sidente et pour la premi\u00e8re fois, c\u2019est une femme. Netumbo Nandi-Ndaitwah a pr\u00eat\u00e9 serment ce vendredi \u00e0 Windhoek, la capitale du pays, apr\u00e8s des \u00e9lections contest\u00e9es en novembre dernier. Plusieurs chefs d\u2019\u00c9tat africains ont fait le d\u00e9placement pour assister \u00e0 l\u2019\u00e9v\u00e9nement. Parmi eux, les pr\u00e9sidents de l\u2019Afrique du Sud, de [&hellip;]\" \/>\n<meta property=\"og:url\" content=\"https:\/\/appsaf.apieproject.com\/news\/fr\/2025\/03\/24\/netumbo-nandi-ndaitwah-premiere-presidente-de-la-namibie\/\" \/>\n<meta property=\"og:site_name\" content=\"APIE NEWS\" \/>\n<meta property=\"article:publisher\" content=\"https:\/\/facebook.com\/apieproject\" \/>\n<meta property=\"article:published_time\" content=\"2025-03-24T01:11:06+00:00\" \/>\n<meta property=\"article:modified_time\" content=\"2025-03-31T03:39:43+00:00\" \/>\n<meta property=\"og:image\" content=\"https:\/\/appsaf.apieproject.com\/news\/wp-content\/uploads\/sites\/29\/2025\/03\/namibia-president.jpg\" \/>\n\t<meta property=\"og:image:width\" content=\"672\" \/>\n\t<meta property=\"og:image:height\" content=\"415\" \/>\n\t<meta property=\"og:image:type\" content=\"image\/jpeg\" \/>\n<meta name=\"author\" content=\"apieproject\" \/>\n<meta name=\"twitter:card\" content=\"summary_large_image\" \/>\n<meta name=\"twitter:creator\" content=\"@apieproject\" \/>\n<meta name=\"twitter:site\" content=\"@apieproject\" \/>\n<meta name=\"twitter:label1\" content=\"\u00c9crit par\" \/>\n\t<meta name=\"twitter:data1\" content=\"apieproject\" \/>\n\t<meta name=\"twitter:label2\" content=\"Dur\u00e9e de lecture estim\u00e9e\" \/>\n\t<meta name=\"twitter:data2\" content=\"2 minutes\" \/>\n<script type=\"application\/ld+json\" class=\"yoast-schema-graph\">{\"@context\":\"https:\/\/schema.org\",\"@graph\":[{\"@type\":\"Article\",\"@id\":\"https:\/\/appsaf.apieproject.com\/news\/fr\/2025\/03\/24\/netumbo-nandi-ndaitwah-premiere-presidente-de-la-namibie\/#article\",\"isPartOf\":{\"@id\":\"https:\/\/appsaf.apieproject.com\/news\/fr\/2025\/03\/24\/netumbo-nandi-ndaitwah-premiere-presidente-de-la-namibie\/\"},\"author\":{\"name\":\"apieproject\",\"@id\":\"https:\/\/appsaf.apieproject.com\/news\/#\/schema\/person\/ad5502ca15531a327ebd9865992b8492\"},\"headline\":\"Netumbo Nandi-Ndaitwah: Premi\u00e8re Pr\u00e9sidente De La Namibie\",\"datePublished\":\"2025-03-24T01:11:06+00:00\",\"dateModified\":\"2025-03-31T03:39:43+00:00\",\"mainEntityOfPage\":{\"@id\":\"https:\/\/appsaf.apieproject.com\/news\/fr\/2025\/03\/24\/netumbo-nandi-ndaitwah-premiere-presidente-de-la-namibie\/\"},\"wordCount\":370,\"commentCount\":0,\"publisher\":{\"@id\":\"https:\/\/appsaf.apieproject.com\/news\/#organization\"},\"image\":{\"@id\":\"https:\/\/appsaf.apieproject.com\/news\/fr\/2025\/03\/24\/netumbo-nandi-ndaitwah-premiere-presidente-de-la-namibie\/#primaryimage\"},\"thumbnailUrl\":\"https:\/\/appsaf.apieproject.com\/news\/wp-content\/uploads\/sites\/29\/2025\/03\/namibia-president.jpg\",\"keywords\":[\"actualites\",\"apie project\",\"politique\"],\"articleSection\":[\"Actualit\u00e9s\",\"Politique\"],\"inLanguage\":\"fr-FR\",\"potentialAction\":[{\"@type\":\"CommentAction\",\"name\":\"Comment\",\"target\":[\"https:\/\/appsaf.apieproject.com\/news\/fr\/2025\/03\/24\/netumbo-nandi-ndaitwah-premiere-presidente-de-la-namibie\/#respond\"]}]},{\"@type\":\"WebPage\",\"@id\":\"https:\/\/appsaf.apieproject.com\/news\/fr\/2025\/03\/24\/netumbo-nandi-ndaitwah-premiere-presidente-de-la-namibie\/\",\"url\":\"https:\/\/appsaf.apieproject.com\/news\/fr\/2025\/03\/24\/netumbo-nandi-ndaitwah-premiere-presidente-de-la-namibie\/\",\"name\":\"Netumbo Nandi-Ndaitwah: Premi\u00e8re Pr\u00e9sidente De La Namibie - APIE NEWS\",\"isPartOf\":{\"@id\":\"https:\/\/appsaf.apieproject.com\/news\/#website\"},\"primaryImageOfPage\":{\"@id\":\"https:\/\/appsaf.apieproject.com\/news\/fr\/2025\/03\/24\/netumbo-nandi-ndaitwah-premiere-presidente-de-la-namibie\/#primaryimage\"},\"image\":{\"@id\":\"https:\/\/appsaf.apieproject.com\/news\/fr\/2025\/03\/24\/netumbo-nandi-ndaitwah-premiere-presidente-de-la-namibie\/#primaryimage\"},\"thumbnailUrl\":\"https:\/\/appsaf.apieproject.com\/news\/wp-content\/uploads\/sites\/29\/2025\/03\/namibia-president.jpg\",\"datePublished\":\"2025-03-24T01:11:06+00:00\",\"dateModified\":\"2025-03-31T03:39:43+00:00\",\"breadcrumb\":{\"@id\":\"https:\/\/appsaf.apieproject.com\/news\/fr\/2025\/03\/24\/netumbo-nandi-ndaitwah-premiere-presidente-de-la-namibie\/#breadcrumb\"},\"inLanguage\":\"fr-FR\",\"potentialAction\":[{\"@type\":\"ReadAction\",\"target\":[\"https:\/\/appsaf.apieproject.com\/news\/fr\/2025\/03\/24\/netumbo-nandi-ndaitwah-premiere-presidente-de-la-namibie\/\"]}]},{\"@type\":\"ImageObject\",\"inLanguage\":\"fr-FR\",\"@id\":\"https:\/\/appsaf.apieproject.com\/news\/fr\/2025\/03\/24\/netumbo-nandi-ndaitwah-premiere-presidente-de-la-namibie\/#primaryimage\",\"url\":\"https:\/\/appsaf.apieproject.com\/news\/wp-content\/uploads\/sites\/29\/2025\/03\/namibia-president.jpg\",\"contentUrl\":\"https:\/\/appsaf.apieproject.com\/news\/wp-content\/uploads\/sites\/29\/2025\/03\/namibia-president.jpg\",\"width\":672,\"height\":415},{\"@type\":\"BreadcrumbList\",\"@id\":\"https:\/\/appsaf.apieproject.com\/news\/fr\/2025\/03\/24\/netumbo-nandi-ndaitwah-premiere-presidente-de-la-namibie\/#breadcrumb\",\"itemListElement\":[{\"@type\":\"ListItem\",\"position\":1,\"name\":\"Home\",\"item\":\"https:\/\/appsaf.apieproject.com\/news\/fr\/home\/\"},{\"@type\":\"ListItem\",\"position\":2,\"name\":\"Netumbo Nandi-Ndaitwah: Premi\u00e8re Pr\u00e9sidente De La Namibie\"}]},{\"@type\":\"WebSite\",\"@id\":\"https:\/\/appsaf.apieproject.com\/news\/#website\",\"url\":\"https:\/\/appsaf.apieproject.com\/news\/\",\"name\":\"APIE NEWS\",\"description\":\"PANAFRICANISM NEWS PORTAL\",\"publisher\":{\"@id\":\"https:\/\/appsaf.apieproject.com\/news\/#organization\"},\"potentialAction\":[{\"@type\":\"SearchAction\",\"target\":{\"@type\":\"EntryPoint\",\"urlTemplate\":\"https:\/\/appsaf.apieproject.com\/news\/?s={search_term_string}\"},\"query-input\":{\"@type\":\"PropertyValueSpecification\",\"valueRequired\":true,\"valueName\":\"search_term_string\"}}],\"inLanguage\":\"fr-FR\"},{\"@type\":\"Organization\",\"@id\":\"https:\/\/appsaf.apieproject.com\/news\/#organization\",\"name\":\"APIE PROJECT\",\"url\":\"https:\/\/appsaf.apieproject.com\/news\/\",\"logo\":{\"@type\":\"ImageObject\",\"inLanguage\":\"fr-FR\",\"@id\":\"https:\/\/appsaf.apieproject.com\/news\/#\/schema\/logo\/image\/\",\"url\":\"https:\/\/appsaf.apieproject.com\/news\/wp-content\/uploads\/sites\/29\/2022\/07\/logo-R-TransparentBackground.png\",\"contentUrl\":\"https:\/\/appsaf.apieproject.com\/news\/wp-content\/uploads\/sites\/29\/2022\/07\/logo-R-TransparentBackground.png\",\"width\":512,\"height\":512,\"caption\":\"APIE PROJECT\"},\"image\":{\"@id\":\"https:\/\/appsaf.apieproject.com\/news\/#\/schema\/logo\/image\/\"},\"sameAs\":[\"https:\/\/facebook.com\/apieproject\",\"https:\/\/x.com\/apieproject\"]},{\"@type\":\"Person\",\"@id\":\"https:\/\/appsaf.apieproject.com\/news\/#\/schema\/person\/ad5502ca15531a327ebd9865992b8492\",\"name\":\"apieproject\",\"image\":{\"@type\":\"ImageObject\",\"inLanguage\":\"fr-FR\",\"@id\":\"https:\/\/appsaf.apieproject.com\/news\/#\/schema\/person\/image\/\",\"url\":\"https:\/\/secure.gravatar.com\/avatar\/8da820f890920c54e6a9a30087a8b9ec?s=96&d=mm&r=g\",\"contentUrl\":\"https:\/\/secure.gravatar.com\/avatar\/8da820f890920c54e6a9a30087a8b9ec?s=96&d=mm&r=g\",\"caption\":\"apieproject\"},\"url\":\"https:\/\/appsaf.apieproject.com\/news\/fr\/author\/apieproject\/\"}]}<\/script>\n<!-- \/ Yoast SEO plugin. -->","yoast_head_json":{"title":"Netumbo Nandi-Ndaitwah: Premi\u00e8re Pr\u00e9sidente De La Namibie - APIE NEWS","robots":{"index":"index","follow":"follow","max-snippet":"max-snippet:-1","max-image-preview":"max-image-preview:large","max-video-preview":"max-video-preview:-1"},"canonical":"https:\/\/appsaf.apieproject.com\/news\/fr\/2025\/03\/24\/netumbo-nandi-ndaitwah-premiere-presidente-de-la-namibie\/","og_locale":"fr_FR","og_type":"article","og_title":"Netumbo Nandi-Ndaitwah: Premi\u00e8re Pr\u00e9sidente De La Namibie - APIE NEWS","og_description":"La Namibie a une nouvelle pr\u00e9sidente et pour la premi\u00e8re fois, c\u2019est une femme. Netumbo Nandi-Ndaitwah a pr\u00eat\u00e9 serment ce vendredi \u00e0 Windhoek, la capitale du pays, apr\u00e8s des \u00e9lections contest\u00e9es en novembre dernier. Plusieurs chefs d\u2019\u00c9tat africains ont fait le d\u00e9placement pour assister \u00e0 l\u2019\u00e9v\u00e9nement. Parmi eux, les pr\u00e9sidents de l\u2019Afrique du Sud, de [&hellip;]","og_url":"https:\/\/appsaf.apieproject.com\/news\/fr\/2025\/03\/24\/netumbo-nandi-ndaitwah-premiere-presidente-de-la-namibie\/","og_site_name":"APIE NEWS","article_publisher":"https:\/\/facebook.com\/apieproject","article_published_time":"2025-03-24T01:11:06+00:00","article_modified_time":"2025-03-31T03:39:43+00:00","og_image":[{"width":672,"height":415,"url":"https:\/\/appsaf.apieproject.com\/news\/wp-content\/uploads\/sites\/29\/2025\/03\/namibia-president.jpg","type":"image\/jpeg"}],"author":"apieproject","twitter_card":"summary_large_image","twitter_creator":"@apieproject","twitter_site":"@apieproject","twitter_misc":{"\u00c9crit par":"apieproject","Dur\u00e9e de lecture estim\u00e9e":"2 minutes"},"schema":{"@context":"https:\/\/schema.org","@graph":[{"@type":"Article","@id":"https:\/\/appsaf.apieproject.com\/news\/fr\/2025\/03\/24\/netumbo-nandi-ndaitwah-premiere-presidente-de-la-namibie\/#article","isPartOf":{"@id":"https:\/\/appsaf.apieproject.com\/news\/fr\/2025\/03\/24\/netumbo-nandi-ndaitwah-premiere-presidente-de-la-namibie\/"},"author":{"name":"apieproject","@id":"https:\/\/appsaf.apieproject.com\/news\/#\/schema\/person\/ad5502ca15531a327ebd9865992b8492"},"headline":"Netumbo Nandi-Ndaitwah: Premi\u00e8re Pr\u00e9sidente De La Namibie","datePublished":"2025-03-24T01:11:06+00:00","dateModified":"2025-03-31T03:39:43+00:00","mainEntityOfPage":{"@id":"https:\/\/appsaf.apieproject.com\/news\/fr\/2025\/03\/24\/netumbo-nandi-ndaitwah-premiere-presidente-de-la-namibie\/"},"wordCount":370,"commentCount":0,"publisher":{"@id":"https:\/\/appsaf.apieproject.com\/news\/#organization"},"image":{"@id":"https:\/\/appsaf.apieproject.com\/news\/fr\/2025\/03\/24\/netumbo-nandi-ndaitwah-premiere-presidente-de-la-namibie\/#primaryimage"},"thumbnailUrl":"https:\/\/appsaf.apieproject.com\/news\/wp-content\/uploads\/sites\/29\/2025\/03\/namibia-president.jpg","keywords":["actualites","apie project","politique"],"articleSection":["Actualit\u00e9s","Politique"],"inLanguage":"fr-FR","potentialAction":[{"@type":"CommentAction","name":"Comment","target":["https:\/\/appsaf.apieproject.com\/news\/fr\/2025\/03\/24\/netumbo-nandi-ndaitwah-premiere-presidente-de-la-namibie\/#respond"]}]},{"@type":"WebPage","@id":"https:\/\/appsaf.apieproject.com\/news\/fr\/2025\/03\/24\/netumbo-nandi-ndaitwah-premiere-presidente-de-la-namibie\/","url":"https:\/\/appsaf.apieproject.com\/news\/fr\/2025\/03\/24\/netumbo-nandi-ndaitwah-premiere-presidente-de-la-namibie\/","name":"Netumbo Nandi-Ndaitwah: Premi\u00e8re Pr\u00e9sidente De La Namibie - APIE NEWS","isPartOf":{"@id":"https:\/\/appsaf.apieproject.com\/news\/#website"},"primaryImageOfPage":{"@id":"https:\/\/appsaf.apieproject.com\/news\/fr\/2025\/03\/24\/netumbo-nandi-ndaitwah-premiere-presidente-de-la-namibie\/#primaryimage"},"image":{"@id":"https:\/\/appsaf.apieproject.com\/news\/fr\/2025\/03\/24\/netumbo-nandi-ndaitwah-premiere-presidente-de-la-namibie\/#primaryimage"},"thumbnailUrl":"https:\/\/appsaf.apieproject.com\/news\/wp-content\/uploads\/sites\/29\/2025\/03\/namibia-president.jpg","datePublished":"2025-03-24T01:11:06+00:00","dateModified":"2025-03-31T03:39:43+00:00","breadcrumb":{"@id":"https:\/\/appsaf.apieproject.com\/news\/fr\/2025\/03\/24\/netumbo-nandi-ndaitwah-premiere-presidente-de-la-namibie\/#breadcrumb"},"inLanguage":"fr-FR","potentialAction":[{"@type":"ReadAction","target":["https:\/\/appsaf.apieproject.com\/news\/fr\/2025\/03\/24\/netumbo-nandi-ndaitwah-premiere-presidente-de-la-namibie\/"]}]},{"@type":"ImageObject","inLanguage":"fr-FR","@id":"https:\/\/appsaf.apieproject.com\/news\/fr\/2025\/03\/24\/netumbo-nandi-ndaitwah-premiere-presidente-de-la-namibie\/#primaryimage","url":"https:\/\/appsaf.apieproject.com\/news\/wp-content\/uploads\/sites\/29\/2025\/03\/namibia-president.jpg","contentUrl":"https:\/\/appsaf.apieproject.com\/news\/wp-content\/uploads\/sites\/29\/2025\/03\/namibia-president.jpg","width":672,"height":415},{"@type":"BreadcrumbList","@id":"https:\/\/appsaf.apieproject.com\/news\/fr\/2025\/03\/24\/netumbo-nandi-ndaitwah-premiere-presidente-de-la-namibie\/#breadcrumb","itemListElement":[{"@type":"ListItem","position":1,"name":"Home","item":"https:\/\/appsaf.apieproject.com\/news\/fr\/home\/"},{"@type":"ListItem","position":2,"name":"Netumbo Nandi-Ndaitwah: Premi\u00e8re Pr\u00e9sidente De La Namibie"}]},{"@type":"WebSite","@id":"https:\/\/appsaf.apieproject.com\/news\/#website","url":"https:\/\/appsaf.apieproject.com\/news\/","name":"APIE NEWS","description":"PANAFRICANISM NEWS PORTAL","publisher":{"@id":"https:\/\/appsaf.apieproject.com\/news\/#organization"},"potentialAction":[{"@type":"SearchAction","target":{"@type":"EntryPoint","urlTemplate":"https:\/\/appsaf.apieproject.com\/news\/?s={search_term_string}"},"query-input":{"@type":"PropertyValueSpecification","valueRequired":true,"valueName":"search_term_string"}}],"inLanguage":"fr-FR"},{"@type":"Organization","@id":"https:\/\/appsaf.apieproject.com\/news\/#organization","name":"APIE PROJECT","url":"https:\/\/appsaf.apieproject.com\/news\/","logo":{"@type":"ImageObject","inLanguage":"fr-FR","@id":"https:\/\/appsaf.apieproject.com\/news\/#\/schema\/logo\/image\/","url":"https:\/\/appsaf.apieproject.com\/news\/wp-content\/uploads\/sites\/29\/2022\/07\/logo-R-TransparentBackground.png","contentUrl":"https:\/\/appsaf.apieproject.com\/news\/wp-content\/uploads\/sites\/29\/2022\/07\/logo-R-TransparentBackground.png","width":512,"height":512,"caption":"APIE PROJECT"},"image":{"@id":"https:\/\/appsaf.apieproject.com\/news\/#\/schema\/logo\/image\/"},"sameAs":["https:\/\/facebook.com\/apieproject","https:\/\/x.com\/apieproject"]},{"@type":"Person","@id":"https:\/\/appsaf.apieproject.com\/news\/#\/schema\/person\/ad5502ca15531a327ebd9865992b8492","name":"apieproject","image":{"@type":"ImageObject","inLanguage":"fr-FR","@id":"https:\/\/appsaf.apieproject.com\/news\/#\/schema\/person\/image\/","url":"https:\/\/secure.gravatar.com\/avatar\/8da820f890920c54e6a9a30087a8b9ec?s=96&d=mm&r=g","contentUrl":"https:\/\/secure.gravatar.com\/avatar\/8da820f890920c54e6a9a30087a8b9ec?s=96&d=mm&r=g","caption":"apieproject"},"url":"https:\/\/appsaf.apieproject.com\/news\/fr\/author\/apieproject\/"}]}},"_links":{"self":[{"href":"https:\/\/appsaf.apieproject.com\/news\/fr\/wp-json\/wp\/v2\/posts\/40281","targetHints":{"allow":["GET"]}}],"collection":[{"href":"https:\/\/appsaf.apieproject.com\/news\/fr\/wp-json\/wp\/v2\/posts"}],"about":[{"href":"https:\/\/appsaf.apieproject.com\/news\/fr\/wp-json\/wp\/v2\/types\/post"}],"author":[{"embeddable":true,"href":"https:\/\/appsaf.apieproject.com\/news\/fr\/wp-json\/wp\/v2\/users\/1"}],"replies":[{"embeddable":true,"href":"https:\/\/appsaf.apieproject.com\/news\/fr\/wp-json\/wp\/v2\/comments?post=40281"}],"version-history":[{"count":1,"href":"https:\/\/appsaf.apieproject.com\/news\/fr\/wp-json\/wp\/v2\/posts\/40281\/revisions"}],"predecessor-version":[{"id":40282,"href":"https:\/\/appsaf.apieproject.com\/news\/fr\/wp-json\/wp\/v2\/posts\/40281\/revisions\/40282"}],"wp:featuredmedia":[{"embeddable":true,"href":"https:\/\/appsaf.apieproject.com\/news\/fr\/wp-json\/wp\/v2\/media\/40268"}],"wp:attachment":[{"href":"https:\/\/appsaf.apieproject.com\/news\/fr\/wp-json\/wp\/v2\/media?parent=40281"}],"wp:term":[{"taxonomy":"category","embeddable":true,"href":"https:\/\/appsaf.apieproject.com\/news\/fr\/wp-json\/wp\/v2\/categories?post=40281"},{"taxonomy":"post_tag","embeddable":true,"href":"https:\/\/appsaf.apieproject.com\/news\/fr\/wp-json\/wp\/v2\/tags?post=40281"}],"curies":[{"name":"wp","href":"https:\/\/api.w.org\/{rel}","templated":true}]}}