{"id":40335,"date":"2025-04-06T22:25:57","date_gmt":"2025-04-06T22:25:57","guid":{"rendered":"https:\/\/appsaf.apieproject.com\/news\/?p=40335"},"modified":"2025-04-14T04:01:51","modified_gmt":"2025-04-14T04:01:51","slug":"miss-cote-divoire-bannit-les-perruques","status":"publish","type":"post","link":"https:\/\/appsaf.apieproject.com\/news\/fr\/2025\/04\/06\/miss-cote-divoire-bannit-les-perruques\/","title":{"rendered":"Miss C\u00f4te d&rsquo;Ivoire Bannit Les Perruques"},"content":{"rendered":"\n<p>A quelques jours du d\u00e9but des pr\u00e9s\u00e9lections de Miss C\u00f4te d&rsquo;Ivoire qui se d\u00e9rouleront du 15 f\u00e9vrier au 10 mai, les crit\u00e8res du concours \u00e9voluent pour \u00eatre plus en phase avec l\u2019\u00e9volution des canons de beaut\u00e9. Finies les m\u00e8ches et les perruques : place, d\u00e9sormais, aux cheveux naturels.\u00a0<\/p>\n\n\n\n<p>Alors que les pr\u00e9s\u00e9lections de la 29e \u00e9dition de Miss\u00a0C\u00f4te d&rsquo;Ivoire\u00a0vont bient\u00f4t d\u00e9marrer &#8211; la grande finale aura lieu, elle, le 28 juin \u00e0 Abidjan &#8211; le concours a d\u00e9cid\u00e9 cette ann\u00e9e de changer les crit\u00e8res de s\u00e9lection des reines de beaut\u00e9. Pour les candidates, le principal changement r\u00e9side dans l&rsquo;interdiction qui leur est d\u00e9sormais faite de porter une perruque, un tissage ou des m\u00e8ches. Celles-ci doivent arborer un teint \u00ab\u00a0naturel\u00a0\u00bb.<\/p>\n\n\n\n<p>\u00ab&nbsp;T<em>outes les candidates qui souhaitent se pr\u00e9senter au concours de Miss C\u00f4te d&rsquo;Ivoire doivent se pr\u00e9senter avec des cheveux naturels. Elles peuvent venir natt\u00e9es, elles peuvent venir avec les cheveux courts, si elles n&rsquo;ont pas de cheveux elles peuvent venir raser. Ce changement vient du fait que nous sommes souvent interpell\u00e9s sur le fait que les m\u00e8ches, les perruques et les rajouts ne sont pas issus de la culture ivoirienne et de la culture africaine<\/em>&nbsp;\u00bb, explique&nbsp;Victor Yapobi, le pr\u00e9sident du Comit\u00e9 Miss C\u00f4te d\u2019Ivoire.<\/p>\n\n\n\n<h2 class=\"wp-block-heading\">Taille \u00e0 la baisse, limite d&rsquo;\u00e2ge \u00e0 la hausse<\/h2>\n\n\n\n<p>Dans les faits cependant, l&rsquo;\u00e9volution de ces canons de beaut\u00e9 ne se fait que tr\u00e8s lentement rel\u00e8ve, pour sa part, le sociologue Gnelbin Nicaise Hlil. \u00ab&nbsp;<em>Il&nbsp;est vrai que le mouvement couve depuis longtemps, que ce qui n&rsquo;est pas naturel, que ce qui est artificiel, est d\u00e9nonc\u00e9. Mais, parall\u00e8lement, lorsque l&rsquo;on observe la soci\u00e9t\u00e9, on constate que certaines tendances n&rsquo;ont pas vraiment diminu\u00e9.&nbsp;Si on se penche par exemple sur la d\u00e9pigmentation, le ph\u00e9nom\u00e8ne n&rsquo;est pas vraiment en recul, tout comme le port de la perruque n&rsquo;a pas baiss\u00e9&nbsp;<\/em>\u00bb, observe celui-ci.<\/p>\n\n\n\n<p>Les organisateurs de Miss C\u00f4te d&rsquo;Ivoire esp\u00e8rent, eux, attirer les candidates en all\u00e9geant d\u2019autres crit\u00e8res comme la taille &#8211; revue \u00e0 la baisse &#8211; ou la limite d\u2019\u00e2ge &#8211; revue \u00e0 la hausse : elle passe de 25 \u00e0 28 ans. Parmi les autres changements notoires, il convient de retenir aussi la r\u00e9duction des frais d\u2019inscription et l&rsquo;ouverture du concours aux candidates malheureuses des pr\u00e9c\u00e9dentes \u00e9ditions qui pourront donc, d\u00e9sormais, \u00e0 nouveau postuler.<\/p>\n\n\n\n<p><\/p>\n","protected":false},"excerpt":{"rendered":"<p>A quelques jours du d\u00e9but des pr\u00e9s\u00e9lections de Miss C\u00f4te d&rsquo;Ivoire qui se d\u00e9rouleront du 15 f\u00e9vrier au 10 mai, les crit\u00e8res du concours \u00e9voluent pour \u00eatre plus en phase avec l\u2019\u00e9volution des canons de beaut\u00e9. Finies les m\u00e8ches et les perruques : place, d\u00e9sormais, aux cheveux naturels.\u00a0 Alors que les pr\u00e9s\u00e9lections de la 29e [&hellip;]<\/p>\n","protected":false},"author":1,"featured_media":40322,"comment_status":"open","ping_status":"open","sticky":false,"template":"","format":"standard","meta":{"footnotes":""},"categories":[53,63],"tags":[78,87,94],"class_list":{"0":"post-40335","1":"post","2":"type-post","3":"status-publish","4":"format-standard","5":"has-post-thumbnail","7":"category-culture-fr","8":"category-mode-de-vie","9":"tag-apie-project-2","10":"tag-culture-2","11":"tag-mode-de-vie"},"yoast_head":"<!-- This site is optimized with the Yoast SEO plugin v24.4 - https:\/\/yoast.com\/wordpress\/plugins\/seo\/ -->\n<title>Miss C\u00f4te d&#039;Ivoire Bannit Les Perruques - APIE NEWS<\/title>\n<meta name=\"robots\" content=\"index, follow, max-snippet:-1, max-image-preview:large, max-video-preview:-1\" \/>\n<link rel=\"canonical\" href=\"https:\/\/appsaf.apieproject.com\/news\/fr\/2025\/04\/06\/miss-cote-divoire-bannit-les-perruques\/\" \/>\n<meta property=\"og:locale\" content=\"fr_FR\" \/>\n<meta property=\"og:type\" content=\"article\" \/>\n<meta property=\"og:title\" content=\"Miss C\u00f4te d&#039;Ivoire Bannit Les Perruques - APIE NEWS\" \/>\n<meta property=\"og:description\" content=\"A quelques jours du d\u00e9but des pr\u00e9s\u00e9lections de Miss C\u00f4te d&rsquo;Ivoire qui se d\u00e9rouleront du 15 f\u00e9vrier au 10 mai, les crit\u00e8res du concours \u00e9voluent pour \u00eatre plus en phase avec l\u2019\u00e9volution des canons de beaut\u00e9. Finies les m\u00e8ches et les perruques : place, d\u00e9sormais, aux cheveux naturels.\u00a0 Alors que les pr\u00e9s\u00e9lections de la 29e [&hellip;]\" \/>\n<meta property=\"og:url\" content=\"https:\/\/appsaf.apieproject.com\/news\/fr\/2025\/04\/06\/miss-cote-divoire-bannit-les-perruques\/\" \/>\n<meta property=\"og:site_name\" content=\"APIE NEWS\" \/>\n<meta property=\"article:publisher\" content=\"https:\/\/facebook.com\/apieproject\" \/>\n<meta property=\"article:published_time\" content=\"2025-04-06T22:25:57+00:00\" \/>\n<meta property=\"article:modified_time\" content=\"2025-04-14T04:01:51+00:00\" \/>\n<meta property=\"og:image\" content=\"https:\/\/appsaf.apieproject.com\/news\/wp-content\/uploads\/sites\/29\/2025\/04\/miss-ivory-coast.jpg\" \/>\n\t<meta property=\"og:image:width\" content=\"577\" \/>\n\t<meta property=\"og:image:height\" content=\"314\" \/>\n\t<meta property=\"og:image:type\" content=\"image\/jpeg\" \/>\n<meta name=\"author\" content=\"apieproject\" \/>\n<meta name=\"twitter:card\" content=\"summary_large_image\" \/>\n<meta name=\"twitter:creator\" content=\"@apieproject\" \/>\n<meta name=\"twitter:site\" content=\"@apieproject\" \/>\n<meta name=\"twitter:label1\" content=\"\u00c9crit par\" \/>\n\t<meta name=\"twitter:data1\" content=\"apieproject\" \/>\n\t<meta name=\"twitter:label2\" content=\"Dur\u00e9e de lecture estim\u00e9e\" \/>\n\t<meta name=\"twitter:data2\" content=\"2 minutes\" \/>\n<script type=\"application\/ld+json\" class=\"yoast-schema-graph\">{\"@context\":\"https:\/\/schema.org\",\"@graph\":[{\"@type\":\"Article\",\"@id\":\"https:\/\/appsaf.apieproject.com\/news\/fr\/2025\/04\/06\/miss-cote-divoire-bannit-les-perruques\/#article\",\"isPartOf\":{\"@id\":\"https:\/\/appsaf.apieproject.com\/news\/fr\/2025\/04\/06\/miss-cote-divoire-bannit-les-perruques\/\"},\"author\":{\"name\":\"apieproject\",\"@id\":\"https:\/\/appsaf.apieproject.com\/news\/#\/schema\/person\/ad5502ca15531a327ebd9865992b8492\"},\"headline\":\"Miss C\u00f4te d&rsquo;Ivoire Bannit Les Perruques\",\"datePublished\":\"2025-04-06T22:25:57+00:00\",\"dateModified\":\"2025-04-14T04:01:51+00:00\",\"mainEntityOfPage\":{\"@id\":\"https:\/\/appsaf.apieproject.com\/news\/fr\/2025\/04\/06\/miss-cote-divoire-bannit-les-perruques\/\"},\"wordCount\":444,\"commentCount\":0,\"publisher\":{\"@id\":\"https:\/\/appsaf.apieproject.com\/news\/#organization\"},\"image\":{\"@id\":\"https:\/\/appsaf.apieproject.com\/news\/fr\/2025\/04\/06\/miss-cote-divoire-bannit-les-perruques\/#primaryimage\"},\"thumbnailUrl\":\"https:\/\/appsaf.apieproject.com\/news\/wp-content\/uploads\/sites\/29\/2025\/04\/miss-ivory-coast.jpg\",\"keywords\":[\"apie project\",\"culture\",\"mode de vie\"],\"articleSection\":[\"Culture\",\"Mode de Vie\"],\"inLanguage\":\"fr-FR\",\"potentialAction\":[{\"@type\":\"CommentAction\",\"name\":\"Comment\",\"target\":[\"https:\/\/appsaf.apieproject.com\/news\/fr\/2025\/04\/06\/miss-cote-divoire-bannit-les-perruques\/#respond\"]}]},{\"@type\":\"WebPage\",\"@id\":\"https:\/\/appsaf.apieproject.com\/news\/fr\/2025\/04\/06\/miss-cote-divoire-bannit-les-perruques\/\",\"url\":\"https:\/\/appsaf.apieproject.com\/news\/fr\/2025\/04\/06\/miss-cote-divoire-bannit-les-perruques\/\",\"name\":\"Miss C\u00f4te d'Ivoire Bannit Les Perruques - APIE NEWS\",\"isPartOf\":{\"@id\":\"https:\/\/appsaf.apieproject.com\/news\/#website\"},\"primaryImageOfPage\":{\"@id\":\"https:\/\/appsaf.apieproject.com\/news\/fr\/2025\/04\/06\/miss-cote-divoire-bannit-les-perruques\/#primaryimage\"},\"image\":{\"@id\":\"https:\/\/appsaf.apieproject.com\/news\/fr\/2025\/04\/06\/miss-cote-divoire-bannit-les-perruques\/#primaryimage\"},\"thumbnailUrl\":\"https:\/\/appsaf.apieproject.com\/news\/wp-content\/uploads\/sites\/29\/2025\/04\/miss-ivory-coast.jpg\",\"datePublished\":\"2025-04-06T22:25:57+00:00\",\"dateModified\":\"2025-04-14T04:01:51+00:00\",\"breadcrumb\":{\"@id\":\"https:\/\/appsaf.apieproject.com\/news\/fr\/2025\/04\/06\/miss-cote-divoire-bannit-les-perruques\/#breadcrumb\"},\"inLanguage\":\"fr-FR\",\"potentialAction\":[{\"@type\":\"ReadAction\",\"target\":[\"https:\/\/appsaf.apieproject.com\/news\/fr\/2025\/04\/06\/miss-cote-divoire-bannit-les-perruques\/\"]}]},{\"@type\":\"ImageObject\",\"inLanguage\":\"fr-FR\",\"@id\":\"https:\/\/appsaf.apieproject.com\/news\/fr\/2025\/04\/06\/miss-cote-divoire-bannit-les-perruques\/#primaryimage\",\"url\":\"https:\/\/appsaf.apieproject.com\/news\/wp-content\/uploads\/sites\/29\/2025\/04\/miss-ivory-coast.jpg\",\"contentUrl\":\"https:\/\/appsaf.apieproject.com\/news\/wp-content\/uploads\/sites\/29\/2025\/04\/miss-ivory-coast.jpg\",\"width\":577,\"height\":314},{\"@type\":\"BreadcrumbList\",\"@id\":\"https:\/\/appsaf.apieproject.com\/news\/fr\/2025\/04\/06\/miss-cote-divoire-bannit-les-perruques\/#breadcrumb\",\"itemListElement\":[{\"@type\":\"ListItem\",\"position\":1,\"name\":\"Home\",\"item\":\"https:\/\/appsaf.apieproject.com\/news\/fr\/home\/\"},{\"@type\":\"ListItem\",\"position\":2,\"name\":\"Miss C\u00f4te d&#8217;Ivoire Bannit Les Perruques\"}]},{\"@type\":\"WebSite\",\"@id\":\"https:\/\/appsaf.apieproject.com\/news\/#website\",\"url\":\"https:\/\/appsaf.apieproject.com\/news\/\",\"name\":\"APIE NEWS\",\"description\":\"PANAFRICANISM NEWS PORTAL\",\"publisher\":{\"@id\":\"https:\/\/appsaf.apieproject.com\/news\/#organization\"},\"potentialAction\":[{\"@type\":\"SearchAction\",\"target\":{\"@type\":\"EntryPoint\",\"urlTemplate\":\"https:\/\/appsaf.apieproject.com\/news\/?s={search_term_string}\"},\"query-input\":{\"@type\":\"PropertyValueSpecification\",\"valueRequired\":true,\"valueName\":\"search_term_string\"}}],\"inLanguage\":\"fr-FR\"},{\"@type\":\"Organization\",\"@id\":\"https:\/\/appsaf.apieproject.com\/news\/#organization\",\"name\":\"APIE PROJECT\",\"url\":\"https:\/\/appsaf.apieproject.com\/news\/\",\"logo\":{\"@type\":\"ImageObject\",\"inLanguage\":\"fr-FR\",\"@id\":\"https:\/\/appsaf.apieproject.com\/news\/#\/schema\/logo\/image\/\",\"url\":\"https:\/\/appsaf.apieproject.com\/news\/wp-content\/uploads\/sites\/29\/2022\/07\/logo-R-TransparentBackground.png\",\"contentUrl\":\"https:\/\/appsaf.apieproject.com\/news\/wp-content\/uploads\/sites\/29\/2022\/07\/logo-R-TransparentBackground.png\",\"width\":512,\"height\":512,\"caption\":\"APIE PROJECT\"},\"image\":{\"@id\":\"https:\/\/appsaf.apieproject.com\/news\/#\/schema\/logo\/image\/\"},\"sameAs\":[\"https:\/\/facebook.com\/apieproject\",\"https:\/\/x.com\/apieproject\"]},{\"@type\":\"Person\",\"@id\":\"https:\/\/appsaf.apieproject.com\/news\/#\/schema\/person\/ad5502ca15531a327ebd9865992b8492\",\"name\":\"apieproject\",\"image\":{\"@type\":\"ImageObject\",\"inLanguage\":\"fr-FR\",\"@id\":\"https:\/\/appsaf.apieproject.com\/news\/#\/schema\/person\/image\/\",\"url\":\"https:\/\/secure.gravatar.com\/avatar\/8da820f890920c54e6a9a30087a8b9ec?s=96&d=mm&r=g\",\"contentUrl\":\"https:\/\/secure.gravatar.com\/avatar\/8da820f890920c54e6a9a30087a8b9ec?s=96&d=mm&r=g\",\"caption\":\"apieproject\"},\"url\":\"https:\/\/appsaf.apieproject.com\/news\/fr\/author\/apieproject\/\"}]}<\/script>\n<!-- \/ Yoast SEO plugin. -->","yoast_head_json":{"title":"Miss C\u00f4te d'Ivoire Bannit Les Perruques - APIE NEWS","robots":{"index":"index","follow":"follow","max-snippet":"max-snippet:-1","max-image-preview":"max-image-preview:large","max-video-preview":"max-video-preview:-1"},"canonical":"https:\/\/appsaf.apieproject.com\/news\/fr\/2025\/04\/06\/miss-cote-divoire-bannit-les-perruques\/","og_locale":"fr_FR","og_type":"article","og_title":"Miss C\u00f4te d'Ivoire Bannit Les Perruques - APIE NEWS","og_description":"A quelques jours du d\u00e9but des pr\u00e9s\u00e9lections de Miss C\u00f4te d&rsquo;Ivoire qui se d\u00e9rouleront du 15 f\u00e9vrier au 10 mai, les crit\u00e8res du concours \u00e9voluent pour \u00eatre plus en phase avec l\u2019\u00e9volution des canons de beaut\u00e9. Finies les m\u00e8ches et les perruques : place, d\u00e9sormais, aux cheveux naturels.\u00a0 Alors que les pr\u00e9s\u00e9lections de la 29e [&hellip;]","og_url":"https:\/\/appsaf.apieproject.com\/news\/fr\/2025\/04\/06\/miss-cote-divoire-bannit-les-perruques\/","og_site_name":"APIE NEWS","article_publisher":"https:\/\/facebook.com\/apieproject","article_published_time":"2025-04-06T22:25:57+00:00","article_modified_time":"2025-04-14T04:01:51+00:00","og_image":[{"width":577,"height":314,"url":"https:\/\/appsaf.apieproject.com\/news\/wp-content\/uploads\/sites\/29\/2025\/04\/miss-ivory-coast.jpg","type":"image\/jpeg"}],"author":"apieproject","twitter_card":"summary_large_image","twitter_creator":"@apieproject","twitter_site":"@apieproject","twitter_misc":{"\u00c9crit par":"apieproject","Dur\u00e9e de lecture estim\u00e9e":"2 minutes"},"schema":{"@context":"https:\/\/schema.org","@graph":[{"@type":"Article","@id":"https:\/\/appsaf.apieproject.com\/news\/fr\/2025\/04\/06\/miss-cote-divoire-bannit-les-perruques\/#article","isPartOf":{"@id":"https:\/\/appsaf.apieproject.com\/news\/fr\/2025\/04\/06\/miss-cote-divoire-bannit-les-perruques\/"},"author":{"name":"apieproject","@id":"https:\/\/appsaf.apieproject.com\/news\/#\/schema\/person\/ad5502ca15531a327ebd9865992b8492"},"headline":"Miss C\u00f4te d&rsquo;Ivoire Bannit Les Perruques","datePublished":"2025-04-06T22:25:57+00:00","dateModified":"2025-04-14T04:01:51+00:00","mainEntityOfPage":{"@id":"https:\/\/appsaf.apieproject.com\/news\/fr\/2025\/04\/06\/miss-cote-divoire-bannit-les-perruques\/"},"wordCount":444,"commentCount":0,"publisher":{"@id":"https:\/\/appsaf.apieproject.com\/news\/#organization"},"image":{"@id":"https:\/\/appsaf.apieproject.com\/news\/fr\/2025\/04\/06\/miss-cote-divoire-bannit-les-perruques\/#primaryimage"},"thumbnailUrl":"https:\/\/appsaf.apieproject.com\/news\/wp-content\/uploads\/sites\/29\/2025\/04\/miss-ivory-coast.jpg","keywords":["apie project","culture","mode de vie"],"articleSection":["Culture","Mode de Vie"],"inLanguage":"fr-FR","potentialAction":[{"@type":"CommentAction","name":"Comment","target":["https:\/\/appsaf.apieproject.com\/news\/fr\/2025\/04\/06\/miss-cote-divoire-bannit-les-perruques\/#respond"]}]},{"@type":"WebPage","@id":"https:\/\/appsaf.apieproject.com\/news\/fr\/2025\/04\/06\/miss-cote-divoire-bannit-les-perruques\/","url":"https:\/\/appsaf.apieproject.com\/news\/fr\/2025\/04\/06\/miss-cote-divoire-bannit-les-perruques\/","name":"Miss C\u00f4te d'Ivoire Bannit Les Perruques - APIE NEWS","isPartOf":{"@id":"https:\/\/appsaf.apieproject.com\/news\/#website"},"primaryImageOfPage":{"@id":"https:\/\/appsaf.apieproject.com\/news\/fr\/2025\/04\/06\/miss-cote-divoire-bannit-les-perruques\/#primaryimage"},"image":{"@id":"https:\/\/appsaf.apieproject.com\/news\/fr\/2025\/04\/06\/miss-cote-divoire-bannit-les-perruques\/#primaryimage"},"thumbnailUrl":"https:\/\/appsaf.apieproject.com\/news\/wp-content\/uploads\/sites\/29\/2025\/04\/miss-ivory-coast.jpg","datePublished":"2025-04-06T22:25:57+00:00","dateModified":"2025-04-14T04:01:51+00:00","breadcrumb":{"@id":"https:\/\/appsaf.apieproject.com\/news\/fr\/2025\/04\/06\/miss-cote-divoire-bannit-les-perruques\/#breadcrumb"},"inLanguage":"fr-FR","potentialAction":[{"@type":"ReadAction","target":["https:\/\/appsaf.apieproject.com\/news\/fr\/2025\/04\/06\/miss-cote-divoire-bannit-les-perruques\/"]}]},{"@type":"ImageObject","inLanguage":"fr-FR","@id":"https:\/\/appsaf.apieproject.com\/news\/fr\/2025\/04\/06\/miss-cote-divoire-bannit-les-perruques\/#primaryimage","url":"https:\/\/appsaf.apieproject.com\/news\/wp-content\/uploads\/sites\/29\/2025\/04\/miss-ivory-coast.jpg","contentUrl":"https:\/\/appsaf.apieproject.com\/news\/wp-content\/uploads\/sites\/29\/2025\/04\/miss-ivory-coast.jpg","width":577,"height":314},{"@type":"BreadcrumbList","@id":"https:\/\/appsaf.apieproject.com\/news\/fr\/2025\/04\/06\/miss-cote-divoire-bannit-les-perruques\/#breadcrumb","itemListElement":[{"@type":"ListItem","position":1,"name":"Home","item":"https:\/\/appsaf.apieproject.com\/news\/fr\/home\/"},{"@type":"ListItem","position":2,"name":"Miss C\u00f4te d&#8217;Ivoire Bannit Les Perruques"}]},{"@type":"WebSite","@id":"https:\/\/appsaf.apieproject.com\/news\/#website","url":"https:\/\/appsaf.apieproject.com\/news\/","name":"APIE NEWS","description":"PANAFRICANISM NEWS PORTAL","publisher":{"@id":"https:\/\/appsaf.apieproject.com\/news\/#organization"},"potentialAction":[{"@type":"SearchAction","target":{"@type":"EntryPoint","urlTemplate":"https:\/\/appsaf.apieproject.com\/news\/?s={search_term_string}"},"query-input":{"@type":"PropertyValueSpecification","valueRequired":true,"valueName":"search_term_string"}}],"inLanguage":"fr-FR"},{"@type":"Organization","@id":"https:\/\/appsaf.apieproject.com\/news\/#organization","name":"APIE PROJECT","url":"https:\/\/appsaf.apieproject.com\/news\/","logo":{"@type":"ImageObject","inLanguage":"fr-FR","@id":"https:\/\/appsaf.apieproject.com\/news\/#\/schema\/logo\/image\/","url":"https:\/\/appsaf.apieproject.com\/news\/wp-content\/uploads\/sites\/29\/2022\/07\/logo-R-TransparentBackground.png","contentUrl":"https:\/\/appsaf.apieproject.com\/news\/wp-content\/uploads\/sites\/29\/2022\/07\/logo-R-TransparentBackground.png","width":512,"height":512,"caption":"APIE PROJECT"},"image":{"@id":"https:\/\/appsaf.apieproject.com\/news\/#\/schema\/logo\/image\/"},"sameAs":["https:\/\/facebook.com\/apieproject","https:\/\/x.com\/apieproject"]},{"@type":"Person","@id":"https:\/\/appsaf.apieproject.com\/news\/#\/schema\/person\/ad5502ca15531a327ebd9865992b8492","name":"apieproject","image":{"@type":"ImageObject","inLanguage":"fr-FR","@id":"https:\/\/appsaf.apieproject.com\/news\/#\/schema\/person\/image\/","url":"https:\/\/secure.gravatar.com\/avatar\/8da820f890920c54e6a9a30087a8b9ec?s=96&d=mm&r=g","contentUrl":"https:\/\/secure.gravatar.com\/avatar\/8da820f890920c54e6a9a30087a8b9ec?s=96&d=mm&r=g","caption":"apieproject"},"url":"https:\/\/appsaf.apieproject.com\/news\/fr\/author\/apieproject\/"}]}},"_links":{"self":[{"href":"https:\/\/appsaf.apieproject.com\/news\/fr\/wp-json\/wp\/v2\/posts\/40335","targetHints":{"allow":["GET"]}}],"collection":[{"href":"https:\/\/appsaf.apieproject.com\/news\/fr\/wp-json\/wp\/v2\/posts"}],"about":[{"href":"https:\/\/appsaf.apieproject.com\/news\/fr\/wp-json\/wp\/v2\/types\/post"}],"author":[{"embeddable":true,"href":"https:\/\/appsaf.apieproject.com\/news\/fr\/wp-json\/wp\/v2\/users\/1"}],"replies":[{"embeddable":true,"href":"https:\/\/appsaf.apieproject.com\/news\/fr\/wp-json\/wp\/v2\/comments?post=40335"}],"version-history":[{"count":1,"href":"https:\/\/appsaf.apieproject.com\/news\/fr\/wp-json\/wp\/v2\/posts\/40335\/revisions"}],"predecessor-version":[{"id":40336,"href":"https:\/\/appsaf.apieproject.com\/news\/fr\/wp-json\/wp\/v2\/posts\/40335\/revisions\/40336"}],"wp:featuredmedia":[{"embeddable":true,"href":"https:\/\/appsaf.apieproject.com\/news\/fr\/wp-json\/wp\/v2\/media\/40322"}],"wp:attachment":[{"href":"https:\/\/appsaf.apieproject.com\/news\/fr\/wp-json\/wp\/v2\/media?parent=40335"}],"wp:term":[{"taxonomy":"category","embeddable":true,"href":"https:\/\/appsaf.apieproject.com\/news\/fr\/wp-json\/wp\/v2\/categories?post=40335"},{"taxonomy":"post_tag","embeddable":true,"href":"https:\/\/appsaf.apieproject.com\/news\/fr\/wp-json\/wp\/v2\/tags?post=40335"}],"curies":[{"name":"wp","href":"https:\/\/api.w.org\/{rel}","templated":true}]}}