{"id":40520,"date":"2025-05-19T01:12:57","date_gmt":"2025-05-19T01:12:57","guid":{"rendered":"https:\/\/appsaf.apieproject.com\/news\/?p=40520"},"modified":"2025-05-25T23:16:38","modified_gmt":"2025-05-25T23:16:38","slug":"adieu-a-emmanuel-kunde","status":"publish","type":"post","link":"https:\/\/appsaf.apieproject.com\/news\/fr\/2025\/05\/19\/adieu-a-emmanuel-kunde\/","title":{"rendered":"Adieu \u00e0 Emmanuel Kund\u00e9"},"content":{"rendered":"\n<p>Le football africain est en deuil. Le 16 mai 2025, le Cameroun a perdu l\u2019un de ses plus illustres ambassadeurs du ballon rond : Emmanuel J\u00e9r\u00f4me Kund\u00e9 s\u2019est \u00e9teint \u00e0 l\u2019\u00e2ge de 68 ans. N\u00e9 le 15 juillet 1956 \u00e0 Ndom, ce d\u00e9fenseur \u00e9l\u00e9gant au physique imposant (1,86 m) incarnait l\u2019\u00e2me de la g\u00e9n\u00e9ration dor\u00e9e qui a fait rayonner le football camerounais sur la sc\u00e8ne internationale.<\/p>\n\n\n\n<h2 class=\"wp-block-heading\">Le roc de Ndom, pilier du Canon<\/h2>\n\n\n\n<p>Le parcours d\u2019Emmanuel Kund\u00e9 d\u00e9bute dans les clubs formateurs du Mbankomo Club puis \u00e0 Temp\u00eate de Nanga-Eboko, avant de conna\u00eetre la cons\u00e9cration avec le mythique Canon\u00a0Yaound\u00e9\u00a0qu\u2019il rejoint en 1977. Sous les couleurs du club de la capitale, il empile les titres nationaux et hisse son \u00e9quipe jusqu\u2019en finale de la Coupe des Vainqueurs de Coupe africaine en 1984. Sur le terrain, son intelligence tactique, son sens inn\u00e9 du placement, sa relance pr\u00e9cise et sa puissance physique font de lui un \u00ab\u00a0lib\u00e9ro\u00a0\u00bb d\u2019exception, moderne avant l\u2019heure.<\/p>\n\n\n\n<h2 class=\"wp-block-heading\">Le capitaine \u00e9ternel des Lions Indomptables<\/h2>\n\n\n\n<p>Avec le maillot vert-rouge-jaune sur les \u00e9paules, celui que l\u2019on surnommait affectueusement \u00ab\u00a0<em>La Tour de contr\u00f4le<\/em>\u00a0\u00bb accumule plus de 120 s\u00e9lections (127 selon les registres officiels de la FECAFOOT) et inscrit 17 buts cruciaux \u2013 principalement sur penalty, sa sp\u00e9cialit\u00e9. Son leadership tranquille guide les\u00a0Lions Indomptables\u00a0vers deux sacres continentaux lors des Coupes d\u2019Afrique des Nations de 1984 \u00e0 Abidjan et de 1988 o\u00f9 son tir au but victorieux contre le Nigeria entre dans la l\u00e9gende.<\/p>\n\n\n\n<p>Mais c\u2019est sans doute son penalty parfaitement ex\u00e9cut\u00e9 face au gardien anglais Peter Shilton lors de la d\u00e9faite en quart de finale de la Coupe du monde 1990 qui restera grav\u00e9 dans les m\u00e9moires. Ce jour-l\u00e0, il propulse le Cameroun dans une dimension in\u00e9dite en faisant trembler les anglais.\u00a0Le Cameroun\u00a0fut la premi\u00e8re nation africaine \u00e0 atteindre ce stade de la comp\u00e9tition mondiale.<\/p>\n\n\n\n<h2 class=\"wp-block-heading\">Un bref passage en Europe avant le retour aux sources<\/h2>\n\n\n\n<p>Entre 1987 et 1989, Kund\u00e9 d\u00e9couvre le championnat fran\u00e7ais, d\u2019abord sous les couleurs du Stade Lavallois puis du Stade de Reims, disputant 32 matchs et marquant 3 buts en Division 1. Mais fid\u00e8le \u00e0 ses racines, c\u2019est au Cameroun qu\u2019il choisit de terminer sa carri\u00e8re de joueur, successivement \u00e0 Pr\u00e9voyance Yaound\u00e9 puis Olympic Mvoly\u00e9, o\u00f9 son leadership permet encore de soulever une Coupe du Cameroun en 1992. Ce choix illustre parfaitement son attachement visc\u00e9ral \u00e0 sa terre natale, privil\u00e9giant l\u2019amour du pays aux sir\u00e8nes des grands championnats europ\u00e9ens.<\/p>\n\n\n\n<p>Apr\u00e8s avoir raccroch\u00e9 les crampons, Emmanuel Kund\u00e9 se reconvertit naturellement dans le coaching. Dipl\u00f4m\u00e9 d\u2019entra\u00eeneur, il transmet son savoir et ses valeurs aux bancs du Canon Yaound\u00e9, de l\u2019US Bitam au Gabon et du PWD Bamenda. Au sein des diff\u00e9rents staffs de la s\u00e9lection nationale, sa voix pos\u00e9e et ses conseils avis\u00e9s font autorit\u00e9. Sa philosophie de jeu, empreinte de simplicit\u00e9, de rigueur et d\u2019esprit collectif, refl\u00e8te parfaitement l\u2019homme qu\u2019il \u00e9tait sur et en dehors du terrain.<\/p>\n\n\n\n<h2 class=\"wp-block-heading\">\u00ab&nbsp;Un homme discret et affectueux&nbsp;\u00bb unanimement salu\u00e9<\/h2>\n\n\n\n<p>Les hommages affluent du monde entier, mais celui du pr\u00e9sident de la FECAFOOT,\u00a0Samuel Eto\u2019o, r\u00e9sume parfaitement l\u2019essence de l\u2019homme : \u00ab\u00a0<em>Il \u00e9tait le mur contre lequel les adversaires se brisaient, mais aussi un homme discret et affectueux. Sa disparition est une perte immense pour notre football.<\/em>\u00a0\u00bb<\/p>\n\n\n\n<p>Au-del\u00e0 des troph\u00e9es et des statistiques, Emmanuel Kund\u00e9 laisse l\u2019image d\u2019un leader exemplaire, capable de transformer les moments de pression intense en instants de s\u00e9r\u00e9nit\u00e9 collective. Son professionnalisme et son humilit\u00e9 rappellent qu\u2019il est possible d\u2019atteindre les sommets sans jamais perdre ses valeurs.<\/p>\n\n\n\n<p><\/p>\n","protected":false},"excerpt":{"rendered":"<p>Le football africain est en deuil. Le 16 mai 2025, le Cameroun a perdu l\u2019un de ses plus illustres ambassadeurs du ballon rond : Emmanuel J\u00e9r\u00f4me Kund\u00e9 s\u2019est \u00e9teint \u00e0 l\u2019\u00e2ge de 68 ans. N\u00e9 le 15 juillet 1956 \u00e0 Ndom, ce d\u00e9fenseur \u00e9l\u00e9gant au physique imposant (1,86 m) incarnait l\u2019\u00e2me de la g\u00e9n\u00e9ration dor\u00e9e [&hellip;]<\/p>\n","protected":false},"author":1,"featured_media":40521,"comment_status":"open","ping_status":"open","sticky":false,"template":"","format":"standard","meta":{"footnotes":""},"categories":[55,71],"tags":[78,88,85],"class_list":{"0":"post-40520","1":"post","2":"type-post","3":"status-publish","4":"format-standard","5":"has-post-thumbnail","7":"category-divertissement","8":"category-sports-fr","9":"tag-apie-project-2","10":"tag-divertissement","11":"tag-sports-2"},"yoast_head":"<!-- This site is optimized with the Yoast SEO plugin v24.4 - https:\/\/yoast.com\/wordpress\/plugins\/seo\/ -->\n<title>Adieu \u00e0 Emmanuel Kund\u00e9 - APIE NEWS<\/title>\n<meta name=\"robots\" content=\"index, follow, max-snippet:-1, max-image-preview:large, max-video-preview:-1\" \/>\n<link rel=\"canonical\" href=\"https:\/\/appsaf.apieproject.com\/news\/fr\/2025\/05\/19\/adieu-a-emmanuel-kunde\/\" \/>\n<meta property=\"og:locale\" content=\"fr_FR\" \/>\n<meta property=\"og:type\" content=\"article\" \/>\n<meta property=\"og:title\" content=\"Adieu \u00e0 Emmanuel Kund\u00e9 - APIE NEWS\" \/>\n<meta property=\"og:description\" content=\"Le football africain est en deuil. Le 16 mai 2025, le Cameroun a perdu l\u2019un de ses plus illustres ambassadeurs du ballon rond : Emmanuel J\u00e9r\u00f4me Kund\u00e9 s\u2019est \u00e9teint \u00e0 l\u2019\u00e2ge de 68 ans. N\u00e9 le 15 juillet 1956 \u00e0 Ndom, ce d\u00e9fenseur \u00e9l\u00e9gant au physique imposant (1,86 m) incarnait l\u2019\u00e2me de la g\u00e9n\u00e9ration dor\u00e9e [&hellip;]\" \/>\n<meta property=\"og:url\" content=\"https:\/\/appsaf.apieproject.com\/news\/fr\/2025\/05\/19\/adieu-a-emmanuel-kunde\/\" \/>\n<meta property=\"og:site_name\" content=\"APIE NEWS\" \/>\n<meta property=\"article:publisher\" content=\"https:\/\/facebook.com\/apieproject\" \/>\n<meta property=\"article:published_time\" content=\"2025-05-19T01:12:57+00:00\" \/>\n<meta property=\"article:modified_time\" content=\"2025-05-25T23:16:38+00:00\" \/>\n<meta property=\"og:image\" content=\"https:\/\/appsaf.apieproject.com\/news\/wp-content\/uploads\/sites\/29\/2025\/05\/kunde.jpg\" \/>\n\t<meta property=\"og:image:width\" content=\"276\" \/>\n\t<meta property=\"og:image:height\" content=\"364\" \/>\n\t<meta property=\"og:image:type\" content=\"image\/jpeg\" \/>\n<meta name=\"author\" content=\"apieproject\" \/>\n<meta name=\"twitter:card\" content=\"summary_large_image\" \/>\n<meta name=\"twitter:creator\" content=\"@apieproject\" \/>\n<meta name=\"twitter:site\" content=\"@apieproject\" \/>\n<meta name=\"twitter:label1\" content=\"\u00c9crit par\" \/>\n\t<meta name=\"twitter:data1\" content=\"apieproject\" \/>\n\t<meta name=\"twitter:label2\" content=\"Dur\u00e9e de lecture estim\u00e9e\" \/>\n\t<meta name=\"twitter:data2\" content=\"3 minutes\" \/>\n<script type=\"application\/ld+json\" class=\"yoast-schema-graph\">{\"@context\":\"https:\/\/schema.org\",\"@graph\":[{\"@type\":\"Article\",\"@id\":\"https:\/\/appsaf.apieproject.com\/news\/fr\/2025\/05\/19\/adieu-a-emmanuel-kunde\/#article\",\"isPartOf\":{\"@id\":\"https:\/\/appsaf.apieproject.com\/news\/fr\/2025\/05\/19\/adieu-a-emmanuel-kunde\/\"},\"author\":{\"name\":\"apieproject\",\"@id\":\"https:\/\/appsaf.apieproject.com\/news\/#\/schema\/person\/ad5502ca15531a327ebd9865992b8492\"},\"headline\":\"Adieu \u00e0 Emmanuel Kund\u00e9\",\"datePublished\":\"2025-05-19T01:12:57+00:00\",\"dateModified\":\"2025-05-25T23:16:38+00:00\",\"mainEntityOfPage\":{\"@id\":\"https:\/\/appsaf.apieproject.com\/news\/fr\/2025\/05\/19\/adieu-a-emmanuel-kunde\/\"},\"wordCount\":627,\"commentCount\":0,\"publisher\":{\"@id\":\"https:\/\/appsaf.apieproject.com\/news\/#organization\"},\"image\":{\"@id\":\"https:\/\/appsaf.apieproject.com\/news\/fr\/2025\/05\/19\/adieu-a-emmanuel-kunde\/#primaryimage\"},\"thumbnailUrl\":\"https:\/\/appsaf.apieproject.com\/news\/wp-content\/uploads\/sites\/29\/2025\/05\/kunde.jpg\",\"keywords\":[\"apie project\",\"divertissement\",\"sports\"],\"articleSection\":[\"Divertissement\",\"Sports\"],\"inLanguage\":\"fr-FR\",\"potentialAction\":[{\"@type\":\"CommentAction\",\"name\":\"Comment\",\"target\":[\"https:\/\/appsaf.apieproject.com\/news\/fr\/2025\/05\/19\/adieu-a-emmanuel-kunde\/#respond\"]}]},{\"@type\":\"WebPage\",\"@id\":\"https:\/\/appsaf.apieproject.com\/news\/fr\/2025\/05\/19\/adieu-a-emmanuel-kunde\/\",\"url\":\"https:\/\/appsaf.apieproject.com\/news\/fr\/2025\/05\/19\/adieu-a-emmanuel-kunde\/\",\"name\":\"Adieu \u00e0 Emmanuel Kund\u00e9 - APIE NEWS\",\"isPartOf\":{\"@id\":\"https:\/\/appsaf.apieproject.com\/news\/#website\"},\"primaryImageOfPage\":{\"@id\":\"https:\/\/appsaf.apieproject.com\/news\/fr\/2025\/05\/19\/adieu-a-emmanuel-kunde\/#primaryimage\"},\"image\":{\"@id\":\"https:\/\/appsaf.apieproject.com\/news\/fr\/2025\/05\/19\/adieu-a-emmanuel-kunde\/#primaryimage\"},\"thumbnailUrl\":\"https:\/\/appsaf.apieproject.com\/news\/wp-content\/uploads\/sites\/29\/2025\/05\/kunde.jpg\",\"datePublished\":\"2025-05-19T01:12:57+00:00\",\"dateModified\":\"2025-05-25T23:16:38+00:00\",\"breadcrumb\":{\"@id\":\"https:\/\/appsaf.apieproject.com\/news\/fr\/2025\/05\/19\/adieu-a-emmanuel-kunde\/#breadcrumb\"},\"inLanguage\":\"fr-FR\",\"potentialAction\":[{\"@type\":\"ReadAction\",\"target\":[\"https:\/\/appsaf.apieproject.com\/news\/fr\/2025\/05\/19\/adieu-a-emmanuel-kunde\/\"]}]},{\"@type\":\"ImageObject\",\"inLanguage\":\"fr-FR\",\"@id\":\"https:\/\/appsaf.apieproject.com\/news\/fr\/2025\/05\/19\/adieu-a-emmanuel-kunde\/#primaryimage\",\"url\":\"https:\/\/appsaf.apieproject.com\/news\/wp-content\/uploads\/sites\/29\/2025\/05\/kunde.jpg\",\"contentUrl\":\"https:\/\/appsaf.apieproject.com\/news\/wp-content\/uploads\/sites\/29\/2025\/05\/kunde.jpg\",\"width\":276,\"height\":364},{\"@type\":\"BreadcrumbList\",\"@id\":\"https:\/\/appsaf.apieproject.com\/news\/fr\/2025\/05\/19\/adieu-a-emmanuel-kunde\/#breadcrumb\",\"itemListElement\":[{\"@type\":\"ListItem\",\"position\":1,\"name\":\"Home\",\"item\":\"https:\/\/appsaf.apieproject.com\/news\/fr\/home\/\"},{\"@type\":\"ListItem\",\"position\":2,\"name\":\"Adieu \u00e0 Emmanuel Kund\u00e9\"}]},{\"@type\":\"WebSite\",\"@id\":\"https:\/\/appsaf.apieproject.com\/news\/#website\",\"url\":\"https:\/\/appsaf.apieproject.com\/news\/\",\"name\":\"APIE NEWS\",\"description\":\"PANAFRICANISM NEWS PORTAL\",\"publisher\":{\"@id\":\"https:\/\/appsaf.apieproject.com\/news\/#organization\"},\"potentialAction\":[{\"@type\":\"SearchAction\",\"target\":{\"@type\":\"EntryPoint\",\"urlTemplate\":\"https:\/\/appsaf.apieproject.com\/news\/?s={search_term_string}\"},\"query-input\":{\"@type\":\"PropertyValueSpecification\",\"valueRequired\":true,\"valueName\":\"search_term_string\"}}],\"inLanguage\":\"fr-FR\"},{\"@type\":\"Organization\",\"@id\":\"https:\/\/appsaf.apieproject.com\/news\/#organization\",\"name\":\"APIE PROJECT\",\"url\":\"https:\/\/appsaf.apieproject.com\/news\/\",\"logo\":{\"@type\":\"ImageObject\",\"inLanguage\":\"fr-FR\",\"@id\":\"https:\/\/appsaf.apieproject.com\/news\/#\/schema\/logo\/image\/\",\"url\":\"https:\/\/appsaf.apieproject.com\/news\/wp-content\/uploads\/sites\/29\/2022\/07\/logo-R-TransparentBackground.png\",\"contentUrl\":\"https:\/\/appsaf.apieproject.com\/news\/wp-content\/uploads\/sites\/29\/2022\/07\/logo-R-TransparentBackground.png\",\"width\":512,\"height\":512,\"caption\":\"APIE PROJECT\"},\"image\":{\"@id\":\"https:\/\/appsaf.apieproject.com\/news\/#\/schema\/logo\/image\/\"},\"sameAs\":[\"https:\/\/facebook.com\/apieproject\",\"https:\/\/x.com\/apieproject\"]},{\"@type\":\"Person\",\"@id\":\"https:\/\/appsaf.apieproject.com\/news\/#\/schema\/person\/ad5502ca15531a327ebd9865992b8492\",\"name\":\"apieproject\",\"image\":{\"@type\":\"ImageObject\",\"inLanguage\":\"fr-FR\",\"@id\":\"https:\/\/appsaf.apieproject.com\/news\/#\/schema\/person\/image\/\",\"url\":\"https:\/\/secure.gravatar.com\/avatar\/8da820f890920c54e6a9a30087a8b9ec?s=96&d=mm&r=g\",\"contentUrl\":\"https:\/\/secure.gravatar.com\/avatar\/8da820f890920c54e6a9a30087a8b9ec?s=96&d=mm&r=g\",\"caption\":\"apieproject\"},\"url\":\"https:\/\/appsaf.apieproject.com\/news\/fr\/author\/apieproject\/\"}]}<\/script>\n<!-- \/ Yoast SEO plugin. -->","yoast_head_json":{"title":"Adieu \u00e0 Emmanuel Kund\u00e9 - APIE NEWS","robots":{"index":"index","follow":"follow","max-snippet":"max-snippet:-1","max-image-preview":"max-image-preview:large","max-video-preview":"max-video-preview:-1"},"canonical":"https:\/\/appsaf.apieproject.com\/news\/fr\/2025\/05\/19\/adieu-a-emmanuel-kunde\/","og_locale":"fr_FR","og_type":"article","og_title":"Adieu \u00e0 Emmanuel Kund\u00e9 - APIE NEWS","og_description":"Le football africain est en deuil. Le 16 mai 2025, le Cameroun a perdu l\u2019un de ses plus illustres ambassadeurs du ballon rond : Emmanuel J\u00e9r\u00f4me Kund\u00e9 s\u2019est \u00e9teint \u00e0 l\u2019\u00e2ge de 68 ans. N\u00e9 le 15 juillet 1956 \u00e0 Ndom, ce d\u00e9fenseur \u00e9l\u00e9gant au physique imposant (1,86 m) incarnait l\u2019\u00e2me de la g\u00e9n\u00e9ration dor\u00e9e [&hellip;]","og_url":"https:\/\/appsaf.apieproject.com\/news\/fr\/2025\/05\/19\/adieu-a-emmanuel-kunde\/","og_site_name":"APIE NEWS","article_publisher":"https:\/\/facebook.com\/apieproject","article_published_time":"2025-05-19T01:12:57+00:00","article_modified_time":"2025-05-25T23:16:38+00:00","og_image":[{"width":276,"height":364,"url":"https:\/\/appsaf.apieproject.com\/news\/wp-content\/uploads\/sites\/29\/2025\/05\/kunde.jpg","type":"image\/jpeg"}],"author":"apieproject","twitter_card":"summary_large_image","twitter_creator":"@apieproject","twitter_site":"@apieproject","twitter_misc":{"\u00c9crit par":"apieproject","Dur\u00e9e de lecture estim\u00e9e":"3 minutes"},"schema":{"@context":"https:\/\/schema.org","@graph":[{"@type":"Article","@id":"https:\/\/appsaf.apieproject.com\/news\/fr\/2025\/05\/19\/adieu-a-emmanuel-kunde\/#article","isPartOf":{"@id":"https:\/\/appsaf.apieproject.com\/news\/fr\/2025\/05\/19\/adieu-a-emmanuel-kunde\/"},"author":{"name":"apieproject","@id":"https:\/\/appsaf.apieproject.com\/news\/#\/schema\/person\/ad5502ca15531a327ebd9865992b8492"},"headline":"Adieu \u00e0 Emmanuel Kund\u00e9","datePublished":"2025-05-19T01:12:57+00:00","dateModified":"2025-05-25T23:16:38+00:00","mainEntityOfPage":{"@id":"https:\/\/appsaf.apieproject.com\/news\/fr\/2025\/05\/19\/adieu-a-emmanuel-kunde\/"},"wordCount":627,"commentCount":0,"publisher":{"@id":"https:\/\/appsaf.apieproject.com\/news\/#organization"},"image":{"@id":"https:\/\/appsaf.apieproject.com\/news\/fr\/2025\/05\/19\/adieu-a-emmanuel-kunde\/#primaryimage"},"thumbnailUrl":"https:\/\/appsaf.apieproject.com\/news\/wp-content\/uploads\/sites\/29\/2025\/05\/kunde.jpg","keywords":["apie project","divertissement","sports"],"articleSection":["Divertissement","Sports"],"inLanguage":"fr-FR","potentialAction":[{"@type":"CommentAction","name":"Comment","target":["https:\/\/appsaf.apieproject.com\/news\/fr\/2025\/05\/19\/adieu-a-emmanuel-kunde\/#respond"]}]},{"@type":"WebPage","@id":"https:\/\/appsaf.apieproject.com\/news\/fr\/2025\/05\/19\/adieu-a-emmanuel-kunde\/","url":"https:\/\/appsaf.apieproject.com\/news\/fr\/2025\/05\/19\/adieu-a-emmanuel-kunde\/","name":"Adieu \u00e0 Emmanuel Kund\u00e9 - APIE NEWS","isPartOf":{"@id":"https:\/\/appsaf.apieproject.com\/news\/#website"},"primaryImageOfPage":{"@id":"https:\/\/appsaf.apieproject.com\/news\/fr\/2025\/05\/19\/adieu-a-emmanuel-kunde\/#primaryimage"},"image":{"@id":"https:\/\/appsaf.apieproject.com\/news\/fr\/2025\/05\/19\/adieu-a-emmanuel-kunde\/#primaryimage"},"thumbnailUrl":"https:\/\/appsaf.apieproject.com\/news\/wp-content\/uploads\/sites\/29\/2025\/05\/kunde.jpg","datePublished":"2025-05-19T01:12:57+00:00","dateModified":"2025-05-25T23:16:38+00:00","breadcrumb":{"@id":"https:\/\/appsaf.apieproject.com\/news\/fr\/2025\/05\/19\/adieu-a-emmanuel-kunde\/#breadcrumb"},"inLanguage":"fr-FR","potentialAction":[{"@type":"ReadAction","target":["https:\/\/appsaf.apieproject.com\/news\/fr\/2025\/05\/19\/adieu-a-emmanuel-kunde\/"]}]},{"@type":"ImageObject","inLanguage":"fr-FR","@id":"https:\/\/appsaf.apieproject.com\/news\/fr\/2025\/05\/19\/adieu-a-emmanuel-kunde\/#primaryimage","url":"https:\/\/appsaf.apieproject.com\/news\/wp-content\/uploads\/sites\/29\/2025\/05\/kunde.jpg","contentUrl":"https:\/\/appsaf.apieproject.com\/news\/wp-content\/uploads\/sites\/29\/2025\/05\/kunde.jpg","width":276,"height":364},{"@type":"BreadcrumbList","@id":"https:\/\/appsaf.apieproject.com\/news\/fr\/2025\/05\/19\/adieu-a-emmanuel-kunde\/#breadcrumb","itemListElement":[{"@type":"ListItem","position":1,"name":"Home","item":"https:\/\/appsaf.apieproject.com\/news\/fr\/home\/"},{"@type":"ListItem","position":2,"name":"Adieu \u00e0 Emmanuel Kund\u00e9"}]},{"@type":"WebSite","@id":"https:\/\/appsaf.apieproject.com\/news\/#website","url":"https:\/\/appsaf.apieproject.com\/news\/","name":"APIE NEWS","description":"PANAFRICANISM NEWS PORTAL","publisher":{"@id":"https:\/\/appsaf.apieproject.com\/news\/#organization"},"potentialAction":[{"@type":"SearchAction","target":{"@type":"EntryPoint","urlTemplate":"https:\/\/appsaf.apieproject.com\/news\/?s={search_term_string}"},"query-input":{"@type":"PropertyValueSpecification","valueRequired":true,"valueName":"search_term_string"}}],"inLanguage":"fr-FR"},{"@type":"Organization","@id":"https:\/\/appsaf.apieproject.com\/news\/#organization","name":"APIE PROJECT","url":"https:\/\/appsaf.apieproject.com\/news\/","logo":{"@type":"ImageObject","inLanguage":"fr-FR","@id":"https:\/\/appsaf.apieproject.com\/news\/#\/schema\/logo\/image\/","url":"https:\/\/appsaf.apieproject.com\/news\/wp-content\/uploads\/sites\/29\/2022\/07\/logo-R-TransparentBackground.png","contentUrl":"https:\/\/appsaf.apieproject.com\/news\/wp-content\/uploads\/sites\/29\/2022\/07\/logo-R-TransparentBackground.png","width":512,"height":512,"caption":"APIE PROJECT"},"image":{"@id":"https:\/\/appsaf.apieproject.com\/news\/#\/schema\/logo\/image\/"},"sameAs":["https:\/\/facebook.com\/apieproject","https:\/\/x.com\/apieproject"]},{"@type":"Person","@id":"https:\/\/appsaf.apieproject.com\/news\/#\/schema\/person\/ad5502ca15531a327ebd9865992b8492","name":"apieproject","image":{"@type":"ImageObject","inLanguage":"fr-FR","@id":"https:\/\/appsaf.apieproject.com\/news\/#\/schema\/person\/image\/","url":"https:\/\/secure.gravatar.com\/avatar\/8da820f890920c54e6a9a30087a8b9ec?s=96&d=mm&r=g","contentUrl":"https:\/\/secure.gravatar.com\/avatar\/8da820f890920c54e6a9a30087a8b9ec?s=96&d=mm&r=g","caption":"apieproject"},"url":"https:\/\/appsaf.apieproject.com\/news\/fr\/author\/apieproject\/"}]}},"_links":{"self":[{"href":"https:\/\/appsaf.apieproject.com\/news\/fr\/wp-json\/wp\/v2\/posts\/40520","targetHints":{"allow":["GET"]}}],"collection":[{"href":"https:\/\/appsaf.apieproject.com\/news\/fr\/wp-json\/wp\/v2\/posts"}],"about":[{"href":"https:\/\/appsaf.apieproject.com\/news\/fr\/wp-json\/wp\/v2\/types\/post"}],"author":[{"embeddable":true,"href":"https:\/\/appsaf.apieproject.com\/news\/fr\/wp-json\/wp\/v2\/users\/1"}],"replies":[{"embeddable":true,"href":"https:\/\/appsaf.apieproject.com\/news\/fr\/wp-json\/wp\/v2\/comments?post=40520"}],"version-history":[{"count":1,"href":"https:\/\/appsaf.apieproject.com\/news\/fr\/wp-json\/wp\/v2\/posts\/40520\/revisions"}],"predecessor-version":[{"id":40524,"href":"https:\/\/appsaf.apieproject.com\/news\/fr\/wp-json\/wp\/v2\/posts\/40520\/revisions\/40524"}],"wp:featuredmedia":[{"embeddable":true,"href":"https:\/\/appsaf.apieproject.com\/news\/fr\/wp-json\/wp\/v2\/media\/40521"}],"wp:attachment":[{"href":"https:\/\/appsaf.apieproject.com\/news\/fr\/wp-json\/wp\/v2\/media?parent=40520"}],"wp:term":[{"taxonomy":"category","embeddable":true,"href":"https:\/\/appsaf.apieproject.com\/news\/fr\/wp-json\/wp\/v2\/categories?post=40520"},{"taxonomy":"post_tag","embeddable":true,"href":"https:\/\/appsaf.apieproject.com\/news\/fr\/wp-json\/wp\/v2\/tags?post=40520"}],"curies":[{"name":"wp","href":"https:\/\/api.w.org\/{rel}","templated":true}]}}