{"id":40937,"date":"2026-01-25T19:34:49","date_gmt":"2026-01-25T19:34:49","guid":{"rendered":"https:\/\/appsaf.apieproject.com\/news\/?p=40937"},"modified":"2026-02-02T04:06:00","modified_gmt":"2026-02-02T04:06:00","slug":"retrait-temporaire-de-lafrique-du-sud-du-g20","status":"publish","type":"post","link":"https:\/\/appsaf.apieproject.com\/news\/fr\/2026\/01\/25\/retrait-temporaire-de-lafrique-du-sud-du-g20\/","title":{"rendered":"Retrait Temporaire de l\u2019Afrique du Sud du G20"},"content":{"rendered":"\n<p>Au Forum \u00e9conomique mondial \u00e0 Davos en Suisse, tenu du 19 au 23 janvier 2026, l\u2019Afrique du Sud a annonc\u00e9 son \u00ab\u00a0<em>d\u00e9part temporaire<\/em>\u00a0\u00bb du G20 alors que les \u00c9tats-Unis en assurent la pr\u00e9sidence tournante pour l\u2019exercice 2026. \u00ab\u00a0<em>L&rsquo;Afrique du Sud veut \u00e9viter tout probl\u00e8me, toute crise avec les \u00c9tats-Unis, et c\u2019est une d\u00e9cision vraiment rationnelle<\/em>\u00a0\u00bb, explique \u00e0 RFI Koffi Kouakou, ma\u00eetre de conf\u00e9rences \u00e0 l\u2019\u00e9cole de gouvernance de l\u2019universit\u00e9 de Witwatersrand \u00e0 Johannesbourg.<\/p>\n\n\n\n<p>Il s\u2019agit d\u2019un climat de tensions qui ne date pas d\u2019hier. En novembre dernier, le pr\u00e9sident am\u00e9ricain, Donald Trump, avait boycott\u00e9 le\u00a0sommet du G20 organis\u00e9 en Afrique du Sud, accusant le pays de mener des politiques hostiles aux int\u00e9r\u00eats am\u00e9ricains.<\/p>\n\n\n\n<p>Il y a deux mois d\u00e9j\u00e0, Pretoria annon\u00e7ait une pause d\u2019un an dans sa participation au G20 de 2026, une mise en retrait qui se concr\u00e9tise par ce retrait temporaire du groupe des vingt principales \u00e9conomies mondiales.<\/p>\n\n\n\n<p>Ainsi, par un geste rare, presque in\u00e9dit, le G20, en 2026, devient en quelque sorte le G19 avec la sortie temporaire de l&rsquo;Afrique du Sud de ce groupe.<\/p>\n\n\n\n<p>En effet, Pretoria d\u00e9nonce implicitement un climat politique devenu toxique sous la pr\u00e9sidence am\u00e9ricaine.<\/p>\n\n\n\n<h2 class=\"wp-block-heading\">\u00ab Une d\u00e9cision \u00e0 la fois coh\u00e9rente, rationnelle et sage \u00bb<\/h2>\n\n\n\n<p>Joint par RFI, Koffi Kouakou, ma\u00eetre de conf\u00e9rences \u00e0 l\u2019\u00e9cole de gouvernance de l\u2019universit\u00e9 de Witwatersrand \u00e0 Johannesbourg, estime que la d\u00e9cision est logique et compr\u00e9hensible&nbsp;: \u00ab&nbsp;<em>C\u2019est une d\u00e9cision \u00e0 la fois coh\u00e9rente, rationnelle et sage. Le G20, qui a \u00e9t\u00e9 cr\u00e9\u00e9 pour amener tous les pays du monde, pas seulement ceux que l&rsquo;on aime, qui nous ressemblent ou qui sont comme nous, est en train maintenant d\u2019\u00eatre d\u00e9truit par le pr\u00e9sident Trump. C\u2019est vraiment dommage. Mais l\u2019Afrique du Sud veut \u00e9viter tout probl\u00e8me, toute crise avec les \u00c9tats-Unis, et c\u2019est une d\u00e9cision vraiment rationnelle<\/em>.&nbsp;\u00bb<\/p>\n\n\n\n<p>Officiellement, Pretoria parle d\u2019un d\u00e9part temporaire, mais ce retrait n\u2019est pas sans cons\u00e9quences, notamment pour la repr\u00e9sentation du continent africain.<\/p>\n\n\n\n<h2 class=\"wp-block-heading\">\u00ab Son&nbsp;retrait va cr\u00e9er un vide pour l\u2019Afrique&#8230; \u00bb<\/h2>\n\n\n\n<p>\u00ab&nbsp;<em>C\u2019est un signal tr\u00e8s fort et les membres du G20 doivent y r\u00e9fl\u00e9chir car il va y avoir aussi des cons\u00e9quences sur le r\u00f4le de l\u2019Union africaine. L\u2019Afrique du Sud et l\u2019Union africaine repr\u00e9sentent pr\u00e8s d\u2019un milliard quatre cents millions d\u2019habitants. Son retrait va cr\u00e9er un vide pour l\u2019Afrique, un vide de repr\u00e9sentation africaine au sein du G20<\/em>&nbsp;\u00bb, a ajout\u00e9 Koffi Kouakou.<\/p>\n\n\n\n<p>L&rsquo;an prochain, le G20 passera sous pr\u00e9sidence britannique. Pretoria esp\u00e8re ainsi un climat diplomatique plus apais\u00e9 et un retour \u00e0 la table des grandes \u00e9conomies mondiales.<\/p>\n","protected":false},"excerpt":{"rendered":"<p>Au Forum \u00e9conomique mondial \u00e0 Davos en Suisse, tenu du 19 au 23 janvier 2026, l\u2019Afrique du Sud a annonc\u00e9 son \u00ab\u00a0d\u00e9part temporaire\u00a0\u00bb du G20 alors que les \u00c9tats-Unis en assurent la pr\u00e9sidence tournante pour l\u2019exercice 2026. \u00ab\u00a0L&rsquo;Afrique du Sud veut \u00e9viter tout probl\u00e8me, toute crise avec les \u00c9tats-Unis, et c\u2019est une d\u00e9cision vraiment rationnelle\u00a0\u00bb, [&hellip;]<\/p>\n","protected":false},"author":1,"featured_media":40938,"comment_status":"open","ping_status":"open","sticky":false,"template":"","format":"standard","meta":{"footnotes":""},"categories":[67,218],"tags":[81,78,225],"class_list":{"0":"post-40937","1":"post","2":"type-post","3":"status-publish","4":"format-standard","5":"has-post-thumbnail","7":"category-actualites","8":"category-economie","9":"tag-actualites","10":"tag-apie-project-2","11":"tag-economie"},"yoast_head":"<!-- This site is optimized with the Yoast SEO plugin v24.4 - https:\/\/yoast.com\/wordpress\/plugins\/seo\/ -->\n<title>Retrait Temporaire de l\u2019Afrique du Sud du G20 - APIE NEWS<\/title>\n<meta name=\"robots\" content=\"index, follow, max-snippet:-1, max-image-preview:large, max-video-preview:-1\" \/>\n<link rel=\"canonical\" href=\"https:\/\/appsaf.apieproject.com\/news\/fr\/2026\/01\/25\/retrait-temporaire-de-lafrique-du-sud-du-g20\/\" \/>\n<meta property=\"og:locale\" content=\"fr_FR\" \/>\n<meta property=\"og:type\" content=\"article\" \/>\n<meta property=\"og:title\" content=\"Retrait Temporaire de l\u2019Afrique du Sud du G20 - APIE NEWS\" \/>\n<meta property=\"og:description\" content=\"Au Forum \u00e9conomique mondial \u00e0 Davos en Suisse, tenu du 19 au 23 janvier 2026, l\u2019Afrique du Sud a annonc\u00e9 son \u00ab\u00a0d\u00e9part temporaire\u00a0\u00bb du G20 alors que les \u00c9tats-Unis en assurent la pr\u00e9sidence tournante pour l\u2019exercice 2026. \u00ab\u00a0L&rsquo;Afrique du Sud veut \u00e9viter tout probl\u00e8me, toute crise avec les \u00c9tats-Unis, et c\u2019est une d\u00e9cision vraiment rationnelle\u00a0\u00bb, [&hellip;]\" \/>\n<meta property=\"og:url\" content=\"https:\/\/appsaf.apieproject.com\/news\/fr\/2026\/01\/25\/retrait-temporaire-de-lafrique-du-sud-du-g20\/\" \/>\n<meta property=\"og:site_name\" content=\"APIE NEWS\" \/>\n<meta property=\"article:publisher\" content=\"https:\/\/facebook.com\/apieproject\" \/>\n<meta property=\"article:published_time\" content=\"2026-01-25T19:34:49+00:00\" \/>\n<meta property=\"article:modified_time\" content=\"2026-02-02T04:06:00+00:00\" \/>\n<meta property=\"og:image\" content=\"https:\/\/appsaf.apieproject.com\/news\/wp-content\/uploads\/sites\/29\/2026\/01\/Screenshot-2026-01-25-113347.png\" \/>\n\t<meta property=\"og:image:width\" content=\"611\" \/>\n\t<meta property=\"og:image:height\" content=\"386\" \/>\n\t<meta property=\"og:image:type\" content=\"image\/png\" \/>\n<meta name=\"author\" content=\"apieproject\" \/>\n<meta name=\"twitter:card\" content=\"summary_large_image\" \/>\n<meta name=\"twitter:creator\" content=\"@apieproject\" \/>\n<meta name=\"twitter:site\" content=\"@apieproject\" \/>\n<meta name=\"twitter:label1\" content=\"\u00c9crit par\" \/>\n\t<meta name=\"twitter:data1\" content=\"apieproject\" \/>\n\t<meta name=\"twitter:label2\" content=\"Dur\u00e9e de lecture estim\u00e9e\" \/>\n\t<meta name=\"twitter:data2\" content=\"3 minutes\" \/>\n<script type=\"application\/ld+json\" class=\"yoast-schema-graph\">{\"@context\":\"https:\/\/schema.org\",\"@graph\":[{\"@type\":\"Article\",\"@id\":\"https:\/\/appsaf.apieproject.com\/news\/fr\/2026\/01\/25\/retrait-temporaire-de-lafrique-du-sud-du-g20\/#article\",\"isPartOf\":{\"@id\":\"https:\/\/appsaf.apieproject.com\/news\/fr\/2026\/01\/25\/retrait-temporaire-de-lafrique-du-sud-du-g20\/\"},\"author\":{\"name\":\"apieproject\",\"@id\":\"https:\/\/appsaf.apieproject.com\/news\/#\/schema\/person\/ad5502ca15531a327ebd9865992b8492\"},\"headline\":\"Retrait Temporaire de l\u2019Afrique du Sud du G20\",\"datePublished\":\"2026-01-25T19:34:49+00:00\",\"dateModified\":\"2026-02-02T04:06:00+00:00\",\"mainEntityOfPage\":{\"@id\":\"https:\/\/appsaf.apieproject.com\/news\/fr\/2026\/01\/25\/retrait-temporaire-de-lafrique-du-sud-du-g20\/\"},\"wordCount\":488,\"commentCount\":0,\"publisher\":{\"@id\":\"https:\/\/appsaf.apieproject.com\/news\/#organization\"},\"image\":{\"@id\":\"https:\/\/appsaf.apieproject.com\/news\/fr\/2026\/01\/25\/retrait-temporaire-de-lafrique-du-sud-du-g20\/#primaryimage\"},\"thumbnailUrl\":\"https:\/\/appsaf.apieproject.com\/news\/wp-content\/uploads\/sites\/29\/2026\/01\/Screenshot-2026-01-25-113347.png\",\"keywords\":[\"actualites\",\"apie project\",\"economie\"],\"articleSection\":[\"Actualit\u00e9s\",\"Economie\"],\"inLanguage\":\"fr-FR\",\"potentialAction\":[{\"@type\":\"CommentAction\",\"name\":\"Comment\",\"target\":[\"https:\/\/appsaf.apieproject.com\/news\/fr\/2026\/01\/25\/retrait-temporaire-de-lafrique-du-sud-du-g20\/#respond\"]}]},{\"@type\":\"WebPage\",\"@id\":\"https:\/\/appsaf.apieproject.com\/news\/fr\/2026\/01\/25\/retrait-temporaire-de-lafrique-du-sud-du-g20\/\",\"url\":\"https:\/\/appsaf.apieproject.com\/news\/fr\/2026\/01\/25\/retrait-temporaire-de-lafrique-du-sud-du-g20\/\",\"name\":\"Retrait Temporaire de l\u2019Afrique du Sud du G20 - APIE NEWS\",\"isPartOf\":{\"@id\":\"https:\/\/appsaf.apieproject.com\/news\/#website\"},\"primaryImageOfPage\":{\"@id\":\"https:\/\/appsaf.apieproject.com\/news\/fr\/2026\/01\/25\/retrait-temporaire-de-lafrique-du-sud-du-g20\/#primaryimage\"},\"image\":{\"@id\":\"https:\/\/appsaf.apieproject.com\/news\/fr\/2026\/01\/25\/retrait-temporaire-de-lafrique-du-sud-du-g20\/#primaryimage\"},\"thumbnailUrl\":\"https:\/\/appsaf.apieproject.com\/news\/wp-content\/uploads\/sites\/29\/2026\/01\/Screenshot-2026-01-25-113347.png\",\"datePublished\":\"2026-01-25T19:34:49+00:00\",\"dateModified\":\"2026-02-02T04:06:00+00:00\",\"breadcrumb\":{\"@id\":\"https:\/\/appsaf.apieproject.com\/news\/fr\/2026\/01\/25\/retrait-temporaire-de-lafrique-du-sud-du-g20\/#breadcrumb\"},\"inLanguage\":\"fr-FR\",\"potentialAction\":[{\"@type\":\"ReadAction\",\"target\":[\"https:\/\/appsaf.apieproject.com\/news\/fr\/2026\/01\/25\/retrait-temporaire-de-lafrique-du-sud-du-g20\/\"]}]},{\"@type\":\"ImageObject\",\"inLanguage\":\"fr-FR\",\"@id\":\"https:\/\/appsaf.apieproject.com\/news\/fr\/2026\/01\/25\/retrait-temporaire-de-lafrique-du-sud-du-g20\/#primaryimage\",\"url\":\"https:\/\/appsaf.apieproject.com\/news\/wp-content\/uploads\/sites\/29\/2026\/01\/Screenshot-2026-01-25-113347.png\",\"contentUrl\":\"https:\/\/appsaf.apieproject.com\/news\/wp-content\/uploads\/sites\/29\/2026\/01\/Screenshot-2026-01-25-113347.png\",\"width\":611,\"height\":386},{\"@type\":\"BreadcrumbList\",\"@id\":\"https:\/\/appsaf.apieproject.com\/news\/fr\/2026\/01\/25\/retrait-temporaire-de-lafrique-du-sud-du-g20\/#breadcrumb\",\"itemListElement\":[{\"@type\":\"ListItem\",\"position\":1,\"name\":\"Home\",\"item\":\"https:\/\/appsaf.apieproject.com\/news\/fr\/home\/\"},{\"@type\":\"ListItem\",\"position\":2,\"name\":\"Retrait Temporaire de l\u2019Afrique du Sud du G20\"}]},{\"@type\":\"WebSite\",\"@id\":\"https:\/\/appsaf.apieproject.com\/news\/#website\",\"url\":\"https:\/\/appsaf.apieproject.com\/news\/\",\"name\":\"APIE NEWS\",\"description\":\"PANAFRICANISM NEWS PORTAL\",\"publisher\":{\"@id\":\"https:\/\/appsaf.apieproject.com\/news\/#organization\"},\"potentialAction\":[{\"@type\":\"SearchAction\",\"target\":{\"@type\":\"EntryPoint\",\"urlTemplate\":\"https:\/\/appsaf.apieproject.com\/news\/?s={search_term_string}\"},\"query-input\":{\"@type\":\"PropertyValueSpecification\",\"valueRequired\":true,\"valueName\":\"search_term_string\"}}],\"inLanguage\":\"fr-FR\"},{\"@type\":\"Organization\",\"@id\":\"https:\/\/appsaf.apieproject.com\/news\/#organization\",\"name\":\"APIE PROJECT\",\"url\":\"https:\/\/appsaf.apieproject.com\/news\/\",\"logo\":{\"@type\":\"ImageObject\",\"inLanguage\":\"fr-FR\",\"@id\":\"https:\/\/appsaf.apieproject.com\/news\/#\/schema\/logo\/image\/\",\"url\":\"https:\/\/appsaf.apieproject.com\/news\/wp-content\/uploads\/sites\/29\/2022\/07\/logo-R-TransparentBackground.png\",\"contentUrl\":\"https:\/\/appsaf.apieproject.com\/news\/wp-content\/uploads\/sites\/29\/2022\/07\/logo-R-TransparentBackground.png\",\"width\":512,\"height\":512,\"caption\":\"APIE PROJECT\"},\"image\":{\"@id\":\"https:\/\/appsaf.apieproject.com\/news\/#\/schema\/logo\/image\/\"},\"sameAs\":[\"https:\/\/facebook.com\/apieproject\",\"https:\/\/x.com\/apieproject\"]},{\"@type\":\"Person\",\"@id\":\"https:\/\/appsaf.apieproject.com\/news\/#\/schema\/person\/ad5502ca15531a327ebd9865992b8492\",\"name\":\"apieproject\",\"image\":{\"@type\":\"ImageObject\",\"inLanguage\":\"fr-FR\",\"@id\":\"https:\/\/appsaf.apieproject.com\/news\/#\/schema\/person\/image\/\",\"url\":\"https:\/\/secure.gravatar.com\/avatar\/8da820f890920c54e6a9a30087a8b9ec?s=96&d=mm&r=g\",\"contentUrl\":\"https:\/\/secure.gravatar.com\/avatar\/8da820f890920c54e6a9a30087a8b9ec?s=96&d=mm&r=g\",\"caption\":\"apieproject\"},\"url\":\"https:\/\/appsaf.apieproject.com\/news\/fr\/author\/apieproject\/\"}]}<\/script>\n<!-- \/ Yoast SEO plugin. -->","yoast_head_json":{"title":"Retrait Temporaire de l\u2019Afrique du Sud du G20 - APIE NEWS","robots":{"index":"index","follow":"follow","max-snippet":"max-snippet:-1","max-image-preview":"max-image-preview:large","max-video-preview":"max-video-preview:-1"},"canonical":"https:\/\/appsaf.apieproject.com\/news\/fr\/2026\/01\/25\/retrait-temporaire-de-lafrique-du-sud-du-g20\/","og_locale":"fr_FR","og_type":"article","og_title":"Retrait Temporaire de l\u2019Afrique du Sud du G20 - APIE NEWS","og_description":"Au Forum \u00e9conomique mondial \u00e0 Davos en Suisse, tenu du 19 au 23 janvier 2026, l\u2019Afrique du Sud a annonc\u00e9 son \u00ab\u00a0d\u00e9part temporaire\u00a0\u00bb du G20 alors que les \u00c9tats-Unis en assurent la pr\u00e9sidence tournante pour l\u2019exercice 2026. \u00ab\u00a0L&rsquo;Afrique du Sud veut \u00e9viter tout probl\u00e8me, toute crise avec les \u00c9tats-Unis, et c\u2019est une d\u00e9cision vraiment rationnelle\u00a0\u00bb, [&hellip;]","og_url":"https:\/\/appsaf.apieproject.com\/news\/fr\/2026\/01\/25\/retrait-temporaire-de-lafrique-du-sud-du-g20\/","og_site_name":"APIE NEWS","article_publisher":"https:\/\/facebook.com\/apieproject","article_published_time":"2026-01-25T19:34:49+00:00","article_modified_time":"2026-02-02T04:06:00+00:00","og_image":[{"width":611,"height":386,"url":"https:\/\/appsaf.apieproject.com\/news\/wp-content\/uploads\/sites\/29\/2026\/01\/Screenshot-2026-01-25-113347.png","type":"image\/png"}],"author":"apieproject","twitter_card":"summary_large_image","twitter_creator":"@apieproject","twitter_site":"@apieproject","twitter_misc":{"\u00c9crit par":"apieproject","Dur\u00e9e de lecture estim\u00e9e":"3 minutes"},"schema":{"@context":"https:\/\/schema.org","@graph":[{"@type":"Article","@id":"https:\/\/appsaf.apieproject.com\/news\/fr\/2026\/01\/25\/retrait-temporaire-de-lafrique-du-sud-du-g20\/#article","isPartOf":{"@id":"https:\/\/appsaf.apieproject.com\/news\/fr\/2026\/01\/25\/retrait-temporaire-de-lafrique-du-sud-du-g20\/"},"author":{"name":"apieproject","@id":"https:\/\/appsaf.apieproject.com\/news\/#\/schema\/person\/ad5502ca15531a327ebd9865992b8492"},"headline":"Retrait Temporaire de l\u2019Afrique du Sud du G20","datePublished":"2026-01-25T19:34:49+00:00","dateModified":"2026-02-02T04:06:00+00:00","mainEntityOfPage":{"@id":"https:\/\/appsaf.apieproject.com\/news\/fr\/2026\/01\/25\/retrait-temporaire-de-lafrique-du-sud-du-g20\/"},"wordCount":488,"commentCount":0,"publisher":{"@id":"https:\/\/appsaf.apieproject.com\/news\/#organization"},"image":{"@id":"https:\/\/appsaf.apieproject.com\/news\/fr\/2026\/01\/25\/retrait-temporaire-de-lafrique-du-sud-du-g20\/#primaryimage"},"thumbnailUrl":"https:\/\/appsaf.apieproject.com\/news\/wp-content\/uploads\/sites\/29\/2026\/01\/Screenshot-2026-01-25-113347.png","keywords":["actualites","apie project","economie"],"articleSection":["Actualit\u00e9s","Economie"],"inLanguage":"fr-FR","potentialAction":[{"@type":"CommentAction","name":"Comment","target":["https:\/\/appsaf.apieproject.com\/news\/fr\/2026\/01\/25\/retrait-temporaire-de-lafrique-du-sud-du-g20\/#respond"]}]},{"@type":"WebPage","@id":"https:\/\/appsaf.apieproject.com\/news\/fr\/2026\/01\/25\/retrait-temporaire-de-lafrique-du-sud-du-g20\/","url":"https:\/\/appsaf.apieproject.com\/news\/fr\/2026\/01\/25\/retrait-temporaire-de-lafrique-du-sud-du-g20\/","name":"Retrait Temporaire de l\u2019Afrique du Sud du G20 - APIE NEWS","isPartOf":{"@id":"https:\/\/appsaf.apieproject.com\/news\/#website"},"primaryImageOfPage":{"@id":"https:\/\/appsaf.apieproject.com\/news\/fr\/2026\/01\/25\/retrait-temporaire-de-lafrique-du-sud-du-g20\/#primaryimage"},"image":{"@id":"https:\/\/appsaf.apieproject.com\/news\/fr\/2026\/01\/25\/retrait-temporaire-de-lafrique-du-sud-du-g20\/#primaryimage"},"thumbnailUrl":"https:\/\/appsaf.apieproject.com\/news\/wp-content\/uploads\/sites\/29\/2026\/01\/Screenshot-2026-01-25-113347.png","datePublished":"2026-01-25T19:34:49+00:00","dateModified":"2026-02-02T04:06:00+00:00","breadcrumb":{"@id":"https:\/\/appsaf.apieproject.com\/news\/fr\/2026\/01\/25\/retrait-temporaire-de-lafrique-du-sud-du-g20\/#breadcrumb"},"inLanguage":"fr-FR","potentialAction":[{"@type":"ReadAction","target":["https:\/\/appsaf.apieproject.com\/news\/fr\/2026\/01\/25\/retrait-temporaire-de-lafrique-du-sud-du-g20\/"]}]},{"@type":"ImageObject","inLanguage":"fr-FR","@id":"https:\/\/appsaf.apieproject.com\/news\/fr\/2026\/01\/25\/retrait-temporaire-de-lafrique-du-sud-du-g20\/#primaryimage","url":"https:\/\/appsaf.apieproject.com\/news\/wp-content\/uploads\/sites\/29\/2026\/01\/Screenshot-2026-01-25-113347.png","contentUrl":"https:\/\/appsaf.apieproject.com\/news\/wp-content\/uploads\/sites\/29\/2026\/01\/Screenshot-2026-01-25-113347.png","width":611,"height":386},{"@type":"BreadcrumbList","@id":"https:\/\/appsaf.apieproject.com\/news\/fr\/2026\/01\/25\/retrait-temporaire-de-lafrique-du-sud-du-g20\/#breadcrumb","itemListElement":[{"@type":"ListItem","position":1,"name":"Home","item":"https:\/\/appsaf.apieproject.com\/news\/fr\/home\/"},{"@type":"ListItem","position":2,"name":"Retrait Temporaire de l\u2019Afrique du Sud du G20"}]},{"@type":"WebSite","@id":"https:\/\/appsaf.apieproject.com\/news\/#website","url":"https:\/\/appsaf.apieproject.com\/news\/","name":"APIE NEWS","description":"PANAFRICANISM NEWS PORTAL","publisher":{"@id":"https:\/\/appsaf.apieproject.com\/news\/#organization"},"potentialAction":[{"@type":"SearchAction","target":{"@type":"EntryPoint","urlTemplate":"https:\/\/appsaf.apieproject.com\/news\/?s={search_term_string}"},"query-input":{"@type":"PropertyValueSpecification","valueRequired":true,"valueName":"search_term_string"}}],"inLanguage":"fr-FR"},{"@type":"Organization","@id":"https:\/\/appsaf.apieproject.com\/news\/#organization","name":"APIE PROJECT","url":"https:\/\/appsaf.apieproject.com\/news\/","logo":{"@type":"ImageObject","inLanguage":"fr-FR","@id":"https:\/\/appsaf.apieproject.com\/news\/#\/schema\/logo\/image\/","url":"https:\/\/appsaf.apieproject.com\/news\/wp-content\/uploads\/sites\/29\/2022\/07\/logo-R-TransparentBackground.png","contentUrl":"https:\/\/appsaf.apieproject.com\/news\/wp-content\/uploads\/sites\/29\/2022\/07\/logo-R-TransparentBackground.png","width":512,"height":512,"caption":"APIE PROJECT"},"image":{"@id":"https:\/\/appsaf.apieproject.com\/news\/#\/schema\/logo\/image\/"},"sameAs":["https:\/\/facebook.com\/apieproject","https:\/\/x.com\/apieproject"]},{"@type":"Person","@id":"https:\/\/appsaf.apieproject.com\/news\/#\/schema\/person\/ad5502ca15531a327ebd9865992b8492","name":"apieproject","image":{"@type":"ImageObject","inLanguage":"fr-FR","@id":"https:\/\/appsaf.apieproject.com\/news\/#\/schema\/person\/image\/","url":"https:\/\/secure.gravatar.com\/avatar\/8da820f890920c54e6a9a30087a8b9ec?s=96&d=mm&r=g","contentUrl":"https:\/\/secure.gravatar.com\/avatar\/8da820f890920c54e6a9a30087a8b9ec?s=96&d=mm&r=g","caption":"apieproject"},"url":"https:\/\/appsaf.apieproject.com\/news\/fr\/author\/apieproject\/"}]}},"_links":{"self":[{"href":"https:\/\/appsaf.apieproject.com\/news\/fr\/wp-json\/wp\/v2\/posts\/40937","targetHints":{"allow":["GET"]}}],"collection":[{"href":"https:\/\/appsaf.apieproject.com\/news\/fr\/wp-json\/wp\/v2\/posts"}],"about":[{"href":"https:\/\/appsaf.apieproject.com\/news\/fr\/wp-json\/wp\/v2\/types\/post"}],"author":[{"embeddable":true,"href":"https:\/\/appsaf.apieproject.com\/news\/fr\/wp-json\/wp\/v2\/users\/1"}],"replies":[{"embeddable":true,"href":"https:\/\/appsaf.apieproject.com\/news\/fr\/wp-json\/wp\/v2\/comments?post=40937"}],"version-history":[{"count":1,"href":"https:\/\/appsaf.apieproject.com\/news\/fr\/wp-json\/wp\/v2\/posts\/40937\/revisions"}],"predecessor-version":[{"id":40941,"href":"https:\/\/appsaf.apieproject.com\/news\/fr\/wp-json\/wp\/v2\/posts\/40937\/revisions\/40941"}],"wp:featuredmedia":[{"embeddable":true,"href":"https:\/\/appsaf.apieproject.com\/news\/fr\/wp-json\/wp\/v2\/media\/40938"}],"wp:attachment":[{"href":"https:\/\/appsaf.apieproject.com\/news\/fr\/wp-json\/wp\/v2\/media?parent=40937"}],"wp:term":[{"taxonomy":"category","embeddable":true,"href":"https:\/\/appsaf.apieproject.com\/news\/fr\/wp-json\/wp\/v2\/categories?post=40937"},{"taxonomy":"post_tag","embeddable":true,"href":"https:\/\/appsaf.apieproject.com\/news\/fr\/wp-json\/wp\/v2\/tags?post=40937"}],"curies":[{"name":"wp","href":"https:\/\/api.w.org\/{rel}","templated":true}]}}