{"id":40997,"date":"2026-02-09T00:07:42","date_gmt":"2026-02-09T00:07:42","guid":{"rendered":"https:\/\/appsaf.apieproject.com\/news\/?p=40997"},"modified":"2026-02-16T00:22:25","modified_gmt":"2026-02-16T00:22:25","slug":"une-veillee-au-sahel-un-theatre-africain-populaire","status":"publish","type":"post","link":"https:\/\/appsaf.apieproject.com\/news\/fr\/2026\/02\/09\/une-veillee-au-sahel-un-theatre-africain-populaire\/","title":{"rendered":"Une Veill\u00e9e Au Sahel : Un Th\u00e9\u00e2tre Africain Populaire"},"content":{"rendered":"\n<p>Le Th\u00e9\u00e2tre populaire D\u00e9sir\u00e9 Bonogo de Ouagadougou a accueilli\u00a0la premi\u00e8re de \u00ab Veill\u00e9e au Sahel \u00bb. Cette com\u00e9die musicale, fruit d\u2019une collaboration entre le Burkina Faso, le Mali et le Niger, propose une r\u00e9ponse artistique aux d\u00e9fis s\u00e9curitaires de la r\u00e9gion.<\/p>\n\n\n\n<p>Le projet \u00ab LIPTAKO \u00bb, port\u00e9 par les associations ARTS EN INTERSECTION du Burkina&nbsp;Faso, ANW JIGI ART du Mali et NEMA du Niger, est entr\u00e9 dans sa phase diffusion. Sur sc\u00e8ne, 14 com\u00e9diens, danseurs et musiciens redonnent vie \u00e0 l\u2019histoire de la r\u00e9gion transfrontali\u00e8re du Liptako-Gourma.<\/p>\n\n\n\n<p>D\u2019une dur\u00e9e de 1h50, cette fresque historique et pluridisciplinaire r\u00e9unit quatorze artistes sur sc\u00e8ne pour explorer, entre humour et \u00e9motion, les th\u00e8mes de la r\u00e9sistance et de la coh\u00e9sion sociale au c\u0153ur du Liptako-Gourma.<\/p>\n\n\n\n<p>\u00c9crite par un collectif d\u2019auteurs dont Jeanne Diama, Tony Ou\u00e9draogo, \u00c9douard Lompo et Paul Zoungrana, la pi\u00e8ce utilise l\u2019humour pour aborder des sujets graves. Elle d\u00e9nonce notamment l\u2019ignorance religieuse, symbole des menaces qui p\u00e8sent sur la r\u00e9gion, tout en c\u00e9l\u00e9brant les grandes figures historiques du Sahel.<\/p>\n\n\n\n<p>Pour le metteur en sc\u00e8ne Paul P. Zoungrana, l\u2019art doit servir de boussole. \u00a0\u00ab F<em><em>ace \u00e0 l\u2019ins\u00e9curit\u00e9 qui frappe le Sahel, n\u2019est-il pas opportun de puiser dans nos traditions et notre patrimoine immat\u00e9riel des \u00e9l\u00e9ments capables de nourrir l\u2019homme d\u2019aujourd\u2019hui ?\u00a0<\/em><\/em>\u00bb, a-t-il indiqu\u00e9. \u00a0Ce spectacle devient ainsi une qu\u00eate de paix, d\u2019int\u00e9grit\u00e9 et de patriotisme.<\/p>\n\n\n\n<p>Au-del\u00e0 de la performance, cette initiative panafricaine est une r\u00e9ponse aux d\u00e9fis de l\u2019Alliance des \u00c9tats du Sahel (AES). En faisant cohabiter le moor\u00e9, le bambara, le zerma ou le fulfuld\u00e9, l\u2019\u0153uvre renforce le socle du vivre-ensemble.<\/p>\n\n\n\n<p>\u00ab&nbsp;<em>C\u2019est une premi\u00e8re pour notre g\u00e9n\u00e9ration. Peu de projets ont r\u00e9ussi \u00e0 rassembler autant d\u2019acteurs des trois pays pour travailler ensemble \u00bb, souligne le metteur en sc\u00e8ne<\/em><em>\u00bb,&nbsp;<\/em>a ajout\u00e9 Paul P. Zoungrana.<\/p>\n\n\n\n<p>Tangara Assitan, assistante \u00e0 la mise en sc\u00e8ne et repr\u00e9sentante du partenaire malien, voit dans cette collaboration le d\u00e9but d\u2019une communaut\u00e9 renforc\u00e9e. \u00ab&nbsp;<em>Cette pi\u00e8ce peut \u00eatre un d\u00e9but de savoir comment on peut collaborer ensemble, que ce soit sur le plan artistique ou sur d\u2019autres plans<\/em>\u00bb;a-t-elle fait entendre.<\/p>\n\n\n\n<p>Le public et la presse se sont mobilis\u00e9s en masse pour la premi\u00e8re. Pour les spectateurs, comme Augusta Palenfo, le message est clair. \u00ab&nbsp;<em>C\u2019est beaucoup de messages en m\u00eame temps, c\u2019est beaucoup de sensibilisation, beaucoup de morale<\/em>&nbsp;\u00bb, a-t-elle appr\u00e9ci\u00e9.<\/p>\n\n\n\n<p>Pour Chaibou Sidina Mohamed, repr\u00e9sentant des \u00e9tudiants nig\u00e9riens au Burkina Faso, ce spectacle est \u00a0un outil p\u00e9dagogique sur l\u2019histoire commune du Liptako-Gourma. \u00abLa pi\u00e8ce qui a \u00e9t\u00e9 jou\u00e9e aujourd\u2019hui a touch\u00e9 plusieurs domaines, plusieurs aspects de la vie. C\u2019est-\u00e0-dire l\u2019ins\u00e9curit\u00e9, l\u2019\u00e9ducation, les probl\u00e8mes familiaux, la coh\u00e9sion intersociale et \u00e9galement l\u2019unit\u00e9 au sein de nos trois pays \u00bb, a-t-il d\u00e9clar\u00e9.<\/p>\n\n\n\n<p>Soutenu par le minist\u00e8re de la Culture du Burkina Faso, le FDCT (via la Coop\u00e9ration suisse) et le Consortium ACF-Fonds MAYA, le spectacle ambitionne d\u00e9sormais de voyager. Apr\u00e8s Ouagadougou, la troupe pr\u00e9voit de se rendre au Mali et au Niger pour porter ce message de r\u00e9silience et de fraternit\u00e9 au plus pr\u00e8s des populations sah\u00e9liennes.<\/p>\n\n\n\n<p>La repr\u00e9sentation se poursuit chaque soir au Th\u00e9\u00e2tre populaire D\u00e9sir\u00e9 BONOGO, tous les jours du 15 au 31 janvier 2026<\/p>\n","protected":false},"excerpt":{"rendered":"<p>Le Th\u00e9\u00e2tre populaire D\u00e9sir\u00e9 Bonogo de Ouagadougou a accueilli\u00a0la premi\u00e8re de \u00ab Veill\u00e9e au Sahel \u00bb. Cette com\u00e9die musicale, fruit d\u2019une collaboration entre le Burkina Faso, le Mali et le Niger, propose une r\u00e9ponse artistique aux d\u00e9fis s\u00e9curitaires de la r\u00e9gion. Le projet \u00ab LIPTAKO \u00bb, port\u00e9 par les associations ARTS EN INTERSECTION du Burkina&nbsp;Faso, [&hellip;]<\/p>\n","protected":false},"author":1,"featured_media":40998,"comment_status":"open","ping_status":"open","sticky":false,"template":"","format":"standard","meta":{"footnotes":""},"categories":[53,55],"tags":[78,87,88],"class_list":{"0":"post-40997","1":"post","2":"type-post","3":"status-publish","4":"format-standard","5":"has-post-thumbnail","7":"category-culture-fr","8":"category-divertissement","9":"tag-apie-project-2","10":"tag-culture-2","11":"tag-divertissement"},"yoast_head":"<!-- This site is optimized with the Yoast SEO plugin v24.4 - https:\/\/yoast.com\/wordpress\/plugins\/seo\/ -->\n<title>Une Veill\u00e9e Au Sahel : Un Th\u00e9\u00e2tre Africain Populaire - APIE NEWS<\/title>\n<meta name=\"robots\" content=\"index, follow, max-snippet:-1, max-image-preview:large, max-video-preview:-1\" \/>\n<link rel=\"canonical\" href=\"https:\/\/appsaf.apieproject.com\/news\/fr\/2026\/02\/09\/une-veillee-au-sahel-un-theatre-africain-populaire\/\" \/>\n<meta property=\"og:locale\" content=\"fr_FR\" \/>\n<meta property=\"og:type\" content=\"article\" \/>\n<meta property=\"og:title\" content=\"Une Veill\u00e9e Au Sahel : Un Th\u00e9\u00e2tre Africain Populaire - APIE NEWS\" \/>\n<meta property=\"og:description\" content=\"Le Th\u00e9\u00e2tre populaire D\u00e9sir\u00e9 Bonogo de Ouagadougou a accueilli\u00a0la premi\u00e8re de \u00ab Veill\u00e9e au Sahel \u00bb. Cette com\u00e9die musicale, fruit d\u2019une collaboration entre le Burkina Faso, le Mali et le Niger, propose une r\u00e9ponse artistique aux d\u00e9fis s\u00e9curitaires de la r\u00e9gion. Le projet \u00ab LIPTAKO \u00bb, port\u00e9 par les associations ARTS EN INTERSECTION du Burkina&nbsp;Faso, [&hellip;]\" \/>\n<meta property=\"og:url\" content=\"https:\/\/appsaf.apieproject.com\/news\/fr\/2026\/02\/09\/une-veillee-au-sahel-un-theatre-africain-populaire\/\" \/>\n<meta property=\"og:site_name\" content=\"APIE NEWS\" \/>\n<meta property=\"article:publisher\" content=\"https:\/\/facebook.com\/apieproject\" \/>\n<meta property=\"article:published_time\" content=\"2026-02-09T00:07:42+00:00\" \/>\n<meta property=\"article:modified_time\" content=\"2026-02-16T00:22:25+00:00\" \/>\n<meta property=\"og:image\" content=\"https:\/\/appsaf.apieproject.com\/news\/wp-content\/uploads\/sites\/29\/2026\/02\/veillee.jpg\" \/>\n\t<meta property=\"og:image:width\" content=\"1000\" \/>\n\t<meta property=\"og:image:height\" content=\"563\" \/>\n\t<meta property=\"og:image:type\" content=\"image\/jpeg\" \/>\n<meta name=\"author\" content=\"apieproject\" \/>\n<meta name=\"twitter:card\" content=\"summary_large_image\" \/>\n<meta name=\"twitter:creator\" content=\"@apieproject\" \/>\n<meta name=\"twitter:site\" content=\"@apieproject\" \/>\n<meta name=\"twitter:label1\" content=\"\u00c9crit par\" \/>\n\t<meta name=\"twitter:data1\" content=\"apieproject\" \/>\n\t<meta name=\"twitter:label2\" content=\"Dur\u00e9e de lecture estim\u00e9e\" \/>\n\t<meta name=\"twitter:data2\" content=\"3 minutes\" \/>\n<script type=\"application\/ld+json\" class=\"yoast-schema-graph\">{\"@context\":\"https:\/\/schema.org\",\"@graph\":[{\"@type\":\"Article\",\"@id\":\"https:\/\/appsaf.apieproject.com\/news\/fr\/2026\/02\/09\/une-veillee-au-sahel-un-theatre-africain-populaire\/#article\",\"isPartOf\":{\"@id\":\"https:\/\/appsaf.apieproject.com\/news\/fr\/2026\/02\/09\/une-veillee-au-sahel-un-theatre-africain-populaire\/\"},\"author\":{\"name\":\"apieproject\",\"@id\":\"https:\/\/appsaf.apieproject.com\/news\/#\/schema\/person\/ad5502ca15531a327ebd9865992b8492\"},\"headline\":\"Une Veill\u00e9e Au Sahel : Un Th\u00e9\u00e2tre Africain Populaire\",\"datePublished\":\"2026-02-09T00:07:42+00:00\",\"dateModified\":\"2026-02-16T00:22:25+00:00\",\"mainEntityOfPage\":{\"@id\":\"https:\/\/appsaf.apieproject.com\/news\/fr\/2026\/02\/09\/une-veillee-au-sahel-un-theatre-africain-populaire\/\"},\"wordCount\":614,\"commentCount\":0,\"publisher\":{\"@id\":\"https:\/\/appsaf.apieproject.com\/news\/#organization\"},\"image\":{\"@id\":\"https:\/\/appsaf.apieproject.com\/news\/fr\/2026\/02\/09\/une-veillee-au-sahel-un-theatre-africain-populaire\/#primaryimage\"},\"thumbnailUrl\":\"https:\/\/appsaf.apieproject.com\/news\/wp-content\/uploads\/sites\/29\/2026\/02\/veillee.jpg\",\"keywords\":[\"apie project\",\"culture\",\"divertissement\"],\"articleSection\":[\"Culture\",\"Divertissement\"],\"inLanguage\":\"fr-FR\",\"potentialAction\":[{\"@type\":\"CommentAction\",\"name\":\"Comment\",\"target\":[\"https:\/\/appsaf.apieproject.com\/news\/fr\/2026\/02\/09\/une-veillee-au-sahel-un-theatre-africain-populaire\/#respond\"]}]},{\"@type\":\"WebPage\",\"@id\":\"https:\/\/appsaf.apieproject.com\/news\/fr\/2026\/02\/09\/une-veillee-au-sahel-un-theatre-africain-populaire\/\",\"url\":\"https:\/\/appsaf.apieproject.com\/news\/fr\/2026\/02\/09\/une-veillee-au-sahel-un-theatre-africain-populaire\/\",\"name\":\"Une Veill\u00e9e Au Sahel : Un Th\u00e9\u00e2tre Africain Populaire - APIE NEWS\",\"isPartOf\":{\"@id\":\"https:\/\/appsaf.apieproject.com\/news\/#website\"},\"primaryImageOfPage\":{\"@id\":\"https:\/\/appsaf.apieproject.com\/news\/fr\/2026\/02\/09\/une-veillee-au-sahel-un-theatre-africain-populaire\/#primaryimage\"},\"image\":{\"@id\":\"https:\/\/appsaf.apieproject.com\/news\/fr\/2026\/02\/09\/une-veillee-au-sahel-un-theatre-africain-populaire\/#primaryimage\"},\"thumbnailUrl\":\"https:\/\/appsaf.apieproject.com\/news\/wp-content\/uploads\/sites\/29\/2026\/02\/veillee.jpg\",\"datePublished\":\"2026-02-09T00:07:42+00:00\",\"dateModified\":\"2026-02-16T00:22:25+00:00\",\"breadcrumb\":{\"@id\":\"https:\/\/appsaf.apieproject.com\/news\/fr\/2026\/02\/09\/une-veillee-au-sahel-un-theatre-africain-populaire\/#breadcrumb\"},\"inLanguage\":\"fr-FR\",\"potentialAction\":[{\"@type\":\"ReadAction\",\"target\":[\"https:\/\/appsaf.apieproject.com\/news\/fr\/2026\/02\/09\/une-veillee-au-sahel-un-theatre-africain-populaire\/\"]}]},{\"@type\":\"ImageObject\",\"inLanguage\":\"fr-FR\",\"@id\":\"https:\/\/appsaf.apieproject.com\/news\/fr\/2026\/02\/09\/une-veillee-au-sahel-un-theatre-africain-populaire\/#primaryimage\",\"url\":\"https:\/\/appsaf.apieproject.com\/news\/wp-content\/uploads\/sites\/29\/2026\/02\/veillee.jpg\",\"contentUrl\":\"https:\/\/appsaf.apieproject.com\/news\/wp-content\/uploads\/sites\/29\/2026\/02\/veillee.jpg\",\"width\":1000,\"height\":563},{\"@type\":\"BreadcrumbList\",\"@id\":\"https:\/\/appsaf.apieproject.com\/news\/fr\/2026\/02\/09\/une-veillee-au-sahel-un-theatre-africain-populaire\/#breadcrumb\",\"itemListElement\":[{\"@type\":\"ListItem\",\"position\":1,\"name\":\"Home\",\"item\":\"https:\/\/appsaf.apieproject.com\/news\/fr\/home\/\"},{\"@type\":\"ListItem\",\"position\":2,\"name\":\"Une Veill\u00e9e Au Sahel : Un Th\u00e9\u00e2tre Africain Populaire\"}]},{\"@type\":\"WebSite\",\"@id\":\"https:\/\/appsaf.apieproject.com\/news\/#website\",\"url\":\"https:\/\/appsaf.apieproject.com\/news\/\",\"name\":\"APIE NEWS\",\"description\":\"PANAFRICANISM NEWS PORTAL\",\"publisher\":{\"@id\":\"https:\/\/appsaf.apieproject.com\/news\/#organization\"},\"potentialAction\":[{\"@type\":\"SearchAction\",\"target\":{\"@type\":\"EntryPoint\",\"urlTemplate\":\"https:\/\/appsaf.apieproject.com\/news\/?s={search_term_string}\"},\"query-input\":{\"@type\":\"PropertyValueSpecification\",\"valueRequired\":true,\"valueName\":\"search_term_string\"}}],\"inLanguage\":\"fr-FR\"},{\"@type\":\"Organization\",\"@id\":\"https:\/\/appsaf.apieproject.com\/news\/#organization\",\"name\":\"APIE PROJECT\",\"url\":\"https:\/\/appsaf.apieproject.com\/news\/\",\"logo\":{\"@type\":\"ImageObject\",\"inLanguage\":\"fr-FR\",\"@id\":\"https:\/\/appsaf.apieproject.com\/news\/#\/schema\/logo\/image\/\",\"url\":\"https:\/\/appsaf.apieproject.com\/news\/wp-content\/uploads\/sites\/29\/2022\/07\/logo-R-TransparentBackground.png\",\"contentUrl\":\"https:\/\/appsaf.apieproject.com\/news\/wp-content\/uploads\/sites\/29\/2022\/07\/logo-R-TransparentBackground.png\",\"width\":512,\"height\":512,\"caption\":\"APIE PROJECT\"},\"image\":{\"@id\":\"https:\/\/appsaf.apieproject.com\/news\/#\/schema\/logo\/image\/\"},\"sameAs\":[\"https:\/\/facebook.com\/apieproject\",\"https:\/\/x.com\/apieproject\"]},{\"@type\":\"Person\",\"@id\":\"https:\/\/appsaf.apieproject.com\/news\/#\/schema\/person\/ad5502ca15531a327ebd9865992b8492\",\"name\":\"apieproject\",\"image\":{\"@type\":\"ImageObject\",\"inLanguage\":\"fr-FR\",\"@id\":\"https:\/\/appsaf.apieproject.com\/news\/#\/schema\/person\/image\/\",\"url\":\"https:\/\/secure.gravatar.com\/avatar\/8da820f890920c54e6a9a30087a8b9ec?s=96&d=mm&r=g\",\"contentUrl\":\"https:\/\/secure.gravatar.com\/avatar\/8da820f890920c54e6a9a30087a8b9ec?s=96&d=mm&r=g\",\"caption\":\"apieproject\"},\"url\":\"https:\/\/appsaf.apieproject.com\/news\/fr\/author\/apieproject\/\"}]}<\/script>\n<!-- \/ Yoast SEO plugin. -->","yoast_head_json":{"title":"Une Veill\u00e9e Au Sahel : Un Th\u00e9\u00e2tre Africain Populaire - APIE NEWS","robots":{"index":"index","follow":"follow","max-snippet":"max-snippet:-1","max-image-preview":"max-image-preview:large","max-video-preview":"max-video-preview:-1"},"canonical":"https:\/\/appsaf.apieproject.com\/news\/fr\/2026\/02\/09\/une-veillee-au-sahel-un-theatre-africain-populaire\/","og_locale":"fr_FR","og_type":"article","og_title":"Une Veill\u00e9e Au Sahel : Un Th\u00e9\u00e2tre Africain Populaire - APIE NEWS","og_description":"Le Th\u00e9\u00e2tre populaire D\u00e9sir\u00e9 Bonogo de Ouagadougou a accueilli\u00a0la premi\u00e8re de \u00ab Veill\u00e9e au Sahel \u00bb. Cette com\u00e9die musicale, fruit d\u2019une collaboration entre le Burkina Faso, le Mali et le Niger, propose une r\u00e9ponse artistique aux d\u00e9fis s\u00e9curitaires de la r\u00e9gion. Le projet \u00ab LIPTAKO \u00bb, port\u00e9 par les associations ARTS EN INTERSECTION du Burkina&nbsp;Faso, [&hellip;]","og_url":"https:\/\/appsaf.apieproject.com\/news\/fr\/2026\/02\/09\/une-veillee-au-sahel-un-theatre-africain-populaire\/","og_site_name":"APIE NEWS","article_publisher":"https:\/\/facebook.com\/apieproject","article_published_time":"2026-02-09T00:07:42+00:00","article_modified_time":"2026-02-16T00:22:25+00:00","og_image":[{"width":1000,"height":563,"url":"https:\/\/appsaf.apieproject.com\/news\/wp-content\/uploads\/sites\/29\/2026\/02\/veillee.jpg","type":"image\/jpeg"}],"author":"apieproject","twitter_card":"summary_large_image","twitter_creator":"@apieproject","twitter_site":"@apieproject","twitter_misc":{"\u00c9crit par":"apieproject","Dur\u00e9e de lecture estim\u00e9e":"3 minutes"},"schema":{"@context":"https:\/\/schema.org","@graph":[{"@type":"Article","@id":"https:\/\/appsaf.apieproject.com\/news\/fr\/2026\/02\/09\/une-veillee-au-sahel-un-theatre-africain-populaire\/#article","isPartOf":{"@id":"https:\/\/appsaf.apieproject.com\/news\/fr\/2026\/02\/09\/une-veillee-au-sahel-un-theatre-africain-populaire\/"},"author":{"name":"apieproject","@id":"https:\/\/appsaf.apieproject.com\/news\/#\/schema\/person\/ad5502ca15531a327ebd9865992b8492"},"headline":"Une Veill\u00e9e Au Sahel : Un Th\u00e9\u00e2tre Africain Populaire","datePublished":"2026-02-09T00:07:42+00:00","dateModified":"2026-02-16T00:22:25+00:00","mainEntityOfPage":{"@id":"https:\/\/appsaf.apieproject.com\/news\/fr\/2026\/02\/09\/une-veillee-au-sahel-un-theatre-africain-populaire\/"},"wordCount":614,"commentCount":0,"publisher":{"@id":"https:\/\/appsaf.apieproject.com\/news\/#organization"},"image":{"@id":"https:\/\/appsaf.apieproject.com\/news\/fr\/2026\/02\/09\/une-veillee-au-sahel-un-theatre-africain-populaire\/#primaryimage"},"thumbnailUrl":"https:\/\/appsaf.apieproject.com\/news\/wp-content\/uploads\/sites\/29\/2026\/02\/veillee.jpg","keywords":["apie project","culture","divertissement"],"articleSection":["Culture","Divertissement"],"inLanguage":"fr-FR","potentialAction":[{"@type":"CommentAction","name":"Comment","target":["https:\/\/appsaf.apieproject.com\/news\/fr\/2026\/02\/09\/une-veillee-au-sahel-un-theatre-africain-populaire\/#respond"]}]},{"@type":"WebPage","@id":"https:\/\/appsaf.apieproject.com\/news\/fr\/2026\/02\/09\/une-veillee-au-sahel-un-theatre-africain-populaire\/","url":"https:\/\/appsaf.apieproject.com\/news\/fr\/2026\/02\/09\/une-veillee-au-sahel-un-theatre-africain-populaire\/","name":"Une Veill\u00e9e Au Sahel : Un Th\u00e9\u00e2tre Africain Populaire - APIE NEWS","isPartOf":{"@id":"https:\/\/appsaf.apieproject.com\/news\/#website"},"primaryImageOfPage":{"@id":"https:\/\/appsaf.apieproject.com\/news\/fr\/2026\/02\/09\/une-veillee-au-sahel-un-theatre-africain-populaire\/#primaryimage"},"image":{"@id":"https:\/\/appsaf.apieproject.com\/news\/fr\/2026\/02\/09\/une-veillee-au-sahel-un-theatre-africain-populaire\/#primaryimage"},"thumbnailUrl":"https:\/\/appsaf.apieproject.com\/news\/wp-content\/uploads\/sites\/29\/2026\/02\/veillee.jpg","datePublished":"2026-02-09T00:07:42+00:00","dateModified":"2026-02-16T00:22:25+00:00","breadcrumb":{"@id":"https:\/\/appsaf.apieproject.com\/news\/fr\/2026\/02\/09\/une-veillee-au-sahel-un-theatre-africain-populaire\/#breadcrumb"},"inLanguage":"fr-FR","potentialAction":[{"@type":"ReadAction","target":["https:\/\/appsaf.apieproject.com\/news\/fr\/2026\/02\/09\/une-veillee-au-sahel-un-theatre-africain-populaire\/"]}]},{"@type":"ImageObject","inLanguage":"fr-FR","@id":"https:\/\/appsaf.apieproject.com\/news\/fr\/2026\/02\/09\/une-veillee-au-sahel-un-theatre-africain-populaire\/#primaryimage","url":"https:\/\/appsaf.apieproject.com\/news\/wp-content\/uploads\/sites\/29\/2026\/02\/veillee.jpg","contentUrl":"https:\/\/appsaf.apieproject.com\/news\/wp-content\/uploads\/sites\/29\/2026\/02\/veillee.jpg","width":1000,"height":563},{"@type":"BreadcrumbList","@id":"https:\/\/appsaf.apieproject.com\/news\/fr\/2026\/02\/09\/une-veillee-au-sahel-un-theatre-africain-populaire\/#breadcrumb","itemListElement":[{"@type":"ListItem","position":1,"name":"Home","item":"https:\/\/appsaf.apieproject.com\/news\/fr\/home\/"},{"@type":"ListItem","position":2,"name":"Une Veill\u00e9e Au Sahel : Un Th\u00e9\u00e2tre Africain Populaire"}]},{"@type":"WebSite","@id":"https:\/\/appsaf.apieproject.com\/news\/#website","url":"https:\/\/appsaf.apieproject.com\/news\/","name":"APIE NEWS","description":"PANAFRICANISM NEWS PORTAL","publisher":{"@id":"https:\/\/appsaf.apieproject.com\/news\/#organization"},"potentialAction":[{"@type":"SearchAction","target":{"@type":"EntryPoint","urlTemplate":"https:\/\/appsaf.apieproject.com\/news\/?s={search_term_string}"},"query-input":{"@type":"PropertyValueSpecification","valueRequired":true,"valueName":"search_term_string"}}],"inLanguage":"fr-FR"},{"@type":"Organization","@id":"https:\/\/appsaf.apieproject.com\/news\/#organization","name":"APIE PROJECT","url":"https:\/\/appsaf.apieproject.com\/news\/","logo":{"@type":"ImageObject","inLanguage":"fr-FR","@id":"https:\/\/appsaf.apieproject.com\/news\/#\/schema\/logo\/image\/","url":"https:\/\/appsaf.apieproject.com\/news\/wp-content\/uploads\/sites\/29\/2022\/07\/logo-R-TransparentBackground.png","contentUrl":"https:\/\/appsaf.apieproject.com\/news\/wp-content\/uploads\/sites\/29\/2022\/07\/logo-R-TransparentBackground.png","width":512,"height":512,"caption":"APIE PROJECT"},"image":{"@id":"https:\/\/appsaf.apieproject.com\/news\/#\/schema\/logo\/image\/"},"sameAs":["https:\/\/facebook.com\/apieproject","https:\/\/x.com\/apieproject"]},{"@type":"Person","@id":"https:\/\/appsaf.apieproject.com\/news\/#\/schema\/person\/ad5502ca15531a327ebd9865992b8492","name":"apieproject","image":{"@type":"ImageObject","inLanguage":"fr-FR","@id":"https:\/\/appsaf.apieproject.com\/news\/#\/schema\/person\/image\/","url":"https:\/\/secure.gravatar.com\/avatar\/8da820f890920c54e6a9a30087a8b9ec?s=96&d=mm&r=g","contentUrl":"https:\/\/secure.gravatar.com\/avatar\/8da820f890920c54e6a9a30087a8b9ec?s=96&d=mm&r=g","caption":"apieproject"},"url":"https:\/\/appsaf.apieproject.com\/news\/fr\/author\/apieproject\/"}]}},"_links":{"self":[{"href":"https:\/\/appsaf.apieproject.com\/news\/fr\/wp-json\/wp\/v2\/posts\/40997","targetHints":{"allow":["GET"]}}],"collection":[{"href":"https:\/\/appsaf.apieproject.com\/news\/fr\/wp-json\/wp\/v2\/posts"}],"about":[{"href":"https:\/\/appsaf.apieproject.com\/news\/fr\/wp-json\/wp\/v2\/types\/post"}],"author":[{"embeddable":true,"href":"https:\/\/appsaf.apieproject.com\/news\/fr\/wp-json\/wp\/v2\/users\/1"}],"replies":[{"embeddable":true,"href":"https:\/\/appsaf.apieproject.com\/news\/fr\/wp-json\/wp\/v2\/comments?post=40997"}],"version-history":[{"count":1,"href":"https:\/\/appsaf.apieproject.com\/news\/fr\/wp-json\/wp\/v2\/posts\/40997\/revisions"}],"predecessor-version":[{"id":41001,"href":"https:\/\/appsaf.apieproject.com\/news\/fr\/wp-json\/wp\/v2\/posts\/40997\/revisions\/41001"}],"wp:featuredmedia":[{"embeddable":true,"href":"https:\/\/appsaf.apieproject.com\/news\/fr\/wp-json\/wp\/v2\/media\/40998"}],"wp:attachment":[{"href":"https:\/\/appsaf.apieproject.com\/news\/fr\/wp-json\/wp\/v2\/media?parent=40997"}],"wp:term":[{"taxonomy":"category","embeddable":true,"href":"https:\/\/appsaf.apieproject.com\/news\/fr\/wp-json\/wp\/v2\/categories?post=40997"},{"taxonomy":"post_tag","embeddable":true,"href":"https:\/\/appsaf.apieproject.com\/news\/fr\/wp-json\/wp\/v2\/tags?post=40997"}],"curies":[{"name":"wp","href":"https:\/\/api.w.org\/{rel}","templated":true}]}}