{"id":41045,"date":"2026-02-23T03:19:40","date_gmt":"2026-02-23T03:19:40","guid":{"rendered":"https:\/\/appsaf.apieproject.com\/news\/?p=41045"},"modified":"2026-03-02T18:49:09","modified_gmt":"2026-03-02T18:49:09","slug":"suspension-des-reseaux-sociaux-au-gabon","status":"publish","type":"post","link":"https:\/\/appsaf.apieproject.com\/news\/fr\/2026\/02\/23\/suspension-des-reseaux-sociaux-au-gabon\/","title":{"rendered":"Suspension des R\u00e9seaux Sociaux au Gabon"},"content":{"rendered":"\n<p>Les autorit\u00e9s gabonaises ont suspendu les r\u00e9seaux sociaux ce mercredi 18 f\u00e9vrier, dont Facebook et TikTok. Ils sont accus\u00e9s de porter atteinte \u00e0 la<em>&nbsp;\u00ab\u00a0stabilit\u00e9\u00a0\u00bb<\/em>&nbsp;et la&nbsp;<em>\u00ab\u00a0s\u00e9curit\u00e9\u00a0\u00bb<\/em>&nbsp;du pays. Sur le plateau de TV5MONDE, cette mesure est d\u00e9crite par Jennyfer M\u00e9lodie Sambat, porte-parole adjointe de la pr\u00e9sidence gabonaise, comme&nbsp;<em>\u00ab\u00a0temporaire\u00a0\u00bb.<\/em><\/p>\n\n\n\n<p>Les r\u00e9seaux sociaux sont coup\u00e9s au Gabon depuis ce mercredi 18 f\u00e9vrier.&nbsp;<em>\u00ab\u00a0Il s&rsquo;agit d&rsquo;une suspension des plateformes du groupe Meta, pas de toutes les plateformes num\u00e9riques au Gabon, ni d&rsquo;une coupure d&rsquo;internet\u00a0\u00bb,&nbsp;<\/em>justifie Jennyfer M\u00e9lodie Sambat, porte-parole adjointe de la pr\u00e9sidence gabonaise sur le plateau de TV5MONDE.<\/p>\n\n\n\n<p>Ce mardi 17 f\u00e9vrier,\u00a0la Haute autorit\u00e9 de la communication (HAC) avait annonc\u00e9 la suspension<em>\u00a0\u00ab\u00a0jusqu&rsquo;\u00e0 nouvel ordre\u00a0\u00bb\u00a0<\/em>des r\u00e9seaux sociaux\u00a0au\u00a0Gabon.<em><strong>\u00a0<\/strong><\/em>Facebook et TikTok, les r\u00e9seaux sociaux les plus utilis\u00e9s dans le pays, ainsi que YouTube et Instagram, sont coup\u00e9s, tandis que WhatsApp fonctionne par intermittence et diff\u00e9remment selon les op\u00e9rateurs, ont constat\u00e9 des journalistes de l&rsquo;AFP.\u00a0<\/p>\n\n\n\n<h2 class=\"wp-block-heading\">Des&nbsp;<em>\u00ab\u00a0contenus violents, voire pornographiques\u00a0\u00bb&nbsp;<\/em>qui entravent les<em>&nbsp;\u00ab\u00a0m\u0153urs\u00a0\u00bb<\/em><\/h2>\n\n\n\n<p>D&rsquo;apr\u00e8s les autorit\u00e9s gabonaises, il y aurait une&nbsp;<em>\u00ab\u00a0recrudescence de contenus diffamatoires\u00a0\u00bb&nbsp;<\/em>et une&nbsp;<em>\u00ab\u00a0manipulation politique<\/em>\u00a0\u00bb qui&nbsp;<em>\u00ab\u00a0entrave la coh\u00e9sion sociale\u00a0\u00bb&nbsp;<\/em>sur les plateformes du groupe Meta, dont Mark Zuckerberg est le PDG. Les Gabonais seraient \u00e9galement expos\u00e9s \u00e0 des&nbsp;<em>\u00ab\u00a0contenus violents, voire pornographiques, qui entravent nos m\u0153urs et nos us et coutumes\u00a0\u00bb<\/em>, condamne la porte-parole adjointe de la pr\u00e9sidence gabonaise.&nbsp;<\/p>\n\n\n\n<p>Depuis janvier 2026,\u00a0le Gabon est confront\u00e9 \u00e0 un mouvement de protestation social qui se poursuit par endroits. Il s&rsquo;agit de la premi\u00e8re vague de contestation sociale du mandat de\u00a0Brice Oligui Nguema, arriv\u00e9 \u00e0 la t\u00eate du pays par un coup d&rsquo;\u00c9tat en 2023 et \u00e9lu pr\u00e9sident l&rsquo;an dernier. Outre l&rsquo;\u00e9ducation, des mouvements de contestation avaient \u00e9merg\u00e9 dans d&rsquo;autres secteurs publics, tels que la sant\u00e9, l&rsquo;enseignement sup\u00e9rieur ou l&rsquo;audiovisuel, avec des revendications similaires, portant sur la r\u00e9mun\u00e9ration et les conditions de travail d\u00e9grad\u00e9es.\u00a0<\/p>\n\n\n\n<p>Le gouvernement avait alors men\u00e9 des n\u00e9gociations dans les diff\u00e9rents secteurs. Mercredi 18 f\u00e9vrier, dans un entretien \u00e0 l&rsquo;AFP, le porte-parole du gouvernement, Th\u00e9ophane Zam\u00e9-Nze Biyoghe, a ni\u00e9 que cette interruption des r\u00e9seaux sociaux soit li\u00e9e aux revendications sociales actuelles.&nbsp;<\/p>\n\n\n\n<h2 class=\"wp-block-heading\"><em>\u00ab\u00a0C&rsquo;est comme si on nous coupait du monde\u00a0\u00bb<\/em><\/h2>\n\n\n\n<p>Dans le pays, la d\u00e9cision de suspendre les r\u00e9seaux sociaux semble totalement incompr\u00e9hensible pour les Gabonais.&nbsp;<em>\u00ab\u00a0En nous coupant des r\u00e9seaux sociaux, c&rsquo;est comme si on nous coupait du monde\u00a0\u00bb,<\/em>&nbsp;d\u00e9plore un habitant de Libreville.&nbsp;<em>\u00ab\u00a0Nous avons des cours en ligne, nous avons des envois via WhatsApp, cette suspension nous p\u00e9nalise\u00a0\u00bb<\/em>, commente une \u00e9tudiante.&nbsp;<\/p>\n\n\n\n<p>Des craintes balay\u00e9es par Jennyfer M\u00e9lodie Sambat:&nbsp;<em>\u00ab\u00a0C&rsquo;est une mesure ponctuelle\u00a0\u00bb,&nbsp;<\/em>annonce-t-elle, sans toutefois pr\u00e9ciser quand le retour \u00e0 la normale aura lieu. L&rsquo;une des raisons \u00e9voqu\u00e9es \u00e0 cette suspension soudaine vient du fait que, malgr\u00e9 plusieurs alertes formul\u00e9es par les autorit\u00e9s depuis un an et demi, le groupe Meta n&rsquo;a jamais r\u00e9pondu au gouvernement gabonais.&nbsp;<\/p>\n\n\n\n<p>C&rsquo;est d\u00e9sormais chose faite, rapporte la porte-parole adjointe, ce qui devrait permettre de&nbsp;<em>\u00ab\u00a0r\u00e9guler\u00a0\u00bb<\/em>&nbsp;et poser un cadre l\u00e9gal autour de l&rsquo;utilisation des r\u00e9seaux sociaux.&nbsp;<em>\u00ab\u00a0Il s&rsquo;agit d&rsquo;une demande du respect de nos donn\u00e9es personnelles et de diffusion des publications diffamatoires qui ont \u00e9t\u00e9 \u00e0 plusieurs reprises signal\u00e9es. La r\u00e9gularisation va se faire pour laisser le temps de mettre un cadre formel \u00e0 ces n\u00e9gociations. Les Gabonais vont devoir attendre. C&rsquo;est une d\u00e9cision assum\u00e9e pour la coh\u00e9sion sociale de notre pays.\u00a0\u00bb<\/em><\/p>\n\n\n\n<h2 class=\"wp-block-heading\"><em>\u00ab\u00a0Une d\u00e9cision compl\u00e8tement incompr\u00e9hensible\u00a0\u00bb&nbsp;<\/em>&nbsp;<\/h2>\n\n\n\n<p>Parmi les autres craintes \u00e9voqu\u00e9es dans le pays, l&rsquo;impact de cette suspension sur le commerce en ligne et donc sur l&rsquo;\u00e9conomie informelle. Un non-sujet pour Jennyfer M\u00e9lodie Sambat.&nbsp;<em>\u00ab\u00a0Les plateformes du groupe Meta ne repr\u00e9sente pas internet, nous avons du e-commerce qui se fait sans ces r\u00e9seaux sociaux-l\u00e0.\u00a0\u00bb&nbsp;<\/em>Un avis qui n&rsquo;est pas partag\u00e9 par le cr\u00e9ateur de contenus gabonais Mister Wils, qui compte pr\u00e8s de 100.000 abonn\u00e9s sur TikTok:&nbsp;<em>\u00ab\u00a0Je ne peux m\u00eame plus travailler.\u00a0\u00bb&nbsp;<\/em><\/p>\n\n\n\n<p>Interrog\u00e9 par l&rsquo;AFP, l&rsquo;ancien Premier ministre et d\u00e9sormais opposant Alain-Claude Bilie-By-Nze a d\u00e9nonc\u00e9&nbsp;<em>\u00ab\u00a0une d\u00e9cision compl\u00e8tement incompr\u00e9hensible\u00a0\u00bb&nbsp;<\/em>&nbsp;et&nbsp;<em>\u00ab\u00a0disproportionn\u00e9e\u00a0\u00bb<\/em>&nbsp;qui&nbsp;<em>\u00ab\u00a0viole la Constitution, les droits des citoyens, la libert\u00e9 d&rsquo;expression et qui ne repose sur rien\u00a0\u00bb<\/em>. Apr\u00e8s l&rsquo;annonce de la HAC, l&rsquo;opposant a appel\u00e9 dans un communiqu\u00e9&nbsp;<em>\u00ab\u00a0les Gabonais attach\u00e9s \u00e0 la libert\u00e9 \u00e0 se mobiliser pour faire barrage \u00e0 cette d\u00e9rive liberticide\u00a0\u00bb<\/em>.<\/p>\n\n\n\n<p>L&rsquo;ONG Reporters sans fronti\u00e8res (RSF) a d\u00e9nonc\u00e9&nbsp;<em>\u00ab\u00a0une inqui\u00e9tante d\u00e9cision\u00a0\u00bb<\/em>&nbsp;qui<em>&nbsp;\u00ab\u00a0restreint, de mani\u00e8re abusive et non-proportionn\u00e9e, l&rsquo;acc\u00e8s \u00e0 l\u2019information et entrave le travail des journalistes qui utilisent les r\u00e9seaux sociaux pour informer et diffuser leurs contenus de mani\u00e8re ind\u00e9pendante\u00a0\u00bb.<\/em><\/p>\n\n\n\n<p><\/p>\n","protected":false},"excerpt":{"rendered":"<p>Les autorit\u00e9s gabonaises ont suspendu les r\u00e9seaux sociaux ce mercredi 18 f\u00e9vrier, dont Facebook et TikTok. Ils sont accus\u00e9s de porter atteinte \u00e0 la&nbsp;\u00ab\u00a0stabilit\u00e9\u00a0\u00bb&nbsp;et la&nbsp;\u00ab\u00a0s\u00e9curit\u00e9\u00a0\u00bb&nbsp;du pays. Sur le plateau de TV5MONDE, cette mesure est d\u00e9crite par Jennyfer M\u00e9lodie Sambat, porte-parole adjointe de la pr\u00e9sidence gabonaise, comme&nbsp;\u00ab\u00a0temporaire\u00a0\u00bb. Les r\u00e9seaux sociaux sont coup\u00e9s au Gabon depuis ce [&hellip;]<\/p>\n","protected":false},"author":1,"featured_media":41046,"comment_status":"open","ping_status":"open","sticky":false,"template":"","format":"standard","meta":{"footnotes":""},"categories":[69,73],"tags":[78,82,77],"class_list":{"0":"post-41045","1":"post","2":"type-post","3":"status-publish","4":"format-standard","5":"has-post-thumbnail","7":"category-politique","8":"category-technologie","9":"tag-apie-project-2","10":"tag-politique","11":"tag-technologie"},"yoast_head":"<!-- This site is optimized with the Yoast SEO plugin v24.4 - https:\/\/yoast.com\/wordpress\/plugins\/seo\/ -->\n<title>Suspension des R\u00e9seaux Sociaux au Gabon - APIE NEWS<\/title>\n<meta name=\"robots\" content=\"index, follow, max-snippet:-1, max-image-preview:large, max-video-preview:-1\" \/>\n<link rel=\"canonical\" href=\"https:\/\/appsaf.apieproject.com\/news\/fr\/2026\/02\/23\/suspension-des-reseaux-sociaux-au-gabon\/\" \/>\n<meta property=\"og:locale\" content=\"fr_FR\" \/>\n<meta property=\"og:type\" content=\"article\" \/>\n<meta property=\"og:title\" content=\"Suspension des R\u00e9seaux Sociaux au Gabon - APIE NEWS\" \/>\n<meta property=\"og:description\" content=\"Les autorit\u00e9s gabonaises ont suspendu les r\u00e9seaux sociaux ce mercredi 18 f\u00e9vrier, dont Facebook et TikTok. Ils sont accus\u00e9s de porter atteinte \u00e0 la&nbsp;\u00ab\u00a0stabilit\u00e9\u00a0\u00bb&nbsp;et la&nbsp;\u00ab\u00a0s\u00e9curit\u00e9\u00a0\u00bb&nbsp;du pays. Sur le plateau de TV5MONDE, cette mesure est d\u00e9crite par Jennyfer M\u00e9lodie Sambat, porte-parole adjointe de la pr\u00e9sidence gabonaise, comme&nbsp;\u00ab\u00a0temporaire\u00a0\u00bb. Les r\u00e9seaux sociaux sont coup\u00e9s au Gabon depuis ce [&hellip;]\" \/>\n<meta property=\"og:url\" content=\"https:\/\/appsaf.apieproject.com\/news\/fr\/2026\/02\/23\/suspension-des-reseaux-sociaux-au-gabon\/\" \/>\n<meta property=\"og:site_name\" content=\"APIE NEWS\" \/>\n<meta property=\"article:publisher\" content=\"https:\/\/facebook.com\/apieproject\" \/>\n<meta property=\"article:published_time\" content=\"2026-02-23T03:19:40+00:00\" \/>\n<meta property=\"article:modified_time\" content=\"2026-03-02T18:49:09+00:00\" \/>\n<meta property=\"og:image\" content=\"https:\/\/appsaf.apieproject.com\/news\/wp-content\/uploads\/sites\/29\/2026\/02\/Screenshot-2026-02-22-191454.png\" \/>\n\t<meta property=\"og:image:width\" content=\"633\" \/>\n\t<meta property=\"og:image:height\" content=\"422\" \/>\n\t<meta property=\"og:image:type\" content=\"image\/png\" \/>\n<meta name=\"author\" content=\"apieproject\" \/>\n<meta name=\"twitter:card\" content=\"summary_large_image\" \/>\n<meta name=\"twitter:creator\" content=\"@apieproject\" \/>\n<meta name=\"twitter:site\" content=\"@apieproject\" \/>\n<meta name=\"twitter:label1\" content=\"\u00c9crit par\" \/>\n\t<meta name=\"twitter:data1\" content=\"apieproject\" \/>\n\t<meta name=\"twitter:label2\" content=\"Dur\u00e9e de lecture estim\u00e9e\" \/>\n\t<meta name=\"twitter:data2\" content=\"4 minutes\" \/>\n<script type=\"application\/ld+json\" class=\"yoast-schema-graph\">{\"@context\":\"https:\/\/schema.org\",\"@graph\":[{\"@type\":\"Article\",\"@id\":\"https:\/\/appsaf.apieproject.com\/news\/fr\/2026\/02\/23\/suspension-des-reseaux-sociaux-au-gabon\/#article\",\"isPartOf\":{\"@id\":\"https:\/\/appsaf.apieproject.com\/news\/fr\/2026\/02\/23\/suspension-des-reseaux-sociaux-au-gabon\/\"},\"author\":{\"name\":\"apieproject\",\"@id\":\"https:\/\/appsaf.apieproject.com\/news\/#\/schema\/person\/ad5502ca15531a327ebd9865992b8492\"},\"headline\":\"Suspension des R\u00e9seaux Sociaux au Gabon\",\"datePublished\":\"2026-02-23T03:19:40+00:00\",\"dateModified\":\"2026-03-02T18:49:09+00:00\",\"mainEntityOfPage\":{\"@id\":\"https:\/\/appsaf.apieproject.com\/news\/fr\/2026\/02\/23\/suspension-des-reseaux-sociaux-au-gabon\/\"},\"wordCount\":899,\"commentCount\":0,\"publisher\":{\"@id\":\"https:\/\/appsaf.apieproject.com\/news\/#organization\"},\"image\":{\"@id\":\"https:\/\/appsaf.apieproject.com\/news\/fr\/2026\/02\/23\/suspension-des-reseaux-sociaux-au-gabon\/#primaryimage\"},\"thumbnailUrl\":\"https:\/\/appsaf.apieproject.com\/news\/wp-content\/uploads\/sites\/29\/2026\/02\/Screenshot-2026-02-22-191454.png\",\"keywords\":[\"apie project\",\"politique\",\"technologie\"],\"articleSection\":[\"Politique\",\"Technologie\"],\"inLanguage\":\"fr-FR\",\"potentialAction\":[{\"@type\":\"CommentAction\",\"name\":\"Comment\",\"target\":[\"https:\/\/appsaf.apieproject.com\/news\/fr\/2026\/02\/23\/suspension-des-reseaux-sociaux-au-gabon\/#respond\"]}]},{\"@type\":\"WebPage\",\"@id\":\"https:\/\/appsaf.apieproject.com\/news\/fr\/2026\/02\/23\/suspension-des-reseaux-sociaux-au-gabon\/\",\"url\":\"https:\/\/appsaf.apieproject.com\/news\/fr\/2026\/02\/23\/suspension-des-reseaux-sociaux-au-gabon\/\",\"name\":\"Suspension des R\u00e9seaux Sociaux au Gabon - APIE NEWS\",\"isPartOf\":{\"@id\":\"https:\/\/appsaf.apieproject.com\/news\/#website\"},\"primaryImageOfPage\":{\"@id\":\"https:\/\/appsaf.apieproject.com\/news\/fr\/2026\/02\/23\/suspension-des-reseaux-sociaux-au-gabon\/#primaryimage\"},\"image\":{\"@id\":\"https:\/\/appsaf.apieproject.com\/news\/fr\/2026\/02\/23\/suspension-des-reseaux-sociaux-au-gabon\/#primaryimage\"},\"thumbnailUrl\":\"https:\/\/appsaf.apieproject.com\/news\/wp-content\/uploads\/sites\/29\/2026\/02\/Screenshot-2026-02-22-191454.png\",\"datePublished\":\"2026-02-23T03:19:40+00:00\",\"dateModified\":\"2026-03-02T18:49:09+00:00\",\"breadcrumb\":{\"@id\":\"https:\/\/appsaf.apieproject.com\/news\/fr\/2026\/02\/23\/suspension-des-reseaux-sociaux-au-gabon\/#breadcrumb\"},\"inLanguage\":\"fr-FR\",\"potentialAction\":[{\"@type\":\"ReadAction\",\"target\":[\"https:\/\/appsaf.apieproject.com\/news\/fr\/2026\/02\/23\/suspension-des-reseaux-sociaux-au-gabon\/\"]}]},{\"@type\":\"ImageObject\",\"inLanguage\":\"fr-FR\",\"@id\":\"https:\/\/appsaf.apieproject.com\/news\/fr\/2026\/02\/23\/suspension-des-reseaux-sociaux-au-gabon\/#primaryimage\",\"url\":\"https:\/\/appsaf.apieproject.com\/news\/wp-content\/uploads\/sites\/29\/2026\/02\/Screenshot-2026-02-22-191454.png\",\"contentUrl\":\"https:\/\/appsaf.apieproject.com\/news\/wp-content\/uploads\/sites\/29\/2026\/02\/Screenshot-2026-02-22-191454.png\",\"width\":633,\"height\":422},{\"@type\":\"BreadcrumbList\",\"@id\":\"https:\/\/appsaf.apieproject.com\/news\/fr\/2026\/02\/23\/suspension-des-reseaux-sociaux-au-gabon\/#breadcrumb\",\"itemListElement\":[{\"@type\":\"ListItem\",\"position\":1,\"name\":\"Home\",\"item\":\"https:\/\/appsaf.apieproject.com\/news\/fr\/home\/\"},{\"@type\":\"ListItem\",\"position\":2,\"name\":\"Suspension des R\u00e9seaux Sociaux au Gabon\"}]},{\"@type\":\"WebSite\",\"@id\":\"https:\/\/appsaf.apieproject.com\/news\/#website\",\"url\":\"https:\/\/appsaf.apieproject.com\/news\/\",\"name\":\"APIE NEWS\",\"description\":\"PANAFRICANISM NEWS PORTAL\",\"publisher\":{\"@id\":\"https:\/\/appsaf.apieproject.com\/news\/#organization\"},\"potentialAction\":[{\"@type\":\"SearchAction\",\"target\":{\"@type\":\"EntryPoint\",\"urlTemplate\":\"https:\/\/appsaf.apieproject.com\/news\/?s={search_term_string}\"},\"query-input\":{\"@type\":\"PropertyValueSpecification\",\"valueRequired\":true,\"valueName\":\"search_term_string\"}}],\"inLanguage\":\"fr-FR\"},{\"@type\":\"Organization\",\"@id\":\"https:\/\/appsaf.apieproject.com\/news\/#organization\",\"name\":\"APIE PROJECT\",\"url\":\"https:\/\/appsaf.apieproject.com\/news\/\",\"logo\":{\"@type\":\"ImageObject\",\"inLanguage\":\"fr-FR\",\"@id\":\"https:\/\/appsaf.apieproject.com\/news\/#\/schema\/logo\/image\/\",\"url\":\"https:\/\/appsaf.apieproject.com\/news\/wp-content\/uploads\/sites\/29\/2022\/07\/logo-R-TransparentBackground.png\",\"contentUrl\":\"https:\/\/appsaf.apieproject.com\/news\/wp-content\/uploads\/sites\/29\/2022\/07\/logo-R-TransparentBackground.png\",\"width\":512,\"height\":512,\"caption\":\"APIE PROJECT\"},\"image\":{\"@id\":\"https:\/\/appsaf.apieproject.com\/news\/#\/schema\/logo\/image\/\"},\"sameAs\":[\"https:\/\/facebook.com\/apieproject\",\"https:\/\/x.com\/apieproject\"]},{\"@type\":\"Person\",\"@id\":\"https:\/\/appsaf.apieproject.com\/news\/#\/schema\/person\/ad5502ca15531a327ebd9865992b8492\",\"name\":\"apieproject\",\"image\":{\"@type\":\"ImageObject\",\"inLanguage\":\"fr-FR\",\"@id\":\"https:\/\/appsaf.apieproject.com\/news\/#\/schema\/person\/image\/\",\"url\":\"https:\/\/secure.gravatar.com\/avatar\/8da820f890920c54e6a9a30087a8b9ec?s=96&d=mm&r=g\",\"contentUrl\":\"https:\/\/secure.gravatar.com\/avatar\/8da820f890920c54e6a9a30087a8b9ec?s=96&d=mm&r=g\",\"caption\":\"apieproject\"},\"url\":\"https:\/\/appsaf.apieproject.com\/news\/fr\/author\/apieproject\/\"}]}<\/script>\n<!-- \/ Yoast SEO plugin. -->","yoast_head_json":{"title":"Suspension des R\u00e9seaux Sociaux au Gabon - APIE NEWS","robots":{"index":"index","follow":"follow","max-snippet":"max-snippet:-1","max-image-preview":"max-image-preview:large","max-video-preview":"max-video-preview:-1"},"canonical":"https:\/\/appsaf.apieproject.com\/news\/fr\/2026\/02\/23\/suspension-des-reseaux-sociaux-au-gabon\/","og_locale":"fr_FR","og_type":"article","og_title":"Suspension des R\u00e9seaux Sociaux au Gabon - APIE NEWS","og_description":"Les autorit\u00e9s gabonaises ont suspendu les r\u00e9seaux sociaux ce mercredi 18 f\u00e9vrier, dont Facebook et TikTok. Ils sont accus\u00e9s de porter atteinte \u00e0 la&nbsp;\u00ab\u00a0stabilit\u00e9\u00a0\u00bb&nbsp;et la&nbsp;\u00ab\u00a0s\u00e9curit\u00e9\u00a0\u00bb&nbsp;du pays. Sur le plateau de TV5MONDE, cette mesure est d\u00e9crite par Jennyfer M\u00e9lodie Sambat, porte-parole adjointe de la pr\u00e9sidence gabonaise, comme&nbsp;\u00ab\u00a0temporaire\u00a0\u00bb. Les r\u00e9seaux sociaux sont coup\u00e9s au Gabon depuis ce [&hellip;]","og_url":"https:\/\/appsaf.apieproject.com\/news\/fr\/2026\/02\/23\/suspension-des-reseaux-sociaux-au-gabon\/","og_site_name":"APIE NEWS","article_publisher":"https:\/\/facebook.com\/apieproject","article_published_time":"2026-02-23T03:19:40+00:00","article_modified_time":"2026-03-02T18:49:09+00:00","og_image":[{"width":633,"height":422,"url":"https:\/\/appsaf.apieproject.com\/news\/wp-content\/uploads\/sites\/29\/2026\/02\/Screenshot-2026-02-22-191454.png","type":"image\/png"}],"author":"apieproject","twitter_card":"summary_large_image","twitter_creator":"@apieproject","twitter_site":"@apieproject","twitter_misc":{"\u00c9crit par":"apieproject","Dur\u00e9e de lecture estim\u00e9e":"4 minutes"},"schema":{"@context":"https:\/\/schema.org","@graph":[{"@type":"Article","@id":"https:\/\/appsaf.apieproject.com\/news\/fr\/2026\/02\/23\/suspension-des-reseaux-sociaux-au-gabon\/#article","isPartOf":{"@id":"https:\/\/appsaf.apieproject.com\/news\/fr\/2026\/02\/23\/suspension-des-reseaux-sociaux-au-gabon\/"},"author":{"name":"apieproject","@id":"https:\/\/appsaf.apieproject.com\/news\/#\/schema\/person\/ad5502ca15531a327ebd9865992b8492"},"headline":"Suspension des R\u00e9seaux Sociaux au Gabon","datePublished":"2026-02-23T03:19:40+00:00","dateModified":"2026-03-02T18:49:09+00:00","mainEntityOfPage":{"@id":"https:\/\/appsaf.apieproject.com\/news\/fr\/2026\/02\/23\/suspension-des-reseaux-sociaux-au-gabon\/"},"wordCount":899,"commentCount":0,"publisher":{"@id":"https:\/\/appsaf.apieproject.com\/news\/#organization"},"image":{"@id":"https:\/\/appsaf.apieproject.com\/news\/fr\/2026\/02\/23\/suspension-des-reseaux-sociaux-au-gabon\/#primaryimage"},"thumbnailUrl":"https:\/\/appsaf.apieproject.com\/news\/wp-content\/uploads\/sites\/29\/2026\/02\/Screenshot-2026-02-22-191454.png","keywords":["apie project","politique","technologie"],"articleSection":["Politique","Technologie"],"inLanguage":"fr-FR","potentialAction":[{"@type":"CommentAction","name":"Comment","target":["https:\/\/appsaf.apieproject.com\/news\/fr\/2026\/02\/23\/suspension-des-reseaux-sociaux-au-gabon\/#respond"]}]},{"@type":"WebPage","@id":"https:\/\/appsaf.apieproject.com\/news\/fr\/2026\/02\/23\/suspension-des-reseaux-sociaux-au-gabon\/","url":"https:\/\/appsaf.apieproject.com\/news\/fr\/2026\/02\/23\/suspension-des-reseaux-sociaux-au-gabon\/","name":"Suspension des R\u00e9seaux Sociaux au Gabon - APIE NEWS","isPartOf":{"@id":"https:\/\/appsaf.apieproject.com\/news\/#website"},"primaryImageOfPage":{"@id":"https:\/\/appsaf.apieproject.com\/news\/fr\/2026\/02\/23\/suspension-des-reseaux-sociaux-au-gabon\/#primaryimage"},"image":{"@id":"https:\/\/appsaf.apieproject.com\/news\/fr\/2026\/02\/23\/suspension-des-reseaux-sociaux-au-gabon\/#primaryimage"},"thumbnailUrl":"https:\/\/appsaf.apieproject.com\/news\/wp-content\/uploads\/sites\/29\/2026\/02\/Screenshot-2026-02-22-191454.png","datePublished":"2026-02-23T03:19:40+00:00","dateModified":"2026-03-02T18:49:09+00:00","breadcrumb":{"@id":"https:\/\/appsaf.apieproject.com\/news\/fr\/2026\/02\/23\/suspension-des-reseaux-sociaux-au-gabon\/#breadcrumb"},"inLanguage":"fr-FR","potentialAction":[{"@type":"ReadAction","target":["https:\/\/appsaf.apieproject.com\/news\/fr\/2026\/02\/23\/suspension-des-reseaux-sociaux-au-gabon\/"]}]},{"@type":"ImageObject","inLanguage":"fr-FR","@id":"https:\/\/appsaf.apieproject.com\/news\/fr\/2026\/02\/23\/suspension-des-reseaux-sociaux-au-gabon\/#primaryimage","url":"https:\/\/appsaf.apieproject.com\/news\/wp-content\/uploads\/sites\/29\/2026\/02\/Screenshot-2026-02-22-191454.png","contentUrl":"https:\/\/appsaf.apieproject.com\/news\/wp-content\/uploads\/sites\/29\/2026\/02\/Screenshot-2026-02-22-191454.png","width":633,"height":422},{"@type":"BreadcrumbList","@id":"https:\/\/appsaf.apieproject.com\/news\/fr\/2026\/02\/23\/suspension-des-reseaux-sociaux-au-gabon\/#breadcrumb","itemListElement":[{"@type":"ListItem","position":1,"name":"Home","item":"https:\/\/appsaf.apieproject.com\/news\/fr\/home\/"},{"@type":"ListItem","position":2,"name":"Suspension des R\u00e9seaux Sociaux au Gabon"}]},{"@type":"WebSite","@id":"https:\/\/appsaf.apieproject.com\/news\/#website","url":"https:\/\/appsaf.apieproject.com\/news\/","name":"APIE NEWS","description":"PANAFRICANISM NEWS PORTAL","publisher":{"@id":"https:\/\/appsaf.apieproject.com\/news\/#organization"},"potentialAction":[{"@type":"SearchAction","target":{"@type":"EntryPoint","urlTemplate":"https:\/\/appsaf.apieproject.com\/news\/?s={search_term_string}"},"query-input":{"@type":"PropertyValueSpecification","valueRequired":true,"valueName":"search_term_string"}}],"inLanguage":"fr-FR"},{"@type":"Organization","@id":"https:\/\/appsaf.apieproject.com\/news\/#organization","name":"APIE PROJECT","url":"https:\/\/appsaf.apieproject.com\/news\/","logo":{"@type":"ImageObject","inLanguage":"fr-FR","@id":"https:\/\/appsaf.apieproject.com\/news\/#\/schema\/logo\/image\/","url":"https:\/\/appsaf.apieproject.com\/news\/wp-content\/uploads\/sites\/29\/2022\/07\/logo-R-TransparentBackground.png","contentUrl":"https:\/\/appsaf.apieproject.com\/news\/wp-content\/uploads\/sites\/29\/2022\/07\/logo-R-TransparentBackground.png","width":512,"height":512,"caption":"APIE PROJECT"},"image":{"@id":"https:\/\/appsaf.apieproject.com\/news\/#\/schema\/logo\/image\/"},"sameAs":["https:\/\/facebook.com\/apieproject","https:\/\/x.com\/apieproject"]},{"@type":"Person","@id":"https:\/\/appsaf.apieproject.com\/news\/#\/schema\/person\/ad5502ca15531a327ebd9865992b8492","name":"apieproject","image":{"@type":"ImageObject","inLanguage":"fr-FR","@id":"https:\/\/appsaf.apieproject.com\/news\/#\/schema\/person\/image\/","url":"https:\/\/secure.gravatar.com\/avatar\/8da820f890920c54e6a9a30087a8b9ec?s=96&d=mm&r=g","contentUrl":"https:\/\/secure.gravatar.com\/avatar\/8da820f890920c54e6a9a30087a8b9ec?s=96&d=mm&r=g","caption":"apieproject"},"url":"https:\/\/appsaf.apieproject.com\/news\/fr\/author\/apieproject\/"}]}},"_links":{"self":[{"href":"https:\/\/appsaf.apieproject.com\/news\/fr\/wp-json\/wp\/v2\/posts\/41045","targetHints":{"allow":["GET"]}}],"collection":[{"href":"https:\/\/appsaf.apieproject.com\/news\/fr\/wp-json\/wp\/v2\/posts"}],"about":[{"href":"https:\/\/appsaf.apieproject.com\/news\/fr\/wp-json\/wp\/v2\/types\/post"}],"author":[{"embeddable":true,"href":"https:\/\/appsaf.apieproject.com\/news\/fr\/wp-json\/wp\/v2\/users\/1"}],"replies":[{"embeddable":true,"href":"https:\/\/appsaf.apieproject.com\/news\/fr\/wp-json\/wp\/v2\/comments?post=41045"}],"version-history":[{"count":1,"href":"https:\/\/appsaf.apieproject.com\/news\/fr\/wp-json\/wp\/v2\/posts\/41045\/revisions"}],"predecessor-version":[{"id":41049,"href":"https:\/\/appsaf.apieproject.com\/news\/fr\/wp-json\/wp\/v2\/posts\/41045\/revisions\/41049"}],"wp:featuredmedia":[{"embeddable":true,"href":"https:\/\/appsaf.apieproject.com\/news\/fr\/wp-json\/wp\/v2\/media\/41046"}],"wp:attachment":[{"href":"https:\/\/appsaf.apieproject.com\/news\/fr\/wp-json\/wp\/v2\/media?parent=41045"}],"wp:term":[{"taxonomy":"category","embeddable":true,"href":"https:\/\/appsaf.apieproject.com\/news\/fr\/wp-json\/wp\/v2\/categories?post=41045"},{"taxonomy":"post_tag","embeddable":true,"href":"https:\/\/appsaf.apieproject.com\/news\/fr\/wp-json\/wp\/v2\/tags?post=41045"}],"curies":[{"name":"wp","href":"https:\/\/api.w.org\/{rel}","templated":true}]}}