{"id":41078,"date":"2026-03-02T18:42:43","date_gmt":"2026-03-02T18:42:43","guid":{"rendered":"https:\/\/appsaf.apieproject.com\/news\/?p=41078"},"modified":"2026-03-09T03:05:17","modified_gmt":"2026-03-09T03:05:17","slug":"madagascar-la-culture-zafimaniry-menacee","status":"publish","type":"post","link":"https:\/\/appsaf.apieproject.com\/news\/fr\/2026\/03\/02\/madagascar-la-culture-zafimaniry-menacee\/","title":{"rendered":"Madagascar: La Culture Zafimaniry Menac\u00e9e"},"content":{"rendered":"\n<p>\u00c0 Madagascar, ils sont moins de 15\u00a0000 habitants \u00e0 vivre \u00ab\u00a0au pays des brumes\u00a0\u00bb, en bordure sud des Hautes Terres. L\u00e0-bas, au milieu de collines aujourd\u2019hui largement d\u00e9nud\u00e9es apr\u00e8s des d\u00e9cennies de d\u00e9forestation massive, le peuple zafimaniry s\u2019interroge sur la voie \u00e0 suivre. Cette communaut\u00e9, connue pour son art du bois \u2014 inscrit depuis 2008 au patrimoine culturel immat\u00e9riel de l\u2019humanit\u00e9 \u2014 et pour sa relation \u00e9troite \u00e0 la nature, doit d\u00e9sormais s\u2019adapter pour survivre. L\u2019Institut fran\u00e7ais de Madagascar organisait une conf\u00e9rence-d\u00e9bat autour de \u00ab\u00a0l\u2019identit\u00e9 zafimaniry face \u00e0 la mondialisation\u00a0\u00bb.<\/p>\n\n\n\n<p>Il est le seul magistrat issu du peuple zafimaniry : Johnny Andriamahefarivo, ancien ministre de la Justice, a tous ses souvenirs d\u2019enfant accroch\u00e9s aux bois sculpt\u00e9s de son village.&nbsp;\u00ab&nbsp;<em>Nous sommes un peuple de la for\u00eat. Nous vivons de la for\u00eat, vous voyez donc les constructions en bois,&nbsp;<\/em>montre l&rsquo;ancien ministre de la Justice<em>. La porte, les volets, les fen\u00eatres, les chaises : tout est grav\u00e9 et chaque gravure a une signification particuli\u00e8re. On y tient des conceptions un peu \u00e9sot\u00e9riques, la foi, la connaissance, mais aussi nos croyances.<\/em>&nbsp;\u00bb<\/p>\n\n\n\n<p>Des croyances et des rituels uniques sont propres \u00e0 cette culture zafimaniry, comme l\u2019art du tressage des cheveux, un langage corporel silencieux. Ce sont 17 types de tresses qui ont \u00e9t\u00e9 recens\u00e9s, chacun porteur d\u2019une symbolique et d&rsquo;un usage pr\u00e9cis, un code lu par le village tout entier.&nbsp;Cependant, souligne l\u2019enfant du pays&nbsp;: \u00ab&nbsp;<em>Si&nbsp;nous sommes rest\u00e9s au fin fond de la brousse, aujourd&rsquo;hui, cette brousse est d\u00e9broussaill\u00e9e par la d\u00e9forestation. Il nous faut sortir de l\u00e0-bas pour essayer d&rsquo;autres moyens, disons, de vie.&nbsp;\u00bb<\/em><\/p>\n\n\n\n<h2 class=\"wp-block-heading\">\u00ab<em>&nbsp;Le monde bouge et ils s\u2019adaptent<\/em>&nbsp;\u00bb&nbsp;<\/h2>\n\n\n\n<p>Pour ce peuple minoritaire et isol\u00e9 sur l\u2019\u00eele, tout l&rsquo;enjeu est l&rsquo;adaptation.\u00a0L\u2019ing\u00e9nieur forestier et photographe TangalaMamy\u00a0s\u2019est pris d\u2019amiti\u00e9 et d\u2019amour pour les Zafimaniry et travaille aupr\u00e8s d\u2019eux depuis plus de 10 ans. \u00c0 travers ses clich\u00e9s, il documente cette culture m\u00e9connue et en perp\u00e9tuelle mutation.<\/p>\n\n\n\n<p>\u00ab<em>&nbsp;Il y a 13 ans, il n\u2019y avait pas de r\u00e9seau, il fallait aller en haut d\u2019une montagne pour avoir du r\u00e9seau. Maintenant, tout le monde a un smartphone, tout le monde a son antenne Canalsat. C\u2019est une mutation normale. Il y a le monde qui bouge et ils s\u2019adaptent,<\/em>&nbsp;explique le photographe<em>. Ils ne vont pas habiter continuellement dans des cases en bois alors que ce bois, il faut d\u00e9sormais parcourir des kilom\u00e8tres pour en trouver.<\/em>&nbsp;<em>\u00bb&nbsp;<\/em>Et TangalaMamy d&rsquo;expliquer que les traditions persistent&nbsp;:<em>&nbsp;\u00ab<\/em>&nbsp;<em>M\u00eame dans les maisons en dur, aujourd\u2019hui, le coin des anc\u00eatres est pr\u00e9sent. Les offrandes y sont faites. Quand il y a une naissance, on ne donne le nom de l&rsquo;enfant qu&rsquo;apr\u00e8s que le cordon ombilical soit tomb\u00e9<\/em>.&nbsp;\u00bb&nbsp;<\/p>\n\n\n\n<p>Reste une question : combien de traditions survivront, alors que certaines disparaissent d\u00e9j\u00e0\u00a0? \u00ab\u00a0<em>Il faut qu&rsquo;on sanctuarise une part de cette identit\u00e9 qui est en train de partir sans qu&rsquo;on puisse en transmettre la m\u00e9moire \u00e0 nos enfants,<\/em>\u00a0insiste le<em>\u00a0<\/em>chroniqueur Vanf qui, tout comme TangalaMamy, appelle \u00e0 une mobilisation du minist\u00e8re de la\u00a0Culture<em>. Qu\u2019on cr\u00e9e quelque part un espace visible, \u201cmarketing\u201d m\u00eame \u2013 et ce n\u2019est pas grave d\u2019employer ce mot-l\u00e0\u00a0\u2013, o\u00f9 restaurer une ou plusieurs cases traditionnelles, les mettre un peu \u00e0 part, afin que nous-m\u00eames, aussi bien Malgaches qu&rsquo;\u00e9trangers, puissions transmettre cette culture m\u00e9morielle.\u00a0<\/em>\u00bb<\/p>\n\n\n\n<p>Une culture m\u00e9morielle, une culture toujours vivante aujourd\u2019hui, mais plus que jamais menac\u00e9e.<\/p>\n","protected":false},"excerpt":{"rendered":"<p>\u00c0 Madagascar, ils sont moins de 15\u00a0000 habitants \u00e0 vivre \u00ab\u00a0au pays des brumes\u00a0\u00bb, en bordure sud des Hautes Terres. L\u00e0-bas, au milieu de collines aujourd\u2019hui largement d\u00e9nud\u00e9es apr\u00e8s des d\u00e9cennies de d\u00e9forestation massive, le peuple zafimaniry s\u2019interroge sur la voie \u00e0 suivre. Cette communaut\u00e9, connue pour son art du bois \u2014 inscrit depuis 2008 [&hellip;]<\/p>\n","protected":false},"author":1,"featured_media":41073,"comment_status":"open","ping_status":"open","sticky":false,"template":"","format":"standard","meta":{"footnotes":""},"categories":[281,222],"tags":[78,282,221],"class_list":{"0":"post-41078","1":"post","2":"type-post","3":"status-publish","4":"format-standard","5":"has-post-thumbnail","7":"category-deforestation-2","8":"category-environnement","9":"tag-apie-project-2","10":"tag-deforestation-3","11":"tag-environnement"},"yoast_head":"<!-- This site is optimized with the Yoast SEO plugin v24.4 - https:\/\/yoast.com\/wordpress\/plugins\/seo\/ -->\n<title>Madagascar: La Culture Zafimaniry Menac\u00e9e - APIE NEWS<\/title>\n<meta name=\"robots\" content=\"index, follow, max-snippet:-1, max-image-preview:large, max-video-preview:-1\" \/>\n<link rel=\"canonical\" href=\"https:\/\/appsaf.apieproject.com\/news\/fr\/2026\/03\/02\/madagascar-la-culture-zafimaniry-menacee\/\" \/>\n<meta property=\"og:locale\" content=\"fr_FR\" \/>\n<meta property=\"og:type\" content=\"article\" \/>\n<meta property=\"og:title\" content=\"Madagascar: La Culture Zafimaniry Menac\u00e9e - APIE NEWS\" \/>\n<meta property=\"og:description\" content=\"\u00c0 Madagascar, ils sont moins de 15\u00a0000 habitants \u00e0 vivre \u00ab\u00a0au pays des brumes\u00a0\u00bb, en bordure sud des Hautes Terres. L\u00e0-bas, au milieu de collines aujourd\u2019hui largement d\u00e9nud\u00e9es apr\u00e8s des d\u00e9cennies de d\u00e9forestation massive, le peuple zafimaniry s\u2019interroge sur la voie \u00e0 suivre. Cette communaut\u00e9, connue pour son art du bois \u2014 inscrit depuis 2008 [&hellip;]\" \/>\n<meta property=\"og:url\" content=\"https:\/\/appsaf.apieproject.com\/news\/fr\/2026\/03\/02\/madagascar-la-culture-zafimaniry-menacee\/\" \/>\n<meta property=\"og:site_name\" content=\"APIE NEWS\" \/>\n<meta property=\"article:publisher\" content=\"https:\/\/facebook.com\/apieproject\" \/>\n<meta property=\"article:published_time\" content=\"2026-03-02T18:42:43+00:00\" \/>\n<meta property=\"article:modified_time\" content=\"2026-03-09T03:05:17+00:00\" \/>\n<meta property=\"og:image\" content=\"https:\/\/appsaf.apieproject.com\/news\/wp-content\/uploads\/sites\/29\/2026\/03\/Screenshot-2026-03-02-102104.png\" \/>\n\t<meta property=\"og:image:width\" content=\"468\" \/>\n\t<meta property=\"og:image:height\" content=\"248\" \/>\n\t<meta property=\"og:image:type\" content=\"image\/png\" \/>\n<meta name=\"author\" content=\"apieproject\" \/>\n<meta name=\"twitter:card\" content=\"summary_large_image\" \/>\n<meta name=\"twitter:creator\" content=\"@apieproject\" \/>\n<meta name=\"twitter:site\" content=\"@apieproject\" \/>\n<meta name=\"twitter:label1\" content=\"\u00c9crit par\" \/>\n\t<meta name=\"twitter:data1\" content=\"apieproject\" \/>\n\t<meta name=\"twitter:label2\" content=\"Dur\u00e9e de lecture estim\u00e9e\" \/>\n\t<meta name=\"twitter:data2\" content=\"3 minutes\" \/>\n<script type=\"application\/ld+json\" class=\"yoast-schema-graph\">{\"@context\":\"https:\/\/schema.org\",\"@graph\":[{\"@type\":\"Article\",\"@id\":\"https:\/\/appsaf.apieproject.com\/news\/fr\/2026\/03\/02\/madagascar-la-culture-zafimaniry-menacee\/#article\",\"isPartOf\":{\"@id\":\"https:\/\/appsaf.apieproject.com\/news\/fr\/2026\/03\/02\/madagascar-la-culture-zafimaniry-menacee\/\"},\"author\":{\"name\":\"apieproject\",\"@id\":\"https:\/\/appsaf.apieproject.com\/news\/#\/schema\/person\/ad5502ca15531a327ebd9865992b8492\"},\"headline\":\"Madagascar: La Culture Zafimaniry Menac\u00e9e\",\"datePublished\":\"2026-03-02T18:42:43+00:00\",\"dateModified\":\"2026-03-09T03:05:17+00:00\",\"mainEntityOfPage\":{\"@id\":\"https:\/\/appsaf.apieproject.com\/news\/fr\/2026\/03\/02\/madagascar-la-culture-zafimaniry-menacee\/\"},\"wordCount\":640,\"commentCount\":0,\"publisher\":{\"@id\":\"https:\/\/appsaf.apieproject.com\/news\/#organization\"},\"image\":{\"@id\":\"https:\/\/appsaf.apieproject.com\/news\/fr\/2026\/03\/02\/madagascar-la-culture-zafimaniry-menacee\/#primaryimage\"},\"thumbnailUrl\":\"https:\/\/appsaf.apieproject.com\/news\/wp-content\/uploads\/sites\/29\/2026\/03\/Screenshot-2026-03-02-102104.png\",\"keywords\":[\"apie project\",\"Deforestation\",\"Environnement\"],\"articleSection\":[\"Deforestation\",\"Environnement\"],\"inLanguage\":\"fr-FR\",\"potentialAction\":[{\"@type\":\"CommentAction\",\"name\":\"Comment\",\"target\":[\"https:\/\/appsaf.apieproject.com\/news\/fr\/2026\/03\/02\/madagascar-la-culture-zafimaniry-menacee\/#respond\"]}]},{\"@type\":\"WebPage\",\"@id\":\"https:\/\/appsaf.apieproject.com\/news\/fr\/2026\/03\/02\/madagascar-la-culture-zafimaniry-menacee\/\",\"url\":\"https:\/\/appsaf.apieproject.com\/news\/fr\/2026\/03\/02\/madagascar-la-culture-zafimaniry-menacee\/\",\"name\":\"Madagascar: La Culture Zafimaniry Menac\u00e9e - APIE NEWS\",\"isPartOf\":{\"@id\":\"https:\/\/appsaf.apieproject.com\/news\/#website\"},\"primaryImageOfPage\":{\"@id\":\"https:\/\/appsaf.apieproject.com\/news\/fr\/2026\/03\/02\/madagascar-la-culture-zafimaniry-menacee\/#primaryimage\"},\"image\":{\"@id\":\"https:\/\/appsaf.apieproject.com\/news\/fr\/2026\/03\/02\/madagascar-la-culture-zafimaniry-menacee\/#primaryimage\"},\"thumbnailUrl\":\"https:\/\/appsaf.apieproject.com\/news\/wp-content\/uploads\/sites\/29\/2026\/03\/Screenshot-2026-03-02-102104.png\",\"datePublished\":\"2026-03-02T18:42:43+00:00\",\"dateModified\":\"2026-03-09T03:05:17+00:00\",\"breadcrumb\":{\"@id\":\"https:\/\/appsaf.apieproject.com\/news\/fr\/2026\/03\/02\/madagascar-la-culture-zafimaniry-menacee\/#breadcrumb\"},\"inLanguage\":\"fr-FR\",\"potentialAction\":[{\"@type\":\"ReadAction\",\"target\":[\"https:\/\/appsaf.apieproject.com\/news\/fr\/2026\/03\/02\/madagascar-la-culture-zafimaniry-menacee\/\"]}]},{\"@type\":\"ImageObject\",\"inLanguage\":\"fr-FR\",\"@id\":\"https:\/\/appsaf.apieproject.com\/news\/fr\/2026\/03\/02\/madagascar-la-culture-zafimaniry-menacee\/#primaryimage\",\"url\":\"https:\/\/appsaf.apieproject.com\/news\/wp-content\/uploads\/sites\/29\/2026\/03\/Screenshot-2026-03-02-102104.png\",\"contentUrl\":\"https:\/\/appsaf.apieproject.com\/news\/wp-content\/uploads\/sites\/29\/2026\/03\/Screenshot-2026-03-02-102104.png\",\"width\":468,\"height\":248},{\"@type\":\"BreadcrumbList\",\"@id\":\"https:\/\/appsaf.apieproject.com\/news\/fr\/2026\/03\/02\/madagascar-la-culture-zafimaniry-menacee\/#breadcrumb\",\"itemListElement\":[{\"@type\":\"ListItem\",\"position\":1,\"name\":\"Home\",\"item\":\"https:\/\/appsaf.apieproject.com\/news\/fr\/home\/\"},{\"@type\":\"ListItem\",\"position\":2,\"name\":\"Madagascar: La Culture Zafimaniry Menac\u00e9e\"}]},{\"@type\":\"WebSite\",\"@id\":\"https:\/\/appsaf.apieproject.com\/news\/#website\",\"url\":\"https:\/\/appsaf.apieproject.com\/news\/\",\"name\":\"APIE NEWS\",\"description\":\"PANAFRICANISM NEWS PORTAL\",\"publisher\":{\"@id\":\"https:\/\/appsaf.apieproject.com\/news\/#organization\"},\"potentialAction\":[{\"@type\":\"SearchAction\",\"target\":{\"@type\":\"EntryPoint\",\"urlTemplate\":\"https:\/\/appsaf.apieproject.com\/news\/?s={search_term_string}\"},\"query-input\":{\"@type\":\"PropertyValueSpecification\",\"valueRequired\":true,\"valueName\":\"search_term_string\"}}],\"inLanguage\":\"fr-FR\"},{\"@type\":\"Organization\",\"@id\":\"https:\/\/appsaf.apieproject.com\/news\/#organization\",\"name\":\"APIE PROJECT\",\"url\":\"https:\/\/appsaf.apieproject.com\/news\/\",\"logo\":{\"@type\":\"ImageObject\",\"inLanguage\":\"fr-FR\",\"@id\":\"https:\/\/appsaf.apieproject.com\/news\/#\/schema\/logo\/image\/\",\"url\":\"https:\/\/appsaf.apieproject.com\/news\/wp-content\/uploads\/sites\/29\/2022\/07\/logo-R-TransparentBackground.png\",\"contentUrl\":\"https:\/\/appsaf.apieproject.com\/news\/wp-content\/uploads\/sites\/29\/2022\/07\/logo-R-TransparentBackground.png\",\"width\":512,\"height\":512,\"caption\":\"APIE PROJECT\"},\"image\":{\"@id\":\"https:\/\/appsaf.apieproject.com\/news\/#\/schema\/logo\/image\/\"},\"sameAs\":[\"https:\/\/facebook.com\/apieproject\",\"https:\/\/x.com\/apieproject\"]},{\"@type\":\"Person\",\"@id\":\"https:\/\/appsaf.apieproject.com\/news\/#\/schema\/person\/ad5502ca15531a327ebd9865992b8492\",\"name\":\"apieproject\",\"image\":{\"@type\":\"ImageObject\",\"inLanguage\":\"fr-FR\",\"@id\":\"https:\/\/appsaf.apieproject.com\/news\/#\/schema\/person\/image\/\",\"url\":\"https:\/\/secure.gravatar.com\/avatar\/8da820f890920c54e6a9a30087a8b9ec?s=96&d=mm&r=g\",\"contentUrl\":\"https:\/\/secure.gravatar.com\/avatar\/8da820f890920c54e6a9a30087a8b9ec?s=96&d=mm&r=g\",\"caption\":\"apieproject\"},\"url\":\"https:\/\/appsaf.apieproject.com\/news\/fr\/author\/apieproject\/\"}]}<\/script>\n<!-- \/ Yoast SEO plugin. -->","yoast_head_json":{"title":"Madagascar: La Culture Zafimaniry Menac\u00e9e - APIE NEWS","robots":{"index":"index","follow":"follow","max-snippet":"max-snippet:-1","max-image-preview":"max-image-preview:large","max-video-preview":"max-video-preview:-1"},"canonical":"https:\/\/appsaf.apieproject.com\/news\/fr\/2026\/03\/02\/madagascar-la-culture-zafimaniry-menacee\/","og_locale":"fr_FR","og_type":"article","og_title":"Madagascar: La Culture Zafimaniry Menac\u00e9e - APIE NEWS","og_description":"\u00c0 Madagascar, ils sont moins de 15\u00a0000 habitants \u00e0 vivre \u00ab\u00a0au pays des brumes\u00a0\u00bb, en bordure sud des Hautes Terres. L\u00e0-bas, au milieu de collines aujourd\u2019hui largement d\u00e9nud\u00e9es apr\u00e8s des d\u00e9cennies de d\u00e9forestation massive, le peuple zafimaniry s\u2019interroge sur la voie \u00e0 suivre. Cette communaut\u00e9, connue pour son art du bois \u2014 inscrit depuis 2008 [&hellip;]","og_url":"https:\/\/appsaf.apieproject.com\/news\/fr\/2026\/03\/02\/madagascar-la-culture-zafimaniry-menacee\/","og_site_name":"APIE NEWS","article_publisher":"https:\/\/facebook.com\/apieproject","article_published_time":"2026-03-02T18:42:43+00:00","article_modified_time":"2026-03-09T03:05:17+00:00","og_image":[{"width":468,"height":248,"url":"https:\/\/appsaf.apieproject.com\/news\/wp-content\/uploads\/sites\/29\/2026\/03\/Screenshot-2026-03-02-102104.png","type":"image\/png"}],"author":"apieproject","twitter_card":"summary_large_image","twitter_creator":"@apieproject","twitter_site":"@apieproject","twitter_misc":{"\u00c9crit par":"apieproject","Dur\u00e9e de lecture estim\u00e9e":"3 minutes"},"schema":{"@context":"https:\/\/schema.org","@graph":[{"@type":"Article","@id":"https:\/\/appsaf.apieproject.com\/news\/fr\/2026\/03\/02\/madagascar-la-culture-zafimaniry-menacee\/#article","isPartOf":{"@id":"https:\/\/appsaf.apieproject.com\/news\/fr\/2026\/03\/02\/madagascar-la-culture-zafimaniry-menacee\/"},"author":{"name":"apieproject","@id":"https:\/\/appsaf.apieproject.com\/news\/#\/schema\/person\/ad5502ca15531a327ebd9865992b8492"},"headline":"Madagascar: La Culture Zafimaniry Menac\u00e9e","datePublished":"2026-03-02T18:42:43+00:00","dateModified":"2026-03-09T03:05:17+00:00","mainEntityOfPage":{"@id":"https:\/\/appsaf.apieproject.com\/news\/fr\/2026\/03\/02\/madagascar-la-culture-zafimaniry-menacee\/"},"wordCount":640,"commentCount":0,"publisher":{"@id":"https:\/\/appsaf.apieproject.com\/news\/#organization"},"image":{"@id":"https:\/\/appsaf.apieproject.com\/news\/fr\/2026\/03\/02\/madagascar-la-culture-zafimaniry-menacee\/#primaryimage"},"thumbnailUrl":"https:\/\/appsaf.apieproject.com\/news\/wp-content\/uploads\/sites\/29\/2026\/03\/Screenshot-2026-03-02-102104.png","keywords":["apie project","Deforestation","Environnement"],"articleSection":["Deforestation","Environnement"],"inLanguage":"fr-FR","potentialAction":[{"@type":"CommentAction","name":"Comment","target":["https:\/\/appsaf.apieproject.com\/news\/fr\/2026\/03\/02\/madagascar-la-culture-zafimaniry-menacee\/#respond"]}]},{"@type":"WebPage","@id":"https:\/\/appsaf.apieproject.com\/news\/fr\/2026\/03\/02\/madagascar-la-culture-zafimaniry-menacee\/","url":"https:\/\/appsaf.apieproject.com\/news\/fr\/2026\/03\/02\/madagascar-la-culture-zafimaniry-menacee\/","name":"Madagascar: La Culture Zafimaniry Menac\u00e9e - APIE NEWS","isPartOf":{"@id":"https:\/\/appsaf.apieproject.com\/news\/#website"},"primaryImageOfPage":{"@id":"https:\/\/appsaf.apieproject.com\/news\/fr\/2026\/03\/02\/madagascar-la-culture-zafimaniry-menacee\/#primaryimage"},"image":{"@id":"https:\/\/appsaf.apieproject.com\/news\/fr\/2026\/03\/02\/madagascar-la-culture-zafimaniry-menacee\/#primaryimage"},"thumbnailUrl":"https:\/\/appsaf.apieproject.com\/news\/wp-content\/uploads\/sites\/29\/2026\/03\/Screenshot-2026-03-02-102104.png","datePublished":"2026-03-02T18:42:43+00:00","dateModified":"2026-03-09T03:05:17+00:00","breadcrumb":{"@id":"https:\/\/appsaf.apieproject.com\/news\/fr\/2026\/03\/02\/madagascar-la-culture-zafimaniry-menacee\/#breadcrumb"},"inLanguage":"fr-FR","potentialAction":[{"@type":"ReadAction","target":["https:\/\/appsaf.apieproject.com\/news\/fr\/2026\/03\/02\/madagascar-la-culture-zafimaniry-menacee\/"]}]},{"@type":"ImageObject","inLanguage":"fr-FR","@id":"https:\/\/appsaf.apieproject.com\/news\/fr\/2026\/03\/02\/madagascar-la-culture-zafimaniry-menacee\/#primaryimage","url":"https:\/\/appsaf.apieproject.com\/news\/wp-content\/uploads\/sites\/29\/2026\/03\/Screenshot-2026-03-02-102104.png","contentUrl":"https:\/\/appsaf.apieproject.com\/news\/wp-content\/uploads\/sites\/29\/2026\/03\/Screenshot-2026-03-02-102104.png","width":468,"height":248},{"@type":"BreadcrumbList","@id":"https:\/\/appsaf.apieproject.com\/news\/fr\/2026\/03\/02\/madagascar-la-culture-zafimaniry-menacee\/#breadcrumb","itemListElement":[{"@type":"ListItem","position":1,"name":"Home","item":"https:\/\/appsaf.apieproject.com\/news\/fr\/home\/"},{"@type":"ListItem","position":2,"name":"Madagascar: La Culture Zafimaniry Menac\u00e9e"}]},{"@type":"WebSite","@id":"https:\/\/appsaf.apieproject.com\/news\/#website","url":"https:\/\/appsaf.apieproject.com\/news\/","name":"APIE NEWS","description":"PANAFRICANISM NEWS PORTAL","publisher":{"@id":"https:\/\/appsaf.apieproject.com\/news\/#organization"},"potentialAction":[{"@type":"SearchAction","target":{"@type":"EntryPoint","urlTemplate":"https:\/\/appsaf.apieproject.com\/news\/?s={search_term_string}"},"query-input":{"@type":"PropertyValueSpecification","valueRequired":true,"valueName":"search_term_string"}}],"inLanguage":"fr-FR"},{"@type":"Organization","@id":"https:\/\/appsaf.apieproject.com\/news\/#organization","name":"APIE PROJECT","url":"https:\/\/appsaf.apieproject.com\/news\/","logo":{"@type":"ImageObject","inLanguage":"fr-FR","@id":"https:\/\/appsaf.apieproject.com\/news\/#\/schema\/logo\/image\/","url":"https:\/\/appsaf.apieproject.com\/news\/wp-content\/uploads\/sites\/29\/2022\/07\/logo-R-TransparentBackground.png","contentUrl":"https:\/\/appsaf.apieproject.com\/news\/wp-content\/uploads\/sites\/29\/2022\/07\/logo-R-TransparentBackground.png","width":512,"height":512,"caption":"APIE PROJECT"},"image":{"@id":"https:\/\/appsaf.apieproject.com\/news\/#\/schema\/logo\/image\/"},"sameAs":["https:\/\/facebook.com\/apieproject","https:\/\/x.com\/apieproject"]},{"@type":"Person","@id":"https:\/\/appsaf.apieproject.com\/news\/#\/schema\/person\/ad5502ca15531a327ebd9865992b8492","name":"apieproject","image":{"@type":"ImageObject","inLanguage":"fr-FR","@id":"https:\/\/appsaf.apieproject.com\/news\/#\/schema\/person\/image\/","url":"https:\/\/secure.gravatar.com\/avatar\/8da820f890920c54e6a9a30087a8b9ec?s=96&d=mm&r=g","contentUrl":"https:\/\/secure.gravatar.com\/avatar\/8da820f890920c54e6a9a30087a8b9ec?s=96&d=mm&r=g","caption":"apieproject"},"url":"https:\/\/appsaf.apieproject.com\/news\/fr\/author\/apieproject\/"}]}},"_links":{"self":[{"href":"https:\/\/appsaf.apieproject.com\/news\/fr\/wp-json\/wp\/v2\/posts\/41078","targetHints":{"allow":["GET"]}}],"collection":[{"href":"https:\/\/appsaf.apieproject.com\/news\/fr\/wp-json\/wp\/v2\/posts"}],"about":[{"href":"https:\/\/appsaf.apieproject.com\/news\/fr\/wp-json\/wp\/v2\/types\/post"}],"author":[{"embeddable":true,"href":"https:\/\/appsaf.apieproject.com\/news\/fr\/wp-json\/wp\/v2\/users\/1"}],"replies":[{"embeddable":true,"href":"https:\/\/appsaf.apieproject.com\/news\/fr\/wp-json\/wp\/v2\/comments?post=41078"}],"version-history":[{"count":1,"href":"https:\/\/appsaf.apieproject.com\/news\/fr\/wp-json\/wp\/v2\/posts\/41078\/revisions"}],"predecessor-version":[{"id":41079,"href":"https:\/\/appsaf.apieproject.com\/news\/fr\/wp-json\/wp\/v2\/posts\/41078\/revisions\/41079"}],"wp:featuredmedia":[{"embeddable":true,"href":"https:\/\/appsaf.apieproject.com\/news\/fr\/wp-json\/wp\/v2\/media\/41073"}],"wp:attachment":[{"href":"https:\/\/appsaf.apieproject.com\/news\/fr\/wp-json\/wp\/v2\/media?parent=41078"}],"wp:term":[{"taxonomy":"category","embeddable":true,"href":"https:\/\/appsaf.apieproject.com\/news\/fr\/wp-json\/wp\/v2\/categories?post=41078"},{"taxonomy":"post_tag","embeddable":true,"href":"https:\/\/appsaf.apieproject.com\/news\/fr\/wp-json\/wp\/v2\/tags?post=41078"}],"curies":[{"name":"wp","href":"https:\/\/api.w.org\/{rel}","templated":true}]}}