{"id":41398,"date":"2026-08-11T04:47:05","date_gmt":"2026-08-11T04:47:05","guid":{"rendered":"https:\/\/appsaf.apieproject.com\/news\/?p=41398"},"modified":"2026-08-17T23:46:02","modified_gmt":"2026-08-17T23:46:02","slug":"usa-qui-est-abdul-el-sayed","status":"publish","type":"post","link":"https:\/\/appsaf.apieproject.com\/news\/fr\/2026\/08\/11\/usa-qui-est-abdul-el-sayed\/","title":{"rendered":"USA : Qui est Abdul El-Sayed"},"content":{"rendered":"\n<p>Abdul El-Sayed a remport\u00e9 la primaire d\u00e9mocrate pour le S\u00e9nat am\u00e9ricain dans le Michigan. \u00c0 41 ans, ce m\u00e9decin \u00e9pid\u00e9miologiste s\u2019est impos\u00e9 face \u00e0 la repr\u00e9sentante mod\u00e9r\u00e9e Haley Stevens, soutenue par plusieurs figures de l\u2019establishment d\u00e9mocrate.<\/p>\n\n\n\n<p>Sa victoire constitue un nouveau succ\u00e8s pour l\u2019aile progressiste du parti. El-Sayed a notamment b\u00e9n\u00e9fici\u00e9 du soutien de Bernie Sanders et d\u2019Alexandria Ocasio-Cortez. Sa rivale Haley Stevens \u00e9tait, elle, soutenue par le chef d\u00e9mocrate au S\u00e9nat Chuck Schumer et avait b\u00e9n\u00e9fici\u00e9 de plus de 30 millions de dollars de soutien de l\u2019AIPAC.<\/p>\n\n\n\n<p>N\u00e9 \u00e0 Detroit de parents d\u2019origine \u00e9gyptienne, apr\u00e8s le divorce de ses parents, Abdul El-Sayed a \u00e9t\u00e9 \u00e9lev\u00e9 par son p\u00e8re et sa belle-m\u00e8re, originaire du Michigan. Il est dipl\u00f4m\u00e9 des universit\u00e9s du Michigan et de Columbia et a \u00e9galement \u00e9tudi\u00e9 \u00e0 Oxford gr\u00e2ce \u00e0 la prestigieuse bourse Rhodes.<\/p>\n\n\n\n<p>Ancien responsable de la sant\u00e9 publique du comt\u00e9 de Wayne, qui comprend Detroit, il avait d\u00e9j\u00e0 tent\u00e9 de d\u00e9crocher l\u2019investiture d\u00e9mocrate pour le poste de gouverneur du Michigan en 2018, sans succ\u00e8s.<\/p>\n\n\n\n<h3 class=\"wp-block-heading\">Pouvoir d\u2019achat, sant\u00e9 et financement politique<\/h3>\n\n\n\n<p>Durant cette nouvelle campagne, Abdul El-Sayed a d\u00e9fendu un programme clairement ancr\u00e9 \u00e0 gauche. Il souhaite instaurer une couverture sant\u00e9 universelle, agir contre la hausse du co\u00fbt de la vie et r\u00e9duire fortement l\u2019influence des grandes entreprises et des groupes d\u2019int\u00e9r\u00eats dans le financement de la politique am\u00e9ricaine.<\/p>\n\n\n\n<p>Musulman pratiquant, El-Sayed critique \u00e9galement l\u2019influence de l\u2019AIPAC et refuse les contributions financi\u00e8res des grandes entreprises et groupes d\u2019int\u00e9r\u00eats.<\/p>\n\n\n\n<p>Apr\u00e8s sa victoire, Haley Stevens lui a apport\u00e9 son soutien pour l\u2019\u00e9lection g\u00e9n\u00e9rale, les d\u00e9mocrates cherchant d\u00e9sormais \u00e0 afficher leur unit\u00e9.<\/p>\n\n\n\n<h3 class=\"wp-block-heading\">Un duel face \u00e0 Mike Rogers en novembre<\/h3>\n\n\n\n<p>Abdul El-Sayed affrontera en novembre le r\u00e9publicain Mike Rogers, soutenu par Donald Trump. L\u2019affrontement s\u2019annonce particuli\u00e8rement suivi : si les deux si\u00e8ges de s\u00e9nateurs du Michigan sont actuellement d\u00e9tenus par les d\u00e9mocrates, Donald Trump avait remport\u00e9 cet \u00c9tat de plus de 10 millions d\u2019habitants lors de la pr\u00e9sidentielle de 2024.<\/p>\n\n\n\n<p>Les r\u00e9publicains ont d\u00e9j\u00e0 fait d\u2019El-Sayed une cible de leur campagne, attaquant aussi bien ses positions politiques que son identit\u00e9 arabe et musulmane. Donald Trump l\u2019a notamment qualifi\u00e9 de \u00ab communiste \u00bb et pr\u00e9sent\u00e9 sa victoire comme une bonne nouvelle pour son propre camp.<\/p>\n\n\n\n<p>Pour El-Sayed, l\u2019objectif est d\u00e9sormais de mobiliser suffisamment l\u2019\u00e9lectorat progressiste pour conserver le si\u00e8ge dans le camp d\u00e9mocrate. Le r\u00e9sultat de novembre constituera \u00e9galement un test de l\u2019influence grandissante de l\u2019aile gauche du Parti d\u00e9mocrate dans un \u00c9tat cl\u00e9 de la politique am\u00e9ricaine.<\/p>\n\n\n\n<p><\/p>\n","protected":false},"excerpt":{"rendered":"<p>Abdul El-Sayed a remport\u00e9 la primaire d\u00e9mocrate pour le S\u00e9nat am\u00e9ricain dans le Michigan. \u00c0 41 ans, ce m\u00e9decin \u00e9pid\u00e9miologiste s\u2019est impos\u00e9 face \u00e0 la repr\u00e9sentante mod\u00e9r\u00e9e Haley Stevens, soutenue par plusieurs figures de l\u2019establishment d\u00e9mocrate. Sa victoire constitue un nouveau succ\u00e8s pour l\u2019aile progressiste du parti. El-Sayed a notamment b\u00e9n\u00e9fici\u00e9 du soutien de Bernie [&hellip;]<\/p>\n","protected":false},"author":1,"featured_media":41399,"comment_status":"open","ping_status":"open","sticky":false,"template":"","format":"standard","meta":{"footnotes":""},"categories":[67,69],"tags":[81,78,82],"class_list":{"0":"post-41398","1":"post","2":"type-post","3":"status-publish","4":"format-standard","5":"has-post-thumbnail","7":"category-actualites","8":"category-politique","9":"tag-actualites","10":"tag-apie-project-2","11":"tag-politique"},"yoast_head":"<!-- This site is optimized with the Yoast SEO plugin v24.4 - https:\/\/yoast.com\/wordpress\/plugins\/seo\/ -->\n<title>USA : Qui est Abdul El-Sayed - APIE NEWS<\/title>\n<meta name=\"robots\" content=\"index, follow, max-snippet:-1, max-image-preview:large, max-video-preview:-1\" \/>\n<link rel=\"canonical\" href=\"https:\/\/appsaf.apieproject.com\/news\/fr\/2026\/08\/11\/usa-qui-est-abdul-el-sayed\/\" \/>\n<meta property=\"og:locale\" content=\"fr_FR\" \/>\n<meta property=\"og:type\" content=\"article\" \/>\n<meta property=\"og:title\" content=\"USA : Qui est Abdul El-Sayed - APIE NEWS\" \/>\n<meta property=\"og:description\" content=\"Abdul El-Sayed a remport\u00e9 la primaire d\u00e9mocrate pour le S\u00e9nat am\u00e9ricain dans le Michigan. \u00c0 41 ans, ce m\u00e9decin \u00e9pid\u00e9miologiste s\u2019est impos\u00e9 face \u00e0 la repr\u00e9sentante mod\u00e9r\u00e9e Haley Stevens, soutenue par plusieurs figures de l\u2019establishment d\u00e9mocrate. Sa victoire constitue un nouveau succ\u00e8s pour l\u2019aile progressiste du parti. El-Sayed a notamment b\u00e9n\u00e9fici\u00e9 du soutien de Bernie [&hellip;]\" \/>\n<meta property=\"og:url\" content=\"https:\/\/appsaf.apieproject.com\/news\/fr\/2026\/08\/11\/usa-qui-est-abdul-el-sayed\/\" \/>\n<meta property=\"og:site_name\" content=\"APIE NEWS\" \/>\n<meta property=\"article:publisher\" content=\"https:\/\/facebook.com\/apieproject\" \/>\n<meta property=\"article:published_time\" content=\"2026-08-11T04:47:05+00:00\" \/>\n<meta property=\"article:modified_time\" content=\"2026-08-17T23:46:02+00:00\" \/>\n<meta property=\"og:image\" content=\"https:\/\/appsaf.apieproject.com\/news\/wp-content\/uploads\/sites\/29\/2026\/08\/Screenshot-2026-08-10-214556.png\" \/>\n\t<meta property=\"og:image:width\" content=\"587\" \/>\n\t<meta property=\"og:image:height\" content=\"388\" \/>\n\t<meta property=\"og:image:type\" content=\"image\/png\" \/>\n<meta name=\"author\" content=\"apieproject\" \/>\n<meta name=\"twitter:card\" content=\"summary_large_image\" \/>\n<meta name=\"twitter:creator\" content=\"@apieproject\" \/>\n<meta name=\"twitter:site\" content=\"@apieproject\" \/>\n<meta name=\"twitter:label1\" content=\"\u00c9crit par\" \/>\n\t<meta name=\"twitter:data1\" content=\"apieproject\" \/>\n\t<meta name=\"twitter:label2\" content=\"Dur\u00e9e de lecture estim\u00e9e\" \/>\n\t<meta name=\"twitter:data2\" content=\"2 minutes\" \/>\n<script type=\"application\/ld+json\" class=\"yoast-schema-graph\">{\"@context\":\"https:\/\/schema.org\",\"@graph\":[{\"@type\":\"Article\",\"@id\":\"https:\/\/appsaf.apieproject.com\/news\/fr\/2026\/08\/11\/usa-qui-est-abdul-el-sayed\/#article\",\"isPartOf\":{\"@id\":\"https:\/\/appsaf.apieproject.com\/news\/fr\/2026\/08\/11\/usa-qui-est-abdul-el-sayed\/\"},\"author\":{\"name\":\"apieproject\",\"@id\":\"https:\/\/appsaf.apieproject.com\/news\/#\/schema\/person\/ad5502ca15531a327ebd9865992b8492\"},\"headline\":\"USA : Qui est Abdul El-Sayed\",\"datePublished\":\"2026-08-11T04:47:05+00:00\",\"dateModified\":\"2026-08-17T23:46:02+00:00\",\"mainEntityOfPage\":{\"@id\":\"https:\/\/appsaf.apieproject.com\/news\/fr\/2026\/08\/11\/usa-qui-est-abdul-el-sayed\/\"},\"wordCount\":476,\"commentCount\":0,\"publisher\":{\"@id\":\"https:\/\/appsaf.apieproject.com\/news\/#organization\"},\"image\":{\"@id\":\"https:\/\/appsaf.apieproject.com\/news\/fr\/2026\/08\/11\/usa-qui-est-abdul-el-sayed\/#primaryimage\"},\"thumbnailUrl\":\"https:\/\/appsaf.apieproject.com\/news\/wp-content\/uploads\/sites\/29\/2026\/08\/Screenshot-2026-08-10-214556.png\",\"keywords\":[\"actualites\",\"apie project\",\"politique\"],\"articleSection\":[\"Actualit\u00e9s\",\"Politique\"],\"inLanguage\":\"fr-FR\",\"potentialAction\":[{\"@type\":\"CommentAction\",\"name\":\"Comment\",\"target\":[\"https:\/\/appsaf.apieproject.com\/news\/fr\/2026\/08\/11\/usa-qui-est-abdul-el-sayed\/#respond\"]}]},{\"@type\":\"WebPage\",\"@id\":\"https:\/\/appsaf.apieproject.com\/news\/fr\/2026\/08\/11\/usa-qui-est-abdul-el-sayed\/\",\"url\":\"https:\/\/appsaf.apieproject.com\/news\/fr\/2026\/08\/11\/usa-qui-est-abdul-el-sayed\/\",\"name\":\"USA : Qui est Abdul El-Sayed - APIE NEWS\",\"isPartOf\":{\"@id\":\"https:\/\/appsaf.apieproject.com\/news\/#website\"},\"primaryImageOfPage\":{\"@id\":\"https:\/\/appsaf.apieproject.com\/news\/fr\/2026\/08\/11\/usa-qui-est-abdul-el-sayed\/#primaryimage\"},\"image\":{\"@id\":\"https:\/\/appsaf.apieproject.com\/news\/fr\/2026\/08\/11\/usa-qui-est-abdul-el-sayed\/#primaryimage\"},\"thumbnailUrl\":\"https:\/\/appsaf.apieproject.com\/news\/wp-content\/uploads\/sites\/29\/2026\/08\/Screenshot-2026-08-10-214556.png\",\"datePublished\":\"2026-08-11T04:47:05+00:00\",\"dateModified\":\"2026-08-17T23:46:02+00:00\",\"breadcrumb\":{\"@id\":\"https:\/\/appsaf.apieproject.com\/news\/fr\/2026\/08\/11\/usa-qui-est-abdul-el-sayed\/#breadcrumb\"},\"inLanguage\":\"fr-FR\",\"potentialAction\":[{\"@type\":\"ReadAction\",\"target\":[\"https:\/\/appsaf.apieproject.com\/news\/fr\/2026\/08\/11\/usa-qui-est-abdul-el-sayed\/\"]}]},{\"@type\":\"ImageObject\",\"inLanguage\":\"fr-FR\",\"@id\":\"https:\/\/appsaf.apieproject.com\/news\/fr\/2026\/08\/11\/usa-qui-est-abdul-el-sayed\/#primaryimage\",\"url\":\"https:\/\/appsaf.apieproject.com\/news\/wp-content\/uploads\/sites\/29\/2026\/08\/Screenshot-2026-08-10-214556.png\",\"contentUrl\":\"https:\/\/appsaf.apieproject.com\/news\/wp-content\/uploads\/sites\/29\/2026\/08\/Screenshot-2026-08-10-214556.png\",\"width\":587,\"height\":388},{\"@type\":\"BreadcrumbList\",\"@id\":\"https:\/\/appsaf.apieproject.com\/news\/fr\/2026\/08\/11\/usa-qui-est-abdul-el-sayed\/#breadcrumb\",\"itemListElement\":[{\"@type\":\"ListItem\",\"position\":1,\"name\":\"Home\",\"item\":\"https:\/\/appsaf.apieproject.com\/news\/fr\/home\/\"},{\"@type\":\"ListItem\",\"position\":2,\"name\":\"USA : Qui est Abdul El-Sayed\"}]},{\"@type\":\"WebSite\",\"@id\":\"https:\/\/appsaf.apieproject.com\/news\/#website\",\"url\":\"https:\/\/appsaf.apieproject.com\/news\/\",\"name\":\"APIE NEWS\",\"description\":\"PANAFRICANISM NEWS PORTAL\",\"publisher\":{\"@id\":\"https:\/\/appsaf.apieproject.com\/news\/#organization\"},\"potentialAction\":[{\"@type\":\"SearchAction\",\"target\":{\"@type\":\"EntryPoint\",\"urlTemplate\":\"https:\/\/appsaf.apieproject.com\/news\/?s={search_term_string}\"},\"query-input\":{\"@type\":\"PropertyValueSpecification\",\"valueRequired\":true,\"valueName\":\"search_term_string\"}}],\"inLanguage\":\"fr-FR\"},{\"@type\":\"Organization\",\"@id\":\"https:\/\/appsaf.apieproject.com\/news\/#organization\",\"name\":\"APIE PROJECT\",\"url\":\"https:\/\/appsaf.apieproject.com\/news\/\",\"logo\":{\"@type\":\"ImageObject\",\"inLanguage\":\"fr-FR\",\"@id\":\"https:\/\/appsaf.apieproject.com\/news\/#\/schema\/logo\/image\/\",\"url\":\"https:\/\/appsaf.apieproject.com\/news\/wp-content\/uploads\/sites\/29\/2022\/07\/logo-R-TransparentBackground.png\",\"contentUrl\":\"https:\/\/appsaf.apieproject.com\/news\/wp-content\/uploads\/sites\/29\/2022\/07\/logo-R-TransparentBackground.png\",\"width\":512,\"height\":512,\"caption\":\"APIE PROJECT\"},\"image\":{\"@id\":\"https:\/\/appsaf.apieproject.com\/news\/#\/schema\/logo\/image\/\"},\"sameAs\":[\"https:\/\/facebook.com\/apieproject\",\"https:\/\/x.com\/apieproject\"]},{\"@type\":\"Person\",\"@id\":\"https:\/\/appsaf.apieproject.com\/news\/#\/schema\/person\/ad5502ca15531a327ebd9865992b8492\",\"name\":\"apieproject\",\"image\":{\"@type\":\"ImageObject\",\"inLanguage\":\"fr-FR\",\"@id\":\"https:\/\/appsaf.apieproject.com\/news\/#\/schema\/person\/image\/\",\"url\":\"https:\/\/secure.gravatar.com\/avatar\/8da820f890920c54e6a9a30087a8b9ec?s=96&d=mm&r=g\",\"contentUrl\":\"https:\/\/secure.gravatar.com\/avatar\/8da820f890920c54e6a9a30087a8b9ec?s=96&d=mm&r=g\",\"caption\":\"apieproject\"},\"url\":\"https:\/\/appsaf.apieproject.com\/news\/fr\/author\/apieproject\/\"}]}<\/script>\n<!-- \/ Yoast SEO plugin. -->","yoast_head_json":{"title":"USA : Qui est Abdul El-Sayed - APIE NEWS","robots":{"index":"index","follow":"follow","max-snippet":"max-snippet:-1","max-image-preview":"max-image-preview:large","max-video-preview":"max-video-preview:-1"},"canonical":"https:\/\/appsaf.apieproject.com\/news\/fr\/2026\/08\/11\/usa-qui-est-abdul-el-sayed\/","og_locale":"fr_FR","og_type":"article","og_title":"USA : Qui est Abdul El-Sayed - APIE NEWS","og_description":"Abdul El-Sayed a remport\u00e9 la primaire d\u00e9mocrate pour le S\u00e9nat am\u00e9ricain dans le Michigan. \u00c0 41 ans, ce m\u00e9decin \u00e9pid\u00e9miologiste s\u2019est impos\u00e9 face \u00e0 la repr\u00e9sentante mod\u00e9r\u00e9e Haley Stevens, soutenue par plusieurs figures de l\u2019establishment d\u00e9mocrate. Sa victoire constitue un nouveau succ\u00e8s pour l\u2019aile progressiste du parti. El-Sayed a notamment b\u00e9n\u00e9fici\u00e9 du soutien de Bernie [&hellip;]","og_url":"https:\/\/appsaf.apieproject.com\/news\/fr\/2026\/08\/11\/usa-qui-est-abdul-el-sayed\/","og_site_name":"APIE NEWS","article_publisher":"https:\/\/facebook.com\/apieproject","article_published_time":"2026-08-11T04:47:05+00:00","article_modified_time":"2026-08-17T23:46:02+00:00","og_image":[{"width":587,"height":388,"url":"https:\/\/appsaf.apieproject.com\/news\/wp-content\/uploads\/sites\/29\/2026\/08\/Screenshot-2026-08-10-214556.png","type":"image\/png"}],"author":"apieproject","twitter_card":"summary_large_image","twitter_creator":"@apieproject","twitter_site":"@apieproject","twitter_misc":{"\u00c9crit par":"apieproject","Dur\u00e9e de lecture estim\u00e9e":"2 minutes"},"schema":{"@context":"https:\/\/schema.org","@graph":[{"@type":"Article","@id":"https:\/\/appsaf.apieproject.com\/news\/fr\/2026\/08\/11\/usa-qui-est-abdul-el-sayed\/#article","isPartOf":{"@id":"https:\/\/appsaf.apieproject.com\/news\/fr\/2026\/08\/11\/usa-qui-est-abdul-el-sayed\/"},"author":{"name":"apieproject","@id":"https:\/\/appsaf.apieproject.com\/news\/#\/schema\/person\/ad5502ca15531a327ebd9865992b8492"},"headline":"USA : Qui est Abdul El-Sayed","datePublished":"2026-08-11T04:47:05+00:00","dateModified":"2026-08-17T23:46:02+00:00","mainEntityOfPage":{"@id":"https:\/\/appsaf.apieproject.com\/news\/fr\/2026\/08\/11\/usa-qui-est-abdul-el-sayed\/"},"wordCount":476,"commentCount":0,"publisher":{"@id":"https:\/\/appsaf.apieproject.com\/news\/#organization"},"image":{"@id":"https:\/\/appsaf.apieproject.com\/news\/fr\/2026\/08\/11\/usa-qui-est-abdul-el-sayed\/#primaryimage"},"thumbnailUrl":"https:\/\/appsaf.apieproject.com\/news\/wp-content\/uploads\/sites\/29\/2026\/08\/Screenshot-2026-08-10-214556.png","keywords":["actualites","apie project","politique"],"articleSection":["Actualit\u00e9s","Politique"],"inLanguage":"fr-FR","potentialAction":[{"@type":"CommentAction","name":"Comment","target":["https:\/\/appsaf.apieproject.com\/news\/fr\/2026\/08\/11\/usa-qui-est-abdul-el-sayed\/#respond"]}]},{"@type":"WebPage","@id":"https:\/\/appsaf.apieproject.com\/news\/fr\/2026\/08\/11\/usa-qui-est-abdul-el-sayed\/","url":"https:\/\/appsaf.apieproject.com\/news\/fr\/2026\/08\/11\/usa-qui-est-abdul-el-sayed\/","name":"USA : Qui est Abdul El-Sayed - APIE NEWS","isPartOf":{"@id":"https:\/\/appsaf.apieproject.com\/news\/#website"},"primaryImageOfPage":{"@id":"https:\/\/appsaf.apieproject.com\/news\/fr\/2026\/08\/11\/usa-qui-est-abdul-el-sayed\/#primaryimage"},"image":{"@id":"https:\/\/appsaf.apieproject.com\/news\/fr\/2026\/08\/11\/usa-qui-est-abdul-el-sayed\/#primaryimage"},"thumbnailUrl":"https:\/\/appsaf.apieproject.com\/news\/wp-content\/uploads\/sites\/29\/2026\/08\/Screenshot-2026-08-10-214556.png","datePublished":"2026-08-11T04:47:05+00:00","dateModified":"2026-08-17T23:46:02+00:00","breadcrumb":{"@id":"https:\/\/appsaf.apieproject.com\/news\/fr\/2026\/08\/11\/usa-qui-est-abdul-el-sayed\/#breadcrumb"},"inLanguage":"fr-FR","potentialAction":[{"@type":"ReadAction","target":["https:\/\/appsaf.apieproject.com\/news\/fr\/2026\/08\/11\/usa-qui-est-abdul-el-sayed\/"]}]},{"@type":"ImageObject","inLanguage":"fr-FR","@id":"https:\/\/appsaf.apieproject.com\/news\/fr\/2026\/08\/11\/usa-qui-est-abdul-el-sayed\/#primaryimage","url":"https:\/\/appsaf.apieproject.com\/news\/wp-content\/uploads\/sites\/29\/2026\/08\/Screenshot-2026-08-10-214556.png","contentUrl":"https:\/\/appsaf.apieproject.com\/news\/wp-content\/uploads\/sites\/29\/2026\/08\/Screenshot-2026-08-10-214556.png","width":587,"height":388},{"@type":"BreadcrumbList","@id":"https:\/\/appsaf.apieproject.com\/news\/fr\/2026\/08\/11\/usa-qui-est-abdul-el-sayed\/#breadcrumb","itemListElement":[{"@type":"ListItem","position":1,"name":"Home","item":"https:\/\/appsaf.apieproject.com\/news\/fr\/home\/"},{"@type":"ListItem","position":2,"name":"USA : Qui est Abdul El-Sayed"}]},{"@type":"WebSite","@id":"https:\/\/appsaf.apieproject.com\/news\/#website","url":"https:\/\/appsaf.apieproject.com\/news\/","name":"APIE NEWS","description":"PANAFRICANISM NEWS PORTAL","publisher":{"@id":"https:\/\/appsaf.apieproject.com\/news\/#organization"},"potentialAction":[{"@type":"SearchAction","target":{"@type":"EntryPoint","urlTemplate":"https:\/\/appsaf.apieproject.com\/news\/?s={search_term_string}"},"query-input":{"@type":"PropertyValueSpecification","valueRequired":true,"valueName":"search_term_string"}}],"inLanguage":"fr-FR"},{"@type":"Organization","@id":"https:\/\/appsaf.apieproject.com\/news\/#organization","name":"APIE PROJECT","url":"https:\/\/appsaf.apieproject.com\/news\/","logo":{"@type":"ImageObject","inLanguage":"fr-FR","@id":"https:\/\/appsaf.apieproject.com\/news\/#\/schema\/logo\/image\/","url":"https:\/\/appsaf.apieproject.com\/news\/wp-content\/uploads\/sites\/29\/2022\/07\/logo-R-TransparentBackground.png","contentUrl":"https:\/\/appsaf.apieproject.com\/news\/wp-content\/uploads\/sites\/29\/2022\/07\/logo-R-TransparentBackground.png","width":512,"height":512,"caption":"APIE PROJECT"},"image":{"@id":"https:\/\/appsaf.apieproject.com\/news\/#\/schema\/logo\/image\/"},"sameAs":["https:\/\/facebook.com\/apieproject","https:\/\/x.com\/apieproject"]},{"@type":"Person","@id":"https:\/\/appsaf.apieproject.com\/news\/#\/schema\/person\/ad5502ca15531a327ebd9865992b8492","name":"apieproject","image":{"@type":"ImageObject","inLanguage":"fr-FR","@id":"https:\/\/appsaf.apieproject.com\/news\/#\/schema\/person\/image\/","url":"https:\/\/secure.gravatar.com\/avatar\/8da820f890920c54e6a9a30087a8b9ec?s=96&d=mm&r=g","contentUrl":"https:\/\/secure.gravatar.com\/avatar\/8da820f890920c54e6a9a30087a8b9ec?s=96&d=mm&r=g","caption":"apieproject"},"url":"https:\/\/appsaf.apieproject.com\/news\/fr\/author\/apieproject\/"}]}},"_links":{"self":[{"href":"https:\/\/appsaf.apieproject.com\/news\/fr\/wp-json\/wp\/v2\/posts\/41398","targetHints":{"allow":["GET"]}}],"collection":[{"href":"https:\/\/appsaf.apieproject.com\/news\/fr\/wp-json\/wp\/v2\/posts"}],"about":[{"href":"https:\/\/appsaf.apieproject.com\/news\/fr\/wp-json\/wp\/v2\/types\/post"}],"author":[{"embeddable":true,"href":"https:\/\/appsaf.apieproject.com\/news\/fr\/wp-json\/wp\/v2\/users\/1"}],"replies":[{"embeddable":true,"href":"https:\/\/appsaf.apieproject.com\/news\/fr\/wp-json\/wp\/v2\/comments?post=41398"}],"version-history":[{"count":1,"href":"https:\/\/appsaf.apieproject.com\/news\/fr\/wp-json\/wp\/v2\/posts\/41398\/revisions"}],"predecessor-version":[{"id":41402,"href":"https:\/\/appsaf.apieproject.com\/news\/fr\/wp-json\/wp\/v2\/posts\/41398\/revisions\/41402"}],"wp:featuredmedia":[{"embeddable":true,"href":"https:\/\/appsaf.apieproject.com\/news\/fr\/wp-json\/wp\/v2\/media\/41399"}],"wp:attachment":[{"href":"https:\/\/appsaf.apieproject.com\/news\/fr\/wp-json\/wp\/v2\/media?parent=41398"}],"wp:term":[{"taxonomy":"category","embeddable":true,"href":"https:\/\/appsaf.apieproject.com\/news\/fr\/wp-json\/wp\/v2\/categories?post=41398"},{"taxonomy":"post_tag","embeddable":true,"href":"https:\/\/appsaf.apieproject.com\/news\/fr\/wp-json\/wp\/v2\/tags?post=41398"}],"curies":[{"name":"wp","href":"https:\/\/api.w.org\/{rel}","templated":true}]}}