{"id":479,"date":"2022-01-13T15:11:18","date_gmt":"2022-01-13T15:11:18","guid":{"rendered":"https:\/\/appsaf.apieproject.com\/news\/?p=479"},"modified":"2022-01-13T15:11:20","modified_gmt":"2022-01-13T15:11:20","slug":"unesco-debut-dune-nouvelle-ere-pour-la-rumba-congolaise","status":"publish","type":"post","link":"https:\/\/appsaf.apieproject.com\/news\/fr\/2022\/01\/13\/unesco-debut-dune-nouvelle-ere-pour-la-rumba-congolaise\/","title":{"rendered":"Unesco : d\u00e9but d&rsquo;une nouvelle \u00e8re pour la rumba congolaise"},"content":{"rendered":"\n<p><strong>La rumba congolaise est entr\u00e9e au patrimoine culturel immat\u00e9riel de l\u2019humanit\u00e9 ce mardi. Le chroniqueur de musique Cl\u00e9ment Ossinond\u00e9 expose les enjeux de l&rsquo;apr\u00e8s-cons\u00e9cration pour le genre musical.<\/strong><\/p>\n\n\n\n<p>La candidature a \u00e9t\u00e9 r\u00e9alis\u00e9e conjointement par la R\u00e9publique d\u00e9mocratique du Congo et le Congo Brazzaville aupr\u00e8s de l\u2019<strong>UNESCO<\/strong>&nbsp;pour reconna\u00eetre ce genre musical n\u00e9 dans l&rsquo;ancien&nbsp;<strong>royaume Kongo<\/strong>&nbsp;et qui au fil des ann\u00e9es, n\u2019a pas cess\u00e9e d\u2019influencer la musique du continent et au-del\u00e0.<\/p>\n\n\n\n<p>\u00ab\u00a0Cela arrive \u00e0 point nomm\u00e9, surtout \u00e0 un moment o\u00f9 la production musicale entre les deux Congo conna\u00eet d&rsquo;\u00e9normes difficult\u00e9s. Je pense que la reconnaissance de la rumba comme patrimoine immat\u00e9riel de l&rsquo;humanit\u00e9 va donner un coup de pouce aux jeunes artistes. Pour qu&rsquo;ils s&rsquo;approprient le travail sur ce sujet \u00a0\u00bb a d\u00e9clar\u00e9 Cl\u00e9ment Ossinond\u00e9, chroniqueur de musique congolaise.<\/p>\n\n\n\n<p>Maintenant que l&rsquo;inscription est acquise, c&rsquo;est le d\u00e9but d&rsquo;une nouvelle \u00e9tape qui s&rsquo;annonce, mais que faudra-t-il faire pour que la Rumba congolaise \u00e9volue sans se d\u00e9naturer, \u00e0 l&rsquo;heure o\u00f9 l&rsquo;influence urbaine p\u00e9n\u00e8tre les accords du&nbsp;<strong>Sebene<\/strong>.<\/p>\n","protected":false},"excerpt":{"rendered":"<p>La rumba congolaise est entr\u00e9e au patrimoine culturel immat\u00e9riel de l\u2019humanit\u00e9 ce mardi. Le chroniqueur de musique Cl\u00e9ment Ossinond\u00e9 expose les enjeux de l&rsquo;apr\u00e8s-cons\u00e9cration pour le genre musical. La candidature a \u00e9t\u00e9 r\u00e9alis\u00e9e conjointement par la R\u00e9publique d\u00e9mocratique du Congo et le Congo Brazzaville aupr\u00e8s de l\u2019UNESCO&nbsp;pour reconna\u00eetre ce genre musical n\u00e9 dans l&rsquo;ancien&nbsp;royaume Kongo&nbsp;et [&hellip;]<\/p>\n","protected":false},"author":1,"featured_media":480,"comment_status":"open","ping_status":"open","sticky":false,"template":"","format":"standard","meta":{"footnotes":""},"categories":[67,55,65],"tags":[88,91],"class_list":{"0":"post-479","1":"post","2":"type-post","3":"status-publish","4":"format-standard","5":"has-post-thumbnail","7":"category-actualites","8":"category-divertissement","9":"category-musique","10":"tag-divertissement","11":"tag-musique"},"yoast_head":"<!-- This site is optimized with the Yoast SEO plugin v24.4 - https:\/\/yoast.com\/wordpress\/plugins\/seo\/ -->\n<title>Unesco : d\u00e9but d&#039;une nouvelle \u00e8re pour la rumba congolaise - APIE NEWS<\/title>\n<meta name=\"robots\" content=\"index, follow, max-snippet:-1, max-image-preview:large, max-video-preview:-1\" \/>\n<link rel=\"canonical\" href=\"https:\/\/appsaf.apieproject.com\/news\/fr\/2022\/01\/13\/unesco-debut-dune-nouvelle-ere-pour-la-rumba-congolaise\/\" \/>\n<meta property=\"og:locale\" content=\"fr_FR\" \/>\n<meta property=\"og:type\" content=\"article\" \/>\n<meta property=\"og:title\" content=\"Unesco : d\u00e9but d&#039;une nouvelle \u00e8re pour la rumba congolaise - APIE NEWS\" \/>\n<meta property=\"og:description\" content=\"La rumba congolaise est entr\u00e9e au patrimoine culturel immat\u00e9riel de l\u2019humanit\u00e9 ce mardi. Le chroniqueur de musique Cl\u00e9ment Ossinond\u00e9 expose les enjeux de l&rsquo;apr\u00e8s-cons\u00e9cration pour le genre musical. La candidature a \u00e9t\u00e9 r\u00e9alis\u00e9e conjointement par la R\u00e9publique d\u00e9mocratique du Congo et le Congo Brazzaville aupr\u00e8s de l\u2019UNESCO&nbsp;pour reconna\u00eetre ce genre musical n\u00e9 dans l&rsquo;ancien&nbsp;royaume Kongo&nbsp;et [&hellip;]\" \/>\n<meta property=\"og:url\" content=\"https:\/\/appsaf.apieproject.com\/news\/fr\/2022\/01\/13\/unesco-debut-dune-nouvelle-ere-pour-la-rumba-congolaise\/\" \/>\n<meta property=\"og:site_name\" content=\"APIE NEWS\" \/>\n<meta property=\"article:publisher\" content=\"https:\/\/facebook.com\/apieproject\" \/>\n<meta property=\"article:published_time\" content=\"2022-01-13T15:11:18+00:00\" \/>\n<meta property=\"article:modified_time\" content=\"2022-01-13T15:11:20+00:00\" \/>\n<meta property=\"og:image\" content=\"https:\/\/appsaf.apieproject.com\/news\/wp-content\/uploads\/sites\/29\/2022\/01\/Rumba.jpg\" \/>\n\t<meta property=\"og:image:width\" content=\"1181\" \/>\n\t<meta property=\"og:image:height\" content=\"542\" \/>\n\t<meta property=\"og:image:type\" content=\"image\/jpeg\" \/>\n<meta name=\"author\" content=\"apieproject\" \/>\n<meta name=\"twitter:card\" content=\"summary_large_image\" \/>\n<meta name=\"twitter:creator\" content=\"@apieproject\" \/>\n<meta name=\"twitter:site\" content=\"@apieproject\" \/>\n<meta name=\"twitter:label1\" content=\"\u00c9crit par\" \/>\n\t<meta name=\"twitter:data1\" content=\"apieproject\" \/>\n\t<meta name=\"twitter:label2\" content=\"Dur\u00e9e de lecture estim\u00e9e\" \/>\n\t<meta name=\"twitter:data2\" content=\"1 minute\" \/>\n<script type=\"application\/ld+json\" class=\"yoast-schema-graph\">{\"@context\":\"https:\/\/schema.org\",\"@graph\":[{\"@type\":\"Article\",\"@id\":\"https:\/\/appsaf.apieproject.com\/news\/fr\/2022\/01\/13\/unesco-debut-dune-nouvelle-ere-pour-la-rumba-congolaise\/#article\",\"isPartOf\":{\"@id\":\"https:\/\/appsaf.apieproject.com\/news\/fr\/2022\/01\/13\/unesco-debut-dune-nouvelle-ere-pour-la-rumba-congolaise\/\"},\"author\":{\"name\":\"apieproject\",\"@id\":\"https:\/\/appsaf.apieproject.com\/news\/#\/schema\/person\/ad5502ca15531a327ebd9865992b8492\"},\"headline\":\"Unesco : d\u00e9but d&rsquo;une nouvelle \u00e8re pour la rumba congolaise\",\"datePublished\":\"2022-01-13T15:11:18+00:00\",\"dateModified\":\"2022-01-13T15:11:20+00:00\",\"mainEntityOfPage\":{\"@id\":\"https:\/\/appsaf.apieproject.com\/news\/fr\/2022\/01\/13\/unesco-debut-dune-nouvelle-ere-pour-la-rumba-congolaise\/\"},\"wordCount\":217,\"commentCount\":0,\"publisher\":{\"@id\":\"https:\/\/appsaf.apieproject.com\/news\/#organization\"},\"image\":{\"@id\":\"https:\/\/appsaf.apieproject.com\/news\/fr\/2022\/01\/13\/unesco-debut-dune-nouvelle-ere-pour-la-rumba-congolaise\/#primaryimage\"},\"thumbnailUrl\":\"https:\/\/appsaf.apieproject.com\/news\/wp-content\/uploads\/sites\/29\/2022\/01\/Rumba.jpg\",\"keywords\":[\"divertissement\",\"musique\"],\"articleSection\":[\"Actualit\u00e9s\",\"Divertissement\",\"Musique\"],\"inLanguage\":\"fr-FR\",\"potentialAction\":[{\"@type\":\"CommentAction\",\"name\":\"Comment\",\"target\":[\"https:\/\/appsaf.apieproject.com\/news\/fr\/2022\/01\/13\/unesco-debut-dune-nouvelle-ere-pour-la-rumba-congolaise\/#respond\"]}]},{\"@type\":\"WebPage\",\"@id\":\"https:\/\/appsaf.apieproject.com\/news\/fr\/2022\/01\/13\/unesco-debut-dune-nouvelle-ere-pour-la-rumba-congolaise\/\",\"url\":\"https:\/\/appsaf.apieproject.com\/news\/fr\/2022\/01\/13\/unesco-debut-dune-nouvelle-ere-pour-la-rumba-congolaise\/\",\"name\":\"Unesco : d\u00e9but d'une nouvelle \u00e8re pour la rumba congolaise - APIE NEWS\",\"isPartOf\":{\"@id\":\"https:\/\/appsaf.apieproject.com\/news\/#website\"},\"primaryImageOfPage\":{\"@id\":\"https:\/\/appsaf.apieproject.com\/news\/fr\/2022\/01\/13\/unesco-debut-dune-nouvelle-ere-pour-la-rumba-congolaise\/#primaryimage\"},\"image\":{\"@id\":\"https:\/\/appsaf.apieproject.com\/news\/fr\/2022\/01\/13\/unesco-debut-dune-nouvelle-ere-pour-la-rumba-congolaise\/#primaryimage\"},\"thumbnailUrl\":\"https:\/\/appsaf.apieproject.com\/news\/wp-content\/uploads\/sites\/29\/2022\/01\/Rumba.jpg\",\"datePublished\":\"2022-01-13T15:11:18+00:00\",\"dateModified\":\"2022-01-13T15:11:20+00:00\",\"breadcrumb\":{\"@id\":\"https:\/\/appsaf.apieproject.com\/news\/fr\/2022\/01\/13\/unesco-debut-dune-nouvelle-ere-pour-la-rumba-congolaise\/#breadcrumb\"},\"inLanguage\":\"fr-FR\",\"potentialAction\":[{\"@type\":\"ReadAction\",\"target\":[\"https:\/\/appsaf.apieproject.com\/news\/fr\/2022\/01\/13\/unesco-debut-dune-nouvelle-ere-pour-la-rumba-congolaise\/\"]}]},{\"@type\":\"ImageObject\",\"inLanguage\":\"fr-FR\",\"@id\":\"https:\/\/appsaf.apieproject.com\/news\/fr\/2022\/01\/13\/unesco-debut-dune-nouvelle-ere-pour-la-rumba-congolaise\/#primaryimage\",\"url\":\"https:\/\/appsaf.apieproject.com\/news\/wp-content\/uploads\/sites\/29\/2022\/01\/Rumba.jpg\",\"contentUrl\":\"https:\/\/appsaf.apieproject.com\/news\/wp-content\/uploads\/sites\/29\/2022\/01\/Rumba.jpg\",\"width\":1181,\"height\":542},{\"@type\":\"BreadcrumbList\",\"@id\":\"https:\/\/appsaf.apieproject.com\/news\/fr\/2022\/01\/13\/unesco-debut-dune-nouvelle-ere-pour-la-rumba-congolaise\/#breadcrumb\",\"itemListElement\":[{\"@type\":\"ListItem\",\"position\":1,\"name\":\"Home\",\"item\":\"https:\/\/appsaf.apieproject.com\/news\/fr\/home\/\"},{\"@type\":\"ListItem\",\"position\":2,\"name\":\"Unesco : d\u00e9but d&#8217;une nouvelle \u00e8re pour la rumba congolaise\"}]},{\"@type\":\"WebSite\",\"@id\":\"https:\/\/appsaf.apieproject.com\/news\/#website\",\"url\":\"https:\/\/appsaf.apieproject.com\/news\/\",\"name\":\"APIE NEWS\",\"description\":\"PANAFRICANISM NEWS PORTAL\",\"publisher\":{\"@id\":\"https:\/\/appsaf.apieproject.com\/news\/#organization\"},\"potentialAction\":[{\"@type\":\"SearchAction\",\"target\":{\"@type\":\"EntryPoint\",\"urlTemplate\":\"https:\/\/appsaf.apieproject.com\/news\/?s={search_term_string}\"},\"query-input\":{\"@type\":\"PropertyValueSpecification\",\"valueRequired\":true,\"valueName\":\"search_term_string\"}}],\"inLanguage\":\"fr-FR\"},{\"@type\":\"Organization\",\"@id\":\"https:\/\/appsaf.apieproject.com\/news\/#organization\",\"name\":\"APIE PROJECT\",\"url\":\"https:\/\/appsaf.apieproject.com\/news\/\",\"logo\":{\"@type\":\"ImageObject\",\"inLanguage\":\"fr-FR\",\"@id\":\"https:\/\/appsaf.apieproject.com\/news\/#\/schema\/logo\/image\/\",\"url\":\"https:\/\/appsaf.apieproject.com\/news\/wp-content\/uploads\/sites\/29\/2022\/07\/logo-R-TransparentBackground.png\",\"contentUrl\":\"https:\/\/appsaf.apieproject.com\/news\/wp-content\/uploads\/sites\/29\/2022\/07\/logo-R-TransparentBackground.png\",\"width\":512,\"height\":512,\"caption\":\"APIE PROJECT\"},\"image\":{\"@id\":\"https:\/\/appsaf.apieproject.com\/news\/#\/schema\/logo\/image\/\"},\"sameAs\":[\"https:\/\/facebook.com\/apieproject\",\"https:\/\/x.com\/apieproject\"]},{\"@type\":\"Person\",\"@id\":\"https:\/\/appsaf.apieproject.com\/news\/#\/schema\/person\/ad5502ca15531a327ebd9865992b8492\",\"name\":\"apieproject\",\"image\":{\"@type\":\"ImageObject\",\"inLanguage\":\"fr-FR\",\"@id\":\"https:\/\/appsaf.apieproject.com\/news\/#\/schema\/person\/image\/\",\"url\":\"https:\/\/secure.gravatar.com\/avatar\/8da820f890920c54e6a9a30087a8b9ec?s=96&d=mm&r=g\",\"contentUrl\":\"https:\/\/secure.gravatar.com\/avatar\/8da820f890920c54e6a9a30087a8b9ec?s=96&d=mm&r=g\",\"caption\":\"apieproject\"},\"url\":\"https:\/\/appsaf.apieproject.com\/news\/fr\/author\/apieproject\/\"}]}<\/script>\n<!-- \/ Yoast SEO plugin. -->","yoast_head_json":{"title":"Unesco : d\u00e9but d'une nouvelle \u00e8re pour la rumba congolaise - APIE NEWS","robots":{"index":"index","follow":"follow","max-snippet":"max-snippet:-1","max-image-preview":"max-image-preview:large","max-video-preview":"max-video-preview:-1"},"canonical":"https:\/\/appsaf.apieproject.com\/news\/fr\/2022\/01\/13\/unesco-debut-dune-nouvelle-ere-pour-la-rumba-congolaise\/","og_locale":"fr_FR","og_type":"article","og_title":"Unesco : d\u00e9but d'une nouvelle \u00e8re pour la rumba congolaise - APIE NEWS","og_description":"La rumba congolaise est entr\u00e9e au patrimoine culturel immat\u00e9riel de l\u2019humanit\u00e9 ce mardi. Le chroniqueur de musique Cl\u00e9ment Ossinond\u00e9 expose les enjeux de l&rsquo;apr\u00e8s-cons\u00e9cration pour le genre musical. La candidature a \u00e9t\u00e9 r\u00e9alis\u00e9e conjointement par la R\u00e9publique d\u00e9mocratique du Congo et le Congo Brazzaville aupr\u00e8s de l\u2019UNESCO&nbsp;pour reconna\u00eetre ce genre musical n\u00e9 dans l&rsquo;ancien&nbsp;royaume Kongo&nbsp;et [&hellip;]","og_url":"https:\/\/appsaf.apieproject.com\/news\/fr\/2022\/01\/13\/unesco-debut-dune-nouvelle-ere-pour-la-rumba-congolaise\/","og_site_name":"APIE NEWS","article_publisher":"https:\/\/facebook.com\/apieproject","article_published_time":"2022-01-13T15:11:18+00:00","article_modified_time":"2022-01-13T15:11:20+00:00","og_image":[{"width":1181,"height":542,"url":"https:\/\/appsaf.apieproject.com\/news\/wp-content\/uploads\/sites\/29\/2022\/01\/Rumba.jpg","type":"image\/jpeg"}],"author":"apieproject","twitter_card":"summary_large_image","twitter_creator":"@apieproject","twitter_site":"@apieproject","twitter_misc":{"\u00c9crit par":"apieproject","Dur\u00e9e de lecture estim\u00e9e":"1 minute"},"schema":{"@context":"https:\/\/schema.org","@graph":[{"@type":"Article","@id":"https:\/\/appsaf.apieproject.com\/news\/fr\/2022\/01\/13\/unesco-debut-dune-nouvelle-ere-pour-la-rumba-congolaise\/#article","isPartOf":{"@id":"https:\/\/appsaf.apieproject.com\/news\/fr\/2022\/01\/13\/unesco-debut-dune-nouvelle-ere-pour-la-rumba-congolaise\/"},"author":{"name":"apieproject","@id":"https:\/\/appsaf.apieproject.com\/news\/#\/schema\/person\/ad5502ca15531a327ebd9865992b8492"},"headline":"Unesco : d\u00e9but d&rsquo;une nouvelle \u00e8re pour la rumba congolaise","datePublished":"2022-01-13T15:11:18+00:00","dateModified":"2022-01-13T15:11:20+00:00","mainEntityOfPage":{"@id":"https:\/\/appsaf.apieproject.com\/news\/fr\/2022\/01\/13\/unesco-debut-dune-nouvelle-ere-pour-la-rumba-congolaise\/"},"wordCount":217,"commentCount":0,"publisher":{"@id":"https:\/\/appsaf.apieproject.com\/news\/#organization"},"image":{"@id":"https:\/\/appsaf.apieproject.com\/news\/fr\/2022\/01\/13\/unesco-debut-dune-nouvelle-ere-pour-la-rumba-congolaise\/#primaryimage"},"thumbnailUrl":"https:\/\/appsaf.apieproject.com\/news\/wp-content\/uploads\/sites\/29\/2022\/01\/Rumba.jpg","keywords":["divertissement","musique"],"articleSection":["Actualit\u00e9s","Divertissement","Musique"],"inLanguage":"fr-FR","potentialAction":[{"@type":"CommentAction","name":"Comment","target":["https:\/\/appsaf.apieproject.com\/news\/fr\/2022\/01\/13\/unesco-debut-dune-nouvelle-ere-pour-la-rumba-congolaise\/#respond"]}]},{"@type":"WebPage","@id":"https:\/\/appsaf.apieproject.com\/news\/fr\/2022\/01\/13\/unesco-debut-dune-nouvelle-ere-pour-la-rumba-congolaise\/","url":"https:\/\/appsaf.apieproject.com\/news\/fr\/2022\/01\/13\/unesco-debut-dune-nouvelle-ere-pour-la-rumba-congolaise\/","name":"Unesco : d\u00e9but d'une nouvelle \u00e8re pour la rumba congolaise - APIE NEWS","isPartOf":{"@id":"https:\/\/appsaf.apieproject.com\/news\/#website"},"primaryImageOfPage":{"@id":"https:\/\/appsaf.apieproject.com\/news\/fr\/2022\/01\/13\/unesco-debut-dune-nouvelle-ere-pour-la-rumba-congolaise\/#primaryimage"},"image":{"@id":"https:\/\/appsaf.apieproject.com\/news\/fr\/2022\/01\/13\/unesco-debut-dune-nouvelle-ere-pour-la-rumba-congolaise\/#primaryimage"},"thumbnailUrl":"https:\/\/appsaf.apieproject.com\/news\/wp-content\/uploads\/sites\/29\/2022\/01\/Rumba.jpg","datePublished":"2022-01-13T15:11:18+00:00","dateModified":"2022-01-13T15:11:20+00:00","breadcrumb":{"@id":"https:\/\/appsaf.apieproject.com\/news\/fr\/2022\/01\/13\/unesco-debut-dune-nouvelle-ere-pour-la-rumba-congolaise\/#breadcrumb"},"inLanguage":"fr-FR","potentialAction":[{"@type":"ReadAction","target":["https:\/\/appsaf.apieproject.com\/news\/fr\/2022\/01\/13\/unesco-debut-dune-nouvelle-ere-pour-la-rumba-congolaise\/"]}]},{"@type":"ImageObject","inLanguage":"fr-FR","@id":"https:\/\/appsaf.apieproject.com\/news\/fr\/2022\/01\/13\/unesco-debut-dune-nouvelle-ere-pour-la-rumba-congolaise\/#primaryimage","url":"https:\/\/appsaf.apieproject.com\/news\/wp-content\/uploads\/sites\/29\/2022\/01\/Rumba.jpg","contentUrl":"https:\/\/appsaf.apieproject.com\/news\/wp-content\/uploads\/sites\/29\/2022\/01\/Rumba.jpg","width":1181,"height":542},{"@type":"BreadcrumbList","@id":"https:\/\/appsaf.apieproject.com\/news\/fr\/2022\/01\/13\/unesco-debut-dune-nouvelle-ere-pour-la-rumba-congolaise\/#breadcrumb","itemListElement":[{"@type":"ListItem","position":1,"name":"Home","item":"https:\/\/appsaf.apieproject.com\/news\/fr\/home\/"},{"@type":"ListItem","position":2,"name":"Unesco : d\u00e9but d&#8217;une nouvelle \u00e8re pour la rumba congolaise"}]},{"@type":"WebSite","@id":"https:\/\/appsaf.apieproject.com\/news\/#website","url":"https:\/\/appsaf.apieproject.com\/news\/","name":"APIE NEWS","description":"PANAFRICANISM NEWS PORTAL","publisher":{"@id":"https:\/\/appsaf.apieproject.com\/news\/#organization"},"potentialAction":[{"@type":"SearchAction","target":{"@type":"EntryPoint","urlTemplate":"https:\/\/appsaf.apieproject.com\/news\/?s={search_term_string}"},"query-input":{"@type":"PropertyValueSpecification","valueRequired":true,"valueName":"search_term_string"}}],"inLanguage":"fr-FR"},{"@type":"Organization","@id":"https:\/\/appsaf.apieproject.com\/news\/#organization","name":"APIE PROJECT","url":"https:\/\/appsaf.apieproject.com\/news\/","logo":{"@type":"ImageObject","inLanguage":"fr-FR","@id":"https:\/\/appsaf.apieproject.com\/news\/#\/schema\/logo\/image\/","url":"https:\/\/appsaf.apieproject.com\/news\/wp-content\/uploads\/sites\/29\/2022\/07\/logo-R-TransparentBackground.png","contentUrl":"https:\/\/appsaf.apieproject.com\/news\/wp-content\/uploads\/sites\/29\/2022\/07\/logo-R-TransparentBackground.png","width":512,"height":512,"caption":"APIE PROJECT"},"image":{"@id":"https:\/\/appsaf.apieproject.com\/news\/#\/schema\/logo\/image\/"},"sameAs":["https:\/\/facebook.com\/apieproject","https:\/\/x.com\/apieproject"]},{"@type":"Person","@id":"https:\/\/appsaf.apieproject.com\/news\/#\/schema\/person\/ad5502ca15531a327ebd9865992b8492","name":"apieproject","image":{"@type":"ImageObject","inLanguage":"fr-FR","@id":"https:\/\/appsaf.apieproject.com\/news\/#\/schema\/person\/image\/","url":"https:\/\/secure.gravatar.com\/avatar\/8da820f890920c54e6a9a30087a8b9ec?s=96&d=mm&r=g","contentUrl":"https:\/\/secure.gravatar.com\/avatar\/8da820f890920c54e6a9a30087a8b9ec?s=96&d=mm&r=g","caption":"apieproject"},"url":"https:\/\/appsaf.apieproject.com\/news\/fr\/author\/apieproject\/"}]}},"_links":{"self":[{"href":"https:\/\/appsaf.apieproject.com\/news\/fr\/wp-json\/wp\/v2\/posts\/479","targetHints":{"allow":["GET"]}}],"collection":[{"href":"https:\/\/appsaf.apieproject.com\/news\/fr\/wp-json\/wp\/v2\/posts"}],"about":[{"href":"https:\/\/appsaf.apieproject.com\/news\/fr\/wp-json\/wp\/v2\/types\/post"}],"author":[{"embeddable":true,"href":"https:\/\/appsaf.apieproject.com\/news\/fr\/wp-json\/wp\/v2\/users\/1"}],"replies":[{"embeddable":true,"href":"https:\/\/appsaf.apieproject.com\/news\/fr\/wp-json\/wp\/v2\/comments?post=479"}],"version-history":[{"count":1,"href":"https:\/\/appsaf.apieproject.com\/news\/fr\/wp-json\/wp\/v2\/posts\/479\/revisions"}],"predecessor-version":[{"id":483,"href":"https:\/\/appsaf.apieproject.com\/news\/fr\/wp-json\/wp\/v2\/posts\/479\/revisions\/483"}],"wp:featuredmedia":[{"embeddable":true,"href":"https:\/\/appsaf.apieproject.com\/news\/fr\/wp-json\/wp\/v2\/media\/480"}],"wp:attachment":[{"href":"https:\/\/appsaf.apieproject.com\/news\/fr\/wp-json\/wp\/v2\/media?parent=479"}],"wp:term":[{"taxonomy":"category","embeddable":true,"href":"https:\/\/appsaf.apieproject.com\/news\/fr\/wp-json\/wp\/v2\/categories?post=479"},{"taxonomy":"post_tag","embeddable":true,"href":"https:\/\/appsaf.apieproject.com\/news\/fr\/wp-json\/wp\/v2\/tags?post=479"}],"curies":[{"name":"wp","href":"https:\/\/api.w.org\/{rel}","templated":true}]}}