{"id":5589,"date":"2022-04-13T22:56:13","date_gmt":"2022-04-13T22:56:13","guid":{"rendered":"https:\/\/appsaf.apieproject.com\/news\/?p=5589"},"modified":"2022-04-13T22:56:14","modified_gmt":"2022-04-13T22:56:14","slug":"la-so-art-gallery-a-casablanca-expose-les-personnages-celestes-du-peintre-marocain-abdelkader-laaraj","status":"publish","type":"post","link":"https:\/\/appsaf.apieproject.com\/news\/fr\/2022\/04\/13\/la-so-art-gallery-a-casablanca-expose-les-personnages-celestes-du-peintre-marocain-abdelkader-laaraj\/","title":{"rendered":"La So Art Gallery \u00e0 Casablanca expose les personnages c\u00e9lestes du peintre marocain Abdelkader Laaraj"},"content":{"rendered":"<p>Derniers jours. L\u2019exposition Espaces Habit\u00e9s du peintre marocain Abdelkader Laaraj est visible jusqu\u2019au 11 avril 2022, \u00e0 la So Art Gallery \u00e0 Casablanca.<\/p>\n<p>Que ses personnages semblent plonger dans leurs pens\u00e9es, leurs r\u00eaves ou qu\u2019ils s\u2019\u00e9l\u00e8vent au-dessus du r\u00e9el, tous traduisent l\u2019univers d\u2019Abdelkader Laaraj o\u00f9 imaginaire et onirisme se c\u00f4toient.<\/p>\n<p>N\u00e9 en 1950 \u00e0 Casablanca, Abdelkader La\u00e2raj est un artiste autodidacte qui a fr\u00e9quent\u00e9 tous les acteurs \u2013 romanciers, po\u00e8tes, plasticiens, hommes de th\u00e9\u00e2tres, cin\u00e9astes, musiciens\u2026\u2013 de sa g\u00e9n\u00e9ration et partag\u00e9 avec eux nombre de ses interrogations artistiques. S\u2019il appr\u00e9cie avant tout de s\u2019enfermer dans son atelier, il aime aussi passionn\u00e9ment les voyages. L\u2019Afrique et ses couleurs sont pour lui une source d\u2019inspiration constante. A la conceptualisation et l\u2019abstraction occidentale, il pr\u00e9f\u00e8re la spontan\u00e9it\u00e9 des artistes africains.<\/p>\n<p>\u00ab\u00a0Singulier dans sa d\u00e9marche, profond\u00e9ment attach\u00e9 \u00e0 son univers int\u00e9rieur, Abdelkader Laaraj ne cesse de cr\u00e9er et de recr\u00e9er la f\u00e9erie de ce monde fascinant, plein de l\u00e9g\u00e8ret\u00e9 et d&rsquo;une gaiet\u00e9 surprenante. Artisan de l&rsquo;imaginaire, il a su tout au long de sa carri\u00e8re rester fid\u00e8le \u00e0 sa conception de la vie et de l&rsquo;art. (\u2026) Ses cr\u00e9ations nous invitent au r\u00eave, au songe et nous transportent loin dans le ciel \u00e9toil\u00e9 de l&rsquo;imagination !\u00a0\u00bb, d\u00e9clare Mohamed Bena\u00efssa, maire d\u2019Asilah et fondateur du festival culturel arabo-africain, le Forum d&rsquo;Assilah.<\/p>\n<p>Tout l\u2019univers pictural Abdelkader Laaraj tourne autour du vol, de l&rsquo;\u00e9l\u00e9vation et de l&rsquo;altitude. Dans son monde onirique, l\u2019imagination d\u00e9fie les lois de la physique et de la pesanteur. Le peintre se veut avant tout po\u00e8te de l\u2019\u00e2me humaine. Les personnages de ses toiles sont comme des \u00eatres mi-humains, mi-oiseaux. Repr\u00e9sent\u00e9s par des formes g\u00e9om\u00e9triques, sont-ils r\u00e9els, sont-ils des entit\u00e9s ? Qu\u2019ils soient assis ou en mouvement, ils poss\u00e8dent le pouvoir de s\u2019\u00e9lever, de se tenir comme suspendus en \u00e9quilibre dans les airs.<\/p>\n<p>Les couleurs utilis\u00e9es par l\u2019artiste sont riches et \u00e9clatantes. Elles traduisent la vitalit\u00e9, la joie, le plaisir. Epicurien et h\u00e9doniste, il revendique sa libert\u00e9, sa recherche du beau dans un monde qu\u2019il ne cesse d\u2019arpenter en artiste-po\u00e8te-r\u00eaveur.<\/p>\n<p>Peindre, pour Abdelkader Laaraj est comme manger pour d\u2019autres : vital. Car cette activit\u00e9 lui procure une joie immense, un \u00e9merveillement de chaque instant. R\u00e9soudre la difficult\u00e9 de comment rendre r\u00e9el son imaginaire, le plonge dans une sorte d\u2019all\u00e9gresse, d\u2019excitation enchant\u00e9e. \u00ab\u00a0Je peins chaque jour ! Je prends mon temps pour chaque tableau ! Le plaisir est d\u00e9multipli\u00e9 quand il s\u2019agit pour moi de trouver une solution \u00e0 un souci de composition, d\u2019harmonie, d\u2019\u00e9quilibre ou d\u2019apporter des modifications ! C\u2019est l\u00e0 o\u00f9 je me r\u00e9gale le plus&#8230;\u00a0\u00bb, conclut l\u2019artiste.<\/p>\n","protected":false},"excerpt":{"rendered":"<p>Le solo show \u00ab\u00a0Espaces Habit\u00e9s\u00a0\u00bb propos\u00e9 par la So Art Gallery \u00e0 Casablanca permet de d\u00e9couvrir l\u2019univers f\u00e9erique de l\u2019artiste.<\/p>\n","protected":false},"author":12963,"featured_media":5586,"comment_status":"open","ping_status":"open","sticky":false,"template":"","format":"standard","meta":{"footnotes":""},"categories":[67,53],"tags":[81,78,87],"class_list":{"0":"post-5589","1":"post","2":"type-post","3":"status-publish","4":"format-standard","5":"has-post-thumbnail","7":"category-actualites","8":"category-culture-fr","9":"tag-actualites","10":"tag-apie-project-2","11":"tag-culture-2"},"yoast_head":"<!-- This site is optimized with the Yoast SEO plugin v24.4 - https:\/\/yoast.com\/wordpress\/plugins\/seo\/ -->\n<title>La So Art Gallery \u00e0 Casablanca expose les personnages c\u00e9lestes du peintre marocain Abdelkader Laaraj - APIE NEWS<\/title>\n<meta name=\"robots\" content=\"index, follow, max-snippet:-1, max-image-preview:large, max-video-preview:-1\" \/>\n<link rel=\"canonical\" href=\"https:\/\/appsaf.apieproject.com\/news\/fr\/2022\/04\/13\/la-so-art-gallery-a-casablanca-expose-les-personnages-celestes-du-peintre-marocain-abdelkader-laaraj\/\" \/>\n<meta property=\"og:locale\" content=\"fr_FR\" \/>\n<meta property=\"og:type\" content=\"article\" \/>\n<meta property=\"og:title\" content=\"La So Art Gallery \u00e0 Casablanca expose les personnages c\u00e9lestes du peintre marocain Abdelkader Laaraj - APIE NEWS\" \/>\n<meta property=\"og:description\" content=\"Le solo show &quot;Espaces Habit\u00e9s&quot; propos\u00e9 par la So Art Gallery \u00e0 Casablanca permet de d\u00e9couvrir l\u2019univers f\u00e9erique de l\u2019artiste.\" \/>\n<meta property=\"og:url\" content=\"https:\/\/appsaf.apieproject.com\/news\/fr\/2022\/04\/13\/la-so-art-gallery-a-casablanca-expose-les-personnages-celestes-du-peintre-marocain-abdelkader-laaraj\/\" \/>\n<meta property=\"og:site_name\" content=\"APIE NEWS\" \/>\n<meta property=\"article:publisher\" content=\"https:\/\/facebook.com\/apieproject\" \/>\n<meta property=\"article:published_time\" content=\"2022-04-13T22:56:13+00:00\" \/>\n<meta property=\"article:modified_time\" content=\"2022-04-13T22:56:14+00:00\" \/>\n<meta property=\"og:image\" content=\"https:\/\/appsaf.apieproject.com\/news\/wp-content\/uploads\/sites\/29\/2022\/04\/27062713-c08140b8091fa5ad519fd0ee19f318f7.jpg\" \/>\n\t<meta property=\"og:image:width\" content=\"1050\" \/>\n\t<meta property=\"og:image:height\" content=\"689\" \/>\n\t<meta property=\"og:image:type\" content=\"image\/jpeg\" \/>\n<meta name=\"author\" content=\"staff\" \/>\n<meta name=\"twitter:card\" content=\"summary_large_image\" \/>\n<meta name=\"twitter:creator\" content=\"@apieproject\" \/>\n<meta name=\"twitter:site\" content=\"@apieproject\" \/>\n<meta name=\"twitter:label1\" content=\"\u00c9crit par\" \/>\n\t<meta name=\"twitter:data1\" content=\"staff\" \/>\n\t<meta name=\"twitter:label2\" content=\"Dur\u00e9e de lecture estim\u00e9e\" \/>\n\t<meta name=\"twitter:data2\" content=\"2 minutes\" \/>\n<script type=\"application\/ld+json\" class=\"yoast-schema-graph\">{\"@context\":\"https:\/\/schema.org\",\"@graph\":[{\"@type\":\"Article\",\"@id\":\"https:\/\/appsaf.apieproject.com\/news\/fr\/2022\/04\/13\/la-so-art-gallery-a-casablanca-expose-les-personnages-celestes-du-peintre-marocain-abdelkader-laaraj\/#article\",\"isPartOf\":{\"@id\":\"https:\/\/appsaf.apieproject.com\/news\/fr\/2022\/04\/13\/la-so-art-gallery-a-casablanca-expose-les-personnages-celestes-du-peintre-marocain-abdelkader-laaraj\/\"},\"author\":{\"name\":\"staff\",\"@id\":\"https:\/\/appsaf.apieproject.com\/news\/#\/schema\/person\/399517cac378948cd7b39086f9ddc2a7\"},\"headline\":\"La So Art Gallery \u00e0 Casablanca expose les personnages c\u00e9lestes du peintre marocain Abdelkader Laaraj\",\"datePublished\":\"2022-04-13T22:56:13+00:00\",\"dateModified\":\"2022-04-13T22:56:14+00:00\",\"mainEntityOfPage\":{\"@id\":\"https:\/\/appsaf.apieproject.com\/news\/fr\/2022\/04\/13\/la-so-art-gallery-a-casablanca-expose-les-personnages-celestes-du-peintre-marocain-abdelkader-laaraj\/\"},\"wordCount\":511,\"commentCount\":0,\"publisher\":{\"@id\":\"https:\/\/appsaf.apieproject.com\/news\/#organization\"},\"image\":{\"@id\":\"https:\/\/appsaf.apieproject.com\/news\/fr\/2022\/04\/13\/la-so-art-gallery-a-casablanca-expose-les-personnages-celestes-du-peintre-marocain-abdelkader-laaraj\/#primaryimage\"},\"thumbnailUrl\":\"https:\/\/appsaf.apieproject.com\/news\/wp-content\/uploads\/sites\/29\/2022\/04\/27062713-c08140b8091fa5ad519fd0ee19f318f7.jpg\",\"keywords\":[\"actualites\",\"apie project\",\"culture\"],\"articleSection\":[\"Actualit\u00e9s\",\"Culture\"],\"inLanguage\":\"fr-FR\",\"potentialAction\":[{\"@type\":\"CommentAction\",\"name\":\"Comment\",\"target\":[\"https:\/\/appsaf.apieproject.com\/news\/fr\/2022\/04\/13\/la-so-art-gallery-a-casablanca-expose-les-personnages-celestes-du-peintre-marocain-abdelkader-laaraj\/#respond\"]}]},{\"@type\":\"WebPage\",\"@id\":\"https:\/\/appsaf.apieproject.com\/news\/fr\/2022\/04\/13\/la-so-art-gallery-a-casablanca-expose-les-personnages-celestes-du-peintre-marocain-abdelkader-laaraj\/\",\"url\":\"https:\/\/appsaf.apieproject.com\/news\/fr\/2022\/04\/13\/la-so-art-gallery-a-casablanca-expose-les-personnages-celestes-du-peintre-marocain-abdelkader-laaraj\/\",\"name\":\"La So Art Gallery \u00e0 Casablanca expose les personnages c\u00e9lestes du peintre marocain Abdelkader Laaraj - APIE NEWS\",\"isPartOf\":{\"@id\":\"https:\/\/appsaf.apieproject.com\/news\/#website\"},\"primaryImageOfPage\":{\"@id\":\"https:\/\/appsaf.apieproject.com\/news\/fr\/2022\/04\/13\/la-so-art-gallery-a-casablanca-expose-les-personnages-celestes-du-peintre-marocain-abdelkader-laaraj\/#primaryimage\"},\"image\":{\"@id\":\"https:\/\/appsaf.apieproject.com\/news\/fr\/2022\/04\/13\/la-so-art-gallery-a-casablanca-expose-les-personnages-celestes-du-peintre-marocain-abdelkader-laaraj\/#primaryimage\"},\"thumbnailUrl\":\"https:\/\/appsaf.apieproject.com\/news\/wp-content\/uploads\/sites\/29\/2022\/04\/27062713-c08140b8091fa5ad519fd0ee19f318f7.jpg\",\"datePublished\":\"2022-04-13T22:56:13+00:00\",\"dateModified\":\"2022-04-13T22:56:14+00:00\",\"breadcrumb\":{\"@id\":\"https:\/\/appsaf.apieproject.com\/news\/fr\/2022\/04\/13\/la-so-art-gallery-a-casablanca-expose-les-personnages-celestes-du-peintre-marocain-abdelkader-laaraj\/#breadcrumb\"},\"inLanguage\":\"fr-FR\",\"potentialAction\":[{\"@type\":\"ReadAction\",\"target\":[\"https:\/\/appsaf.apieproject.com\/news\/fr\/2022\/04\/13\/la-so-art-gallery-a-casablanca-expose-les-personnages-celestes-du-peintre-marocain-abdelkader-laaraj\/\"]}]},{\"@type\":\"ImageObject\",\"inLanguage\":\"fr-FR\",\"@id\":\"https:\/\/appsaf.apieproject.com\/news\/fr\/2022\/04\/13\/la-so-art-gallery-a-casablanca-expose-les-personnages-celestes-du-peintre-marocain-abdelkader-laaraj\/#primaryimage\",\"url\":\"https:\/\/appsaf.apieproject.com\/news\/wp-content\/uploads\/sites\/29\/2022\/04\/27062713-c08140b8091fa5ad519fd0ee19f318f7.jpg\",\"contentUrl\":\"https:\/\/appsaf.apieproject.com\/news\/wp-content\/uploads\/sites\/29\/2022\/04\/27062713-c08140b8091fa5ad519fd0ee19f318f7.jpg\",\"width\":1050,\"height\":689},{\"@type\":\"BreadcrumbList\",\"@id\":\"https:\/\/appsaf.apieproject.com\/news\/fr\/2022\/04\/13\/la-so-art-gallery-a-casablanca-expose-les-personnages-celestes-du-peintre-marocain-abdelkader-laaraj\/#breadcrumb\",\"itemListElement\":[{\"@type\":\"ListItem\",\"position\":1,\"name\":\"Home\",\"item\":\"https:\/\/appsaf.apieproject.com\/news\/fr\/home\/\"},{\"@type\":\"ListItem\",\"position\":2,\"name\":\"La So Art Gallery \u00e0 Casablanca expose les personnages c\u00e9lestes du peintre marocain Abdelkader Laaraj\"}]},{\"@type\":\"WebSite\",\"@id\":\"https:\/\/appsaf.apieproject.com\/news\/#website\",\"url\":\"https:\/\/appsaf.apieproject.com\/news\/\",\"name\":\"APIE NEWS\",\"description\":\"PANAFRICANISM NEWS PORTAL\",\"publisher\":{\"@id\":\"https:\/\/appsaf.apieproject.com\/news\/#organization\"},\"potentialAction\":[{\"@type\":\"SearchAction\",\"target\":{\"@type\":\"EntryPoint\",\"urlTemplate\":\"https:\/\/appsaf.apieproject.com\/news\/?s={search_term_string}\"},\"query-input\":{\"@type\":\"PropertyValueSpecification\",\"valueRequired\":true,\"valueName\":\"search_term_string\"}}],\"inLanguage\":\"fr-FR\"},{\"@type\":\"Organization\",\"@id\":\"https:\/\/appsaf.apieproject.com\/news\/#organization\",\"name\":\"APIE PROJECT\",\"url\":\"https:\/\/appsaf.apieproject.com\/news\/\",\"logo\":{\"@type\":\"ImageObject\",\"inLanguage\":\"fr-FR\",\"@id\":\"https:\/\/appsaf.apieproject.com\/news\/#\/schema\/logo\/image\/\",\"url\":\"https:\/\/appsaf.apieproject.com\/news\/wp-content\/uploads\/sites\/29\/2022\/07\/logo-R-TransparentBackground.png\",\"contentUrl\":\"https:\/\/appsaf.apieproject.com\/news\/wp-content\/uploads\/sites\/29\/2022\/07\/logo-R-TransparentBackground.png\",\"width\":512,\"height\":512,\"caption\":\"APIE PROJECT\"},\"image\":{\"@id\":\"https:\/\/appsaf.apieproject.com\/news\/#\/schema\/logo\/image\/\"},\"sameAs\":[\"https:\/\/facebook.com\/apieproject\",\"https:\/\/x.com\/apieproject\"]},{\"@type\":\"Person\",\"@id\":\"https:\/\/appsaf.apieproject.com\/news\/#\/schema\/person\/399517cac378948cd7b39086f9ddc2a7\",\"name\":\"staff\",\"image\":{\"@type\":\"ImageObject\",\"inLanguage\":\"fr-FR\",\"@id\":\"https:\/\/appsaf.apieproject.com\/news\/#\/schema\/person\/image\/\",\"url\":\"https:\/\/secure.gravatar.com\/avatar\/5386283c5db150efe261184bd59f072a?s=96&d=mm&r=g\",\"contentUrl\":\"https:\/\/secure.gravatar.com\/avatar\/5386283c5db150efe261184bd59f072a?s=96&d=mm&r=g\",\"caption\":\"staff\"},\"url\":\"https:\/\/appsaf.apieproject.com\/news\/fr\/author\/staff\/\"}]}<\/script>\n<!-- \/ Yoast SEO plugin. -->","yoast_head_json":{"title":"La So Art Gallery \u00e0 Casablanca expose les personnages c\u00e9lestes du peintre marocain Abdelkader Laaraj - APIE NEWS","robots":{"index":"index","follow":"follow","max-snippet":"max-snippet:-1","max-image-preview":"max-image-preview:large","max-video-preview":"max-video-preview:-1"},"canonical":"https:\/\/appsaf.apieproject.com\/news\/fr\/2022\/04\/13\/la-so-art-gallery-a-casablanca-expose-les-personnages-celestes-du-peintre-marocain-abdelkader-laaraj\/","og_locale":"fr_FR","og_type":"article","og_title":"La So Art Gallery \u00e0 Casablanca expose les personnages c\u00e9lestes du peintre marocain Abdelkader Laaraj - APIE NEWS","og_description":"Le solo show \"Espaces Habit\u00e9s\" propos\u00e9 par la So Art Gallery \u00e0 Casablanca permet de d\u00e9couvrir l\u2019univers f\u00e9erique de l\u2019artiste.","og_url":"https:\/\/appsaf.apieproject.com\/news\/fr\/2022\/04\/13\/la-so-art-gallery-a-casablanca-expose-les-personnages-celestes-du-peintre-marocain-abdelkader-laaraj\/","og_site_name":"APIE NEWS","article_publisher":"https:\/\/facebook.com\/apieproject","article_published_time":"2022-04-13T22:56:13+00:00","article_modified_time":"2022-04-13T22:56:14+00:00","og_image":[{"width":1050,"height":689,"url":"https:\/\/appsaf.apieproject.com\/news\/wp-content\/uploads\/sites\/29\/2022\/04\/27062713-c08140b8091fa5ad519fd0ee19f318f7.jpg","type":"image\/jpeg"}],"author":"staff","twitter_card":"summary_large_image","twitter_creator":"@apieproject","twitter_site":"@apieproject","twitter_misc":{"\u00c9crit par":"staff","Dur\u00e9e de lecture estim\u00e9e":"2 minutes"},"schema":{"@context":"https:\/\/schema.org","@graph":[{"@type":"Article","@id":"https:\/\/appsaf.apieproject.com\/news\/fr\/2022\/04\/13\/la-so-art-gallery-a-casablanca-expose-les-personnages-celestes-du-peintre-marocain-abdelkader-laaraj\/#article","isPartOf":{"@id":"https:\/\/appsaf.apieproject.com\/news\/fr\/2022\/04\/13\/la-so-art-gallery-a-casablanca-expose-les-personnages-celestes-du-peintre-marocain-abdelkader-laaraj\/"},"author":{"name":"staff","@id":"https:\/\/appsaf.apieproject.com\/news\/#\/schema\/person\/399517cac378948cd7b39086f9ddc2a7"},"headline":"La So Art Gallery \u00e0 Casablanca expose les personnages c\u00e9lestes du peintre marocain Abdelkader Laaraj","datePublished":"2022-04-13T22:56:13+00:00","dateModified":"2022-04-13T22:56:14+00:00","mainEntityOfPage":{"@id":"https:\/\/appsaf.apieproject.com\/news\/fr\/2022\/04\/13\/la-so-art-gallery-a-casablanca-expose-les-personnages-celestes-du-peintre-marocain-abdelkader-laaraj\/"},"wordCount":511,"commentCount":0,"publisher":{"@id":"https:\/\/appsaf.apieproject.com\/news\/#organization"},"image":{"@id":"https:\/\/appsaf.apieproject.com\/news\/fr\/2022\/04\/13\/la-so-art-gallery-a-casablanca-expose-les-personnages-celestes-du-peintre-marocain-abdelkader-laaraj\/#primaryimage"},"thumbnailUrl":"https:\/\/appsaf.apieproject.com\/news\/wp-content\/uploads\/sites\/29\/2022\/04\/27062713-c08140b8091fa5ad519fd0ee19f318f7.jpg","keywords":["actualites","apie project","culture"],"articleSection":["Actualit\u00e9s","Culture"],"inLanguage":"fr-FR","potentialAction":[{"@type":"CommentAction","name":"Comment","target":["https:\/\/appsaf.apieproject.com\/news\/fr\/2022\/04\/13\/la-so-art-gallery-a-casablanca-expose-les-personnages-celestes-du-peintre-marocain-abdelkader-laaraj\/#respond"]}]},{"@type":"WebPage","@id":"https:\/\/appsaf.apieproject.com\/news\/fr\/2022\/04\/13\/la-so-art-gallery-a-casablanca-expose-les-personnages-celestes-du-peintre-marocain-abdelkader-laaraj\/","url":"https:\/\/appsaf.apieproject.com\/news\/fr\/2022\/04\/13\/la-so-art-gallery-a-casablanca-expose-les-personnages-celestes-du-peintre-marocain-abdelkader-laaraj\/","name":"La So Art Gallery \u00e0 Casablanca expose les personnages c\u00e9lestes du peintre marocain Abdelkader Laaraj - APIE NEWS","isPartOf":{"@id":"https:\/\/appsaf.apieproject.com\/news\/#website"},"primaryImageOfPage":{"@id":"https:\/\/appsaf.apieproject.com\/news\/fr\/2022\/04\/13\/la-so-art-gallery-a-casablanca-expose-les-personnages-celestes-du-peintre-marocain-abdelkader-laaraj\/#primaryimage"},"image":{"@id":"https:\/\/appsaf.apieproject.com\/news\/fr\/2022\/04\/13\/la-so-art-gallery-a-casablanca-expose-les-personnages-celestes-du-peintre-marocain-abdelkader-laaraj\/#primaryimage"},"thumbnailUrl":"https:\/\/appsaf.apieproject.com\/news\/wp-content\/uploads\/sites\/29\/2022\/04\/27062713-c08140b8091fa5ad519fd0ee19f318f7.jpg","datePublished":"2022-04-13T22:56:13+00:00","dateModified":"2022-04-13T22:56:14+00:00","breadcrumb":{"@id":"https:\/\/appsaf.apieproject.com\/news\/fr\/2022\/04\/13\/la-so-art-gallery-a-casablanca-expose-les-personnages-celestes-du-peintre-marocain-abdelkader-laaraj\/#breadcrumb"},"inLanguage":"fr-FR","potentialAction":[{"@type":"ReadAction","target":["https:\/\/appsaf.apieproject.com\/news\/fr\/2022\/04\/13\/la-so-art-gallery-a-casablanca-expose-les-personnages-celestes-du-peintre-marocain-abdelkader-laaraj\/"]}]},{"@type":"ImageObject","inLanguage":"fr-FR","@id":"https:\/\/appsaf.apieproject.com\/news\/fr\/2022\/04\/13\/la-so-art-gallery-a-casablanca-expose-les-personnages-celestes-du-peintre-marocain-abdelkader-laaraj\/#primaryimage","url":"https:\/\/appsaf.apieproject.com\/news\/wp-content\/uploads\/sites\/29\/2022\/04\/27062713-c08140b8091fa5ad519fd0ee19f318f7.jpg","contentUrl":"https:\/\/appsaf.apieproject.com\/news\/wp-content\/uploads\/sites\/29\/2022\/04\/27062713-c08140b8091fa5ad519fd0ee19f318f7.jpg","width":1050,"height":689},{"@type":"BreadcrumbList","@id":"https:\/\/appsaf.apieproject.com\/news\/fr\/2022\/04\/13\/la-so-art-gallery-a-casablanca-expose-les-personnages-celestes-du-peintre-marocain-abdelkader-laaraj\/#breadcrumb","itemListElement":[{"@type":"ListItem","position":1,"name":"Home","item":"https:\/\/appsaf.apieproject.com\/news\/fr\/home\/"},{"@type":"ListItem","position":2,"name":"La So Art Gallery \u00e0 Casablanca expose les personnages c\u00e9lestes du peintre marocain Abdelkader Laaraj"}]},{"@type":"WebSite","@id":"https:\/\/appsaf.apieproject.com\/news\/#website","url":"https:\/\/appsaf.apieproject.com\/news\/","name":"APIE NEWS","description":"PANAFRICANISM NEWS PORTAL","publisher":{"@id":"https:\/\/appsaf.apieproject.com\/news\/#organization"},"potentialAction":[{"@type":"SearchAction","target":{"@type":"EntryPoint","urlTemplate":"https:\/\/appsaf.apieproject.com\/news\/?s={search_term_string}"},"query-input":{"@type":"PropertyValueSpecification","valueRequired":true,"valueName":"search_term_string"}}],"inLanguage":"fr-FR"},{"@type":"Organization","@id":"https:\/\/appsaf.apieproject.com\/news\/#organization","name":"APIE PROJECT","url":"https:\/\/appsaf.apieproject.com\/news\/","logo":{"@type":"ImageObject","inLanguage":"fr-FR","@id":"https:\/\/appsaf.apieproject.com\/news\/#\/schema\/logo\/image\/","url":"https:\/\/appsaf.apieproject.com\/news\/wp-content\/uploads\/sites\/29\/2022\/07\/logo-R-TransparentBackground.png","contentUrl":"https:\/\/appsaf.apieproject.com\/news\/wp-content\/uploads\/sites\/29\/2022\/07\/logo-R-TransparentBackground.png","width":512,"height":512,"caption":"APIE PROJECT"},"image":{"@id":"https:\/\/appsaf.apieproject.com\/news\/#\/schema\/logo\/image\/"},"sameAs":["https:\/\/facebook.com\/apieproject","https:\/\/x.com\/apieproject"]},{"@type":"Person","@id":"https:\/\/appsaf.apieproject.com\/news\/#\/schema\/person\/399517cac378948cd7b39086f9ddc2a7","name":"staff","image":{"@type":"ImageObject","inLanguage":"fr-FR","@id":"https:\/\/appsaf.apieproject.com\/news\/#\/schema\/person\/image\/","url":"https:\/\/secure.gravatar.com\/avatar\/5386283c5db150efe261184bd59f072a?s=96&d=mm&r=g","contentUrl":"https:\/\/secure.gravatar.com\/avatar\/5386283c5db150efe261184bd59f072a?s=96&d=mm&r=g","caption":"staff"},"url":"https:\/\/appsaf.apieproject.com\/news\/fr\/author\/staff\/"}]}},"_links":{"self":[{"href":"https:\/\/appsaf.apieproject.com\/news\/fr\/wp-json\/wp\/v2\/posts\/5589","targetHints":{"allow":["GET"]}}],"collection":[{"href":"https:\/\/appsaf.apieproject.com\/news\/fr\/wp-json\/wp\/v2\/posts"}],"about":[{"href":"https:\/\/appsaf.apieproject.com\/news\/fr\/wp-json\/wp\/v2\/types\/post"}],"author":[{"embeddable":true,"href":"https:\/\/appsaf.apieproject.com\/news\/fr\/wp-json\/wp\/v2\/users\/12963"}],"replies":[{"embeddable":true,"href":"https:\/\/appsaf.apieproject.com\/news\/fr\/wp-json\/wp\/v2\/comments?post=5589"}],"version-history":[{"count":1,"href":"https:\/\/appsaf.apieproject.com\/news\/fr\/wp-json\/wp\/v2\/posts\/5589\/revisions"}],"predecessor-version":[{"id":5777,"href":"https:\/\/appsaf.apieproject.com\/news\/fr\/wp-json\/wp\/v2\/posts\/5589\/revisions\/5777"}],"wp:featuredmedia":[{"embeddable":true,"href":"https:\/\/appsaf.apieproject.com\/news\/fr\/wp-json\/wp\/v2\/media\/5586"}],"wp:attachment":[{"href":"https:\/\/appsaf.apieproject.com\/news\/fr\/wp-json\/wp\/v2\/media?parent=5589"}],"wp:term":[{"taxonomy":"category","embeddable":true,"href":"https:\/\/appsaf.apieproject.com\/news\/fr\/wp-json\/wp\/v2\/categories?post=5589"},{"taxonomy":"post_tag","embeddable":true,"href":"https:\/\/appsaf.apieproject.com\/news\/fr\/wp-json\/wp\/v2\/tags?post=5589"}],"curies":[{"name":"wp","href":"https:\/\/api.w.org\/{rel}","templated":true}]}}