{"id":6139,"date":"2022-04-25T05:23:03","date_gmt":"2022-04-25T05:23:03","guid":{"rendered":"https:\/\/appsaf.apieproject.com\/news\/?p=6139"},"modified":"2022-04-25T05:23:04","modified_gmt":"2022-04-25T05:23:04","slug":"fibre-optique-le-cable-2africa-le-plus-long-au-monde-debarque-sur-le-vieux-continent","status":"publish","type":"post","link":"https:\/\/appsaf.apieproject.com\/news\/fr\/2022\/04\/25\/fibre-optique-le-cable-2africa-le-plus-long-au-monde-debarque-sur-le-vieux-continent\/","title":{"rendered":"Fibre optique : Le c\u00e2ble 2Africa, le plus long au monde, d\u00e9barque sur le Vieux Continent"},"content":{"rendered":"<p>La plus longue dorsale mondiale de l&rsquo;internet vient enfin de d\u00e9barquer sur le sol europ\u00e9en. Le consortium 2Africa, emmen\u00e9 par Meta (ex-Facebook) avec les op\u00e9rateurs internationaux Orange, Vodafone, China Mobile, MTN, STC, Telecom Egypt ou WIOCC, a annonc\u00e9 la semaine pass\u00e9e le premier atterrissage de ce c\u00e2ble sur les c\u00f4tes italiennes, en l\u2019occurrence \u00e0 G\u00eanes.<\/p>\n<p>\u00ab Cet atterrissage donne le ton \u00e0 d&rsquo;autres atterrissages dans les mois \u00e0 venir, le c\u00e2ble \u00e9tant \u00e9tendu \u00e0 un total de 46 sites d&rsquo;ici \u00e0 l&rsquo;ach\u00e8vement du projet en 2024 \u00bb, se r\u00e9jouit-on du c\u00f4t\u00e9 des acteurs impliqu\u00e9s dans ce projet de grande envergure, dont les acteurs fran\u00e7ais Orange et ASN (missionn\u00e9 pour la fabrication du c\u00e2ble).<\/p>\n<p>Il y a de quoi. \u00ab Avec ses 45 000 km, il s&rsquo;agira du plus long c\u00e2ble sous-marin jamais d\u00e9ploy\u00e9, au service de communaut\u00e9s qui d\u00e9pendent de l&rsquo;internet pour des services allant de l&rsquo;\u00e9ducation aux soins de sant\u00e9 et aux affaires, et qui b\u00e9n\u00e9ficieront toutes des avantages \u00e9conomiques et sociaux d\u00e9coulant de cette connectivit\u00e9 accrue \u00bb, se r\u00e9jouit le consortium.<\/p>\n<p>Le syst\u00e8me, op\u00e9rationnel en 2024, aura une capacit\u00e9 nominale allant jusqu&rsquo;\u00e0 180 Tb\/s. Mieux : il sera dot\u00e9 d&rsquo;une technologie de multiplexage par r\u00e9partition spatiale permettant le d\u00e9ploiement de 16 paires de fibres, ainsi que d&rsquo;un multiplexeur optique d&rsquo;insertion\/extraction reconfigurable \u00e0 commutation s\u00e9lective en fonction de la longueur d&rsquo;onde, destin\u00e9 \u00e0 permettre une gestion plus souple de la capacit\u00e9.<\/p>\n<p>En Europe, le c\u00e2ble 2Africa permettra d&rsquo;interconnecter l&rsquo;Irlande, le Portugal, l&rsquo;Espagne, l&rsquo;Italie et la France aux continents africains et asiatiques. Dans l&rsquo;Hexagone, c&rsquo;est Marseille, l&rsquo;un des plus gros hub c\u00f4tiers mondiaux, qui a \u00e9t\u00e9 s\u00e9lectionn\u00e9 pour faire atterrir le c\u00e2ble. L&rsquo;arriv\u00e9e de \u00ab ce c\u00e2ble va r\u00e9volutionner la connectivit\u00e9 en Afrique et arrive \u00e0 Marseille \u00bb, faisait \u00e0 ce titre valoir Fabrice Coquio, le pr\u00e9sident de la branche fran\u00e7aise d&rsquo;Interxion, interrog\u00e9 en fin d&rsquo;ann\u00e9e derni\u00e8re par la r\u00e9daction de ZDNet.<\/p>\n<p>2Africa ne sera pas la seule dorsale de l&rsquo;internet \u00e0 remonter vers la cit\u00e9 phoc\u00e9enne, qui s&rsquo;appr\u00eate \u00e9galement \u00e0 accueillir le c\u00e2ble PEACE ainsi que le r\u00e9seau Sea-Me-We 6, qui sera op\u00e9rationnel d&rsquo;ici 2025. Au total, le c\u00e2ble 2Africa devrait permettre de participer \u00e0 la connectivit\u00e9 de trois milliards de personnes dans le monde, soit 36 % de la population mondiale.<\/p>\n<p>Sur le continent africain, o\u00f9 la connectivit\u00e9 est souvent aux abonn\u00e9s absents, le c\u00e2ble 2Africa devrait permettre d&rsquo;assurer la connexion de 16 pays (dont le S\u00e9n\u00e9gal, la C\u00f4te d&rsquo;Ivoire, le Ghana, le Nigeria, le Gabon, l&rsquo;Afrique du Sud, Madagascar ou encore Djibouti).<\/p>\n<p>\u00ab Dans les pays o\u00f9 le c\u00e2ble 2Africa atterrit, les fournisseurs de services obtiendront de la capacit\u00e9 dans des centres de donn\u00e9es neutres et des stations d&rsquo;atterrissage de c\u00e2ble \u00e0 acc\u00e8s ouvert sur une base juste et \u00e9quitable. Premier syst\u00e8me de c\u00e2ble sous-marin \u00e0 relier de mani\u00e8re transparente l&rsquo;Afrique de l&rsquo;Est et l&rsquo;Afrique de l&rsquo;Ouest \u00e0 travers un seul syst\u00e8me ouvert, 2Africa permettra de nouvelles voies de communication d&rsquo;un oc\u00e9an \u00e0 l&rsquo;autre \u00bb, faisait savoir le groupe Meta lors de la pr\u00e9sentation du projet.<\/p>\n<p>Le projet 2Africa a par ailleurs beaucoup \u00e9volu\u00e9 depuis son lancement en mai 2020. Alors que la longueur totale du r\u00e9seau 2Africa devait avoisiner les 37 000 km, couvrant 23 pays d&rsquo;Afrique, d&rsquo;Europe et du Moyen-Orient, celle-ci a \u00e9t\u00e9 port\u00e9e \u00e0 45 000 km, pour connecter trois pays africains de plus (\u00e0 savoir l&rsquo;Angola, les Seychelles et les Comores). Reste d\u00e9sormais \u00e0 voir dans quelle mesure l&rsquo;atterrage du c\u00e2ble emmen\u00e9 par Meta permettra d&rsquo;am\u00e9liorer la connectivit\u00e9 des pays concern\u00e9s, notamment en ce qui concerne les r\u00e9gions situ\u00e9es au-del\u00e0 de leurs littoraux.<\/p>\n","protected":false},"excerpt":{"rendered":"<p>Emmen\u00e9 par Meta (ex-Facebook), le plus long r\u00e9seau de c\u00e2bles sous-marins de fibre optique vient de d\u00e9barquer sur le port de G\u00eanes. Avant de remonter vers Marseille pour renforcer la connectivit\u00e9 entre l&rsquo;Europe, l&rsquo;Afrique et l&rsquo;Asie.<\/p>\n","protected":false},"author":12963,"featured_media":6136,"comment_status":"open","ping_status":"open","sticky":false,"template":"","format":"standard","meta":{"footnotes":""},"categories":[67,73],"tags":[81,78,77],"class_list":{"0":"post-6139","1":"post","2":"type-post","3":"status-publish","4":"format-standard","5":"has-post-thumbnail","7":"category-actualites","8":"category-technologie","9":"tag-actualites","10":"tag-apie-project-2","11":"tag-technologie"},"yoast_head":"<!-- This site is optimized with the Yoast SEO plugin v24.4 - https:\/\/yoast.com\/wordpress\/plugins\/seo\/ -->\n<title>Fibre optique : Le c\u00e2ble 2Africa, le plus long au monde, d\u00e9barque sur le Vieux Continent - APIE NEWS<\/title>\n<meta name=\"robots\" content=\"index, follow, max-snippet:-1, max-image-preview:large, max-video-preview:-1\" \/>\n<link rel=\"canonical\" href=\"https:\/\/appsaf.apieproject.com\/news\/fr\/2022\/04\/25\/fibre-optique-le-cable-2africa-le-plus-long-au-monde-debarque-sur-le-vieux-continent\/\" \/>\n<meta property=\"og:locale\" content=\"fr_FR\" \/>\n<meta property=\"og:type\" content=\"article\" \/>\n<meta property=\"og:title\" content=\"Fibre optique : Le c\u00e2ble 2Africa, le plus long au monde, d\u00e9barque sur le Vieux Continent - APIE NEWS\" \/>\n<meta property=\"og:description\" content=\"Emmen\u00e9 par Meta (ex-Facebook), le plus long r\u00e9seau de c\u00e2bles sous-marins de fibre optique vient de d\u00e9barquer sur le port de G\u00eanes. Avant de remonter vers Marseille pour renforcer la connectivit\u00e9 entre l&#039;Europe, l&#039;Afrique et l&#039;Asie.\" \/>\n<meta property=\"og:url\" content=\"https:\/\/appsaf.apieproject.com\/news\/fr\/2022\/04\/25\/fibre-optique-le-cable-2africa-le-plus-long-au-monde-debarque-sur-le-vieux-continent\/\" \/>\n<meta property=\"og:site_name\" content=\"APIE NEWS\" \/>\n<meta property=\"article:publisher\" content=\"https:\/\/facebook.com\/apieproject\" \/>\n<meta property=\"article:published_time\" content=\"2022-04-25T05:23:03+00:00\" \/>\n<meta property=\"article:modified_time\" content=\"2022-04-25T05:23:04+00:00\" \/>\n<meta property=\"og:image\" content=\"https:\/\/appsaf.apieproject.com\/news\/wp-content\/uploads\/sites\/29\/2022\/04\/Meta-2africa-Map__w630-bc415dee938a760b2ad0893156641f2e.jpg\" \/>\n\t<meta property=\"og:image:width\" content=\"630\" \/>\n\t<meta property=\"og:image:height\" content=\"354\" \/>\n\t<meta property=\"og:image:type\" content=\"image\/jpeg\" \/>\n<meta name=\"author\" content=\"staff\" \/>\n<meta name=\"twitter:card\" content=\"summary_large_image\" \/>\n<meta name=\"twitter:creator\" content=\"@apieproject\" \/>\n<meta name=\"twitter:site\" content=\"@apieproject\" \/>\n<meta name=\"twitter:label1\" content=\"\u00c9crit par\" \/>\n\t<meta name=\"twitter:data1\" content=\"staff\" \/>\n\t<meta name=\"twitter:label2\" content=\"Dur\u00e9e de lecture estim\u00e9e\" \/>\n\t<meta name=\"twitter:data2\" content=\"3 minutes\" \/>\n<script type=\"application\/ld+json\" class=\"yoast-schema-graph\">{\"@context\":\"https:\/\/schema.org\",\"@graph\":[{\"@type\":\"Article\",\"@id\":\"https:\/\/appsaf.apieproject.com\/news\/fr\/2022\/04\/25\/fibre-optique-le-cable-2africa-le-plus-long-au-monde-debarque-sur-le-vieux-continent\/#article\",\"isPartOf\":{\"@id\":\"https:\/\/appsaf.apieproject.com\/news\/fr\/2022\/04\/25\/fibre-optique-le-cable-2africa-le-plus-long-au-monde-debarque-sur-le-vieux-continent\/\"},\"author\":{\"name\":\"staff\",\"@id\":\"https:\/\/appsaf.apieproject.com\/news\/#\/schema\/person\/399517cac378948cd7b39086f9ddc2a7\"},\"headline\":\"Fibre optique : Le c\u00e2ble 2Africa, le plus long au monde, d\u00e9barque sur le Vieux Continent\",\"datePublished\":\"2022-04-25T05:23:03+00:00\",\"dateModified\":\"2022-04-25T05:23:04+00:00\",\"mainEntityOfPage\":{\"@id\":\"https:\/\/appsaf.apieproject.com\/news\/fr\/2022\/04\/25\/fibre-optique-le-cable-2africa-le-plus-long-au-monde-debarque-sur-le-vieux-continent\/\"},\"wordCount\":671,\"commentCount\":0,\"publisher\":{\"@id\":\"https:\/\/appsaf.apieproject.com\/news\/#organization\"},\"image\":{\"@id\":\"https:\/\/appsaf.apieproject.com\/news\/fr\/2022\/04\/25\/fibre-optique-le-cable-2africa-le-plus-long-au-monde-debarque-sur-le-vieux-continent\/#primaryimage\"},\"thumbnailUrl\":\"https:\/\/appsaf.apieproject.com\/news\/wp-content\/uploads\/sites\/29\/2022\/04\/Meta-2africa-Map__w630-bc415dee938a760b2ad0893156641f2e.jpg\",\"keywords\":[\"actualites\",\"apie project\",\"technologie\"],\"articleSection\":[\"Actualit\u00e9s\",\"Technologie\"],\"inLanguage\":\"fr-FR\",\"potentialAction\":[{\"@type\":\"CommentAction\",\"name\":\"Comment\",\"target\":[\"https:\/\/appsaf.apieproject.com\/news\/fr\/2022\/04\/25\/fibre-optique-le-cable-2africa-le-plus-long-au-monde-debarque-sur-le-vieux-continent\/#respond\"]}]},{\"@type\":\"WebPage\",\"@id\":\"https:\/\/appsaf.apieproject.com\/news\/fr\/2022\/04\/25\/fibre-optique-le-cable-2africa-le-plus-long-au-monde-debarque-sur-le-vieux-continent\/\",\"url\":\"https:\/\/appsaf.apieproject.com\/news\/fr\/2022\/04\/25\/fibre-optique-le-cable-2africa-le-plus-long-au-monde-debarque-sur-le-vieux-continent\/\",\"name\":\"Fibre optique : Le c\u00e2ble 2Africa, le plus long au monde, d\u00e9barque sur le Vieux Continent - APIE NEWS\",\"isPartOf\":{\"@id\":\"https:\/\/appsaf.apieproject.com\/news\/#website\"},\"primaryImageOfPage\":{\"@id\":\"https:\/\/appsaf.apieproject.com\/news\/fr\/2022\/04\/25\/fibre-optique-le-cable-2africa-le-plus-long-au-monde-debarque-sur-le-vieux-continent\/#primaryimage\"},\"image\":{\"@id\":\"https:\/\/appsaf.apieproject.com\/news\/fr\/2022\/04\/25\/fibre-optique-le-cable-2africa-le-plus-long-au-monde-debarque-sur-le-vieux-continent\/#primaryimage\"},\"thumbnailUrl\":\"https:\/\/appsaf.apieproject.com\/news\/wp-content\/uploads\/sites\/29\/2022\/04\/Meta-2africa-Map__w630-bc415dee938a760b2ad0893156641f2e.jpg\",\"datePublished\":\"2022-04-25T05:23:03+00:00\",\"dateModified\":\"2022-04-25T05:23:04+00:00\",\"breadcrumb\":{\"@id\":\"https:\/\/appsaf.apieproject.com\/news\/fr\/2022\/04\/25\/fibre-optique-le-cable-2africa-le-plus-long-au-monde-debarque-sur-le-vieux-continent\/#breadcrumb\"},\"inLanguage\":\"fr-FR\",\"potentialAction\":[{\"@type\":\"ReadAction\",\"target\":[\"https:\/\/appsaf.apieproject.com\/news\/fr\/2022\/04\/25\/fibre-optique-le-cable-2africa-le-plus-long-au-monde-debarque-sur-le-vieux-continent\/\"]}]},{\"@type\":\"ImageObject\",\"inLanguage\":\"fr-FR\",\"@id\":\"https:\/\/appsaf.apieproject.com\/news\/fr\/2022\/04\/25\/fibre-optique-le-cable-2africa-le-plus-long-au-monde-debarque-sur-le-vieux-continent\/#primaryimage\",\"url\":\"https:\/\/appsaf.apieproject.com\/news\/wp-content\/uploads\/sites\/29\/2022\/04\/Meta-2africa-Map__w630-bc415dee938a760b2ad0893156641f2e.jpg\",\"contentUrl\":\"https:\/\/appsaf.apieproject.com\/news\/wp-content\/uploads\/sites\/29\/2022\/04\/Meta-2africa-Map__w630-bc415dee938a760b2ad0893156641f2e.jpg\",\"width\":630,\"height\":354},{\"@type\":\"BreadcrumbList\",\"@id\":\"https:\/\/appsaf.apieproject.com\/news\/fr\/2022\/04\/25\/fibre-optique-le-cable-2africa-le-plus-long-au-monde-debarque-sur-le-vieux-continent\/#breadcrumb\",\"itemListElement\":[{\"@type\":\"ListItem\",\"position\":1,\"name\":\"Home\",\"item\":\"https:\/\/appsaf.apieproject.com\/news\/fr\/home\/\"},{\"@type\":\"ListItem\",\"position\":2,\"name\":\"Fibre optique : Le c\u00e2ble 2Africa, le plus long au monde, d\u00e9barque sur le Vieux Continent\"}]},{\"@type\":\"WebSite\",\"@id\":\"https:\/\/appsaf.apieproject.com\/news\/#website\",\"url\":\"https:\/\/appsaf.apieproject.com\/news\/\",\"name\":\"APIE NEWS\",\"description\":\"PANAFRICANISM NEWS PORTAL\",\"publisher\":{\"@id\":\"https:\/\/appsaf.apieproject.com\/news\/#organization\"},\"potentialAction\":[{\"@type\":\"SearchAction\",\"target\":{\"@type\":\"EntryPoint\",\"urlTemplate\":\"https:\/\/appsaf.apieproject.com\/news\/?s={search_term_string}\"},\"query-input\":{\"@type\":\"PropertyValueSpecification\",\"valueRequired\":true,\"valueName\":\"search_term_string\"}}],\"inLanguage\":\"fr-FR\"},{\"@type\":\"Organization\",\"@id\":\"https:\/\/appsaf.apieproject.com\/news\/#organization\",\"name\":\"APIE PROJECT\",\"url\":\"https:\/\/appsaf.apieproject.com\/news\/\",\"logo\":{\"@type\":\"ImageObject\",\"inLanguage\":\"fr-FR\",\"@id\":\"https:\/\/appsaf.apieproject.com\/news\/#\/schema\/logo\/image\/\",\"url\":\"https:\/\/appsaf.apieproject.com\/news\/wp-content\/uploads\/sites\/29\/2022\/07\/logo-R-TransparentBackground.png\",\"contentUrl\":\"https:\/\/appsaf.apieproject.com\/news\/wp-content\/uploads\/sites\/29\/2022\/07\/logo-R-TransparentBackground.png\",\"width\":512,\"height\":512,\"caption\":\"APIE PROJECT\"},\"image\":{\"@id\":\"https:\/\/appsaf.apieproject.com\/news\/#\/schema\/logo\/image\/\"},\"sameAs\":[\"https:\/\/facebook.com\/apieproject\",\"https:\/\/x.com\/apieproject\"]},{\"@type\":\"Person\",\"@id\":\"https:\/\/appsaf.apieproject.com\/news\/#\/schema\/person\/399517cac378948cd7b39086f9ddc2a7\",\"name\":\"staff\",\"image\":{\"@type\":\"ImageObject\",\"inLanguage\":\"fr-FR\",\"@id\":\"https:\/\/appsaf.apieproject.com\/news\/#\/schema\/person\/image\/\",\"url\":\"https:\/\/secure.gravatar.com\/avatar\/5386283c5db150efe261184bd59f072a?s=96&d=mm&r=g\",\"contentUrl\":\"https:\/\/secure.gravatar.com\/avatar\/5386283c5db150efe261184bd59f072a?s=96&d=mm&r=g\",\"caption\":\"staff\"},\"url\":\"https:\/\/appsaf.apieproject.com\/news\/fr\/author\/staff\/\"}]}<\/script>\n<!-- \/ Yoast SEO plugin. -->","yoast_head_json":{"title":"Fibre optique : Le c\u00e2ble 2Africa, le plus long au monde, d\u00e9barque sur le Vieux Continent - APIE NEWS","robots":{"index":"index","follow":"follow","max-snippet":"max-snippet:-1","max-image-preview":"max-image-preview:large","max-video-preview":"max-video-preview:-1"},"canonical":"https:\/\/appsaf.apieproject.com\/news\/fr\/2022\/04\/25\/fibre-optique-le-cable-2africa-le-plus-long-au-monde-debarque-sur-le-vieux-continent\/","og_locale":"fr_FR","og_type":"article","og_title":"Fibre optique : Le c\u00e2ble 2Africa, le plus long au monde, d\u00e9barque sur le Vieux Continent - APIE NEWS","og_description":"Emmen\u00e9 par Meta (ex-Facebook), le plus long r\u00e9seau de c\u00e2bles sous-marins de fibre optique vient de d\u00e9barquer sur le port de G\u00eanes. Avant de remonter vers Marseille pour renforcer la connectivit\u00e9 entre l'Europe, l'Afrique et l'Asie.","og_url":"https:\/\/appsaf.apieproject.com\/news\/fr\/2022\/04\/25\/fibre-optique-le-cable-2africa-le-plus-long-au-monde-debarque-sur-le-vieux-continent\/","og_site_name":"APIE NEWS","article_publisher":"https:\/\/facebook.com\/apieproject","article_published_time":"2022-04-25T05:23:03+00:00","article_modified_time":"2022-04-25T05:23:04+00:00","og_image":[{"width":630,"height":354,"url":"https:\/\/appsaf.apieproject.com\/news\/wp-content\/uploads\/sites\/29\/2022\/04\/Meta-2africa-Map__w630-bc415dee938a760b2ad0893156641f2e.jpg","type":"image\/jpeg"}],"author":"staff","twitter_card":"summary_large_image","twitter_creator":"@apieproject","twitter_site":"@apieproject","twitter_misc":{"\u00c9crit par":"staff","Dur\u00e9e de lecture estim\u00e9e":"3 minutes"},"schema":{"@context":"https:\/\/schema.org","@graph":[{"@type":"Article","@id":"https:\/\/appsaf.apieproject.com\/news\/fr\/2022\/04\/25\/fibre-optique-le-cable-2africa-le-plus-long-au-monde-debarque-sur-le-vieux-continent\/#article","isPartOf":{"@id":"https:\/\/appsaf.apieproject.com\/news\/fr\/2022\/04\/25\/fibre-optique-le-cable-2africa-le-plus-long-au-monde-debarque-sur-le-vieux-continent\/"},"author":{"name":"staff","@id":"https:\/\/appsaf.apieproject.com\/news\/#\/schema\/person\/399517cac378948cd7b39086f9ddc2a7"},"headline":"Fibre optique : Le c\u00e2ble 2Africa, le plus long au monde, d\u00e9barque sur le Vieux Continent","datePublished":"2022-04-25T05:23:03+00:00","dateModified":"2022-04-25T05:23:04+00:00","mainEntityOfPage":{"@id":"https:\/\/appsaf.apieproject.com\/news\/fr\/2022\/04\/25\/fibre-optique-le-cable-2africa-le-plus-long-au-monde-debarque-sur-le-vieux-continent\/"},"wordCount":671,"commentCount":0,"publisher":{"@id":"https:\/\/appsaf.apieproject.com\/news\/#organization"},"image":{"@id":"https:\/\/appsaf.apieproject.com\/news\/fr\/2022\/04\/25\/fibre-optique-le-cable-2africa-le-plus-long-au-monde-debarque-sur-le-vieux-continent\/#primaryimage"},"thumbnailUrl":"https:\/\/appsaf.apieproject.com\/news\/wp-content\/uploads\/sites\/29\/2022\/04\/Meta-2africa-Map__w630-bc415dee938a760b2ad0893156641f2e.jpg","keywords":["actualites","apie project","technologie"],"articleSection":["Actualit\u00e9s","Technologie"],"inLanguage":"fr-FR","potentialAction":[{"@type":"CommentAction","name":"Comment","target":["https:\/\/appsaf.apieproject.com\/news\/fr\/2022\/04\/25\/fibre-optique-le-cable-2africa-le-plus-long-au-monde-debarque-sur-le-vieux-continent\/#respond"]}]},{"@type":"WebPage","@id":"https:\/\/appsaf.apieproject.com\/news\/fr\/2022\/04\/25\/fibre-optique-le-cable-2africa-le-plus-long-au-monde-debarque-sur-le-vieux-continent\/","url":"https:\/\/appsaf.apieproject.com\/news\/fr\/2022\/04\/25\/fibre-optique-le-cable-2africa-le-plus-long-au-monde-debarque-sur-le-vieux-continent\/","name":"Fibre optique : Le c\u00e2ble 2Africa, le plus long au monde, d\u00e9barque sur le Vieux Continent - APIE NEWS","isPartOf":{"@id":"https:\/\/appsaf.apieproject.com\/news\/#website"},"primaryImageOfPage":{"@id":"https:\/\/appsaf.apieproject.com\/news\/fr\/2022\/04\/25\/fibre-optique-le-cable-2africa-le-plus-long-au-monde-debarque-sur-le-vieux-continent\/#primaryimage"},"image":{"@id":"https:\/\/appsaf.apieproject.com\/news\/fr\/2022\/04\/25\/fibre-optique-le-cable-2africa-le-plus-long-au-monde-debarque-sur-le-vieux-continent\/#primaryimage"},"thumbnailUrl":"https:\/\/appsaf.apieproject.com\/news\/wp-content\/uploads\/sites\/29\/2022\/04\/Meta-2africa-Map__w630-bc415dee938a760b2ad0893156641f2e.jpg","datePublished":"2022-04-25T05:23:03+00:00","dateModified":"2022-04-25T05:23:04+00:00","breadcrumb":{"@id":"https:\/\/appsaf.apieproject.com\/news\/fr\/2022\/04\/25\/fibre-optique-le-cable-2africa-le-plus-long-au-monde-debarque-sur-le-vieux-continent\/#breadcrumb"},"inLanguage":"fr-FR","potentialAction":[{"@type":"ReadAction","target":["https:\/\/appsaf.apieproject.com\/news\/fr\/2022\/04\/25\/fibre-optique-le-cable-2africa-le-plus-long-au-monde-debarque-sur-le-vieux-continent\/"]}]},{"@type":"ImageObject","inLanguage":"fr-FR","@id":"https:\/\/appsaf.apieproject.com\/news\/fr\/2022\/04\/25\/fibre-optique-le-cable-2africa-le-plus-long-au-monde-debarque-sur-le-vieux-continent\/#primaryimage","url":"https:\/\/appsaf.apieproject.com\/news\/wp-content\/uploads\/sites\/29\/2022\/04\/Meta-2africa-Map__w630-bc415dee938a760b2ad0893156641f2e.jpg","contentUrl":"https:\/\/appsaf.apieproject.com\/news\/wp-content\/uploads\/sites\/29\/2022\/04\/Meta-2africa-Map__w630-bc415dee938a760b2ad0893156641f2e.jpg","width":630,"height":354},{"@type":"BreadcrumbList","@id":"https:\/\/appsaf.apieproject.com\/news\/fr\/2022\/04\/25\/fibre-optique-le-cable-2africa-le-plus-long-au-monde-debarque-sur-le-vieux-continent\/#breadcrumb","itemListElement":[{"@type":"ListItem","position":1,"name":"Home","item":"https:\/\/appsaf.apieproject.com\/news\/fr\/home\/"},{"@type":"ListItem","position":2,"name":"Fibre optique : Le c\u00e2ble 2Africa, le plus long au monde, d\u00e9barque sur le Vieux Continent"}]},{"@type":"WebSite","@id":"https:\/\/appsaf.apieproject.com\/news\/#website","url":"https:\/\/appsaf.apieproject.com\/news\/","name":"APIE NEWS","description":"PANAFRICANISM NEWS PORTAL","publisher":{"@id":"https:\/\/appsaf.apieproject.com\/news\/#organization"},"potentialAction":[{"@type":"SearchAction","target":{"@type":"EntryPoint","urlTemplate":"https:\/\/appsaf.apieproject.com\/news\/?s={search_term_string}"},"query-input":{"@type":"PropertyValueSpecification","valueRequired":true,"valueName":"search_term_string"}}],"inLanguage":"fr-FR"},{"@type":"Organization","@id":"https:\/\/appsaf.apieproject.com\/news\/#organization","name":"APIE PROJECT","url":"https:\/\/appsaf.apieproject.com\/news\/","logo":{"@type":"ImageObject","inLanguage":"fr-FR","@id":"https:\/\/appsaf.apieproject.com\/news\/#\/schema\/logo\/image\/","url":"https:\/\/appsaf.apieproject.com\/news\/wp-content\/uploads\/sites\/29\/2022\/07\/logo-R-TransparentBackground.png","contentUrl":"https:\/\/appsaf.apieproject.com\/news\/wp-content\/uploads\/sites\/29\/2022\/07\/logo-R-TransparentBackground.png","width":512,"height":512,"caption":"APIE PROJECT"},"image":{"@id":"https:\/\/appsaf.apieproject.com\/news\/#\/schema\/logo\/image\/"},"sameAs":["https:\/\/facebook.com\/apieproject","https:\/\/x.com\/apieproject"]},{"@type":"Person","@id":"https:\/\/appsaf.apieproject.com\/news\/#\/schema\/person\/399517cac378948cd7b39086f9ddc2a7","name":"staff","image":{"@type":"ImageObject","inLanguage":"fr-FR","@id":"https:\/\/appsaf.apieproject.com\/news\/#\/schema\/person\/image\/","url":"https:\/\/secure.gravatar.com\/avatar\/5386283c5db150efe261184bd59f072a?s=96&d=mm&r=g","contentUrl":"https:\/\/secure.gravatar.com\/avatar\/5386283c5db150efe261184bd59f072a?s=96&d=mm&r=g","caption":"staff"},"url":"https:\/\/appsaf.apieproject.com\/news\/fr\/author\/staff\/"}]}},"_links":{"self":[{"href":"https:\/\/appsaf.apieproject.com\/news\/fr\/wp-json\/wp\/v2\/posts\/6139","targetHints":{"allow":["GET"]}}],"collection":[{"href":"https:\/\/appsaf.apieproject.com\/news\/fr\/wp-json\/wp\/v2\/posts"}],"about":[{"href":"https:\/\/appsaf.apieproject.com\/news\/fr\/wp-json\/wp\/v2\/types\/post"}],"author":[{"embeddable":true,"href":"https:\/\/appsaf.apieproject.com\/news\/fr\/wp-json\/wp\/v2\/users\/12963"}],"replies":[{"embeddable":true,"href":"https:\/\/appsaf.apieproject.com\/news\/fr\/wp-json\/wp\/v2\/comments?post=6139"}],"version-history":[{"count":1,"href":"https:\/\/appsaf.apieproject.com\/news\/fr\/wp-json\/wp\/v2\/posts\/6139\/revisions"}],"predecessor-version":[{"id":6703,"href":"https:\/\/appsaf.apieproject.com\/news\/fr\/wp-json\/wp\/v2\/posts\/6139\/revisions\/6703"}],"wp:featuredmedia":[{"embeddable":true,"href":"https:\/\/appsaf.apieproject.com\/news\/fr\/wp-json\/wp\/v2\/media\/6136"}],"wp:attachment":[{"href":"https:\/\/appsaf.apieproject.com\/news\/fr\/wp-json\/wp\/v2\/media?parent=6139"}],"wp:term":[{"taxonomy":"category","embeddable":true,"href":"https:\/\/appsaf.apieproject.com\/news\/fr\/wp-json\/wp\/v2\/categories?post=6139"},{"taxonomy":"post_tag","embeddable":true,"href":"https:\/\/appsaf.apieproject.com\/news\/fr\/wp-json\/wp\/v2\/tags?post=6139"}],"curies":[{"name":"wp","href":"https:\/\/api.w.org\/{rel}","templated":true}]}}