{"id":6339,"date":"2022-04-25T04:20:04","date_gmt":"2022-04-25T04:20:04","guid":{"rendered":"https:\/\/appsaf.apieproject.com\/news\/?p=6339"},"modified":"2022-04-25T04:20:06","modified_gmt":"2022-04-25T04:20:06","slug":"production-des-batteries-electriques-un-nouveau-pas-franchi","status":"publish","type":"post","link":"https:\/\/appsaf.apieproject.com\/news\/fr\/2022\/04\/25\/production-des-batteries-electriques-un-nouveau-pas-franchi\/","title":{"rendered":"Production des batteries \u00e9lectriques : un nouveau pas franchi"},"content":{"rendered":"<p>Julien Paluku, Mohindo Nzangi et Jos\u00e9 Panda s\u00e9journent \u00e0 Lubumbashi, depuis mercredi 20 avril 2022. Ils lancent officiellement le centre africain d\u2019excellence qui sera bas\u00e9 \u00e0 l\u2019Universit\u00e9 de Lubumbashi. Ensuite viendra l\u2019installation de l\u2019usine pilote de fabrication des batteries et v\u00e9hicules \u00e9lectriques. En sa qualit\u00e9 de chef de la d\u00e9l\u00e9gation de l\u2019ex\u00e9cutif central, le ministre Julien Paluku a expliqu\u00e9 \u00e0 la presse l\u2019objet de la mission des trois Warriors au chef-lieu de la province du Haut-Katanga.<\/p>\n<p>\u00ab Aujourd\u2019hui, c\u2019est la mise en \u0153uvre. Nous sommes \u00e0 Lubumbashi pour deux choses. La premi\u00e8re chose, c\u2019est de nous rencontrer avec tous les financiers du monde qui entrent dans la structuration financi\u00e8re des batteries \u00e9lectriques\u2026pour que nous puissions mettre en oeuvre ce v\u00e9hicule financier qui va porter sur le financement de ce projet pilote des batteries \u00e9lectriques en R\u00e9publique d\u00e9mocratique du Congo et particuli\u00e8rement \u00e0 Lubumbashi qui va abriter la zone pilote \u00bb, a-t-il pr\u00e9cis\u00e9.<\/p>\n<p>Dans la m\u00eame optique, l\u2019ex-gouveneur du Nord-Kivu a fait savoir que le gouvernement travaille pour le transfert des comp\u00e9tences, en vue de donner les emplois aux Congolais et de p\u00e9renniser le projet.<\/p>\n<p>\u00ab En deuxi\u00e8me lieu, comme vous le savez, c\u2019est une nouvelle technologie qui demande \u00e0 ce que nous recourions \u00e0 une main-d\u2019\u0153uvre \u00e9trang\u00e8re. Mais le chef de l\u2019Etat et le chef du gouvernement ont estim\u00e9 que nous n\u2019allons pas continuellement employer les gens qui viennent de l\u2019ext\u00e9rieur. Voil\u00e0 pourquoi les deux coll\u00e8gues sont avec moi, le ministre de Recherche scientifique et celui de l\u2019Enseignement sup\u00e9rieur, parce qu\u2019ils ont con\u00e7u un mod\u00e8le en cr\u00e9ant un centre africain d\u2019excellence. Le premier centre en Afrique qui va former les experts dans la fabrication des batteries \u00e9lectriques et ce centre sera log\u00e9 \u00e0 l\u2019universit\u00e9 de Lubumbashi, pour que le jour o\u00f9 nous allons commencer \u00e0 faire partir les expatri\u00e9s qui vont nous aider \u00e0 produire les premi\u00e8res batteries \u00e9lectriques, nous ayons nos propres fr\u00e8res congolais [ndlr, experts] qui vont les remplacer dans les usines pilotes en RDC. Voil\u00e0 donc le sens de la double mission que nous avons ici \u00bb, a relev\u00e9 le patron de l\u2019industrie.<\/p>\n<p>Le centre d\u2019excellence et d\u2019innovation technologique va former les cadres congolais sp\u00e9cialistes dans la production des batteries \u00e9lectriques. Ce m\u00e9ga projet va apporter une valeur ajout\u00e9e aux mati\u00e8res premi\u00e8res produites en RDC et dans la fabrication des batteries \u00e9lectriques. Le lithium, le cobalt, le graphite, le mangan\u00e8se, le nickel, etc. seront transform\u00e9s par les Congolais et export\u00e9s pour le bien des utilisateurs des voitures \u00e9lectroniques diss\u00e9min\u00e9s \u00e0 travers le monde.<\/p>\n","protected":false},"excerpt":{"rendered":"<p>Apr\u00e8s avoir pos\u00e9 des jalons pour la production des batteries \u00e9lectriques en R\u00e9publique d\u00e9mocratique du Congo, l\u2019heure est maintenant \u00e0 la mise en \u0153uvre du projet.<\/p>\n","protected":false},"author":12963,"featured_media":6336,"comment_status":"open","ping_status":"open","sticky":false,"template":"","format":"standard","meta":{"footnotes":""},"categories":[67,73],"tags":[81,78,77],"class_list":{"0":"post-6339","1":"post","2":"type-post","3":"status-publish","4":"format-standard","5":"has-post-thumbnail","7":"category-actualites","8":"category-technologie","9":"tag-actualites","10":"tag-apie-project-2","11":"tag-technologie"},"yoast_head":"<!-- This site is optimized with the Yoast SEO plugin v24.4 - https:\/\/yoast.com\/wordpress\/plugins\/seo\/ -->\n<title>Production des batteries \u00e9lectriques : un nouveau pas franchi - APIE NEWS<\/title>\n<meta name=\"robots\" content=\"index, follow, max-snippet:-1, max-image-preview:large, max-video-preview:-1\" \/>\n<link rel=\"canonical\" href=\"https:\/\/appsaf.apieproject.com\/news\/fr\/2022\/04\/25\/production-des-batteries-electriques-un-nouveau-pas-franchi\/\" \/>\n<meta property=\"og:locale\" content=\"fr_FR\" \/>\n<meta property=\"og:type\" content=\"article\" \/>\n<meta property=\"og:title\" content=\"Production des batteries \u00e9lectriques : un nouveau pas franchi - APIE NEWS\" \/>\n<meta property=\"og:description\" content=\"Apr\u00e8s avoir pos\u00e9 des jalons pour la production des batteries \u00e9lectriques en R\u00e9publique d\u00e9mocratique du Congo, l\u2019heure est maintenant \u00e0 la mise en \u0153uvre du projet.\" \/>\n<meta property=\"og:url\" content=\"https:\/\/appsaf.apieproject.com\/news\/fr\/2022\/04\/25\/production-des-batteries-electriques-un-nouveau-pas-franchi\/\" \/>\n<meta property=\"og:site_name\" content=\"APIE NEWS\" \/>\n<meta property=\"article:publisher\" content=\"https:\/\/facebook.com\/apieproject\" \/>\n<meta property=\"article:published_time\" content=\"2022-04-25T04:20:04+00:00\" \/>\n<meta property=\"article:modified_time\" content=\"2022-04-25T04:20:06+00:00\" \/>\n<meta property=\"og:image\" content=\"https:\/\/appsaf.apieproject.com\/news\/wp-content\/uploads\/sites\/29\/2022\/04\/paluku_lushi_22_02145_jpg_640_350_1-7e0aee6566dc3ef12d95383bc9c29b3e.jpeg\" \/>\n\t<meta property=\"og:image:width\" content=\"640\" \/>\n\t<meta property=\"og:image:height\" content=\"350\" \/>\n\t<meta property=\"og:image:type\" content=\"image\/jpeg\" \/>\n<meta name=\"author\" content=\"staff\" \/>\n<meta name=\"twitter:card\" content=\"summary_large_image\" \/>\n<meta name=\"twitter:creator\" content=\"@apieproject\" \/>\n<meta name=\"twitter:site\" content=\"@apieproject\" \/>\n<meta name=\"twitter:label1\" content=\"\u00c9crit par\" \/>\n\t<meta name=\"twitter:data1\" content=\"staff\" \/>\n\t<meta name=\"twitter:label2\" content=\"Dur\u00e9e de lecture estim\u00e9e\" \/>\n\t<meta name=\"twitter:data2\" content=\"2 minutes\" \/>\n<script type=\"application\/ld+json\" class=\"yoast-schema-graph\">{\"@context\":\"https:\/\/schema.org\",\"@graph\":[{\"@type\":\"Article\",\"@id\":\"https:\/\/appsaf.apieproject.com\/news\/fr\/2022\/04\/25\/production-des-batteries-electriques-un-nouveau-pas-franchi\/#article\",\"isPartOf\":{\"@id\":\"https:\/\/appsaf.apieproject.com\/news\/fr\/2022\/04\/25\/production-des-batteries-electriques-un-nouveau-pas-franchi\/\"},\"author\":{\"name\":\"staff\",\"@id\":\"https:\/\/appsaf.apieproject.com\/news\/#\/schema\/person\/399517cac378948cd7b39086f9ddc2a7\"},\"headline\":\"Production des batteries \u00e9lectriques : un nouveau pas franchi\",\"datePublished\":\"2022-04-25T04:20:04+00:00\",\"dateModified\":\"2022-04-25T04:20:06+00:00\",\"mainEntityOfPage\":{\"@id\":\"https:\/\/appsaf.apieproject.com\/news\/fr\/2022\/04\/25\/production-des-batteries-electriques-un-nouveau-pas-franchi\/\"},\"wordCount\":466,\"commentCount\":0,\"publisher\":{\"@id\":\"https:\/\/appsaf.apieproject.com\/news\/#organization\"},\"image\":{\"@id\":\"https:\/\/appsaf.apieproject.com\/news\/fr\/2022\/04\/25\/production-des-batteries-electriques-un-nouveau-pas-franchi\/#primaryimage\"},\"thumbnailUrl\":\"https:\/\/appsaf.apieproject.com\/news\/wp-content\/uploads\/sites\/29\/2022\/04\/paluku_lushi_22_02145_jpg_640_350_1-7e0aee6566dc3ef12d95383bc9c29b3e.jpeg\",\"keywords\":[\"actualites\",\"apie project\",\"technologie\"],\"articleSection\":[\"Actualit\u00e9s\",\"Technologie\"],\"inLanguage\":\"fr-FR\",\"potentialAction\":[{\"@type\":\"CommentAction\",\"name\":\"Comment\",\"target\":[\"https:\/\/appsaf.apieproject.com\/news\/fr\/2022\/04\/25\/production-des-batteries-electriques-un-nouveau-pas-franchi\/#respond\"]}]},{\"@type\":\"WebPage\",\"@id\":\"https:\/\/appsaf.apieproject.com\/news\/fr\/2022\/04\/25\/production-des-batteries-electriques-un-nouveau-pas-franchi\/\",\"url\":\"https:\/\/appsaf.apieproject.com\/news\/fr\/2022\/04\/25\/production-des-batteries-electriques-un-nouveau-pas-franchi\/\",\"name\":\"Production des batteries \u00e9lectriques : un nouveau pas franchi - APIE NEWS\",\"isPartOf\":{\"@id\":\"https:\/\/appsaf.apieproject.com\/news\/#website\"},\"primaryImageOfPage\":{\"@id\":\"https:\/\/appsaf.apieproject.com\/news\/fr\/2022\/04\/25\/production-des-batteries-electriques-un-nouveau-pas-franchi\/#primaryimage\"},\"image\":{\"@id\":\"https:\/\/appsaf.apieproject.com\/news\/fr\/2022\/04\/25\/production-des-batteries-electriques-un-nouveau-pas-franchi\/#primaryimage\"},\"thumbnailUrl\":\"https:\/\/appsaf.apieproject.com\/news\/wp-content\/uploads\/sites\/29\/2022\/04\/paluku_lushi_22_02145_jpg_640_350_1-7e0aee6566dc3ef12d95383bc9c29b3e.jpeg\",\"datePublished\":\"2022-04-25T04:20:04+00:00\",\"dateModified\":\"2022-04-25T04:20:06+00:00\",\"breadcrumb\":{\"@id\":\"https:\/\/appsaf.apieproject.com\/news\/fr\/2022\/04\/25\/production-des-batteries-electriques-un-nouveau-pas-franchi\/#breadcrumb\"},\"inLanguage\":\"fr-FR\",\"potentialAction\":[{\"@type\":\"ReadAction\",\"target\":[\"https:\/\/appsaf.apieproject.com\/news\/fr\/2022\/04\/25\/production-des-batteries-electriques-un-nouveau-pas-franchi\/\"]}]},{\"@type\":\"ImageObject\",\"inLanguage\":\"fr-FR\",\"@id\":\"https:\/\/appsaf.apieproject.com\/news\/fr\/2022\/04\/25\/production-des-batteries-electriques-un-nouveau-pas-franchi\/#primaryimage\",\"url\":\"https:\/\/appsaf.apieproject.com\/news\/wp-content\/uploads\/sites\/29\/2022\/04\/paluku_lushi_22_02145_jpg_640_350_1-7e0aee6566dc3ef12d95383bc9c29b3e.jpeg\",\"contentUrl\":\"https:\/\/appsaf.apieproject.com\/news\/wp-content\/uploads\/sites\/29\/2022\/04\/paluku_lushi_22_02145_jpg_640_350_1-7e0aee6566dc3ef12d95383bc9c29b3e.jpeg\",\"width\":640,\"height\":350},{\"@type\":\"BreadcrumbList\",\"@id\":\"https:\/\/appsaf.apieproject.com\/news\/fr\/2022\/04\/25\/production-des-batteries-electriques-un-nouveau-pas-franchi\/#breadcrumb\",\"itemListElement\":[{\"@type\":\"ListItem\",\"position\":1,\"name\":\"Home\",\"item\":\"https:\/\/appsaf.apieproject.com\/news\/fr\/home\/\"},{\"@type\":\"ListItem\",\"position\":2,\"name\":\"Production des batteries \u00e9lectriques : un nouveau pas franchi\"}]},{\"@type\":\"WebSite\",\"@id\":\"https:\/\/appsaf.apieproject.com\/news\/#website\",\"url\":\"https:\/\/appsaf.apieproject.com\/news\/\",\"name\":\"APIE NEWS\",\"description\":\"PANAFRICANISM NEWS PORTAL\",\"publisher\":{\"@id\":\"https:\/\/appsaf.apieproject.com\/news\/#organization\"},\"potentialAction\":[{\"@type\":\"SearchAction\",\"target\":{\"@type\":\"EntryPoint\",\"urlTemplate\":\"https:\/\/appsaf.apieproject.com\/news\/?s={search_term_string}\"},\"query-input\":{\"@type\":\"PropertyValueSpecification\",\"valueRequired\":true,\"valueName\":\"search_term_string\"}}],\"inLanguage\":\"fr-FR\"},{\"@type\":\"Organization\",\"@id\":\"https:\/\/appsaf.apieproject.com\/news\/#organization\",\"name\":\"APIE PROJECT\",\"url\":\"https:\/\/appsaf.apieproject.com\/news\/\",\"logo\":{\"@type\":\"ImageObject\",\"inLanguage\":\"fr-FR\",\"@id\":\"https:\/\/appsaf.apieproject.com\/news\/#\/schema\/logo\/image\/\",\"url\":\"https:\/\/appsaf.apieproject.com\/news\/wp-content\/uploads\/sites\/29\/2022\/07\/logo-R-TransparentBackground.png\",\"contentUrl\":\"https:\/\/appsaf.apieproject.com\/news\/wp-content\/uploads\/sites\/29\/2022\/07\/logo-R-TransparentBackground.png\",\"width\":512,\"height\":512,\"caption\":\"APIE PROJECT\"},\"image\":{\"@id\":\"https:\/\/appsaf.apieproject.com\/news\/#\/schema\/logo\/image\/\"},\"sameAs\":[\"https:\/\/facebook.com\/apieproject\",\"https:\/\/x.com\/apieproject\"]},{\"@type\":\"Person\",\"@id\":\"https:\/\/appsaf.apieproject.com\/news\/#\/schema\/person\/399517cac378948cd7b39086f9ddc2a7\",\"name\":\"staff\",\"image\":{\"@type\":\"ImageObject\",\"inLanguage\":\"fr-FR\",\"@id\":\"https:\/\/appsaf.apieproject.com\/news\/#\/schema\/person\/image\/\",\"url\":\"https:\/\/secure.gravatar.com\/avatar\/5386283c5db150efe261184bd59f072a?s=96&d=mm&r=g\",\"contentUrl\":\"https:\/\/secure.gravatar.com\/avatar\/5386283c5db150efe261184bd59f072a?s=96&d=mm&r=g\",\"caption\":\"staff\"},\"url\":\"https:\/\/appsaf.apieproject.com\/news\/fr\/author\/staff\/\"}]}<\/script>\n<!-- \/ Yoast SEO plugin. -->","yoast_head_json":{"title":"Production des batteries \u00e9lectriques : un nouveau pas franchi - APIE NEWS","robots":{"index":"index","follow":"follow","max-snippet":"max-snippet:-1","max-image-preview":"max-image-preview:large","max-video-preview":"max-video-preview:-1"},"canonical":"https:\/\/appsaf.apieproject.com\/news\/fr\/2022\/04\/25\/production-des-batteries-electriques-un-nouveau-pas-franchi\/","og_locale":"fr_FR","og_type":"article","og_title":"Production des batteries \u00e9lectriques : un nouveau pas franchi - APIE NEWS","og_description":"Apr\u00e8s avoir pos\u00e9 des jalons pour la production des batteries \u00e9lectriques en R\u00e9publique d\u00e9mocratique du Congo, l\u2019heure est maintenant \u00e0 la mise en \u0153uvre du projet.","og_url":"https:\/\/appsaf.apieproject.com\/news\/fr\/2022\/04\/25\/production-des-batteries-electriques-un-nouveau-pas-franchi\/","og_site_name":"APIE NEWS","article_publisher":"https:\/\/facebook.com\/apieproject","article_published_time":"2022-04-25T04:20:04+00:00","article_modified_time":"2022-04-25T04:20:06+00:00","og_image":[{"width":640,"height":350,"url":"https:\/\/appsaf.apieproject.com\/news\/wp-content\/uploads\/sites\/29\/2022\/04\/paluku_lushi_22_02145_jpg_640_350_1-7e0aee6566dc3ef12d95383bc9c29b3e.jpeg","type":"image\/jpeg"}],"author":"staff","twitter_card":"summary_large_image","twitter_creator":"@apieproject","twitter_site":"@apieproject","twitter_misc":{"\u00c9crit par":"staff","Dur\u00e9e de lecture estim\u00e9e":"2 minutes"},"schema":{"@context":"https:\/\/schema.org","@graph":[{"@type":"Article","@id":"https:\/\/appsaf.apieproject.com\/news\/fr\/2022\/04\/25\/production-des-batteries-electriques-un-nouveau-pas-franchi\/#article","isPartOf":{"@id":"https:\/\/appsaf.apieproject.com\/news\/fr\/2022\/04\/25\/production-des-batteries-electriques-un-nouveau-pas-franchi\/"},"author":{"name":"staff","@id":"https:\/\/appsaf.apieproject.com\/news\/#\/schema\/person\/399517cac378948cd7b39086f9ddc2a7"},"headline":"Production des batteries \u00e9lectriques : un nouveau pas franchi","datePublished":"2022-04-25T04:20:04+00:00","dateModified":"2022-04-25T04:20:06+00:00","mainEntityOfPage":{"@id":"https:\/\/appsaf.apieproject.com\/news\/fr\/2022\/04\/25\/production-des-batteries-electriques-un-nouveau-pas-franchi\/"},"wordCount":466,"commentCount":0,"publisher":{"@id":"https:\/\/appsaf.apieproject.com\/news\/#organization"},"image":{"@id":"https:\/\/appsaf.apieproject.com\/news\/fr\/2022\/04\/25\/production-des-batteries-electriques-un-nouveau-pas-franchi\/#primaryimage"},"thumbnailUrl":"https:\/\/appsaf.apieproject.com\/news\/wp-content\/uploads\/sites\/29\/2022\/04\/paluku_lushi_22_02145_jpg_640_350_1-7e0aee6566dc3ef12d95383bc9c29b3e.jpeg","keywords":["actualites","apie project","technologie"],"articleSection":["Actualit\u00e9s","Technologie"],"inLanguage":"fr-FR","potentialAction":[{"@type":"CommentAction","name":"Comment","target":["https:\/\/appsaf.apieproject.com\/news\/fr\/2022\/04\/25\/production-des-batteries-electriques-un-nouveau-pas-franchi\/#respond"]}]},{"@type":"WebPage","@id":"https:\/\/appsaf.apieproject.com\/news\/fr\/2022\/04\/25\/production-des-batteries-electriques-un-nouveau-pas-franchi\/","url":"https:\/\/appsaf.apieproject.com\/news\/fr\/2022\/04\/25\/production-des-batteries-electriques-un-nouveau-pas-franchi\/","name":"Production des batteries \u00e9lectriques : un nouveau pas franchi - APIE NEWS","isPartOf":{"@id":"https:\/\/appsaf.apieproject.com\/news\/#website"},"primaryImageOfPage":{"@id":"https:\/\/appsaf.apieproject.com\/news\/fr\/2022\/04\/25\/production-des-batteries-electriques-un-nouveau-pas-franchi\/#primaryimage"},"image":{"@id":"https:\/\/appsaf.apieproject.com\/news\/fr\/2022\/04\/25\/production-des-batteries-electriques-un-nouveau-pas-franchi\/#primaryimage"},"thumbnailUrl":"https:\/\/appsaf.apieproject.com\/news\/wp-content\/uploads\/sites\/29\/2022\/04\/paluku_lushi_22_02145_jpg_640_350_1-7e0aee6566dc3ef12d95383bc9c29b3e.jpeg","datePublished":"2022-04-25T04:20:04+00:00","dateModified":"2022-04-25T04:20:06+00:00","breadcrumb":{"@id":"https:\/\/appsaf.apieproject.com\/news\/fr\/2022\/04\/25\/production-des-batteries-electriques-un-nouveau-pas-franchi\/#breadcrumb"},"inLanguage":"fr-FR","potentialAction":[{"@type":"ReadAction","target":["https:\/\/appsaf.apieproject.com\/news\/fr\/2022\/04\/25\/production-des-batteries-electriques-un-nouveau-pas-franchi\/"]}]},{"@type":"ImageObject","inLanguage":"fr-FR","@id":"https:\/\/appsaf.apieproject.com\/news\/fr\/2022\/04\/25\/production-des-batteries-electriques-un-nouveau-pas-franchi\/#primaryimage","url":"https:\/\/appsaf.apieproject.com\/news\/wp-content\/uploads\/sites\/29\/2022\/04\/paluku_lushi_22_02145_jpg_640_350_1-7e0aee6566dc3ef12d95383bc9c29b3e.jpeg","contentUrl":"https:\/\/appsaf.apieproject.com\/news\/wp-content\/uploads\/sites\/29\/2022\/04\/paluku_lushi_22_02145_jpg_640_350_1-7e0aee6566dc3ef12d95383bc9c29b3e.jpeg","width":640,"height":350},{"@type":"BreadcrumbList","@id":"https:\/\/appsaf.apieproject.com\/news\/fr\/2022\/04\/25\/production-des-batteries-electriques-un-nouveau-pas-franchi\/#breadcrumb","itemListElement":[{"@type":"ListItem","position":1,"name":"Home","item":"https:\/\/appsaf.apieproject.com\/news\/fr\/home\/"},{"@type":"ListItem","position":2,"name":"Production des batteries \u00e9lectriques : un nouveau pas franchi"}]},{"@type":"WebSite","@id":"https:\/\/appsaf.apieproject.com\/news\/#website","url":"https:\/\/appsaf.apieproject.com\/news\/","name":"APIE NEWS","description":"PANAFRICANISM NEWS PORTAL","publisher":{"@id":"https:\/\/appsaf.apieproject.com\/news\/#organization"},"potentialAction":[{"@type":"SearchAction","target":{"@type":"EntryPoint","urlTemplate":"https:\/\/appsaf.apieproject.com\/news\/?s={search_term_string}"},"query-input":{"@type":"PropertyValueSpecification","valueRequired":true,"valueName":"search_term_string"}}],"inLanguage":"fr-FR"},{"@type":"Organization","@id":"https:\/\/appsaf.apieproject.com\/news\/#organization","name":"APIE PROJECT","url":"https:\/\/appsaf.apieproject.com\/news\/","logo":{"@type":"ImageObject","inLanguage":"fr-FR","@id":"https:\/\/appsaf.apieproject.com\/news\/#\/schema\/logo\/image\/","url":"https:\/\/appsaf.apieproject.com\/news\/wp-content\/uploads\/sites\/29\/2022\/07\/logo-R-TransparentBackground.png","contentUrl":"https:\/\/appsaf.apieproject.com\/news\/wp-content\/uploads\/sites\/29\/2022\/07\/logo-R-TransparentBackground.png","width":512,"height":512,"caption":"APIE PROJECT"},"image":{"@id":"https:\/\/appsaf.apieproject.com\/news\/#\/schema\/logo\/image\/"},"sameAs":["https:\/\/facebook.com\/apieproject","https:\/\/x.com\/apieproject"]},{"@type":"Person","@id":"https:\/\/appsaf.apieproject.com\/news\/#\/schema\/person\/399517cac378948cd7b39086f9ddc2a7","name":"staff","image":{"@type":"ImageObject","inLanguage":"fr-FR","@id":"https:\/\/appsaf.apieproject.com\/news\/#\/schema\/person\/image\/","url":"https:\/\/secure.gravatar.com\/avatar\/5386283c5db150efe261184bd59f072a?s=96&d=mm&r=g","contentUrl":"https:\/\/secure.gravatar.com\/avatar\/5386283c5db150efe261184bd59f072a?s=96&d=mm&r=g","caption":"staff"},"url":"https:\/\/appsaf.apieproject.com\/news\/fr\/author\/staff\/"}]}},"_links":{"self":[{"href":"https:\/\/appsaf.apieproject.com\/news\/fr\/wp-json\/wp\/v2\/posts\/6339","targetHints":{"allow":["GET"]}}],"collection":[{"href":"https:\/\/appsaf.apieproject.com\/news\/fr\/wp-json\/wp\/v2\/posts"}],"about":[{"href":"https:\/\/appsaf.apieproject.com\/news\/fr\/wp-json\/wp\/v2\/types\/post"}],"author":[{"embeddable":true,"href":"https:\/\/appsaf.apieproject.com\/news\/fr\/wp-json\/wp\/v2\/users\/12963"}],"replies":[{"embeddable":true,"href":"https:\/\/appsaf.apieproject.com\/news\/fr\/wp-json\/wp\/v2\/comments?post=6339"}],"version-history":[{"count":1,"href":"https:\/\/appsaf.apieproject.com\/news\/fr\/wp-json\/wp\/v2\/posts\/6339\/revisions"}],"predecessor-version":[{"id":6653,"href":"https:\/\/appsaf.apieproject.com\/news\/fr\/wp-json\/wp\/v2\/posts\/6339\/revisions\/6653"}],"wp:featuredmedia":[{"embeddable":true,"href":"https:\/\/appsaf.apieproject.com\/news\/fr\/wp-json\/wp\/v2\/media\/6336"}],"wp:attachment":[{"href":"https:\/\/appsaf.apieproject.com\/news\/fr\/wp-json\/wp\/v2\/media?parent=6339"}],"wp:term":[{"taxonomy":"category","embeddable":true,"href":"https:\/\/appsaf.apieproject.com\/news\/fr\/wp-json\/wp\/v2\/categories?post=6339"},{"taxonomy":"post_tag","embeddable":true,"href":"https:\/\/appsaf.apieproject.com\/news\/fr\/wp-json\/wp\/v2\/tags?post=6339"}],"curies":[{"name":"wp","href":"https:\/\/api.w.org\/{rel}","templated":true}]}}