{"id":6759,"date":"2022-04-27T04:26:30","date_gmt":"2022-04-27T04:26:30","guid":{"rendered":"https:\/\/appsaf.apieproject.com\/news\/?p=6759"},"modified":"2022-04-27T04:26:33","modified_gmt":"2022-04-27T04:26:33","slug":"au-salon-du-livre-de-paris-le-senegal-nouveau-chef-de-file-du-pavillon-africain","status":"publish","type":"post","link":"https:\/\/appsaf.apieproject.com\/news\/fr\/2022\/04\/27\/au-salon-du-livre-de-paris-le-senegal-nouveau-chef-de-file-du-pavillon-africain\/","title":{"rendered":"Au Salon du livre de Paris, le S\u00e9n\u00e9gal nouveau chef de file du pavillon africain"},"content":{"rendered":"<p>La f\u00eate du livre est de retour, apr\u00e8s deux ann\u00e9es blanches en raison de la pand\u00e9mie de Covid-19. Et apr\u00e8s la C\u00f4te d&rsquo;Ivoire comme chef de file dans les pr\u00e9c\u00e9dentes \u00e9ditions, c&rsquo;est le S\u00e9n\u00e9gal qui porte le Pavillon africain cette ann\u00e9e au Festival du livre de Paris. Pour l&rsquo;occasion, une d\u00e9l\u00e9gation conduite par le ministre s\u00e9n\u00e9galais de la Culture, une dizaine d&rsquo;auteurs et trois \u00e9diteurs ont fait le voyage.<\/p>\n<p>\u00ab Le S\u00e9n\u00e9gal est venu avec ce qu\u2019il a de plus beau en sachant que les ann\u00e9es 2021 et 2022 ont \u00e9t\u00e9 les ann\u00e9es du S\u00e9n\u00e9gal dans la litt\u00e9rature, explique Abdoulaye Diallo des \u00e9ditions l&rsquo;Harmattan S\u00e9n\u00e9gal \u00e0 Muriel Maalouf, du service Culture. Notamment avec le prix Saint-Simon de Souleymane Bachir Diagne, le prix Neustadt de Boubacar Boris Diop qui est avec nous dans la d\u00e9l\u00e9gation, le prix Goncourt avec Mohamed Mbougar Sarr mais aussi le prix Ahmed Baba avec Khalil Diallo dont les livres sont bien \u00e9videmment l\u00e0. \u00bb<\/p>\n<p>\u00c0 la d\u00e9couverte des jeunes talents d&rsquo;Afrique<\/p>\n<p>Le pavillon africain, c\u2019est aussi l\u2019opportunit\u00e9 de d\u00e9couvrir certains auteurs pr\u00e9cise Aminata Diop Johnson, directrice du Pavillon africain: \u00ab Maintenant lorsque l\u2019on parle de Boubakar Boris Diop ou Osvalde Lewat qui a remport\u00e9 le grand prix panafricain de litt\u00e9rature, ce sont des noms connus, mais il ne faut pas oublier que vous avez de jeunes talents, les talentueuses plumes d\u2019Afrique, qui gagnent aussi \u00e0 \u00eatre connus. \u00bb<\/p>\n<p>Et si la litt\u00e9rature s\u00e9n\u00e9galaise est \u00e0 l&rsquo;honneur du pavillon africain cette ann\u00e9e au festival du livre de Paris, les autres pays du continent sont bien s\u00fbr repr\u00e9sent\u00e9s ainsi que la litt\u00e9rature carib\u00e9enne<\/p>\n","protected":false},"excerpt":{"rendered":"<p>L&rsquo;Afrique est pr\u00e9sente depuis plus de dix ans \u00e0 la grande messe litt\u00e9raire parisienne. Le traditionnel Salon du livre a c\u00e9d\u00e9 la place aujourd&rsquo;hui au Festival du livre de Paris, install\u00e9 dans un nouveau lieu. Il a d\u00e9m\u00e9nag\u00e9 de la porte de Versailles o\u00f9 se tiennent les foires pour un lieu plus convivial et central: le Grand Palais \u00e9ph\u00e9m\u00e8re au pied de la tour Eiffel. Et le pavillon africain y figure en bonne place aux c\u00f4t\u00e9s des \u00e9ditions Gallimard.<\/p>\n","protected":false},"author":12963,"featured_media":6756,"comment_status":"open","ping_status":"open","sticky":false,"template":"","format":"standard","meta":{"footnotes":""},"categories":[67,53],"tags":[81,78,87],"class_list":{"0":"post-6759","1":"post","2":"type-post","3":"status-publish","4":"format-standard","5":"has-post-thumbnail","7":"category-actualites","8":"category-culture-fr","9":"tag-actualites","10":"tag-apie-project-2","11":"tag-culture-2"},"yoast_head":"<!-- This site is optimized with the Yoast SEO plugin v24.4 - https:\/\/yoast.com\/wordpress\/plugins\/seo\/ -->\n<title>Au Salon du livre de Paris, le S\u00e9n\u00e9gal nouveau chef de file du pavillon africain - APIE NEWS<\/title>\n<meta name=\"robots\" content=\"index, follow, max-snippet:-1, max-image-preview:large, max-video-preview:-1\" \/>\n<link rel=\"canonical\" href=\"https:\/\/appsaf.apieproject.com\/news\/fr\/2022\/04\/27\/au-salon-du-livre-de-paris-le-senegal-nouveau-chef-de-file-du-pavillon-africain\/\" \/>\n<meta property=\"og:locale\" content=\"fr_FR\" \/>\n<meta property=\"og:type\" content=\"article\" \/>\n<meta property=\"og:title\" content=\"Au Salon du livre de Paris, le S\u00e9n\u00e9gal nouveau chef de file du pavillon africain - APIE NEWS\" \/>\n<meta property=\"og:description\" content=\"L&#039;Afrique est pr\u00e9sente depuis plus de dix ans \u00e0 la grande messe litt\u00e9raire parisienne. Le traditionnel Salon du livre a c\u00e9d\u00e9 la place aujourd&#039;hui au Festival du livre de Paris, install\u00e9 dans un nouveau lieu. Il a d\u00e9m\u00e9nag\u00e9 de la porte de Versailles o\u00f9 se tiennent les foires pour un lieu plus convivial et central: le Grand Palais \u00e9ph\u00e9m\u00e8re au pied de la tour Eiffel. Et le pavillon africain y figure en bonne place aux c\u00f4t\u00e9s des \u00e9ditions Gallimard.\" \/>\n<meta property=\"og:url\" content=\"https:\/\/appsaf.apieproject.com\/news\/fr\/2022\/04\/27\/au-salon-du-livre-de-paris-le-senegal-nouveau-chef-de-file-du-pavillon-africain\/\" \/>\n<meta property=\"og:site_name\" content=\"APIE NEWS\" \/>\n<meta property=\"article:publisher\" content=\"https:\/\/facebook.com\/apieproject\" \/>\n<meta property=\"article:published_time\" content=\"2022-04-27T04:26:30+00:00\" \/>\n<meta property=\"article:modified_time\" content=\"2022-04-27T04:26:33+00:00\" \/>\n<meta property=\"og:image\" content=\"https:\/\/appsaf.apieproject.com\/news\/wp-content\/uploads\/sites\/29\/2022\/04\/telechargement-2022-04-25T124343.857-a6294fec22841107fcd451270d43f3d5.jpg\" \/>\n\t<meta property=\"og:image:width\" content=\"301\" \/>\n\t<meta property=\"og:image:height\" content=\"167\" \/>\n\t<meta property=\"og:image:type\" content=\"image\/jpeg\" \/>\n<meta name=\"author\" content=\"staff\" \/>\n<meta name=\"twitter:card\" content=\"summary_large_image\" \/>\n<meta name=\"twitter:creator\" content=\"@apieproject\" \/>\n<meta name=\"twitter:site\" content=\"@apieproject\" \/>\n<meta name=\"twitter:label1\" content=\"\u00c9crit par\" \/>\n\t<meta name=\"twitter:data1\" content=\"staff\" \/>\n\t<meta name=\"twitter:label2\" content=\"Dur\u00e9e de lecture estim\u00e9e\" \/>\n\t<meta name=\"twitter:data2\" content=\"1 minute\" \/>\n<script type=\"application\/ld+json\" class=\"yoast-schema-graph\">{\"@context\":\"https:\/\/schema.org\",\"@graph\":[{\"@type\":\"Article\",\"@id\":\"https:\/\/appsaf.apieproject.com\/news\/fr\/2022\/04\/27\/au-salon-du-livre-de-paris-le-senegal-nouveau-chef-de-file-du-pavillon-africain\/#article\",\"isPartOf\":{\"@id\":\"https:\/\/appsaf.apieproject.com\/news\/fr\/2022\/04\/27\/au-salon-du-livre-de-paris-le-senegal-nouveau-chef-de-file-du-pavillon-africain\/\"},\"author\":{\"name\":\"staff\",\"@id\":\"https:\/\/appsaf.apieproject.com\/news\/#\/schema\/person\/399517cac378948cd7b39086f9ddc2a7\"},\"headline\":\"Au Salon du livre de Paris, le S\u00e9n\u00e9gal nouveau chef de file du pavillon africain\",\"datePublished\":\"2022-04-27T04:26:30+00:00\",\"dateModified\":\"2022-04-27T04:26:33+00:00\",\"mainEntityOfPage\":{\"@id\":\"https:\/\/appsaf.apieproject.com\/news\/fr\/2022\/04\/27\/au-salon-du-livre-de-paris-le-senegal-nouveau-chef-de-file-du-pavillon-africain\/\"},\"wordCount\":323,\"commentCount\":0,\"publisher\":{\"@id\":\"https:\/\/appsaf.apieproject.com\/news\/#organization\"},\"image\":{\"@id\":\"https:\/\/appsaf.apieproject.com\/news\/fr\/2022\/04\/27\/au-salon-du-livre-de-paris-le-senegal-nouveau-chef-de-file-du-pavillon-africain\/#primaryimage\"},\"thumbnailUrl\":\"https:\/\/appsaf.apieproject.com\/news\/wp-content\/uploads\/sites\/29\/2022\/04\/telechargement-2022-04-25T124343.857-a6294fec22841107fcd451270d43f3d5.jpg\",\"keywords\":[\"actualites\",\"apie project\",\"culture\"],\"articleSection\":[\"Actualit\u00e9s\",\"Culture\"],\"inLanguage\":\"fr-FR\",\"potentialAction\":[{\"@type\":\"CommentAction\",\"name\":\"Comment\",\"target\":[\"https:\/\/appsaf.apieproject.com\/news\/fr\/2022\/04\/27\/au-salon-du-livre-de-paris-le-senegal-nouveau-chef-de-file-du-pavillon-africain\/#respond\"]}]},{\"@type\":\"WebPage\",\"@id\":\"https:\/\/appsaf.apieproject.com\/news\/fr\/2022\/04\/27\/au-salon-du-livre-de-paris-le-senegal-nouveau-chef-de-file-du-pavillon-africain\/\",\"url\":\"https:\/\/appsaf.apieproject.com\/news\/fr\/2022\/04\/27\/au-salon-du-livre-de-paris-le-senegal-nouveau-chef-de-file-du-pavillon-africain\/\",\"name\":\"Au Salon du livre de Paris, le S\u00e9n\u00e9gal nouveau chef de file du pavillon africain - APIE NEWS\",\"isPartOf\":{\"@id\":\"https:\/\/appsaf.apieproject.com\/news\/#website\"},\"primaryImageOfPage\":{\"@id\":\"https:\/\/appsaf.apieproject.com\/news\/fr\/2022\/04\/27\/au-salon-du-livre-de-paris-le-senegal-nouveau-chef-de-file-du-pavillon-africain\/#primaryimage\"},\"image\":{\"@id\":\"https:\/\/appsaf.apieproject.com\/news\/fr\/2022\/04\/27\/au-salon-du-livre-de-paris-le-senegal-nouveau-chef-de-file-du-pavillon-africain\/#primaryimage\"},\"thumbnailUrl\":\"https:\/\/appsaf.apieproject.com\/news\/wp-content\/uploads\/sites\/29\/2022\/04\/telechargement-2022-04-25T124343.857-a6294fec22841107fcd451270d43f3d5.jpg\",\"datePublished\":\"2022-04-27T04:26:30+00:00\",\"dateModified\":\"2022-04-27T04:26:33+00:00\",\"breadcrumb\":{\"@id\":\"https:\/\/appsaf.apieproject.com\/news\/fr\/2022\/04\/27\/au-salon-du-livre-de-paris-le-senegal-nouveau-chef-de-file-du-pavillon-africain\/#breadcrumb\"},\"inLanguage\":\"fr-FR\",\"potentialAction\":[{\"@type\":\"ReadAction\",\"target\":[\"https:\/\/appsaf.apieproject.com\/news\/fr\/2022\/04\/27\/au-salon-du-livre-de-paris-le-senegal-nouveau-chef-de-file-du-pavillon-africain\/\"]}]},{\"@type\":\"ImageObject\",\"inLanguage\":\"fr-FR\",\"@id\":\"https:\/\/appsaf.apieproject.com\/news\/fr\/2022\/04\/27\/au-salon-du-livre-de-paris-le-senegal-nouveau-chef-de-file-du-pavillon-africain\/#primaryimage\",\"url\":\"https:\/\/appsaf.apieproject.com\/news\/wp-content\/uploads\/sites\/29\/2022\/04\/telechargement-2022-04-25T124343.857-a6294fec22841107fcd451270d43f3d5.jpg\",\"contentUrl\":\"https:\/\/appsaf.apieproject.com\/news\/wp-content\/uploads\/sites\/29\/2022\/04\/telechargement-2022-04-25T124343.857-a6294fec22841107fcd451270d43f3d5.jpg\",\"width\":301,\"height\":167},{\"@type\":\"BreadcrumbList\",\"@id\":\"https:\/\/appsaf.apieproject.com\/news\/fr\/2022\/04\/27\/au-salon-du-livre-de-paris-le-senegal-nouveau-chef-de-file-du-pavillon-africain\/#breadcrumb\",\"itemListElement\":[{\"@type\":\"ListItem\",\"position\":1,\"name\":\"Home\",\"item\":\"https:\/\/appsaf.apieproject.com\/news\/fr\/home\/\"},{\"@type\":\"ListItem\",\"position\":2,\"name\":\"Au Salon du livre de Paris, le S\u00e9n\u00e9gal nouveau chef de file du pavillon africain\"}]},{\"@type\":\"WebSite\",\"@id\":\"https:\/\/appsaf.apieproject.com\/news\/#website\",\"url\":\"https:\/\/appsaf.apieproject.com\/news\/\",\"name\":\"APIE NEWS\",\"description\":\"PANAFRICANISM NEWS PORTAL\",\"publisher\":{\"@id\":\"https:\/\/appsaf.apieproject.com\/news\/#organization\"},\"potentialAction\":[{\"@type\":\"SearchAction\",\"target\":{\"@type\":\"EntryPoint\",\"urlTemplate\":\"https:\/\/appsaf.apieproject.com\/news\/?s={search_term_string}\"},\"query-input\":{\"@type\":\"PropertyValueSpecification\",\"valueRequired\":true,\"valueName\":\"search_term_string\"}}],\"inLanguage\":\"fr-FR\"},{\"@type\":\"Organization\",\"@id\":\"https:\/\/appsaf.apieproject.com\/news\/#organization\",\"name\":\"APIE PROJECT\",\"url\":\"https:\/\/appsaf.apieproject.com\/news\/\",\"logo\":{\"@type\":\"ImageObject\",\"inLanguage\":\"fr-FR\",\"@id\":\"https:\/\/appsaf.apieproject.com\/news\/#\/schema\/logo\/image\/\",\"url\":\"https:\/\/appsaf.apieproject.com\/news\/wp-content\/uploads\/sites\/29\/2022\/07\/logo-R-TransparentBackground.png\",\"contentUrl\":\"https:\/\/appsaf.apieproject.com\/news\/wp-content\/uploads\/sites\/29\/2022\/07\/logo-R-TransparentBackground.png\",\"width\":512,\"height\":512,\"caption\":\"APIE PROJECT\"},\"image\":{\"@id\":\"https:\/\/appsaf.apieproject.com\/news\/#\/schema\/logo\/image\/\"},\"sameAs\":[\"https:\/\/facebook.com\/apieproject\",\"https:\/\/x.com\/apieproject\"]},{\"@type\":\"Person\",\"@id\":\"https:\/\/appsaf.apieproject.com\/news\/#\/schema\/person\/399517cac378948cd7b39086f9ddc2a7\",\"name\":\"staff\",\"image\":{\"@type\":\"ImageObject\",\"inLanguage\":\"fr-FR\",\"@id\":\"https:\/\/appsaf.apieproject.com\/news\/#\/schema\/person\/image\/\",\"url\":\"https:\/\/secure.gravatar.com\/avatar\/5386283c5db150efe261184bd59f072a?s=96&d=mm&r=g\",\"contentUrl\":\"https:\/\/secure.gravatar.com\/avatar\/5386283c5db150efe261184bd59f072a?s=96&d=mm&r=g\",\"caption\":\"staff\"},\"url\":\"https:\/\/appsaf.apieproject.com\/news\/fr\/author\/staff\/\"}]}<\/script>\n<!-- \/ Yoast SEO plugin. -->","yoast_head_json":{"title":"Au Salon du livre de Paris, le S\u00e9n\u00e9gal nouveau chef de file du pavillon africain - APIE NEWS","robots":{"index":"index","follow":"follow","max-snippet":"max-snippet:-1","max-image-preview":"max-image-preview:large","max-video-preview":"max-video-preview:-1"},"canonical":"https:\/\/appsaf.apieproject.com\/news\/fr\/2022\/04\/27\/au-salon-du-livre-de-paris-le-senegal-nouveau-chef-de-file-du-pavillon-africain\/","og_locale":"fr_FR","og_type":"article","og_title":"Au Salon du livre de Paris, le S\u00e9n\u00e9gal nouveau chef de file du pavillon africain - APIE NEWS","og_description":"L'Afrique est pr\u00e9sente depuis plus de dix ans \u00e0 la grande messe litt\u00e9raire parisienne. Le traditionnel Salon du livre a c\u00e9d\u00e9 la place aujourd'hui au Festival du livre de Paris, install\u00e9 dans un nouveau lieu. Il a d\u00e9m\u00e9nag\u00e9 de la porte de Versailles o\u00f9 se tiennent les foires pour un lieu plus convivial et central: le Grand Palais \u00e9ph\u00e9m\u00e8re au pied de la tour Eiffel. Et le pavillon africain y figure en bonne place aux c\u00f4t\u00e9s des \u00e9ditions Gallimard.","og_url":"https:\/\/appsaf.apieproject.com\/news\/fr\/2022\/04\/27\/au-salon-du-livre-de-paris-le-senegal-nouveau-chef-de-file-du-pavillon-africain\/","og_site_name":"APIE NEWS","article_publisher":"https:\/\/facebook.com\/apieproject","article_published_time":"2022-04-27T04:26:30+00:00","article_modified_time":"2022-04-27T04:26:33+00:00","og_image":[{"width":301,"height":167,"url":"https:\/\/appsaf.apieproject.com\/news\/wp-content\/uploads\/sites\/29\/2022\/04\/telechargement-2022-04-25T124343.857-a6294fec22841107fcd451270d43f3d5.jpg","type":"image\/jpeg"}],"author":"staff","twitter_card":"summary_large_image","twitter_creator":"@apieproject","twitter_site":"@apieproject","twitter_misc":{"\u00c9crit par":"staff","Dur\u00e9e de lecture estim\u00e9e":"1 minute"},"schema":{"@context":"https:\/\/schema.org","@graph":[{"@type":"Article","@id":"https:\/\/appsaf.apieproject.com\/news\/fr\/2022\/04\/27\/au-salon-du-livre-de-paris-le-senegal-nouveau-chef-de-file-du-pavillon-africain\/#article","isPartOf":{"@id":"https:\/\/appsaf.apieproject.com\/news\/fr\/2022\/04\/27\/au-salon-du-livre-de-paris-le-senegal-nouveau-chef-de-file-du-pavillon-africain\/"},"author":{"name":"staff","@id":"https:\/\/appsaf.apieproject.com\/news\/#\/schema\/person\/399517cac378948cd7b39086f9ddc2a7"},"headline":"Au Salon du livre de Paris, le S\u00e9n\u00e9gal nouveau chef de file du pavillon africain","datePublished":"2022-04-27T04:26:30+00:00","dateModified":"2022-04-27T04:26:33+00:00","mainEntityOfPage":{"@id":"https:\/\/appsaf.apieproject.com\/news\/fr\/2022\/04\/27\/au-salon-du-livre-de-paris-le-senegal-nouveau-chef-de-file-du-pavillon-africain\/"},"wordCount":323,"commentCount":0,"publisher":{"@id":"https:\/\/appsaf.apieproject.com\/news\/#organization"},"image":{"@id":"https:\/\/appsaf.apieproject.com\/news\/fr\/2022\/04\/27\/au-salon-du-livre-de-paris-le-senegal-nouveau-chef-de-file-du-pavillon-africain\/#primaryimage"},"thumbnailUrl":"https:\/\/appsaf.apieproject.com\/news\/wp-content\/uploads\/sites\/29\/2022\/04\/telechargement-2022-04-25T124343.857-a6294fec22841107fcd451270d43f3d5.jpg","keywords":["actualites","apie project","culture"],"articleSection":["Actualit\u00e9s","Culture"],"inLanguage":"fr-FR","potentialAction":[{"@type":"CommentAction","name":"Comment","target":["https:\/\/appsaf.apieproject.com\/news\/fr\/2022\/04\/27\/au-salon-du-livre-de-paris-le-senegal-nouveau-chef-de-file-du-pavillon-africain\/#respond"]}]},{"@type":"WebPage","@id":"https:\/\/appsaf.apieproject.com\/news\/fr\/2022\/04\/27\/au-salon-du-livre-de-paris-le-senegal-nouveau-chef-de-file-du-pavillon-africain\/","url":"https:\/\/appsaf.apieproject.com\/news\/fr\/2022\/04\/27\/au-salon-du-livre-de-paris-le-senegal-nouveau-chef-de-file-du-pavillon-africain\/","name":"Au Salon du livre de Paris, le S\u00e9n\u00e9gal nouveau chef de file du pavillon africain - APIE NEWS","isPartOf":{"@id":"https:\/\/appsaf.apieproject.com\/news\/#website"},"primaryImageOfPage":{"@id":"https:\/\/appsaf.apieproject.com\/news\/fr\/2022\/04\/27\/au-salon-du-livre-de-paris-le-senegal-nouveau-chef-de-file-du-pavillon-africain\/#primaryimage"},"image":{"@id":"https:\/\/appsaf.apieproject.com\/news\/fr\/2022\/04\/27\/au-salon-du-livre-de-paris-le-senegal-nouveau-chef-de-file-du-pavillon-africain\/#primaryimage"},"thumbnailUrl":"https:\/\/appsaf.apieproject.com\/news\/wp-content\/uploads\/sites\/29\/2022\/04\/telechargement-2022-04-25T124343.857-a6294fec22841107fcd451270d43f3d5.jpg","datePublished":"2022-04-27T04:26:30+00:00","dateModified":"2022-04-27T04:26:33+00:00","breadcrumb":{"@id":"https:\/\/appsaf.apieproject.com\/news\/fr\/2022\/04\/27\/au-salon-du-livre-de-paris-le-senegal-nouveau-chef-de-file-du-pavillon-africain\/#breadcrumb"},"inLanguage":"fr-FR","potentialAction":[{"@type":"ReadAction","target":["https:\/\/appsaf.apieproject.com\/news\/fr\/2022\/04\/27\/au-salon-du-livre-de-paris-le-senegal-nouveau-chef-de-file-du-pavillon-africain\/"]}]},{"@type":"ImageObject","inLanguage":"fr-FR","@id":"https:\/\/appsaf.apieproject.com\/news\/fr\/2022\/04\/27\/au-salon-du-livre-de-paris-le-senegal-nouveau-chef-de-file-du-pavillon-africain\/#primaryimage","url":"https:\/\/appsaf.apieproject.com\/news\/wp-content\/uploads\/sites\/29\/2022\/04\/telechargement-2022-04-25T124343.857-a6294fec22841107fcd451270d43f3d5.jpg","contentUrl":"https:\/\/appsaf.apieproject.com\/news\/wp-content\/uploads\/sites\/29\/2022\/04\/telechargement-2022-04-25T124343.857-a6294fec22841107fcd451270d43f3d5.jpg","width":301,"height":167},{"@type":"BreadcrumbList","@id":"https:\/\/appsaf.apieproject.com\/news\/fr\/2022\/04\/27\/au-salon-du-livre-de-paris-le-senegal-nouveau-chef-de-file-du-pavillon-africain\/#breadcrumb","itemListElement":[{"@type":"ListItem","position":1,"name":"Home","item":"https:\/\/appsaf.apieproject.com\/news\/fr\/home\/"},{"@type":"ListItem","position":2,"name":"Au Salon du livre de Paris, le S\u00e9n\u00e9gal nouveau chef de file du pavillon africain"}]},{"@type":"WebSite","@id":"https:\/\/appsaf.apieproject.com\/news\/#website","url":"https:\/\/appsaf.apieproject.com\/news\/","name":"APIE NEWS","description":"PANAFRICANISM NEWS PORTAL","publisher":{"@id":"https:\/\/appsaf.apieproject.com\/news\/#organization"},"potentialAction":[{"@type":"SearchAction","target":{"@type":"EntryPoint","urlTemplate":"https:\/\/appsaf.apieproject.com\/news\/?s={search_term_string}"},"query-input":{"@type":"PropertyValueSpecification","valueRequired":true,"valueName":"search_term_string"}}],"inLanguage":"fr-FR"},{"@type":"Organization","@id":"https:\/\/appsaf.apieproject.com\/news\/#organization","name":"APIE PROJECT","url":"https:\/\/appsaf.apieproject.com\/news\/","logo":{"@type":"ImageObject","inLanguage":"fr-FR","@id":"https:\/\/appsaf.apieproject.com\/news\/#\/schema\/logo\/image\/","url":"https:\/\/appsaf.apieproject.com\/news\/wp-content\/uploads\/sites\/29\/2022\/07\/logo-R-TransparentBackground.png","contentUrl":"https:\/\/appsaf.apieproject.com\/news\/wp-content\/uploads\/sites\/29\/2022\/07\/logo-R-TransparentBackground.png","width":512,"height":512,"caption":"APIE PROJECT"},"image":{"@id":"https:\/\/appsaf.apieproject.com\/news\/#\/schema\/logo\/image\/"},"sameAs":["https:\/\/facebook.com\/apieproject","https:\/\/x.com\/apieproject"]},{"@type":"Person","@id":"https:\/\/appsaf.apieproject.com\/news\/#\/schema\/person\/399517cac378948cd7b39086f9ddc2a7","name":"staff","image":{"@type":"ImageObject","inLanguage":"fr-FR","@id":"https:\/\/appsaf.apieproject.com\/news\/#\/schema\/person\/image\/","url":"https:\/\/secure.gravatar.com\/avatar\/5386283c5db150efe261184bd59f072a?s=96&d=mm&r=g","contentUrl":"https:\/\/secure.gravatar.com\/avatar\/5386283c5db150efe261184bd59f072a?s=96&d=mm&r=g","caption":"staff"},"url":"https:\/\/appsaf.apieproject.com\/news\/fr\/author\/staff\/"}]}},"_links":{"self":[{"href":"https:\/\/appsaf.apieproject.com\/news\/fr\/wp-json\/wp\/v2\/posts\/6759","targetHints":{"allow":["GET"]}}],"collection":[{"href":"https:\/\/appsaf.apieproject.com\/news\/fr\/wp-json\/wp\/v2\/posts"}],"about":[{"href":"https:\/\/appsaf.apieproject.com\/news\/fr\/wp-json\/wp\/v2\/types\/post"}],"author":[{"embeddable":true,"href":"https:\/\/appsaf.apieproject.com\/news\/fr\/wp-json\/wp\/v2\/users\/12963"}],"replies":[{"embeddable":true,"href":"https:\/\/appsaf.apieproject.com\/news\/fr\/wp-json\/wp\/v2\/comments?post=6759"}],"version-history":[{"count":1,"href":"https:\/\/appsaf.apieproject.com\/news\/fr\/wp-json\/wp\/v2\/posts\/6759\/revisions"}],"predecessor-version":[{"id":6961,"href":"https:\/\/appsaf.apieproject.com\/news\/fr\/wp-json\/wp\/v2\/posts\/6759\/revisions\/6961"}],"wp:featuredmedia":[{"embeddable":true,"href":"https:\/\/appsaf.apieproject.com\/news\/fr\/wp-json\/wp\/v2\/media\/6756"}],"wp:attachment":[{"href":"https:\/\/appsaf.apieproject.com\/news\/fr\/wp-json\/wp\/v2\/media?parent=6759"}],"wp:term":[{"taxonomy":"category","embeddable":true,"href":"https:\/\/appsaf.apieproject.com\/news\/fr\/wp-json\/wp\/v2\/categories?post=6759"},{"taxonomy":"post_tag","embeddable":true,"href":"https:\/\/appsaf.apieproject.com\/news\/fr\/wp-json\/wp\/v2\/tags?post=6759"}],"curies":[{"name":"wp","href":"https:\/\/api.w.org\/{rel}","templated":true}]}}