{"id":7323,"date":"2022-05-08T07:43:14","date_gmt":"2022-05-08T07:43:14","guid":{"rendered":"https:\/\/appsaf.apieproject.com\/news\/?p=7323"},"modified":"2022-05-08T07:43:15","modified_gmt":"2022-05-08T07:43:15","slug":"la-regtech-africa-conference-veut-renforcer-le-role-de-lafrique-dans-leconomie-mondiale","status":"publish","type":"post","link":"https:\/\/appsaf.apieproject.com\/news\/fr\/2022\/05\/08\/la-regtech-africa-conference-veut-renforcer-le-role-de-lafrique-dans-leconomie-mondiale\/","title":{"rendered":"La Regtech Africa Conference veut renforcer le r\u00f4le de l\u2019Afrique dans l\u2019\u00e9conomie mondiale"},"content":{"rendered":"<p>L\u2019\u00e9v\u00e9nement cherchera \u00e0 exploiter le potentiel de l\u2019innovation et de la technologie pour r\u00e9soudre les d\u00e9fis du monde r\u00e9el. La conf\u00e9rence favorisera l\u2019inclusion et la diversit\u00e9 pour plus de 1000 participants gr\u00e2ce \u00e0 des s\u00e9ances en petits groupes en anglais, arabe et fran\u00e7ais. Tous les participants b\u00e9n\u00e9ficieront de la conf\u00e9rence globale, notamment en raison des divers sujets qui seront explor\u00e9s par les conf\u00e9renciers et pan\u00e9listes polyvalents.<\/p>\n<p>Soutenu par la Fondation Bill et Melinda Gates, l\u2019\u00e9v\u00e9nement virtuel de haut niveau de deux jours est sous le th\u00e8me \u00ab Innovation R\u00e9glementaire : Renforcer le r\u00f4le de l\u2019Afrique dans l\u2019\u00e9conomie mondiale \u00bb. Il fournira des plateformes pour des d\u00e9lib\u00e9rations sur l\u2019\u00e9volution de l\u2019industrie avec des cadres de niveau C, des r\u00e9gulateurs financiers, et les d\u00e9cideurs au niveau mondial. Cela cr\u00e9era des opportunit\u00e9s pour s\u2019engager, se connecter et forger des collaborations avec des organisations au sein de la cha\u00eene de valeur financi\u00e8re.<\/p>\n","protected":false},"excerpt":{"rendered":"<p>RegTech Africa est sur le point d\u2019am\u00e9liorer l\u2019avenir num\u00e9rique de l\u2019Afrique gr\u00e2ce \u00e0 une collaboration am\u00e9lior\u00e9e afin de lib\u00e9rer un plus grand potentiel d\u2019innovation technologique. Il est pionnier dans cette d\u00e9marche en r\u00e9unissant des r\u00e9gulateurs, des experts de premier plan de l\u2019industrie, des d\u00e9cideurs et des responsables gouvernementaux, entre autres, pour la premi\u00e8re \u00e9dition de sa conf\u00e9rence immersive ax\u00e9e sur l\u2019Afrique qui se tiendra du 25 au 26 mai 2022.<\/p>\n","protected":false},"author":12963,"featured_media":7320,"comment_status":"open","ping_status":"open","sticky":false,"template":"","format":"standard","meta":{"footnotes":""},"categories":[67,73],"tags":[81,78,77],"class_list":{"0":"post-7323","1":"post","2":"type-post","3":"status-publish","4":"format-standard","5":"has-post-thumbnail","7":"category-actualites","8":"category-technologie","9":"tag-actualites","10":"tag-apie-project-2","11":"tag-technologie"},"yoast_head":"<!-- This site is optimized with the Yoast SEO plugin v24.4 - https:\/\/yoast.com\/wordpress\/plugins\/seo\/ -->\n<title>La Regtech Africa Conference veut renforcer le r\u00f4le de l\u2019Afrique dans l\u2019\u00e9conomie mondiale - APIE NEWS<\/title>\n<meta name=\"robots\" content=\"index, follow, max-snippet:-1, max-image-preview:large, max-video-preview:-1\" \/>\n<link rel=\"canonical\" href=\"https:\/\/appsaf.apieproject.com\/news\/fr\/2022\/05\/08\/la-regtech-africa-conference-veut-renforcer-le-role-de-lafrique-dans-leconomie-mondiale\/\" \/>\n<meta property=\"og:locale\" content=\"fr_FR\" \/>\n<meta property=\"og:type\" content=\"article\" \/>\n<meta property=\"og:title\" content=\"La Regtech Africa Conference veut renforcer le r\u00f4le de l\u2019Afrique dans l\u2019\u00e9conomie mondiale - APIE NEWS\" \/>\n<meta property=\"og:description\" content=\"RegTech Africa est sur le point d\u2019am\u00e9liorer l\u2019avenir num\u00e9rique de l\u2019Afrique gr\u00e2ce \u00e0 une collaboration am\u00e9lior\u00e9e afin de lib\u00e9rer un plus grand potentiel d\u2019innovation technologique. Il est pionnier dans cette d\u00e9marche en r\u00e9unissant des r\u00e9gulateurs, des experts de premier plan de l\u2019industrie, des d\u00e9cideurs et des responsables gouvernementaux, entre autres, pour la premi\u00e8re \u00e9dition de sa conf\u00e9rence immersive ax\u00e9e sur l\u2019Afrique qui se tiendra du 25 au 26 mai 2022.\" \/>\n<meta property=\"og:url\" content=\"https:\/\/appsaf.apieproject.com\/news\/fr\/2022\/05\/08\/la-regtech-africa-conference-veut-renforcer-le-role-de-lafrique-dans-leconomie-mondiale\/\" \/>\n<meta property=\"og:site_name\" content=\"APIE NEWS\" \/>\n<meta property=\"article:publisher\" content=\"https:\/\/facebook.com\/apieproject\" \/>\n<meta property=\"article:published_time\" content=\"2022-05-08T07:43:14+00:00\" \/>\n<meta property=\"article:modified_time\" content=\"2022-05-08T07:43:15+00:00\" \/>\n<meta property=\"og:image\" content=\"https:\/\/appsaf.apieproject.com\/news\/wp-content\/uploads\/sites\/29\/2022\/05\/telechargement-31-f877326dba1bbfbcf8d63bb3a3a4f882.jpg\" \/>\n\t<meta property=\"og:image:width\" content=\"275\" \/>\n\t<meta property=\"og:image:height\" content=\"183\" \/>\n\t<meta property=\"og:image:type\" content=\"image\/jpeg\" \/>\n<meta name=\"author\" content=\"staff\" \/>\n<meta name=\"twitter:card\" content=\"summary_large_image\" \/>\n<meta name=\"twitter:creator\" content=\"@apieproject\" \/>\n<meta name=\"twitter:site\" content=\"@apieproject\" \/>\n<meta name=\"twitter:label1\" content=\"\u00c9crit par\" \/>\n\t<meta name=\"twitter:data1\" content=\"staff\" \/>\n\t<meta name=\"twitter:label2\" content=\"Dur\u00e9e de lecture estim\u00e9e\" \/>\n\t<meta name=\"twitter:data2\" content=\"1 minute\" \/>\n<script type=\"application\/ld+json\" class=\"yoast-schema-graph\">{\"@context\":\"https:\/\/schema.org\",\"@graph\":[{\"@type\":\"Article\",\"@id\":\"https:\/\/appsaf.apieproject.com\/news\/fr\/2022\/05\/08\/la-regtech-africa-conference-veut-renforcer-le-role-de-lafrique-dans-leconomie-mondiale\/#article\",\"isPartOf\":{\"@id\":\"https:\/\/appsaf.apieproject.com\/news\/fr\/2022\/05\/08\/la-regtech-africa-conference-veut-renforcer-le-role-de-lafrique-dans-leconomie-mondiale\/\"},\"author\":{\"name\":\"staff\",\"@id\":\"https:\/\/appsaf.apieproject.com\/news\/#\/schema\/person\/399517cac378948cd7b39086f9ddc2a7\"},\"headline\":\"La Regtech Africa Conference veut renforcer le r\u00f4le de l\u2019Afrique dans l\u2019\u00e9conomie mondiale\",\"datePublished\":\"2022-05-08T07:43:14+00:00\",\"dateModified\":\"2022-05-08T07:43:15+00:00\",\"mainEntityOfPage\":{\"@id\":\"https:\/\/appsaf.apieproject.com\/news\/fr\/2022\/05\/08\/la-regtech-africa-conference-veut-renforcer-le-role-de-lafrique-dans-leconomie-mondiale\/\"},\"wordCount\":193,\"commentCount\":0,\"publisher\":{\"@id\":\"https:\/\/appsaf.apieproject.com\/news\/#organization\"},\"image\":{\"@id\":\"https:\/\/appsaf.apieproject.com\/news\/fr\/2022\/05\/08\/la-regtech-africa-conference-veut-renforcer-le-role-de-lafrique-dans-leconomie-mondiale\/#primaryimage\"},\"thumbnailUrl\":\"https:\/\/appsaf.apieproject.com\/news\/wp-content\/uploads\/sites\/29\/2022\/05\/telechargement-31-f877326dba1bbfbcf8d63bb3a3a4f882.jpg\",\"keywords\":[\"actualites\",\"apie project\",\"technologie\"],\"articleSection\":[\"Actualit\u00e9s\",\"Technologie\"],\"inLanguage\":\"fr-FR\",\"potentialAction\":[{\"@type\":\"CommentAction\",\"name\":\"Comment\",\"target\":[\"https:\/\/appsaf.apieproject.com\/news\/fr\/2022\/05\/08\/la-regtech-africa-conference-veut-renforcer-le-role-de-lafrique-dans-leconomie-mondiale\/#respond\"]}]},{\"@type\":\"WebPage\",\"@id\":\"https:\/\/appsaf.apieproject.com\/news\/fr\/2022\/05\/08\/la-regtech-africa-conference-veut-renforcer-le-role-de-lafrique-dans-leconomie-mondiale\/\",\"url\":\"https:\/\/appsaf.apieproject.com\/news\/fr\/2022\/05\/08\/la-regtech-africa-conference-veut-renforcer-le-role-de-lafrique-dans-leconomie-mondiale\/\",\"name\":\"La Regtech Africa Conference veut renforcer le r\u00f4le de l\u2019Afrique dans l\u2019\u00e9conomie mondiale - APIE NEWS\",\"isPartOf\":{\"@id\":\"https:\/\/appsaf.apieproject.com\/news\/#website\"},\"primaryImageOfPage\":{\"@id\":\"https:\/\/appsaf.apieproject.com\/news\/fr\/2022\/05\/08\/la-regtech-africa-conference-veut-renforcer-le-role-de-lafrique-dans-leconomie-mondiale\/#primaryimage\"},\"image\":{\"@id\":\"https:\/\/appsaf.apieproject.com\/news\/fr\/2022\/05\/08\/la-regtech-africa-conference-veut-renforcer-le-role-de-lafrique-dans-leconomie-mondiale\/#primaryimage\"},\"thumbnailUrl\":\"https:\/\/appsaf.apieproject.com\/news\/wp-content\/uploads\/sites\/29\/2022\/05\/telechargement-31-f877326dba1bbfbcf8d63bb3a3a4f882.jpg\",\"datePublished\":\"2022-05-08T07:43:14+00:00\",\"dateModified\":\"2022-05-08T07:43:15+00:00\",\"breadcrumb\":{\"@id\":\"https:\/\/appsaf.apieproject.com\/news\/fr\/2022\/05\/08\/la-regtech-africa-conference-veut-renforcer-le-role-de-lafrique-dans-leconomie-mondiale\/#breadcrumb\"},\"inLanguage\":\"fr-FR\",\"potentialAction\":[{\"@type\":\"ReadAction\",\"target\":[\"https:\/\/appsaf.apieproject.com\/news\/fr\/2022\/05\/08\/la-regtech-africa-conference-veut-renforcer-le-role-de-lafrique-dans-leconomie-mondiale\/\"]}]},{\"@type\":\"ImageObject\",\"inLanguage\":\"fr-FR\",\"@id\":\"https:\/\/appsaf.apieproject.com\/news\/fr\/2022\/05\/08\/la-regtech-africa-conference-veut-renforcer-le-role-de-lafrique-dans-leconomie-mondiale\/#primaryimage\",\"url\":\"https:\/\/appsaf.apieproject.com\/news\/wp-content\/uploads\/sites\/29\/2022\/05\/telechargement-31-f877326dba1bbfbcf8d63bb3a3a4f882.jpg\",\"contentUrl\":\"https:\/\/appsaf.apieproject.com\/news\/wp-content\/uploads\/sites\/29\/2022\/05\/telechargement-31-f877326dba1bbfbcf8d63bb3a3a4f882.jpg\",\"width\":275,\"height\":183},{\"@type\":\"BreadcrumbList\",\"@id\":\"https:\/\/appsaf.apieproject.com\/news\/fr\/2022\/05\/08\/la-regtech-africa-conference-veut-renforcer-le-role-de-lafrique-dans-leconomie-mondiale\/#breadcrumb\",\"itemListElement\":[{\"@type\":\"ListItem\",\"position\":1,\"name\":\"Home\",\"item\":\"https:\/\/appsaf.apieproject.com\/news\/fr\/home\/\"},{\"@type\":\"ListItem\",\"position\":2,\"name\":\"La Regtech Africa Conference veut renforcer le r\u00f4le de l\u2019Afrique dans l\u2019\u00e9conomie mondiale\"}]},{\"@type\":\"WebSite\",\"@id\":\"https:\/\/appsaf.apieproject.com\/news\/#website\",\"url\":\"https:\/\/appsaf.apieproject.com\/news\/\",\"name\":\"APIE NEWS\",\"description\":\"PANAFRICANISM NEWS PORTAL\",\"publisher\":{\"@id\":\"https:\/\/appsaf.apieproject.com\/news\/#organization\"},\"potentialAction\":[{\"@type\":\"SearchAction\",\"target\":{\"@type\":\"EntryPoint\",\"urlTemplate\":\"https:\/\/appsaf.apieproject.com\/news\/?s={search_term_string}\"},\"query-input\":{\"@type\":\"PropertyValueSpecification\",\"valueRequired\":true,\"valueName\":\"search_term_string\"}}],\"inLanguage\":\"fr-FR\"},{\"@type\":\"Organization\",\"@id\":\"https:\/\/appsaf.apieproject.com\/news\/#organization\",\"name\":\"APIE PROJECT\",\"url\":\"https:\/\/appsaf.apieproject.com\/news\/\",\"logo\":{\"@type\":\"ImageObject\",\"inLanguage\":\"fr-FR\",\"@id\":\"https:\/\/appsaf.apieproject.com\/news\/#\/schema\/logo\/image\/\",\"url\":\"https:\/\/appsaf.apieproject.com\/news\/wp-content\/uploads\/sites\/29\/2022\/07\/logo-R-TransparentBackground.png\",\"contentUrl\":\"https:\/\/appsaf.apieproject.com\/news\/wp-content\/uploads\/sites\/29\/2022\/07\/logo-R-TransparentBackground.png\",\"width\":512,\"height\":512,\"caption\":\"APIE PROJECT\"},\"image\":{\"@id\":\"https:\/\/appsaf.apieproject.com\/news\/#\/schema\/logo\/image\/\"},\"sameAs\":[\"https:\/\/facebook.com\/apieproject\",\"https:\/\/x.com\/apieproject\"]},{\"@type\":\"Person\",\"@id\":\"https:\/\/appsaf.apieproject.com\/news\/#\/schema\/person\/399517cac378948cd7b39086f9ddc2a7\",\"name\":\"staff\",\"image\":{\"@type\":\"ImageObject\",\"inLanguage\":\"fr-FR\",\"@id\":\"https:\/\/appsaf.apieproject.com\/news\/#\/schema\/person\/image\/\",\"url\":\"https:\/\/secure.gravatar.com\/avatar\/5386283c5db150efe261184bd59f072a?s=96&d=mm&r=g\",\"contentUrl\":\"https:\/\/secure.gravatar.com\/avatar\/5386283c5db150efe261184bd59f072a?s=96&d=mm&r=g\",\"caption\":\"staff\"},\"url\":\"https:\/\/appsaf.apieproject.com\/news\/fr\/author\/staff\/\"}]}<\/script>\n<!-- \/ Yoast SEO plugin. -->","yoast_head_json":{"title":"La Regtech Africa Conference veut renforcer le r\u00f4le de l\u2019Afrique dans l\u2019\u00e9conomie mondiale - APIE NEWS","robots":{"index":"index","follow":"follow","max-snippet":"max-snippet:-1","max-image-preview":"max-image-preview:large","max-video-preview":"max-video-preview:-1"},"canonical":"https:\/\/appsaf.apieproject.com\/news\/fr\/2022\/05\/08\/la-regtech-africa-conference-veut-renforcer-le-role-de-lafrique-dans-leconomie-mondiale\/","og_locale":"fr_FR","og_type":"article","og_title":"La Regtech Africa Conference veut renforcer le r\u00f4le de l\u2019Afrique dans l\u2019\u00e9conomie mondiale - APIE NEWS","og_description":"RegTech Africa est sur le point d\u2019am\u00e9liorer l\u2019avenir num\u00e9rique de l\u2019Afrique gr\u00e2ce \u00e0 une collaboration am\u00e9lior\u00e9e afin de lib\u00e9rer un plus grand potentiel d\u2019innovation technologique. Il est pionnier dans cette d\u00e9marche en r\u00e9unissant des r\u00e9gulateurs, des experts de premier plan de l\u2019industrie, des d\u00e9cideurs et des responsables gouvernementaux, entre autres, pour la premi\u00e8re \u00e9dition de sa conf\u00e9rence immersive ax\u00e9e sur l\u2019Afrique qui se tiendra du 25 au 26 mai 2022.","og_url":"https:\/\/appsaf.apieproject.com\/news\/fr\/2022\/05\/08\/la-regtech-africa-conference-veut-renforcer-le-role-de-lafrique-dans-leconomie-mondiale\/","og_site_name":"APIE NEWS","article_publisher":"https:\/\/facebook.com\/apieproject","article_published_time":"2022-05-08T07:43:14+00:00","article_modified_time":"2022-05-08T07:43:15+00:00","og_image":[{"width":275,"height":183,"url":"https:\/\/appsaf.apieproject.com\/news\/wp-content\/uploads\/sites\/29\/2022\/05\/telechargement-31-f877326dba1bbfbcf8d63bb3a3a4f882.jpg","type":"image\/jpeg"}],"author":"staff","twitter_card":"summary_large_image","twitter_creator":"@apieproject","twitter_site":"@apieproject","twitter_misc":{"\u00c9crit par":"staff","Dur\u00e9e de lecture estim\u00e9e":"1 minute"},"schema":{"@context":"https:\/\/schema.org","@graph":[{"@type":"Article","@id":"https:\/\/appsaf.apieproject.com\/news\/fr\/2022\/05\/08\/la-regtech-africa-conference-veut-renforcer-le-role-de-lafrique-dans-leconomie-mondiale\/#article","isPartOf":{"@id":"https:\/\/appsaf.apieproject.com\/news\/fr\/2022\/05\/08\/la-regtech-africa-conference-veut-renforcer-le-role-de-lafrique-dans-leconomie-mondiale\/"},"author":{"name":"staff","@id":"https:\/\/appsaf.apieproject.com\/news\/#\/schema\/person\/399517cac378948cd7b39086f9ddc2a7"},"headline":"La Regtech Africa Conference veut renforcer le r\u00f4le de l\u2019Afrique dans l\u2019\u00e9conomie mondiale","datePublished":"2022-05-08T07:43:14+00:00","dateModified":"2022-05-08T07:43:15+00:00","mainEntityOfPage":{"@id":"https:\/\/appsaf.apieproject.com\/news\/fr\/2022\/05\/08\/la-regtech-africa-conference-veut-renforcer-le-role-de-lafrique-dans-leconomie-mondiale\/"},"wordCount":193,"commentCount":0,"publisher":{"@id":"https:\/\/appsaf.apieproject.com\/news\/#organization"},"image":{"@id":"https:\/\/appsaf.apieproject.com\/news\/fr\/2022\/05\/08\/la-regtech-africa-conference-veut-renforcer-le-role-de-lafrique-dans-leconomie-mondiale\/#primaryimage"},"thumbnailUrl":"https:\/\/appsaf.apieproject.com\/news\/wp-content\/uploads\/sites\/29\/2022\/05\/telechargement-31-f877326dba1bbfbcf8d63bb3a3a4f882.jpg","keywords":["actualites","apie project","technologie"],"articleSection":["Actualit\u00e9s","Technologie"],"inLanguage":"fr-FR","potentialAction":[{"@type":"CommentAction","name":"Comment","target":["https:\/\/appsaf.apieproject.com\/news\/fr\/2022\/05\/08\/la-regtech-africa-conference-veut-renforcer-le-role-de-lafrique-dans-leconomie-mondiale\/#respond"]}]},{"@type":"WebPage","@id":"https:\/\/appsaf.apieproject.com\/news\/fr\/2022\/05\/08\/la-regtech-africa-conference-veut-renforcer-le-role-de-lafrique-dans-leconomie-mondiale\/","url":"https:\/\/appsaf.apieproject.com\/news\/fr\/2022\/05\/08\/la-regtech-africa-conference-veut-renforcer-le-role-de-lafrique-dans-leconomie-mondiale\/","name":"La Regtech Africa Conference veut renforcer le r\u00f4le de l\u2019Afrique dans l\u2019\u00e9conomie mondiale - APIE NEWS","isPartOf":{"@id":"https:\/\/appsaf.apieproject.com\/news\/#website"},"primaryImageOfPage":{"@id":"https:\/\/appsaf.apieproject.com\/news\/fr\/2022\/05\/08\/la-regtech-africa-conference-veut-renforcer-le-role-de-lafrique-dans-leconomie-mondiale\/#primaryimage"},"image":{"@id":"https:\/\/appsaf.apieproject.com\/news\/fr\/2022\/05\/08\/la-regtech-africa-conference-veut-renforcer-le-role-de-lafrique-dans-leconomie-mondiale\/#primaryimage"},"thumbnailUrl":"https:\/\/appsaf.apieproject.com\/news\/wp-content\/uploads\/sites\/29\/2022\/05\/telechargement-31-f877326dba1bbfbcf8d63bb3a3a4f882.jpg","datePublished":"2022-05-08T07:43:14+00:00","dateModified":"2022-05-08T07:43:15+00:00","breadcrumb":{"@id":"https:\/\/appsaf.apieproject.com\/news\/fr\/2022\/05\/08\/la-regtech-africa-conference-veut-renforcer-le-role-de-lafrique-dans-leconomie-mondiale\/#breadcrumb"},"inLanguage":"fr-FR","potentialAction":[{"@type":"ReadAction","target":["https:\/\/appsaf.apieproject.com\/news\/fr\/2022\/05\/08\/la-regtech-africa-conference-veut-renforcer-le-role-de-lafrique-dans-leconomie-mondiale\/"]}]},{"@type":"ImageObject","inLanguage":"fr-FR","@id":"https:\/\/appsaf.apieproject.com\/news\/fr\/2022\/05\/08\/la-regtech-africa-conference-veut-renforcer-le-role-de-lafrique-dans-leconomie-mondiale\/#primaryimage","url":"https:\/\/appsaf.apieproject.com\/news\/wp-content\/uploads\/sites\/29\/2022\/05\/telechargement-31-f877326dba1bbfbcf8d63bb3a3a4f882.jpg","contentUrl":"https:\/\/appsaf.apieproject.com\/news\/wp-content\/uploads\/sites\/29\/2022\/05\/telechargement-31-f877326dba1bbfbcf8d63bb3a3a4f882.jpg","width":275,"height":183},{"@type":"BreadcrumbList","@id":"https:\/\/appsaf.apieproject.com\/news\/fr\/2022\/05\/08\/la-regtech-africa-conference-veut-renforcer-le-role-de-lafrique-dans-leconomie-mondiale\/#breadcrumb","itemListElement":[{"@type":"ListItem","position":1,"name":"Home","item":"https:\/\/appsaf.apieproject.com\/news\/fr\/home\/"},{"@type":"ListItem","position":2,"name":"La Regtech Africa Conference veut renforcer le r\u00f4le de l\u2019Afrique dans l\u2019\u00e9conomie mondiale"}]},{"@type":"WebSite","@id":"https:\/\/appsaf.apieproject.com\/news\/#website","url":"https:\/\/appsaf.apieproject.com\/news\/","name":"APIE NEWS","description":"PANAFRICANISM NEWS PORTAL","publisher":{"@id":"https:\/\/appsaf.apieproject.com\/news\/#organization"},"potentialAction":[{"@type":"SearchAction","target":{"@type":"EntryPoint","urlTemplate":"https:\/\/appsaf.apieproject.com\/news\/?s={search_term_string}"},"query-input":{"@type":"PropertyValueSpecification","valueRequired":true,"valueName":"search_term_string"}}],"inLanguage":"fr-FR"},{"@type":"Organization","@id":"https:\/\/appsaf.apieproject.com\/news\/#organization","name":"APIE PROJECT","url":"https:\/\/appsaf.apieproject.com\/news\/","logo":{"@type":"ImageObject","inLanguage":"fr-FR","@id":"https:\/\/appsaf.apieproject.com\/news\/#\/schema\/logo\/image\/","url":"https:\/\/appsaf.apieproject.com\/news\/wp-content\/uploads\/sites\/29\/2022\/07\/logo-R-TransparentBackground.png","contentUrl":"https:\/\/appsaf.apieproject.com\/news\/wp-content\/uploads\/sites\/29\/2022\/07\/logo-R-TransparentBackground.png","width":512,"height":512,"caption":"APIE PROJECT"},"image":{"@id":"https:\/\/appsaf.apieproject.com\/news\/#\/schema\/logo\/image\/"},"sameAs":["https:\/\/facebook.com\/apieproject","https:\/\/x.com\/apieproject"]},{"@type":"Person","@id":"https:\/\/appsaf.apieproject.com\/news\/#\/schema\/person\/399517cac378948cd7b39086f9ddc2a7","name":"staff","image":{"@type":"ImageObject","inLanguage":"fr-FR","@id":"https:\/\/appsaf.apieproject.com\/news\/#\/schema\/person\/image\/","url":"https:\/\/secure.gravatar.com\/avatar\/5386283c5db150efe261184bd59f072a?s=96&d=mm&r=g","contentUrl":"https:\/\/secure.gravatar.com\/avatar\/5386283c5db150efe261184bd59f072a?s=96&d=mm&r=g","caption":"staff"},"url":"https:\/\/appsaf.apieproject.com\/news\/fr\/author\/staff\/"}]}},"_links":{"self":[{"href":"https:\/\/appsaf.apieproject.com\/news\/fr\/wp-json\/wp\/v2\/posts\/7323","targetHints":{"allow":["GET"]}}],"collection":[{"href":"https:\/\/appsaf.apieproject.com\/news\/fr\/wp-json\/wp\/v2\/posts"}],"about":[{"href":"https:\/\/appsaf.apieproject.com\/news\/fr\/wp-json\/wp\/v2\/types\/post"}],"author":[{"embeddable":true,"href":"https:\/\/appsaf.apieproject.com\/news\/fr\/wp-json\/wp\/v2\/users\/12963"}],"replies":[{"embeddable":true,"href":"https:\/\/appsaf.apieproject.com\/news\/fr\/wp-json\/wp\/v2\/comments?post=7323"}],"version-history":[{"count":1,"href":"https:\/\/appsaf.apieproject.com\/news\/fr\/wp-json\/wp\/v2\/posts\/7323\/revisions"}],"predecessor-version":[{"id":7579,"href":"https:\/\/appsaf.apieproject.com\/news\/fr\/wp-json\/wp\/v2\/posts\/7323\/revisions\/7579"}],"wp:featuredmedia":[{"embeddable":true,"href":"https:\/\/appsaf.apieproject.com\/news\/fr\/wp-json\/wp\/v2\/media\/7320"}],"wp:attachment":[{"href":"https:\/\/appsaf.apieproject.com\/news\/fr\/wp-json\/wp\/v2\/media?parent=7323"}],"wp:term":[{"taxonomy":"category","embeddable":true,"href":"https:\/\/appsaf.apieproject.com\/news\/fr\/wp-json\/wp\/v2\/categories?post=7323"},{"taxonomy":"post_tag","embeddable":true,"href":"https:\/\/appsaf.apieproject.com\/news\/fr\/wp-json\/wp\/v2\/tags?post=7323"}],"curies":[{"name":"wp","href":"https:\/\/api.w.org\/{rel}","templated":true}]}}