{"id":7367,"date":"2022-05-08T08:10:34","date_gmt":"2022-05-08T08:10:34","guid":{"rendered":"https:\/\/appsaf.apieproject.com\/news\/?p=7367"},"modified":"2022-05-08T08:10:36","modified_gmt":"2022-05-08T08:10:36","slug":"a-rebrousse-temps-rencontre-avec-la-peintre-franco-beninoise-leslie-amine","status":"publish","type":"post","link":"https:\/\/appsaf.apieproject.com\/news\/fr\/2022\/05\/08\/a-rebrousse-temps-rencontre-avec-la-peintre-franco-beninoise-leslie-amine\/","title":{"rendered":"\u00ab \u00c0 rebrousse-temps \u00bb : rencontre avec la peintre franco-b\u00e9ninoise Leslie Amine"},"content":{"rendered":"<p>En novembre dernier, Also Known As Africa (AKAA) reprenait ses quartiers au Carreau du Temple, \u00e0 Paris, sous le th\u00e8me \u00ab \u00c0 rebrousse-temps \u00bb, apr\u00e8s deux ann\u00e9es teint\u00e9es de crise sanitaire. Depuis le 6 avril et jusqu\u2019au 24 mai, un morceau de la foire voyage \u00e0 Lyon, en comit\u00e9 r\u00e9duit de 14 artistes, dans la galerie Manifesta, ancien atelier de soyeux en c\u0153ur de ville. Jeune Afrique est venu y explorer l\u2019\u0153uvre de Leslie Amine. Elle en raconte la gen\u00e8se.<\/p>\n<p>Deux toiles dans les tons rouge sont install\u00e9es c\u00f4te \u00e0 c\u00f4te dans la grande salle de la galerie lyonnaise. Elles sont sign\u00e9es de l\u2019artiste franco-b\u00e9ninoise Leslie Amine, tir\u00e9es de la collection \u00ab Conversations \u00bb. La peintre joue sur les transparences, travaille la fluidit\u00e9 de la mati\u00e8re, superpose de l\u2019acrylique et des encres. Le regard voyage entre les strates de sa technique et l\u2019histoire qu\u2019elle d\u00e9livre. Toutes deux illustrent des discussions sur fond de paysage onirique, o\u00f9 les palmiers contrastent avec le coucher de soleil, \u00e0 l\u2019heure o\u00f9 le ciel prend sa couleur de sang. Comme souvent dans sa peinture, \u00e0 en croire la directrice artistique de la foire, Armelle Dakouo, Leslie Amine balade son pinceau au fil d\u2019anecdotes, de recherche de soi, de voyages et de souvenirs d\u2019Afrique.<\/p>\n<p>Qu\u00eate d\u2019identit\u00e9<\/p>\n<p>Leslie a 18 ans quand elle d\u00e9couvre le continent, \u00e0 travers le pays de son p\u00e8re, le B\u00e9nin. Elle s\u2019y rend seule, y retrouve une partie de sa famille qui y vit toujours, comme pour r\u00e9pondre \u00e0 une qu\u00eate de soi. \u00ab J\u2019avais tr\u00e8s envie d\u2019y aller, je m\u2019imaginais beaucoup de choses, \u00e7a a \u00e9t\u00e9 une claque et j\u2019ai commenc\u00e9 une recherche sur mes origines avec ce voyage \u00bb, se souvient-elle.<\/p>\n<p>Leslie a grandi a des ann\u00e9es-lumi\u00e8re de cette r\u00e9alit\u00e9-l\u00e0, \u00e0 Saint-\u00c9tienne, \u00ab une ville o\u00f9 il n\u2019y avait pas beaucoup de Noirs, j\u2019\u00e9tais pr\u00e9sent\u00e9e comme telle, et o\u00f9 j\u2019ai souffert du racisme \u00bb, explique-t-elle. Au B\u00e9nin, elle devient contre toute attente \u00ab la Blanche \u00bb. Son m\u00e9tissage la fait s\u2019interroger sur la place qui pourrait \u00eatre la sienne : \u00ab Qui suis-je dans ce monde o\u00f9 je suis toujours l\u2019\u00e9trang\u00e8re ? \u00bb, formule-t-elle bien des ann\u00e9es apr\u00e8s, en souvenir de cette \u00e9poque. De fait, on retrouve dans l\u2019\u0153uvre de Leslie Amine une grande exploration sur la question du m\u00e9tissage et de l\u2019identit\u00e9.<\/p>\n<p>Elle a trouv\u00e9 une forme de r\u00e9ponse \u00e0 sa question au fil des quinze derni\u00e8res ann\u00e9es de travail artistique. Aujourd\u2019hui, c\u2019est \u00ab int\u00e9gr\u00e9 \u00bb dit-elle. Elle marque un temps d\u2019arr\u00eat. \u00ab On me demande souvent pourquoi je ne peins que des Noirs. \u00bb Peut-\u00eatre la qu\u00eate continue-t-elle ? La peinture de gauche au mur de la galerie Manifesta repr\u00e9sente deux hommes en premier plan, sur celle de droite, un homme et une femme discutent. Tous sont effectivement Noirs. \u00ab Pourquoi ce sont eux qui m\u2019int\u00e9ressent ? \u00bb, s\u2019interroge-t-elle, avant de commencer \u00e0 r\u00e9pondre. \u00ab Je crois que j\u2019ai besoin de cette repr\u00e9sentation l\u00e0, d\u2019illustrer le corps noir, comme une seconde recherche qui serait plus large que moi-m\u00eame, que mon interrogation sur qui je suis. \u00bb<\/p>\n<p>Ces corps viennent \u00e0 la fois de ses voyages, en Ha\u00efti notamment, au B\u00e9nin, au Cameroun, o\u00f9 elle a des attaches par son mari. Mais aussi de nombreuses rencontres de rues qu\u2019elle fait en France, o\u00f9 elle photographie les gens \u00e0 la peau noire qu\u2019elle croise. \u00ab Il y a toute une phase de mon travail qui repose sur la repr\u00e9sentation de la diaspora, ceux du tableau de droite ont pos\u00e9 pour moi \u00e0 Grenoble \u00bb, explique-t-elle.<\/p>\n<p>Plong\u00e9e dans la carte postale<\/p>\n<p>Entre les palmiers du tableau de gauche \u00e9merge une coquille, signalisation de la station essence Shell. Leslie Amine aime glisser dans ses toiles des \u00ab symboles des grandes villes d\u2019Afrique. Lorsque j\u2019ai pris la photo qui a inspir\u00e9 ce travail, j\u2019ai cadr\u00e9 sur cette enseigne, cela me paraissait tellement significatif dans le paysage, tellement imposant \u00bb. Sur la peinture de droite, la jungle est visit\u00e9e par une paire de Stan Smith. Elle sourit de ces rencontres qui peuvent parfois cr\u00e9er \u00ab une \u00e9tranget\u00e9, ou des formes d\u2019anachronismes \u00bb, mais qui nous sont famili\u00e8res.<\/p>\n<p>Leslie Amine laisse son spectateur libre d\u2019interpr\u00e9tation, tout se veut \u00ab sans revendication particuli\u00e8re, sans \u00e9tiquettes, ouvert aux possibilit\u00e9s \u00bb. Elle est fascin\u00e9e par ces paysages exotiques, parfaites illustrations de l\u2019id\u00e9e qu\u2019elle se fait de \u00ab l\u2019ailleurs \u00bb. Ses fonds donnent toujours l\u2019impression de plonger dans une carte postale. Elle travaille d\u2019apr\u00e8s des photographies r\u00e9alis\u00e9es lors de ses d\u00e9placements, \u00ab pas sur le vif \u00bb, donc, m\u00eame si sa peinture a quelque chose de tr\u00e8s instinctif qui donne l\u2019impression de sauter dans un de ses souvenirs. Ses superpositions de mati\u00e8res et d\u2019histoires ne sont pas sans rappeler \u00ab le bricolage et l\u2019agencement des rues \u00bb qu\u2019elle voit souvent au Cameroun. Elle se dit bient\u00f4t \u00e0 court d\u2019images pour nourrir sa peinture. Vivement le prochain d\u00e9part.<\/p>\n","protected":false},"excerpt":{"rendered":"<p>La foire d\u2019art contemporain AKAA prend ses quartiers avec 14 artistes \u00e0 la galerie Manifesta, \u00e0 Lyon, jusqu\u2019au 24 mai 2022. L\u2019occasion de s\u2019entretenir avec l\u2019artiste peintre sur son travail, entre deux tableaux.<\/p>\n","protected":false},"author":12963,"featured_media":7364,"comment_status":"open","ping_status":"open","sticky":false,"template":"","format":"standard","meta":{"footnotes":""},"categories":[67,53],"tags":[81,78,87],"class_list":{"0":"post-7367","1":"post","2":"type-post","3":"status-publish","4":"format-standard","5":"has-post-thumbnail","7":"category-actualites","8":"category-culture-fr","9":"tag-actualites","10":"tag-apie-project-2","11":"tag-culture-2"},"yoast_head":"<!-- This site is optimized with the Yoast SEO plugin v24.4 - https:\/\/yoast.com\/wordpress\/plugins\/seo\/ -->\n<title>\u00ab \u00c0 rebrousse-temps \u00bb : rencontre avec la peintre franco-b\u00e9ninoise Leslie Amine - APIE NEWS<\/title>\n<meta name=\"robots\" content=\"index, follow, max-snippet:-1, max-image-preview:large, max-video-preview:-1\" \/>\n<link rel=\"canonical\" href=\"https:\/\/appsaf.apieproject.com\/news\/fr\/2022\/05\/08\/a-rebrousse-temps-rencontre-avec-la-peintre-franco-beninoise-leslie-amine\/\" \/>\n<meta property=\"og:locale\" content=\"fr_FR\" \/>\n<meta property=\"og:type\" content=\"article\" \/>\n<meta property=\"og:title\" content=\"\u00ab \u00c0 rebrousse-temps \u00bb : rencontre avec la peintre franco-b\u00e9ninoise Leslie Amine - APIE NEWS\" \/>\n<meta property=\"og:description\" content=\"La foire d\u2019art contemporain AKAA prend ses quartiers avec 14 artistes \u00e0 la galerie Manifesta, \u00e0 Lyon, jusqu\u2019au 24 mai 2022. L\u2019occasion de s\u2019entretenir avec l\u2019artiste peintre sur son travail, entre deux tableaux.\" \/>\n<meta property=\"og:url\" content=\"https:\/\/appsaf.apieproject.com\/news\/fr\/2022\/05\/08\/a-rebrousse-temps-rencontre-avec-la-peintre-franco-beninoise-leslie-amine\/\" \/>\n<meta property=\"og:site_name\" content=\"APIE NEWS\" \/>\n<meta property=\"article:publisher\" content=\"https:\/\/facebook.com\/apieproject\" \/>\n<meta property=\"article:published_time\" content=\"2022-05-08T08:10:34+00:00\" \/>\n<meta property=\"article:modified_time\" content=\"2022-05-08T08:10:36+00:00\" \/>\n<meta property=\"og:image\" content=\"https:\/\/appsaf.apieproject.com\/news\/wp-content\/uploads\/sites\/29\/2022\/05\/telechargement-36-fa84f4e8a10f0e04ba721b4149b229a9.jpg\" \/>\n\t<meta property=\"og:image:width\" content=\"318\" \/>\n\t<meta property=\"og:image:height\" content=\"159\" \/>\n\t<meta property=\"og:image:type\" content=\"image\/jpeg\" \/>\n<meta name=\"author\" content=\"staff\" \/>\n<meta name=\"twitter:card\" content=\"summary_large_image\" \/>\n<meta name=\"twitter:creator\" content=\"@apieproject\" \/>\n<meta name=\"twitter:site\" content=\"@apieproject\" \/>\n<meta name=\"twitter:label1\" content=\"\u00c9crit par\" \/>\n\t<meta name=\"twitter:data1\" content=\"staff\" \/>\n\t<meta name=\"twitter:label2\" content=\"Dur\u00e9e de lecture estim\u00e9e\" \/>\n\t<meta name=\"twitter:data2\" content=\"4 minutes\" \/>\n<script type=\"application\/ld+json\" class=\"yoast-schema-graph\">{\"@context\":\"https:\/\/schema.org\",\"@graph\":[{\"@type\":\"Article\",\"@id\":\"https:\/\/appsaf.apieproject.com\/news\/fr\/2022\/05\/08\/a-rebrousse-temps-rencontre-avec-la-peintre-franco-beninoise-leslie-amine\/#article\",\"isPartOf\":{\"@id\":\"https:\/\/appsaf.apieproject.com\/news\/fr\/2022\/05\/08\/a-rebrousse-temps-rencontre-avec-la-peintre-franco-beninoise-leslie-amine\/\"},\"author\":{\"name\":\"staff\",\"@id\":\"https:\/\/appsaf.apieproject.com\/news\/#\/schema\/person\/399517cac378948cd7b39086f9ddc2a7\"},\"headline\":\"\u00ab \u00c0 rebrousse-temps \u00bb : rencontre avec la peintre franco-b\u00e9ninoise Leslie Amine\",\"datePublished\":\"2022-05-08T08:10:34+00:00\",\"dateModified\":\"2022-05-08T08:10:36+00:00\",\"mainEntityOfPage\":{\"@id\":\"https:\/\/appsaf.apieproject.com\/news\/fr\/2022\/05\/08\/a-rebrousse-temps-rencontre-avec-la-peintre-franco-beninoise-leslie-amine\/\"},\"wordCount\":874,\"commentCount\":0,\"publisher\":{\"@id\":\"https:\/\/appsaf.apieproject.com\/news\/#organization\"},\"image\":{\"@id\":\"https:\/\/appsaf.apieproject.com\/news\/fr\/2022\/05\/08\/a-rebrousse-temps-rencontre-avec-la-peintre-franco-beninoise-leslie-amine\/#primaryimage\"},\"thumbnailUrl\":\"https:\/\/appsaf.apieproject.com\/news\/wp-content\/uploads\/sites\/29\/2022\/05\/telechargement-36-fa84f4e8a10f0e04ba721b4149b229a9.jpg\",\"keywords\":[\"actualites\",\"apie project\",\"culture\"],\"articleSection\":[\"Actualit\u00e9s\",\"Culture\"],\"inLanguage\":\"fr-FR\",\"potentialAction\":[{\"@type\":\"CommentAction\",\"name\":\"Comment\",\"target\":[\"https:\/\/appsaf.apieproject.com\/news\/fr\/2022\/05\/08\/a-rebrousse-temps-rencontre-avec-la-peintre-franco-beninoise-leslie-amine\/#respond\"]}]},{\"@type\":\"WebPage\",\"@id\":\"https:\/\/appsaf.apieproject.com\/news\/fr\/2022\/05\/08\/a-rebrousse-temps-rencontre-avec-la-peintre-franco-beninoise-leslie-amine\/\",\"url\":\"https:\/\/appsaf.apieproject.com\/news\/fr\/2022\/05\/08\/a-rebrousse-temps-rencontre-avec-la-peintre-franco-beninoise-leslie-amine\/\",\"name\":\"\u00ab \u00c0 rebrousse-temps \u00bb : rencontre avec la peintre franco-b\u00e9ninoise Leslie Amine - APIE NEWS\",\"isPartOf\":{\"@id\":\"https:\/\/appsaf.apieproject.com\/news\/#website\"},\"primaryImageOfPage\":{\"@id\":\"https:\/\/appsaf.apieproject.com\/news\/fr\/2022\/05\/08\/a-rebrousse-temps-rencontre-avec-la-peintre-franco-beninoise-leslie-amine\/#primaryimage\"},\"image\":{\"@id\":\"https:\/\/appsaf.apieproject.com\/news\/fr\/2022\/05\/08\/a-rebrousse-temps-rencontre-avec-la-peintre-franco-beninoise-leslie-amine\/#primaryimage\"},\"thumbnailUrl\":\"https:\/\/appsaf.apieproject.com\/news\/wp-content\/uploads\/sites\/29\/2022\/05\/telechargement-36-fa84f4e8a10f0e04ba721b4149b229a9.jpg\",\"datePublished\":\"2022-05-08T08:10:34+00:00\",\"dateModified\":\"2022-05-08T08:10:36+00:00\",\"breadcrumb\":{\"@id\":\"https:\/\/appsaf.apieproject.com\/news\/fr\/2022\/05\/08\/a-rebrousse-temps-rencontre-avec-la-peintre-franco-beninoise-leslie-amine\/#breadcrumb\"},\"inLanguage\":\"fr-FR\",\"potentialAction\":[{\"@type\":\"ReadAction\",\"target\":[\"https:\/\/appsaf.apieproject.com\/news\/fr\/2022\/05\/08\/a-rebrousse-temps-rencontre-avec-la-peintre-franco-beninoise-leslie-amine\/\"]}]},{\"@type\":\"ImageObject\",\"inLanguage\":\"fr-FR\",\"@id\":\"https:\/\/appsaf.apieproject.com\/news\/fr\/2022\/05\/08\/a-rebrousse-temps-rencontre-avec-la-peintre-franco-beninoise-leslie-amine\/#primaryimage\",\"url\":\"https:\/\/appsaf.apieproject.com\/news\/wp-content\/uploads\/sites\/29\/2022\/05\/telechargement-36-fa84f4e8a10f0e04ba721b4149b229a9.jpg\",\"contentUrl\":\"https:\/\/appsaf.apieproject.com\/news\/wp-content\/uploads\/sites\/29\/2022\/05\/telechargement-36-fa84f4e8a10f0e04ba721b4149b229a9.jpg\",\"width\":318,\"height\":159},{\"@type\":\"BreadcrumbList\",\"@id\":\"https:\/\/appsaf.apieproject.com\/news\/fr\/2022\/05\/08\/a-rebrousse-temps-rencontre-avec-la-peintre-franco-beninoise-leslie-amine\/#breadcrumb\",\"itemListElement\":[{\"@type\":\"ListItem\",\"position\":1,\"name\":\"Home\",\"item\":\"https:\/\/appsaf.apieproject.com\/news\/fr\/home\/\"},{\"@type\":\"ListItem\",\"position\":2,\"name\":\"\u00ab \u00c0 rebrousse-temps \u00bb : rencontre avec la peintre franco-b\u00e9ninoise Leslie Amine\"}]},{\"@type\":\"WebSite\",\"@id\":\"https:\/\/appsaf.apieproject.com\/news\/#website\",\"url\":\"https:\/\/appsaf.apieproject.com\/news\/\",\"name\":\"APIE NEWS\",\"description\":\"PANAFRICANISM NEWS PORTAL\",\"publisher\":{\"@id\":\"https:\/\/appsaf.apieproject.com\/news\/#organization\"},\"potentialAction\":[{\"@type\":\"SearchAction\",\"target\":{\"@type\":\"EntryPoint\",\"urlTemplate\":\"https:\/\/appsaf.apieproject.com\/news\/?s={search_term_string}\"},\"query-input\":{\"@type\":\"PropertyValueSpecification\",\"valueRequired\":true,\"valueName\":\"search_term_string\"}}],\"inLanguage\":\"fr-FR\"},{\"@type\":\"Organization\",\"@id\":\"https:\/\/appsaf.apieproject.com\/news\/#organization\",\"name\":\"APIE PROJECT\",\"url\":\"https:\/\/appsaf.apieproject.com\/news\/\",\"logo\":{\"@type\":\"ImageObject\",\"inLanguage\":\"fr-FR\",\"@id\":\"https:\/\/appsaf.apieproject.com\/news\/#\/schema\/logo\/image\/\",\"url\":\"https:\/\/appsaf.apieproject.com\/news\/wp-content\/uploads\/sites\/29\/2022\/07\/logo-R-TransparentBackground.png\",\"contentUrl\":\"https:\/\/appsaf.apieproject.com\/news\/wp-content\/uploads\/sites\/29\/2022\/07\/logo-R-TransparentBackground.png\",\"width\":512,\"height\":512,\"caption\":\"APIE PROJECT\"},\"image\":{\"@id\":\"https:\/\/appsaf.apieproject.com\/news\/#\/schema\/logo\/image\/\"},\"sameAs\":[\"https:\/\/facebook.com\/apieproject\",\"https:\/\/x.com\/apieproject\"]},{\"@type\":\"Person\",\"@id\":\"https:\/\/appsaf.apieproject.com\/news\/#\/schema\/person\/399517cac378948cd7b39086f9ddc2a7\",\"name\":\"staff\",\"image\":{\"@type\":\"ImageObject\",\"inLanguage\":\"fr-FR\",\"@id\":\"https:\/\/appsaf.apieproject.com\/news\/#\/schema\/person\/image\/\",\"url\":\"https:\/\/secure.gravatar.com\/avatar\/5386283c5db150efe261184bd59f072a?s=96&d=mm&r=g\",\"contentUrl\":\"https:\/\/secure.gravatar.com\/avatar\/5386283c5db150efe261184bd59f072a?s=96&d=mm&r=g\",\"caption\":\"staff\"},\"url\":\"https:\/\/appsaf.apieproject.com\/news\/fr\/author\/staff\/\"}]}<\/script>\n<!-- \/ Yoast SEO plugin. -->","yoast_head_json":{"title":"\u00ab \u00c0 rebrousse-temps \u00bb : rencontre avec la peintre franco-b\u00e9ninoise Leslie Amine - APIE NEWS","robots":{"index":"index","follow":"follow","max-snippet":"max-snippet:-1","max-image-preview":"max-image-preview:large","max-video-preview":"max-video-preview:-1"},"canonical":"https:\/\/appsaf.apieproject.com\/news\/fr\/2022\/05\/08\/a-rebrousse-temps-rencontre-avec-la-peintre-franco-beninoise-leslie-amine\/","og_locale":"fr_FR","og_type":"article","og_title":"\u00ab \u00c0 rebrousse-temps \u00bb : rencontre avec la peintre franco-b\u00e9ninoise Leslie Amine - APIE NEWS","og_description":"La foire d\u2019art contemporain AKAA prend ses quartiers avec 14 artistes \u00e0 la galerie Manifesta, \u00e0 Lyon, jusqu\u2019au 24 mai 2022. L\u2019occasion de s\u2019entretenir avec l\u2019artiste peintre sur son travail, entre deux tableaux.","og_url":"https:\/\/appsaf.apieproject.com\/news\/fr\/2022\/05\/08\/a-rebrousse-temps-rencontre-avec-la-peintre-franco-beninoise-leslie-amine\/","og_site_name":"APIE NEWS","article_publisher":"https:\/\/facebook.com\/apieproject","article_published_time":"2022-05-08T08:10:34+00:00","article_modified_time":"2022-05-08T08:10:36+00:00","og_image":[{"width":318,"height":159,"url":"https:\/\/appsaf.apieproject.com\/news\/wp-content\/uploads\/sites\/29\/2022\/05\/telechargement-36-fa84f4e8a10f0e04ba721b4149b229a9.jpg","type":"image\/jpeg"}],"author":"staff","twitter_card":"summary_large_image","twitter_creator":"@apieproject","twitter_site":"@apieproject","twitter_misc":{"\u00c9crit par":"staff","Dur\u00e9e de lecture estim\u00e9e":"4 minutes"},"schema":{"@context":"https:\/\/schema.org","@graph":[{"@type":"Article","@id":"https:\/\/appsaf.apieproject.com\/news\/fr\/2022\/05\/08\/a-rebrousse-temps-rencontre-avec-la-peintre-franco-beninoise-leslie-amine\/#article","isPartOf":{"@id":"https:\/\/appsaf.apieproject.com\/news\/fr\/2022\/05\/08\/a-rebrousse-temps-rencontre-avec-la-peintre-franco-beninoise-leslie-amine\/"},"author":{"name":"staff","@id":"https:\/\/appsaf.apieproject.com\/news\/#\/schema\/person\/399517cac378948cd7b39086f9ddc2a7"},"headline":"\u00ab \u00c0 rebrousse-temps \u00bb : rencontre avec la peintre franco-b\u00e9ninoise Leslie Amine","datePublished":"2022-05-08T08:10:34+00:00","dateModified":"2022-05-08T08:10:36+00:00","mainEntityOfPage":{"@id":"https:\/\/appsaf.apieproject.com\/news\/fr\/2022\/05\/08\/a-rebrousse-temps-rencontre-avec-la-peintre-franco-beninoise-leslie-amine\/"},"wordCount":874,"commentCount":0,"publisher":{"@id":"https:\/\/appsaf.apieproject.com\/news\/#organization"},"image":{"@id":"https:\/\/appsaf.apieproject.com\/news\/fr\/2022\/05\/08\/a-rebrousse-temps-rencontre-avec-la-peintre-franco-beninoise-leslie-amine\/#primaryimage"},"thumbnailUrl":"https:\/\/appsaf.apieproject.com\/news\/wp-content\/uploads\/sites\/29\/2022\/05\/telechargement-36-fa84f4e8a10f0e04ba721b4149b229a9.jpg","keywords":["actualites","apie project","culture"],"articleSection":["Actualit\u00e9s","Culture"],"inLanguage":"fr-FR","potentialAction":[{"@type":"CommentAction","name":"Comment","target":["https:\/\/appsaf.apieproject.com\/news\/fr\/2022\/05\/08\/a-rebrousse-temps-rencontre-avec-la-peintre-franco-beninoise-leslie-amine\/#respond"]}]},{"@type":"WebPage","@id":"https:\/\/appsaf.apieproject.com\/news\/fr\/2022\/05\/08\/a-rebrousse-temps-rencontre-avec-la-peintre-franco-beninoise-leslie-amine\/","url":"https:\/\/appsaf.apieproject.com\/news\/fr\/2022\/05\/08\/a-rebrousse-temps-rencontre-avec-la-peintre-franco-beninoise-leslie-amine\/","name":"\u00ab \u00c0 rebrousse-temps \u00bb : rencontre avec la peintre franco-b\u00e9ninoise Leslie Amine - APIE NEWS","isPartOf":{"@id":"https:\/\/appsaf.apieproject.com\/news\/#website"},"primaryImageOfPage":{"@id":"https:\/\/appsaf.apieproject.com\/news\/fr\/2022\/05\/08\/a-rebrousse-temps-rencontre-avec-la-peintre-franco-beninoise-leslie-amine\/#primaryimage"},"image":{"@id":"https:\/\/appsaf.apieproject.com\/news\/fr\/2022\/05\/08\/a-rebrousse-temps-rencontre-avec-la-peintre-franco-beninoise-leslie-amine\/#primaryimage"},"thumbnailUrl":"https:\/\/appsaf.apieproject.com\/news\/wp-content\/uploads\/sites\/29\/2022\/05\/telechargement-36-fa84f4e8a10f0e04ba721b4149b229a9.jpg","datePublished":"2022-05-08T08:10:34+00:00","dateModified":"2022-05-08T08:10:36+00:00","breadcrumb":{"@id":"https:\/\/appsaf.apieproject.com\/news\/fr\/2022\/05\/08\/a-rebrousse-temps-rencontre-avec-la-peintre-franco-beninoise-leslie-amine\/#breadcrumb"},"inLanguage":"fr-FR","potentialAction":[{"@type":"ReadAction","target":["https:\/\/appsaf.apieproject.com\/news\/fr\/2022\/05\/08\/a-rebrousse-temps-rencontre-avec-la-peintre-franco-beninoise-leslie-amine\/"]}]},{"@type":"ImageObject","inLanguage":"fr-FR","@id":"https:\/\/appsaf.apieproject.com\/news\/fr\/2022\/05\/08\/a-rebrousse-temps-rencontre-avec-la-peintre-franco-beninoise-leslie-amine\/#primaryimage","url":"https:\/\/appsaf.apieproject.com\/news\/wp-content\/uploads\/sites\/29\/2022\/05\/telechargement-36-fa84f4e8a10f0e04ba721b4149b229a9.jpg","contentUrl":"https:\/\/appsaf.apieproject.com\/news\/wp-content\/uploads\/sites\/29\/2022\/05\/telechargement-36-fa84f4e8a10f0e04ba721b4149b229a9.jpg","width":318,"height":159},{"@type":"BreadcrumbList","@id":"https:\/\/appsaf.apieproject.com\/news\/fr\/2022\/05\/08\/a-rebrousse-temps-rencontre-avec-la-peintre-franco-beninoise-leslie-amine\/#breadcrumb","itemListElement":[{"@type":"ListItem","position":1,"name":"Home","item":"https:\/\/appsaf.apieproject.com\/news\/fr\/home\/"},{"@type":"ListItem","position":2,"name":"\u00ab \u00c0 rebrousse-temps \u00bb : rencontre avec la peintre franco-b\u00e9ninoise Leslie Amine"}]},{"@type":"WebSite","@id":"https:\/\/appsaf.apieproject.com\/news\/#website","url":"https:\/\/appsaf.apieproject.com\/news\/","name":"APIE NEWS","description":"PANAFRICANISM NEWS PORTAL","publisher":{"@id":"https:\/\/appsaf.apieproject.com\/news\/#organization"},"potentialAction":[{"@type":"SearchAction","target":{"@type":"EntryPoint","urlTemplate":"https:\/\/appsaf.apieproject.com\/news\/?s={search_term_string}"},"query-input":{"@type":"PropertyValueSpecification","valueRequired":true,"valueName":"search_term_string"}}],"inLanguage":"fr-FR"},{"@type":"Organization","@id":"https:\/\/appsaf.apieproject.com\/news\/#organization","name":"APIE PROJECT","url":"https:\/\/appsaf.apieproject.com\/news\/","logo":{"@type":"ImageObject","inLanguage":"fr-FR","@id":"https:\/\/appsaf.apieproject.com\/news\/#\/schema\/logo\/image\/","url":"https:\/\/appsaf.apieproject.com\/news\/wp-content\/uploads\/sites\/29\/2022\/07\/logo-R-TransparentBackground.png","contentUrl":"https:\/\/appsaf.apieproject.com\/news\/wp-content\/uploads\/sites\/29\/2022\/07\/logo-R-TransparentBackground.png","width":512,"height":512,"caption":"APIE PROJECT"},"image":{"@id":"https:\/\/appsaf.apieproject.com\/news\/#\/schema\/logo\/image\/"},"sameAs":["https:\/\/facebook.com\/apieproject","https:\/\/x.com\/apieproject"]},{"@type":"Person","@id":"https:\/\/appsaf.apieproject.com\/news\/#\/schema\/person\/399517cac378948cd7b39086f9ddc2a7","name":"staff","image":{"@type":"ImageObject","inLanguage":"fr-FR","@id":"https:\/\/appsaf.apieproject.com\/news\/#\/schema\/person\/image\/","url":"https:\/\/secure.gravatar.com\/avatar\/5386283c5db150efe261184bd59f072a?s=96&d=mm&r=g","contentUrl":"https:\/\/secure.gravatar.com\/avatar\/5386283c5db150efe261184bd59f072a?s=96&d=mm&r=g","caption":"staff"},"url":"https:\/\/appsaf.apieproject.com\/news\/fr\/author\/staff\/"}]}},"_links":{"self":[{"href":"https:\/\/appsaf.apieproject.com\/news\/fr\/wp-json\/wp\/v2\/posts\/7367","targetHints":{"allow":["GET"]}}],"collection":[{"href":"https:\/\/appsaf.apieproject.com\/news\/fr\/wp-json\/wp\/v2\/posts"}],"about":[{"href":"https:\/\/appsaf.apieproject.com\/news\/fr\/wp-json\/wp\/v2\/types\/post"}],"author":[{"embeddable":true,"href":"https:\/\/appsaf.apieproject.com\/news\/fr\/wp-json\/wp\/v2\/users\/12963"}],"replies":[{"embeddable":true,"href":"https:\/\/appsaf.apieproject.com\/news\/fr\/wp-json\/wp\/v2\/comments?post=7367"}],"version-history":[{"count":1,"href":"https:\/\/appsaf.apieproject.com\/news\/fr\/wp-json\/wp\/v2\/posts\/7367\/revisions"}],"predecessor-version":[{"id":7601,"href":"https:\/\/appsaf.apieproject.com\/news\/fr\/wp-json\/wp\/v2\/posts\/7367\/revisions\/7601"}],"wp:featuredmedia":[{"embeddable":true,"href":"https:\/\/appsaf.apieproject.com\/news\/fr\/wp-json\/wp\/v2\/media\/7364"}],"wp:attachment":[{"href":"https:\/\/appsaf.apieproject.com\/news\/fr\/wp-json\/wp\/v2\/media?parent=7367"}],"wp:term":[{"taxonomy":"category","embeddable":true,"href":"https:\/\/appsaf.apieproject.com\/news\/fr\/wp-json\/wp\/v2\/categories?post=7367"},{"taxonomy":"post_tag","embeddable":true,"href":"https:\/\/appsaf.apieproject.com\/news\/fr\/wp-json\/wp\/v2\/tags?post=7367"}],"curies":[{"name":"wp","href":"https:\/\/api.w.org\/{rel}","templated":true}]}}