{"id":7639,"date":"2022-05-11T07:31:59","date_gmt":"2022-05-11T07:31:59","guid":{"rendered":"https:\/\/appsaf.apieproject.com\/news\/?p=7639"},"modified":"2022-05-11T07:32:00","modified_gmt":"2022-05-11T07:32:00","slug":"chari-selectionnee-pour-lafrica-ceo-forum","status":"publish","type":"post","link":"https:\/\/appsaf.apieproject.com\/news\/fr\/2022\/05\/11\/chari-selectionnee-pour-lafrica-ceo-forum\/","title":{"rendered":"Chari s\u00e9lectionn\u00e9e pour l\u2019Africa CEO Forum"},"content":{"rendered":"<p>Au cours de cette session d\u2019une heure totalement in\u00e9dite, les CEOs des start-ups les plus prometteuses du continent s\u2019essayent au jeu de la prospective. \u00ab A travers des keynote speeches dynamiques et interactifs d\u2019une quinzaine de minutes, ils imagineront l\u2019avenir de leur secteur respectif \u00bb notent les organisateurs dans ce sens.<\/p>\n<p>Le point commun entre ces start-ups africaines est le fait qu\u2019elles ont lev\u00e9 plus de 970 millions de dollars depuis leur cr\u00e9ation et traversent actuellement d\u2019autres cycles de financement pivots dans leur croissance. Leur pr\u00e9sence soutiendra l\u2019innovation au c\u0153ur des multinationales africaines et favorisera l\u2019\u00e9mergence de nouveaux champions du secteur priv\u00e9.<\/p>\n<p>Notons que Chari est une application de e-commerce fond\u00e9e par Ismael Belkhayat et Sophia Alj. Elle permet aux \u00e9piceries de proximit\u00e9 de s\u2019approvisionner en produits destin\u00e9s \u00e0 \u00eatre revendus dans leur point de vente et de se faire livrer gratuitement en moins de 24 h conna\u00eet un succ\u00e8s certain. Plus de 5.000 \u00e9piceries utilisent d\u00e9j\u00e0 ses services r\u00e9guli\u00e8rement avec une fr\u00e9quence moyenne de commande hebdomadaire.<\/p>\n<p>Apr\u00e8s l\u2019int\u00e9gration de Y Combinator (YC), la plateforme de e-commerce B2B lev\u00e9 5 millions de dollars aupr\u00e8s d\u2019un tour de table dirig\u00e9 par Rocket Internet, Global Founders Capital et P1 Ventures. Elle a aussi assur\u00e9 une lev\u00e9e de fonds aupr\u00e9s d\u2019un Fonds de capital-risque bas\u00e9 en Arabie saoudite Khwarizmi Ventures, AirAngels (Airbnb Alumni Investors) et Afri Mobility. La start-up compte d\u00e9j\u00e0 de grands noms dans son tour de table tels que Orange Digital Ventures et Plug and Play, tr\u00e8s connu \u00e0 la Silicon Valley.<\/p>\n<p>Plus de 1.500 chefs d\u2019entreprises, investisseurs et d\u00e9cideurs politiques venus d\u2019Afrique et du monde entier seront pr\u00e9sent au sommet annuel de l\u2019Africa CEO Forum. Durant deux jours de conf\u00e9rences, de d\u00e9bats et de rencontres de tr\u00e8s haut niveau d\u00e9di\u00e9s \u00e0 mettre en lumi\u00e8re le r\u00f4le moteur du secteur priv\u00e9 dans le d\u00e9veloppement du continent.<\/p>\n","protected":false},"excerpt":{"rendered":"<p>Pour l\u2019\u00e9dition de 2022 qui se tiendra les 13 et 14 juin, \u00e0 Abidjan, en C\u00f4te d\u2019Ivoire, The Africa Ceo Forum, le plus grand rendez-vous du secteur priv\u00e9 africain, a s\u00e9lectionn\u00e9e une vingtaine de start-ups qui font partie des Top innovateurs du continent, dont la start-up marocaine Chari, pour participer au \u00ab Disrupters lab \u00bb son nouveau panel dans lequel le Forum accueillera les CEOs les plus dynamiques de la sc\u00e8ne des start-ups africaine d\u2019aujourd\u2019hui.<\/p>\n","protected":false},"author":12963,"featured_media":7636,"comment_status":"open","ping_status":"open","sticky":false,"template":"","format":"standard","meta":{"footnotes":""},"categories":[67,73],"tags":[81,78,77],"class_list":{"0":"post-7639","1":"post","2":"type-post","3":"status-publish","4":"format-standard","5":"has-post-thumbnail","7":"category-actualites","8":"category-technologie","9":"tag-actualites","10":"tag-apie-project-2","11":"tag-technologie"},"yoast_head":"<!-- This site is optimized with the Yoast SEO plugin v24.4 - https:\/\/yoast.com\/wordpress\/plugins\/seo\/ -->\n<title>Chari s\u00e9lectionn\u00e9e pour l\u2019Africa CEO Forum - APIE NEWS<\/title>\n<meta name=\"robots\" content=\"index, follow, max-snippet:-1, max-image-preview:large, max-video-preview:-1\" \/>\n<link rel=\"canonical\" href=\"https:\/\/appsaf.apieproject.com\/news\/fr\/2022\/05\/11\/chari-selectionnee-pour-lafrica-ceo-forum\/\" \/>\n<meta property=\"og:locale\" content=\"fr_FR\" \/>\n<meta property=\"og:type\" content=\"article\" \/>\n<meta property=\"og:title\" content=\"Chari s\u00e9lectionn\u00e9e pour l\u2019Africa CEO Forum - APIE NEWS\" \/>\n<meta property=\"og:description\" content=\"Pour l\u2019\u00e9dition de 2022 qui se tiendra les 13 et 14 juin, \u00e0 Abidjan, en C\u00f4te d\u2019Ivoire, The Africa Ceo Forum, le plus grand rendez-vous du secteur priv\u00e9 africain, a s\u00e9lectionn\u00e9e une vingtaine de start-ups qui font partie des Top innovateurs du continent, dont la start-up marocaine Chari, pour participer au \u00ab Disrupters lab \u00bb son nouveau panel dans lequel le Forum accueillera les CEOs les plus dynamiques de la sc\u00e8ne des start-ups africaine d\u2019aujourd\u2019hui.\" \/>\n<meta property=\"og:url\" content=\"https:\/\/appsaf.apieproject.com\/news\/fr\/2022\/05\/11\/chari-selectionnee-pour-lafrica-ceo-forum\/\" \/>\n<meta property=\"og:site_name\" content=\"APIE NEWS\" \/>\n<meta property=\"article:publisher\" content=\"https:\/\/facebook.com\/apieproject\" \/>\n<meta property=\"article:published_time\" content=\"2022-05-11T07:31:59+00:00\" \/>\n<meta property=\"article:modified_time\" content=\"2022-05-11T07:32:00+00:00\" \/>\n<meta property=\"og:image\" content=\"https:\/\/appsaf.apieproject.com\/news\/wp-content\/uploads\/sites\/29\/2022\/05\/telechargement-65-4dfe5406b6f8c3b4905be8ce4da6993c.jpg\" \/>\n\t<meta property=\"og:image:width\" content=\"318\" \/>\n\t<meta property=\"og:image:height\" content=\"159\" \/>\n\t<meta property=\"og:image:type\" content=\"image\/jpeg\" \/>\n<meta name=\"author\" content=\"staff\" \/>\n<meta name=\"twitter:card\" content=\"summary_large_image\" \/>\n<meta name=\"twitter:creator\" content=\"@apieproject\" \/>\n<meta name=\"twitter:site\" content=\"@apieproject\" \/>\n<meta name=\"twitter:label1\" content=\"\u00c9crit par\" \/>\n\t<meta name=\"twitter:data1\" content=\"staff\" \/>\n\t<meta name=\"twitter:label2\" content=\"Dur\u00e9e de lecture estim\u00e9e\" \/>\n\t<meta name=\"twitter:data2\" content=\"2 minutes\" \/>\n<script type=\"application\/ld+json\" class=\"yoast-schema-graph\">{\"@context\":\"https:\/\/schema.org\",\"@graph\":[{\"@type\":\"Article\",\"@id\":\"https:\/\/appsaf.apieproject.com\/news\/fr\/2022\/05\/11\/chari-selectionnee-pour-lafrica-ceo-forum\/#article\",\"isPartOf\":{\"@id\":\"https:\/\/appsaf.apieproject.com\/news\/fr\/2022\/05\/11\/chari-selectionnee-pour-lafrica-ceo-forum\/\"},\"author\":{\"name\":\"staff\",\"@id\":\"https:\/\/appsaf.apieproject.com\/news\/#\/schema\/person\/399517cac378948cd7b39086f9ddc2a7\"},\"headline\":\"Chari s\u00e9lectionn\u00e9e pour l\u2019Africa CEO Forum\",\"datePublished\":\"2022-05-11T07:31:59+00:00\",\"dateModified\":\"2022-05-11T07:32:00+00:00\",\"mainEntityOfPage\":{\"@id\":\"https:\/\/appsaf.apieproject.com\/news\/fr\/2022\/05\/11\/chari-selectionnee-pour-lafrica-ceo-forum\/\"},\"wordCount\":349,\"commentCount\":0,\"publisher\":{\"@id\":\"https:\/\/appsaf.apieproject.com\/news\/#organization\"},\"image\":{\"@id\":\"https:\/\/appsaf.apieproject.com\/news\/fr\/2022\/05\/11\/chari-selectionnee-pour-lafrica-ceo-forum\/#primaryimage\"},\"thumbnailUrl\":\"https:\/\/appsaf.apieproject.com\/news\/wp-content\/uploads\/sites\/29\/2022\/05\/telechargement-65-4dfe5406b6f8c3b4905be8ce4da6993c.jpg\",\"keywords\":[\"actualites\",\"apie project\",\"technologie\"],\"articleSection\":[\"Actualit\u00e9s\",\"Technologie\"],\"inLanguage\":\"fr-FR\",\"potentialAction\":[{\"@type\":\"CommentAction\",\"name\":\"Comment\",\"target\":[\"https:\/\/appsaf.apieproject.com\/news\/fr\/2022\/05\/11\/chari-selectionnee-pour-lafrica-ceo-forum\/#respond\"]}]},{\"@type\":\"WebPage\",\"@id\":\"https:\/\/appsaf.apieproject.com\/news\/fr\/2022\/05\/11\/chari-selectionnee-pour-lafrica-ceo-forum\/\",\"url\":\"https:\/\/appsaf.apieproject.com\/news\/fr\/2022\/05\/11\/chari-selectionnee-pour-lafrica-ceo-forum\/\",\"name\":\"Chari s\u00e9lectionn\u00e9e pour l\u2019Africa CEO Forum - APIE NEWS\",\"isPartOf\":{\"@id\":\"https:\/\/appsaf.apieproject.com\/news\/#website\"},\"primaryImageOfPage\":{\"@id\":\"https:\/\/appsaf.apieproject.com\/news\/fr\/2022\/05\/11\/chari-selectionnee-pour-lafrica-ceo-forum\/#primaryimage\"},\"image\":{\"@id\":\"https:\/\/appsaf.apieproject.com\/news\/fr\/2022\/05\/11\/chari-selectionnee-pour-lafrica-ceo-forum\/#primaryimage\"},\"thumbnailUrl\":\"https:\/\/appsaf.apieproject.com\/news\/wp-content\/uploads\/sites\/29\/2022\/05\/telechargement-65-4dfe5406b6f8c3b4905be8ce4da6993c.jpg\",\"datePublished\":\"2022-05-11T07:31:59+00:00\",\"dateModified\":\"2022-05-11T07:32:00+00:00\",\"breadcrumb\":{\"@id\":\"https:\/\/appsaf.apieproject.com\/news\/fr\/2022\/05\/11\/chari-selectionnee-pour-lafrica-ceo-forum\/#breadcrumb\"},\"inLanguage\":\"fr-FR\",\"potentialAction\":[{\"@type\":\"ReadAction\",\"target\":[\"https:\/\/appsaf.apieproject.com\/news\/fr\/2022\/05\/11\/chari-selectionnee-pour-lafrica-ceo-forum\/\"]}]},{\"@type\":\"ImageObject\",\"inLanguage\":\"fr-FR\",\"@id\":\"https:\/\/appsaf.apieproject.com\/news\/fr\/2022\/05\/11\/chari-selectionnee-pour-lafrica-ceo-forum\/#primaryimage\",\"url\":\"https:\/\/appsaf.apieproject.com\/news\/wp-content\/uploads\/sites\/29\/2022\/05\/telechargement-65-4dfe5406b6f8c3b4905be8ce4da6993c.jpg\",\"contentUrl\":\"https:\/\/appsaf.apieproject.com\/news\/wp-content\/uploads\/sites\/29\/2022\/05\/telechargement-65-4dfe5406b6f8c3b4905be8ce4da6993c.jpg\",\"width\":318,\"height\":159},{\"@type\":\"BreadcrumbList\",\"@id\":\"https:\/\/appsaf.apieproject.com\/news\/fr\/2022\/05\/11\/chari-selectionnee-pour-lafrica-ceo-forum\/#breadcrumb\",\"itemListElement\":[{\"@type\":\"ListItem\",\"position\":1,\"name\":\"Home\",\"item\":\"https:\/\/appsaf.apieproject.com\/news\/fr\/home\/\"},{\"@type\":\"ListItem\",\"position\":2,\"name\":\"Chari s\u00e9lectionn\u00e9e pour l\u2019Africa CEO Forum\"}]},{\"@type\":\"WebSite\",\"@id\":\"https:\/\/appsaf.apieproject.com\/news\/#website\",\"url\":\"https:\/\/appsaf.apieproject.com\/news\/\",\"name\":\"APIE NEWS\",\"description\":\"PANAFRICANISM NEWS PORTAL\",\"publisher\":{\"@id\":\"https:\/\/appsaf.apieproject.com\/news\/#organization\"},\"potentialAction\":[{\"@type\":\"SearchAction\",\"target\":{\"@type\":\"EntryPoint\",\"urlTemplate\":\"https:\/\/appsaf.apieproject.com\/news\/?s={search_term_string}\"},\"query-input\":{\"@type\":\"PropertyValueSpecification\",\"valueRequired\":true,\"valueName\":\"search_term_string\"}}],\"inLanguage\":\"fr-FR\"},{\"@type\":\"Organization\",\"@id\":\"https:\/\/appsaf.apieproject.com\/news\/#organization\",\"name\":\"APIE PROJECT\",\"url\":\"https:\/\/appsaf.apieproject.com\/news\/\",\"logo\":{\"@type\":\"ImageObject\",\"inLanguage\":\"fr-FR\",\"@id\":\"https:\/\/appsaf.apieproject.com\/news\/#\/schema\/logo\/image\/\",\"url\":\"https:\/\/appsaf.apieproject.com\/news\/wp-content\/uploads\/sites\/29\/2022\/07\/logo-R-TransparentBackground.png\",\"contentUrl\":\"https:\/\/appsaf.apieproject.com\/news\/wp-content\/uploads\/sites\/29\/2022\/07\/logo-R-TransparentBackground.png\",\"width\":512,\"height\":512,\"caption\":\"APIE PROJECT\"},\"image\":{\"@id\":\"https:\/\/appsaf.apieproject.com\/news\/#\/schema\/logo\/image\/\"},\"sameAs\":[\"https:\/\/facebook.com\/apieproject\",\"https:\/\/x.com\/apieproject\"]},{\"@type\":\"Person\",\"@id\":\"https:\/\/appsaf.apieproject.com\/news\/#\/schema\/person\/399517cac378948cd7b39086f9ddc2a7\",\"name\":\"staff\",\"image\":{\"@type\":\"ImageObject\",\"inLanguage\":\"fr-FR\",\"@id\":\"https:\/\/appsaf.apieproject.com\/news\/#\/schema\/person\/image\/\",\"url\":\"https:\/\/secure.gravatar.com\/avatar\/5386283c5db150efe261184bd59f072a?s=96&d=mm&r=g\",\"contentUrl\":\"https:\/\/secure.gravatar.com\/avatar\/5386283c5db150efe261184bd59f072a?s=96&d=mm&r=g\",\"caption\":\"staff\"},\"url\":\"https:\/\/appsaf.apieproject.com\/news\/fr\/author\/staff\/\"}]}<\/script>\n<!-- \/ Yoast SEO plugin. -->","yoast_head_json":{"title":"Chari s\u00e9lectionn\u00e9e pour l\u2019Africa CEO Forum - APIE NEWS","robots":{"index":"index","follow":"follow","max-snippet":"max-snippet:-1","max-image-preview":"max-image-preview:large","max-video-preview":"max-video-preview:-1"},"canonical":"https:\/\/appsaf.apieproject.com\/news\/fr\/2022\/05\/11\/chari-selectionnee-pour-lafrica-ceo-forum\/","og_locale":"fr_FR","og_type":"article","og_title":"Chari s\u00e9lectionn\u00e9e pour l\u2019Africa CEO Forum - APIE NEWS","og_description":"Pour l\u2019\u00e9dition de 2022 qui se tiendra les 13 et 14 juin, \u00e0 Abidjan, en C\u00f4te d\u2019Ivoire, The Africa Ceo Forum, le plus grand rendez-vous du secteur priv\u00e9 africain, a s\u00e9lectionn\u00e9e une vingtaine de start-ups qui font partie des Top innovateurs du continent, dont la start-up marocaine Chari, pour participer au \u00ab Disrupters lab \u00bb son nouveau panel dans lequel le Forum accueillera les CEOs les plus dynamiques de la sc\u00e8ne des start-ups africaine d\u2019aujourd\u2019hui.","og_url":"https:\/\/appsaf.apieproject.com\/news\/fr\/2022\/05\/11\/chari-selectionnee-pour-lafrica-ceo-forum\/","og_site_name":"APIE NEWS","article_publisher":"https:\/\/facebook.com\/apieproject","article_published_time":"2022-05-11T07:31:59+00:00","article_modified_time":"2022-05-11T07:32:00+00:00","og_image":[{"width":318,"height":159,"url":"https:\/\/appsaf.apieproject.com\/news\/wp-content\/uploads\/sites\/29\/2022\/05\/telechargement-65-4dfe5406b6f8c3b4905be8ce4da6993c.jpg","type":"image\/jpeg"}],"author":"staff","twitter_card":"summary_large_image","twitter_creator":"@apieproject","twitter_site":"@apieproject","twitter_misc":{"\u00c9crit par":"staff","Dur\u00e9e de lecture estim\u00e9e":"2 minutes"},"schema":{"@context":"https:\/\/schema.org","@graph":[{"@type":"Article","@id":"https:\/\/appsaf.apieproject.com\/news\/fr\/2022\/05\/11\/chari-selectionnee-pour-lafrica-ceo-forum\/#article","isPartOf":{"@id":"https:\/\/appsaf.apieproject.com\/news\/fr\/2022\/05\/11\/chari-selectionnee-pour-lafrica-ceo-forum\/"},"author":{"name":"staff","@id":"https:\/\/appsaf.apieproject.com\/news\/#\/schema\/person\/399517cac378948cd7b39086f9ddc2a7"},"headline":"Chari s\u00e9lectionn\u00e9e pour l\u2019Africa CEO Forum","datePublished":"2022-05-11T07:31:59+00:00","dateModified":"2022-05-11T07:32:00+00:00","mainEntityOfPage":{"@id":"https:\/\/appsaf.apieproject.com\/news\/fr\/2022\/05\/11\/chari-selectionnee-pour-lafrica-ceo-forum\/"},"wordCount":349,"commentCount":0,"publisher":{"@id":"https:\/\/appsaf.apieproject.com\/news\/#organization"},"image":{"@id":"https:\/\/appsaf.apieproject.com\/news\/fr\/2022\/05\/11\/chari-selectionnee-pour-lafrica-ceo-forum\/#primaryimage"},"thumbnailUrl":"https:\/\/appsaf.apieproject.com\/news\/wp-content\/uploads\/sites\/29\/2022\/05\/telechargement-65-4dfe5406b6f8c3b4905be8ce4da6993c.jpg","keywords":["actualites","apie project","technologie"],"articleSection":["Actualit\u00e9s","Technologie"],"inLanguage":"fr-FR","potentialAction":[{"@type":"CommentAction","name":"Comment","target":["https:\/\/appsaf.apieproject.com\/news\/fr\/2022\/05\/11\/chari-selectionnee-pour-lafrica-ceo-forum\/#respond"]}]},{"@type":"WebPage","@id":"https:\/\/appsaf.apieproject.com\/news\/fr\/2022\/05\/11\/chari-selectionnee-pour-lafrica-ceo-forum\/","url":"https:\/\/appsaf.apieproject.com\/news\/fr\/2022\/05\/11\/chari-selectionnee-pour-lafrica-ceo-forum\/","name":"Chari s\u00e9lectionn\u00e9e pour l\u2019Africa CEO Forum - APIE NEWS","isPartOf":{"@id":"https:\/\/appsaf.apieproject.com\/news\/#website"},"primaryImageOfPage":{"@id":"https:\/\/appsaf.apieproject.com\/news\/fr\/2022\/05\/11\/chari-selectionnee-pour-lafrica-ceo-forum\/#primaryimage"},"image":{"@id":"https:\/\/appsaf.apieproject.com\/news\/fr\/2022\/05\/11\/chari-selectionnee-pour-lafrica-ceo-forum\/#primaryimage"},"thumbnailUrl":"https:\/\/appsaf.apieproject.com\/news\/wp-content\/uploads\/sites\/29\/2022\/05\/telechargement-65-4dfe5406b6f8c3b4905be8ce4da6993c.jpg","datePublished":"2022-05-11T07:31:59+00:00","dateModified":"2022-05-11T07:32:00+00:00","breadcrumb":{"@id":"https:\/\/appsaf.apieproject.com\/news\/fr\/2022\/05\/11\/chari-selectionnee-pour-lafrica-ceo-forum\/#breadcrumb"},"inLanguage":"fr-FR","potentialAction":[{"@type":"ReadAction","target":["https:\/\/appsaf.apieproject.com\/news\/fr\/2022\/05\/11\/chari-selectionnee-pour-lafrica-ceo-forum\/"]}]},{"@type":"ImageObject","inLanguage":"fr-FR","@id":"https:\/\/appsaf.apieproject.com\/news\/fr\/2022\/05\/11\/chari-selectionnee-pour-lafrica-ceo-forum\/#primaryimage","url":"https:\/\/appsaf.apieproject.com\/news\/wp-content\/uploads\/sites\/29\/2022\/05\/telechargement-65-4dfe5406b6f8c3b4905be8ce4da6993c.jpg","contentUrl":"https:\/\/appsaf.apieproject.com\/news\/wp-content\/uploads\/sites\/29\/2022\/05\/telechargement-65-4dfe5406b6f8c3b4905be8ce4da6993c.jpg","width":318,"height":159},{"@type":"BreadcrumbList","@id":"https:\/\/appsaf.apieproject.com\/news\/fr\/2022\/05\/11\/chari-selectionnee-pour-lafrica-ceo-forum\/#breadcrumb","itemListElement":[{"@type":"ListItem","position":1,"name":"Home","item":"https:\/\/appsaf.apieproject.com\/news\/fr\/home\/"},{"@type":"ListItem","position":2,"name":"Chari s\u00e9lectionn\u00e9e pour l\u2019Africa CEO Forum"}]},{"@type":"WebSite","@id":"https:\/\/appsaf.apieproject.com\/news\/#website","url":"https:\/\/appsaf.apieproject.com\/news\/","name":"APIE NEWS","description":"PANAFRICANISM NEWS PORTAL","publisher":{"@id":"https:\/\/appsaf.apieproject.com\/news\/#organization"},"potentialAction":[{"@type":"SearchAction","target":{"@type":"EntryPoint","urlTemplate":"https:\/\/appsaf.apieproject.com\/news\/?s={search_term_string}"},"query-input":{"@type":"PropertyValueSpecification","valueRequired":true,"valueName":"search_term_string"}}],"inLanguage":"fr-FR"},{"@type":"Organization","@id":"https:\/\/appsaf.apieproject.com\/news\/#organization","name":"APIE PROJECT","url":"https:\/\/appsaf.apieproject.com\/news\/","logo":{"@type":"ImageObject","inLanguage":"fr-FR","@id":"https:\/\/appsaf.apieproject.com\/news\/#\/schema\/logo\/image\/","url":"https:\/\/appsaf.apieproject.com\/news\/wp-content\/uploads\/sites\/29\/2022\/07\/logo-R-TransparentBackground.png","contentUrl":"https:\/\/appsaf.apieproject.com\/news\/wp-content\/uploads\/sites\/29\/2022\/07\/logo-R-TransparentBackground.png","width":512,"height":512,"caption":"APIE PROJECT"},"image":{"@id":"https:\/\/appsaf.apieproject.com\/news\/#\/schema\/logo\/image\/"},"sameAs":["https:\/\/facebook.com\/apieproject","https:\/\/x.com\/apieproject"]},{"@type":"Person","@id":"https:\/\/appsaf.apieproject.com\/news\/#\/schema\/person\/399517cac378948cd7b39086f9ddc2a7","name":"staff","image":{"@type":"ImageObject","inLanguage":"fr-FR","@id":"https:\/\/appsaf.apieproject.com\/news\/#\/schema\/person\/image\/","url":"https:\/\/secure.gravatar.com\/avatar\/5386283c5db150efe261184bd59f072a?s=96&d=mm&r=g","contentUrl":"https:\/\/secure.gravatar.com\/avatar\/5386283c5db150efe261184bd59f072a?s=96&d=mm&r=g","caption":"staff"},"url":"https:\/\/appsaf.apieproject.com\/news\/fr\/author\/staff\/"}]}},"_links":{"self":[{"href":"https:\/\/appsaf.apieproject.com\/news\/fr\/wp-json\/wp\/v2\/posts\/7639","targetHints":{"allow":["GET"]}}],"collection":[{"href":"https:\/\/appsaf.apieproject.com\/news\/fr\/wp-json\/wp\/v2\/posts"}],"about":[{"href":"https:\/\/appsaf.apieproject.com\/news\/fr\/wp-json\/wp\/v2\/types\/post"}],"author":[{"embeddable":true,"href":"https:\/\/appsaf.apieproject.com\/news\/fr\/wp-json\/wp\/v2\/users\/12963"}],"replies":[{"embeddable":true,"href":"https:\/\/appsaf.apieproject.com\/news\/fr\/wp-json\/wp\/v2\/comments?post=7639"}],"version-history":[{"count":1,"href":"https:\/\/appsaf.apieproject.com\/news\/fr\/wp-json\/wp\/v2\/posts\/7639\/revisions"}],"predecessor-version":[{"id":7904,"href":"https:\/\/appsaf.apieproject.com\/news\/fr\/wp-json\/wp\/v2\/posts\/7639\/revisions\/7904"}],"wp:featuredmedia":[{"embeddable":true,"href":"https:\/\/appsaf.apieproject.com\/news\/fr\/wp-json\/wp\/v2\/media\/7636"}],"wp:attachment":[{"href":"https:\/\/appsaf.apieproject.com\/news\/fr\/wp-json\/wp\/v2\/media?parent=7639"}],"wp:term":[{"taxonomy":"category","embeddable":true,"href":"https:\/\/appsaf.apieproject.com\/news\/fr\/wp-json\/wp\/v2\/categories?post=7639"},{"taxonomy":"post_tag","embeddable":true,"href":"https:\/\/appsaf.apieproject.com\/news\/fr\/wp-json\/wp\/v2\/tags?post=7639"}],"curies":[{"name":"wp","href":"https:\/\/api.w.org\/{rel}","templated":true}]}}