{"id":7659,"date":"2022-05-11T07:26:50","date_gmt":"2022-05-11T07:26:50","guid":{"rendered":"https:\/\/appsaf.apieproject.com\/news\/?p=7659"},"modified":"2022-05-11T07:26:51","modified_gmt":"2022-05-11T07:26:51","slug":"la-culture-africaine-sinvite-a-lecole-lescale","status":"publish","type":"post","link":"https:\/\/appsaf.apieproject.com\/news\/fr\/2022\/05\/11\/la-culture-africaine-sinvite-a-lecole-lescale\/","title":{"rendered":"La culture africaine s\u2019invite \u00e0 l\u2019\u00e9cole l\u2019Escale"},"content":{"rendered":"<p>Le personnel de l\u2019\u00e9cole en a eu l\u2019id\u00e9e pour tenter de mettre en lumi\u00e8re les \u00e9l\u00e8ves provenant de la communaut\u00e9 africaine.<\/p>\n<p>Le projet Les racines de la libert\u00e9, une activit\u00e9 parascolaire \u00e0 laquelle plusieurs ont pris part au cours de l\u2019ann\u00e9e scolaire, s\u2019inscrit dans une s\u00e9rie d\u2019initiatives men\u00e9es par l\u2019\u00e9cole l\u2019Escale ayant pour but de tisser des liens, de fraterniser et surtout de sensibiliser les \u00e9l\u00e8ves et les membres de la communaut\u00e9 scolaire \u00e0 diff\u00e9rentes cultures.<\/p>\n<p>Basile Seni Moutuan, artiste de renomm\u00e9e dans la r\u00e9gion et originaire du Burkina Faso, a d\u2019abord eu l\u2019id\u00e9e d\u2019approcher l\u2019enseignante Lise Bellemare pour mettre au point une d\u2019activit\u00e9 qu\u2019ils pourraient organiser ensemble, \u00e0 l\u2019\u00e9cole. Ils voulaient principalement miser sur le fait que 14 pays sont pr\u00e9sentement repr\u00e9sent\u00e9s par des \u00e9tudiants de l\u2019\u00e9cole l\u2019Escale, dont plusieurs en Afrique. Une fois que Basile a re\u00e7u la subvention dont il avait besoin pour faire vivre l\u2019\u00e9v\u00e9nement, ils se sont tous les deux mis au travail.<\/p>\n<p>\u00ab Depuis janvier, on fait des pr\u00e9sentations dans les classes pour recruter des jeunes pour nos ateliers, explique Lise Bellemare. \u00c0 travers ces ateliers, on a pr\u00e9par\u00e9 le projet en r\u00e9p\u00e9tant avec des instruments traditionnels de l\u2019Afrique, notamment des instruments de percussions. Plusieurs \u00e9l\u00e8ves se sont inscrits, et m\u00eame qu\u2019on a eu deux classes compl\u00e8tes qui voulaient participer. \u00bb<\/p>\n<p>Mme Bellemare souligne \u00e9galement le m\u00e9lange de diff\u00e9rentes cultures \u00e0 travers cet \u00e9v\u00e9nement qui permet d\u2019\u00e9veiller une conscience sociale aupr\u00e8s des jeunes, tel que par l\u2019acceptation et le respect des autres, par exemple. Basile Seni abonde lui aussi dans le m\u00eame sens.<\/p>\n<p>\u00ab M\u00e9langer des instruments africains et modernes, \u00e7a permet d\u2019amener de la richesse au spectacle, mentionne l\u2019artiste. Je pense que la musique contribue \u00e0 transmettre mes connaissances, quand je visite les \u00e9coles, et donc c\u2019est important pour moi d\u2019\u00eatre ici aujourd\u2019hui, d\u2019\u00eatre impliqu\u00e9 dans ma communaut\u00e9. \u00c7a m\u2019apporte une grande joie. \u00bb<\/p>\n<p>Si il lui arrive r\u00e9guli\u00e8rement de tenir des \u00e9v\u00e9nements de la sorte dans plusieurs \u00e9coles de la MRC, Basile explique que celui \u00e0 l\u2019\u00e9cole l\u2019Escale a \u00e9t\u00e9 de loin celui dans lequel il s\u2019est le plus investi. Il a pass\u00e9 trois mois \u00e0 l\u2019organisation de l\u2019\u00e9v\u00e9nement, ce qui lui a donn\u00e9 le temps de planifier les diff\u00e9rentes prestations et de pr\u00e9voir des invit\u00e9s qui ont pu l\u2019appuyer lors du spectacle.<\/p>\n<p>De son c\u00f4t\u00e9, la direction de l\u2019\u00e9cole a eu l\u2019id\u00e9e de recevoir plusieurs parents d\u2019\u00e9l\u00e8ves et autres membres de la communaut\u00e9 africaine de la Mauricie pour partager ce moment. Ils se sont r\u00e9unis \u00e0 l\u2019\u00e9cole pour assister au spectacle et une cheffe cuisini\u00e8re a \u00e9galement \u00e9t\u00e9 invit\u00e9e pour pr\u00e9parer un buffet. Plusieurs de ces parents soutiennent que leurs enfants se sentent beaucoup mieux int\u00e9gr\u00e9s dans le milieu scolaire \u00e0 la suite d\u2019activit\u00e9s comme celles-ci.<\/p>\n<p>\u00ab Je pense qu\u2019on m\u2019a vraiment bien accueillie, tant par l\u2019\u00e9cole l\u2019Escale que par la municipalit\u00e9 de Louiseville, soutient Adissa Barry, diplomate de formation qui s\u2019est servie de ses talents en cuisine pour cet \u00e9v\u00e9nement sp\u00e9cial. Quand on m\u2019a approch\u00e9e pour faire la cuisine, on m\u2019a expliqu\u00e9 qu\u2019on voulait pr\u00e9senter les mets de mon pays, le Burkina Faso. J\u2019ai trouv\u00e9 que c\u2019\u00e9tait un honneur pour moi. Je me suis vraiment sentie chez moi d\u00e8s mon arriv\u00e9e, ce qui m\u2019a \u00e9tonn\u00e9e. Le cadre \u00e9tait bien \u00e9tabli, les gens \u00e9taient accueillants, ce qui \u00e9tait tr\u00e8s agr\u00e9able, et riche en \u00e9motion. \u00bb<\/p>\n<p>Adissa Barry estime qu\u2019elle est en mesure de transmettre certains \u00e9l\u00e9ments de la culture africaine \u00e0 travers sa cuisine, ce dont elle est tr\u00e8s reconnaissante. Il en va de m\u00eame pour Sandra et Ina, deux des organisatrices, qui elles aussi \u00e9taient tr\u00e8s heureuses d\u2019avoir pu prendre part \u00e0 cette activit\u00e9.<\/p>\n<p>\u00ab On trouve que c\u2019est une belle initiative et le fait d\u2019ouvrir le monde aux \u00e9tudiants qui n\u2019ont pas l\u2019occasion forc\u00e9ment de rencontrer d\u2019autres cultures, c\u2019est ce qui aide \u00e0 ouvrir des esprits. On est certainement contentes d\u2019en faire partie! \u00bb dit Sandra.<\/p>\n<p>\u00ab Je trouve cela \u00e9galement inspirant de voir qu\u2019il y a eu une \u00e9ducation auparavant par rapport \u00e0 la culture, mais on voit aussi leur int\u00e9r\u00eat, leur volont\u00e9 d\u2019en apprendre davantage, de venir voir ce qu\u2019il y a au-del\u00e0 des fronti\u00e8res du Qu\u00e9bec \u00bb, soutient pour sa part Ina.<\/p>\n<p>Le maire Yvon Deshaies \u00e9tait \u00e9galement pr\u00e9sent \u00e0 l\u2019\u00e9cole pour l\u2019\u00e9v\u00e9nement, en compagnie du conseiller G\u00e9rald Allard. Tous esp\u00e8rent que plus d\u2019activit\u00e9s semblables dans des \u00e9coles de la r\u00e9gion, compte tenu des r\u00e9percussions positives qui en d\u00e9coulent.<\/p>\n","protected":false},"excerpt":{"rendered":"<p>L\u2019\u00e9cole secondaire l\u2019Escale \u00e0 Louiseville a organis\u00e9 le 4 mai un \u00e9v\u00e9nement culturel dans son foyer, mettant de l\u2019avant des prestations musicales et des danses exotiques africaines.<\/p>\n","protected":false},"author":12963,"featured_media":7656,"comment_status":"open","ping_status":"open","sticky":false,"template":"","format":"standard","meta":{"footnotes":""},"categories":[67,53],"tags":[81,78,87],"class_list":{"0":"post-7659","1":"post","2":"type-post","3":"status-publish","4":"format-standard","5":"has-post-thumbnail","7":"category-actualites","8":"category-culture-fr","9":"tag-actualites","10":"tag-apie-project-2","11":"tag-culture-2"},"yoast_head":"<!-- This site is optimized with the Yoast SEO plugin v24.4 - https:\/\/yoast.com\/wordpress\/plugins\/seo\/ -->\n<title>La culture africaine s\u2019invite \u00e0 l\u2019\u00e9cole l\u2019Escale - APIE NEWS<\/title>\n<meta name=\"robots\" content=\"index, follow, max-snippet:-1, max-image-preview:large, max-video-preview:-1\" \/>\n<link rel=\"canonical\" href=\"https:\/\/appsaf.apieproject.com\/news\/fr\/2022\/05\/11\/la-culture-africaine-sinvite-a-lecole-lescale\/\" \/>\n<meta property=\"og:locale\" content=\"fr_FR\" \/>\n<meta property=\"og:type\" content=\"article\" \/>\n<meta property=\"og:title\" content=\"La culture africaine s\u2019invite \u00e0 l\u2019\u00e9cole l\u2019Escale - APIE NEWS\" \/>\n<meta property=\"og:description\" content=\"L\u2019\u00e9cole secondaire l\u2019Escale \u00e0 Louiseville a organis\u00e9 le 4 mai un \u00e9v\u00e9nement culturel dans son foyer, mettant de l\u2019avant des prestations musicales et des danses exotiques africaines.\" \/>\n<meta property=\"og:url\" content=\"https:\/\/appsaf.apieproject.com\/news\/fr\/2022\/05\/11\/la-culture-africaine-sinvite-a-lecole-lescale\/\" \/>\n<meta property=\"og:site_name\" content=\"APIE NEWS\" \/>\n<meta property=\"article:publisher\" content=\"https:\/\/facebook.com\/apieproject\" \/>\n<meta property=\"article:published_time\" content=\"2022-05-11T07:26:50+00:00\" \/>\n<meta property=\"article:modified_time\" content=\"2022-05-11T07:26:51+00:00\" \/>\n<meta property=\"og:image\" content=\"https:\/\/appsaf.apieproject.com\/news\/wp-content\/uploads\/sites\/29\/2022\/05\/5013402f457261413c7134v_00031563-1600x1067-4d59431ea4a6142591ec92f2161401b5.jpg\" \/>\n\t<meta property=\"og:image:width\" content=\"1600\" \/>\n\t<meta property=\"og:image:height\" content=\"1067\" \/>\n\t<meta property=\"og:image:type\" content=\"image\/jpeg\" \/>\n<meta name=\"author\" content=\"staff\" \/>\n<meta name=\"twitter:card\" content=\"summary_large_image\" \/>\n<meta name=\"twitter:creator\" content=\"@apieproject\" \/>\n<meta name=\"twitter:site\" content=\"@apieproject\" \/>\n<meta name=\"twitter:label1\" content=\"\u00c9crit par\" \/>\n\t<meta name=\"twitter:data1\" content=\"staff\" \/>\n\t<meta name=\"twitter:label2\" content=\"Dur\u00e9e de lecture estim\u00e9e\" \/>\n\t<meta name=\"twitter:data2\" content=\"4 minutes\" \/>\n<script type=\"application\/ld+json\" class=\"yoast-schema-graph\">{\"@context\":\"https:\/\/schema.org\",\"@graph\":[{\"@type\":\"Article\",\"@id\":\"https:\/\/appsaf.apieproject.com\/news\/fr\/2022\/05\/11\/la-culture-africaine-sinvite-a-lecole-lescale\/#article\",\"isPartOf\":{\"@id\":\"https:\/\/appsaf.apieproject.com\/news\/fr\/2022\/05\/11\/la-culture-africaine-sinvite-a-lecole-lescale\/\"},\"author\":{\"name\":\"staff\",\"@id\":\"https:\/\/appsaf.apieproject.com\/news\/#\/schema\/person\/399517cac378948cd7b39086f9ddc2a7\"},\"headline\":\"La culture africaine s\u2019invite \u00e0 l\u2019\u00e9cole l\u2019Escale\",\"datePublished\":\"2022-05-11T07:26:50+00:00\",\"dateModified\":\"2022-05-11T07:26:51+00:00\",\"mainEntityOfPage\":{\"@id\":\"https:\/\/appsaf.apieproject.com\/news\/fr\/2022\/05\/11\/la-culture-africaine-sinvite-a-lecole-lescale\/\"},\"wordCount\":853,\"commentCount\":0,\"publisher\":{\"@id\":\"https:\/\/appsaf.apieproject.com\/news\/#organization\"},\"image\":{\"@id\":\"https:\/\/appsaf.apieproject.com\/news\/fr\/2022\/05\/11\/la-culture-africaine-sinvite-a-lecole-lescale\/#primaryimage\"},\"thumbnailUrl\":\"https:\/\/appsaf.apieproject.com\/news\/wp-content\/uploads\/sites\/29\/2022\/05\/5013402f457261413c7134v_00031563-1600x1067-4d59431ea4a6142591ec92f2161401b5.jpg\",\"keywords\":[\"actualites\",\"apie project\",\"culture\"],\"articleSection\":[\"Actualit\u00e9s\",\"Culture\"],\"inLanguage\":\"fr-FR\",\"potentialAction\":[{\"@type\":\"CommentAction\",\"name\":\"Comment\",\"target\":[\"https:\/\/appsaf.apieproject.com\/news\/fr\/2022\/05\/11\/la-culture-africaine-sinvite-a-lecole-lescale\/#respond\"]}]},{\"@type\":\"WebPage\",\"@id\":\"https:\/\/appsaf.apieproject.com\/news\/fr\/2022\/05\/11\/la-culture-africaine-sinvite-a-lecole-lescale\/\",\"url\":\"https:\/\/appsaf.apieproject.com\/news\/fr\/2022\/05\/11\/la-culture-africaine-sinvite-a-lecole-lescale\/\",\"name\":\"La culture africaine s\u2019invite \u00e0 l\u2019\u00e9cole l\u2019Escale - APIE NEWS\",\"isPartOf\":{\"@id\":\"https:\/\/appsaf.apieproject.com\/news\/#website\"},\"primaryImageOfPage\":{\"@id\":\"https:\/\/appsaf.apieproject.com\/news\/fr\/2022\/05\/11\/la-culture-africaine-sinvite-a-lecole-lescale\/#primaryimage\"},\"image\":{\"@id\":\"https:\/\/appsaf.apieproject.com\/news\/fr\/2022\/05\/11\/la-culture-africaine-sinvite-a-lecole-lescale\/#primaryimage\"},\"thumbnailUrl\":\"https:\/\/appsaf.apieproject.com\/news\/wp-content\/uploads\/sites\/29\/2022\/05\/5013402f457261413c7134v_00031563-1600x1067-4d59431ea4a6142591ec92f2161401b5.jpg\",\"datePublished\":\"2022-05-11T07:26:50+00:00\",\"dateModified\":\"2022-05-11T07:26:51+00:00\",\"breadcrumb\":{\"@id\":\"https:\/\/appsaf.apieproject.com\/news\/fr\/2022\/05\/11\/la-culture-africaine-sinvite-a-lecole-lescale\/#breadcrumb\"},\"inLanguage\":\"fr-FR\",\"potentialAction\":[{\"@type\":\"ReadAction\",\"target\":[\"https:\/\/appsaf.apieproject.com\/news\/fr\/2022\/05\/11\/la-culture-africaine-sinvite-a-lecole-lescale\/\"]}]},{\"@type\":\"ImageObject\",\"inLanguage\":\"fr-FR\",\"@id\":\"https:\/\/appsaf.apieproject.com\/news\/fr\/2022\/05\/11\/la-culture-africaine-sinvite-a-lecole-lescale\/#primaryimage\",\"url\":\"https:\/\/appsaf.apieproject.com\/news\/wp-content\/uploads\/sites\/29\/2022\/05\/5013402f457261413c7134v_00031563-1600x1067-4d59431ea4a6142591ec92f2161401b5.jpg\",\"contentUrl\":\"https:\/\/appsaf.apieproject.com\/news\/wp-content\/uploads\/sites\/29\/2022\/05\/5013402f457261413c7134v_00031563-1600x1067-4d59431ea4a6142591ec92f2161401b5.jpg\",\"width\":1600,\"height\":1067},{\"@type\":\"BreadcrumbList\",\"@id\":\"https:\/\/appsaf.apieproject.com\/news\/fr\/2022\/05\/11\/la-culture-africaine-sinvite-a-lecole-lescale\/#breadcrumb\",\"itemListElement\":[{\"@type\":\"ListItem\",\"position\":1,\"name\":\"Home\",\"item\":\"https:\/\/appsaf.apieproject.com\/news\/fr\/home\/\"},{\"@type\":\"ListItem\",\"position\":2,\"name\":\"La culture africaine s\u2019invite \u00e0 l\u2019\u00e9cole l\u2019Escale\"}]},{\"@type\":\"WebSite\",\"@id\":\"https:\/\/appsaf.apieproject.com\/news\/#website\",\"url\":\"https:\/\/appsaf.apieproject.com\/news\/\",\"name\":\"APIE NEWS\",\"description\":\"PANAFRICANISM NEWS PORTAL\",\"publisher\":{\"@id\":\"https:\/\/appsaf.apieproject.com\/news\/#organization\"},\"potentialAction\":[{\"@type\":\"SearchAction\",\"target\":{\"@type\":\"EntryPoint\",\"urlTemplate\":\"https:\/\/appsaf.apieproject.com\/news\/?s={search_term_string}\"},\"query-input\":{\"@type\":\"PropertyValueSpecification\",\"valueRequired\":true,\"valueName\":\"search_term_string\"}}],\"inLanguage\":\"fr-FR\"},{\"@type\":\"Organization\",\"@id\":\"https:\/\/appsaf.apieproject.com\/news\/#organization\",\"name\":\"APIE PROJECT\",\"url\":\"https:\/\/appsaf.apieproject.com\/news\/\",\"logo\":{\"@type\":\"ImageObject\",\"inLanguage\":\"fr-FR\",\"@id\":\"https:\/\/appsaf.apieproject.com\/news\/#\/schema\/logo\/image\/\",\"url\":\"https:\/\/appsaf.apieproject.com\/news\/wp-content\/uploads\/sites\/29\/2022\/07\/logo-R-TransparentBackground.png\",\"contentUrl\":\"https:\/\/appsaf.apieproject.com\/news\/wp-content\/uploads\/sites\/29\/2022\/07\/logo-R-TransparentBackground.png\",\"width\":512,\"height\":512,\"caption\":\"APIE PROJECT\"},\"image\":{\"@id\":\"https:\/\/appsaf.apieproject.com\/news\/#\/schema\/logo\/image\/\"},\"sameAs\":[\"https:\/\/facebook.com\/apieproject\",\"https:\/\/x.com\/apieproject\"]},{\"@type\":\"Person\",\"@id\":\"https:\/\/appsaf.apieproject.com\/news\/#\/schema\/person\/399517cac378948cd7b39086f9ddc2a7\",\"name\":\"staff\",\"image\":{\"@type\":\"ImageObject\",\"inLanguage\":\"fr-FR\",\"@id\":\"https:\/\/appsaf.apieproject.com\/news\/#\/schema\/person\/image\/\",\"url\":\"https:\/\/secure.gravatar.com\/avatar\/5386283c5db150efe261184bd59f072a?s=96&d=mm&r=g\",\"contentUrl\":\"https:\/\/secure.gravatar.com\/avatar\/5386283c5db150efe261184bd59f072a?s=96&d=mm&r=g\",\"caption\":\"staff\"},\"url\":\"https:\/\/appsaf.apieproject.com\/news\/fr\/author\/staff\/\"}]}<\/script>\n<!-- \/ Yoast SEO plugin. -->","yoast_head_json":{"title":"La culture africaine s\u2019invite \u00e0 l\u2019\u00e9cole l\u2019Escale - APIE NEWS","robots":{"index":"index","follow":"follow","max-snippet":"max-snippet:-1","max-image-preview":"max-image-preview:large","max-video-preview":"max-video-preview:-1"},"canonical":"https:\/\/appsaf.apieproject.com\/news\/fr\/2022\/05\/11\/la-culture-africaine-sinvite-a-lecole-lescale\/","og_locale":"fr_FR","og_type":"article","og_title":"La culture africaine s\u2019invite \u00e0 l\u2019\u00e9cole l\u2019Escale - APIE NEWS","og_description":"L\u2019\u00e9cole secondaire l\u2019Escale \u00e0 Louiseville a organis\u00e9 le 4 mai un \u00e9v\u00e9nement culturel dans son foyer, mettant de l\u2019avant des prestations musicales et des danses exotiques africaines.","og_url":"https:\/\/appsaf.apieproject.com\/news\/fr\/2022\/05\/11\/la-culture-africaine-sinvite-a-lecole-lescale\/","og_site_name":"APIE NEWS","article_publisher":"https:\/\/facebook.com\/apieproject","article_published_time":"2022-05-11T07:26:50+00:00","article_modified_time":"2022-05-11T07:26:51+00:00","og_image":[{"width":1600,"height":1067,"url":"https:\/\/appsaf.apieproject.com\/news\/wp-content\/uploads\/sites\/29\/2022\/05\/5013402f457261413c7134v_00031563-1600x1067-4d59431ea4a6142591ec92f2161401b5.jpg","type":"image\/jpeg"}],"author":"staff","twitter_card":"summary_large_image","twitter_creator":"@apieproject","twitter_site":"@apieproject","twitter_misc":{"\u00c9crit par":"staff","Dur\u00e9e de lecture estim\u00e9e":"4 minutes"},"schema":{"@context":"https:\/\/schema.org","@graph":[{"@type":"Article","@id":"https:\/\/appsaf.apieproject.com\/news\/fr\/2022\/05\/11\/la-culture-africaine-sinvite-a-lecole-lescale\/#article","isPartOf":{"@id":"https:\/\/appsaf.apieproject.com\/news\/fr\/2022\/05\/11\/la-culture-africaine-sinvite-a-lecole-lescale\/"},"author":{"name":"staff","@id":"https:\/\/appsaf.apieproject.com\/news\/#\/schema\/person\/399517cac378948cd7b39086f9ddc2a7"},"headline":"La culture africaine s\u2019invite \u00e0 l\u2019\u00e9cole l\u2019Escale","datePublished":"2022-05-11T07:26:50+00:00","dateModified":"2022-05-11T07:26:51+00:00","mainEntityOfPage":{"@id":"https:\/\/appsaf.apieproject.com\/news\/fr\/2022\/05\/11\/la-culture-africaine-sinvite-a-lecole-lescale\/"},"wordCount":853,"commentCount":0,"publisher":{"@id":"https:\/\/appsaf.apieproject.com\/news\/#organization"},"image":{"@id":"https:\/\/appsaf.apieproject.com\/news\/fr\/2022\/05\/11\/la-culture-africaine-sinvite-a-lecole-lescale\/#primaryimage"},"thumbnailUrl":"https:\/\/appsaf.apieproject.com\/news\/wp-content\/uploads\/sites\/29\/2022\/05\/5013402f457261413c7134v_00031563-1600x1067-4d59431ea4a6142591ec92f2161401b5.jpg","keywords":["actualites","apie project","culture"],"articleSection":["Actualit\u00e9s","Culture"],"inLanguage":"fr-FR","potentialAction":[{"@type":"CommentAction","name":"Comment","target":["https:\/\/appsaf.apieproject.com\/news\/fr\/2022\/05\/11\/la-culture-africaine-sinvite-a-lecole-lescale\/#respond"]}]},{"@type":"WebPage","@id":"https:\/\/appsaf.apieproject.com\/news\/fr\/2022\/05\/11\/la-culture-africaine-sinvite-a-lecole-lescale\/","url":"https:\/\/appsaf.apieproject.com\/news\/fr\/2022\/05\/11\/la-culture-africaine-sinvite-a-lecole-lescale\/","name":"La culture africaine s\u2019invite \u00e0 l\u2019\u00e9cole l\u2019Escale - APIE NEWS","isPartOf":{"@id":"https:\/\/appsaf.apieproject.com\/news\/#website"},"primaryImageOfPage":{"@id":"https:\/\/appsaf.apieproject.com\/news\/fr\/2022\/05\/11\/la-culture-africaine-sinvite-a-lecole-lescale\/#primaryimage"},"image":{"@id":"https:\/\/appsaf.apieproject.com\/news\/fr\/2022\/05\/11\/la-culture-africaine-sinvite-a-lecole-lescale\/#primaryimage"},"thumbnailUrl":"https:\/\/appsaf.apieproject.com\/news\/wp-content\/uploads\/sites\/29\/2022\/05\/5013402f457261413c7134v_00031563-1600x1067-4d59431ea4a6142591ec92f2161401b5.jpg","datePublished":"2022-05-11T07:26:50+00:00","dateModified":"2022-05-11T07:26:51+00:00","breadcrumb":{"@id":"https:\/\/appsaf.apieproject.com\/news\/fr\/2022\/05\/11\/la-culture-africaine-sinvite-a-lecole-lescale\/#breadcrumb"},"inLanguage":"fr-FR","potentialAction":[{"@type":"ReadAction","target":["https:\/\/appsaf.apieproject.com\/news\/fr\/2022\/05\/11\/la-culture-africaine-sinvite-a-lecole-lescale\/"]}]},{"@type":"ImageObject","inLanguage":"fr-FR","@id":"https:\/\/appsaf.apieproject.com\/news\/fr\/2022\/05\/11\/la-culture-africaine-sinvite-a-lecole-lescale\/#primaryimage","url":"https:\/\/appsaf.apieproject.com\/news\/wp-content\/uploads\/sites\/29\/2022\/05\/5013402f457261413c7134v_00031563-1600x1067-4d59431ea4a6142591ec92f2161401b5.jpg","contentUrl":"https:\/\/appsaf.apieproject.com\/news\/wp-content\/uploads\/sites\/29\/2022\/05\/5013402f457261413c7134v_00031563-1600x1067-4d59431ea4a6142591ec92f2161401b5.jpg","width":1600,"height":1067},{"@type":"BreadcrumbList","@id":"https:\/\/appsaf.apieproject.com\/news\/fr\/2022\/05\/11\/la-culture-africaine-sinvite-a-lecole-lescale\/#breadcrumb","itemListElement":[{"@type":"ListItem","position":1,"name":"Home","item":"https:\/\/appsaf.apieproject.com\/news\/fr\/home\/"},{"@type":"ListItem","position":2,"name":"La culture africaine s\u2019invite \u00e0 l\u2019\u00e9cole l\u2019Escale"}]},{"@type":"WebSite","@id":"https:\/\/appsaf.apieproject.com\/news\/#website","url":"https:\/\/appsaf.apieproject.com\/news\/","name":"APIE NEWS","description":"PANAFRICANISM NEWS PORTAL","publisher":{"@id":"https:\/\/appsaf.apieproject.com\/news\/#organization"},"potentialAction":[{"@type":"SearchAction","target":{"@type":"EntryPoint","urlTemplate":"https:\/\/appsaf.apieproject.com\/news\/?s={search_term_string}"},"query-input":{"@type":"PropertyValueSpecification","valueRequired":true,"valueName":"search_term_string"}}],"inLanguage":"fr-FR"},{"@type":"Organization","@id":"https:\/\/appsaf.apieproject.com\/news\/#organization","name":"APIE PROJECT","url":"https:\/\/appsaf.apieproject.com\/news\/","logo":{"@type":"ImageObject","inLanguage":"fr-FR","@id":"https:\/\/appsaf.apieproject.com\/news\/#\/schema\/logo\/image\/","url":"https:\/\/appsaf.apieproject.com\/news\/wp-content\/uploads\/sites\/29\/2022\/07\/logo-R-TransparentBackground.png","contentUrl":"https:\/\/appsaf.apieproject.com\/news\/wp-content\/uploads\/sites\/29\/2022\/07\/logo-R-TransparentBackground.png","width":512,"height":512,"caption":"APIE PROJECT"},"image":{"@id":"https:\/\/appsaf.apieproject.com\/news\/#\/schema\/logo\/image\/"},"sameAs":["https:\/\/facebook.com\/apieproject","https:\/\/x.com\/apieproject"]},{"@type":"Person","@id":"https:\/\/appsaf.apieproject.com\/news\/#\/schema\/person\/399517cac378948cd7b39086f9ddc2a7","name":"staff","image":{"@type":"ImageObject","inLanguage":"fr-FR","@id":"https:\/\/appsaf.apieproject.com\/news\/#\/schema\/person\/image\/","url":"https:\/\/secure.gravatar.com\/avatar\/5386283c5db150efe261184bd59f072a?s=96&d=mm&r=g","contentUrl":"https:\/\/secure.gravatar.com\/avatar\/5386283c5db150efe261184bd59f072a?s=96&d=mm&r=g","caption":"staff"},"url":"https:\/\/appsaf.apieproject.com\/news\/fr\/author\/staff\/"}]}},"_links":{"self":[{"href":"https:\/\/appsaf.apieproject.com\/news\/fr\/wp-json\/wp\/v2\/posts\/7659","targetHints":{"allow":["GET"]}}],"collection":[{"href":"https:\/\/appsaf.apieproject.com\/news\/fr\/wp-json\/wp\/v2\/posts"}],"about":[{"href":"https:\/\/appsaf.apieproject.com\/news\/fr\/wp-json\/wp\/v2\/types\/post"}],"author":[{"embeddable":true,"href":"https:\/\/appsaf.apieproject.com\/news\/fr\/wp-json\/wp\/v2\/users\/12963"}],"replies":[{"embeddable":true,"href":"https:\/\/appsaf.apieproject.com\/news\/fr\/wp-json\/wp\/v2\/comments?post=7659"}],"version-history":[{"count":1,"href":"https:\/\/appsaf.apieproject.com\/news\/fr\/wp-json\/wp\/v2\/posts\/7659\/revisions"}],"predecessor-version":[{"id":7899,"href":"https:\/\/appsaf.apieproject.com\/news\/fr\/wp-json\/wp\/v2\/posts\/7659\/revisions\/7899"}],"wp:featuredmedia":[{"embeddable":true,"href":"https:\/\/appsaf.apieproject.com\/news\/fr\/wp-json\/wp\/v2\/media\/7656"}],"wp:attachment":[{"href":"https:\/\/appsaf.apieproject.com\/news\/fr\/wp-json\/wp\/v2\/media?parent=7659"}],"wp:term":[{"taxonomy":"category","embeddable":true,"href":"https:\/\/appsaf.apieproject.com\/news\/fr\/wp-json\/wp\/v2\/categories?post=7659"},{"taxonomy":"post_tag","embeddable":true,"href":"https:\/\/appsaf.apieproject.com\/news\/fr\/wp-json\/wp\/v2\/tags?post=7659"}],"curies":[{"name":"wp","href":"https:\/\/api.w.org\/{rel}","templated":true}]}}