{"id":7683,"date":"2022-05-11T07:17:44","date_gmt":"2022-05-11T07:17:44","guid":{"rendered":"https:\/\/appsaf.apieproject.com\/news\/?p=7683"},"modified":"2022-05-11T07:17:46","modified_gmt":"2022-05-11T07:17:46","slug":"le-premier-festival-de-la-culture-alte-a-reuni-leaders-creatifs-emergents-du-nigeria","status":"publish","type":"post","link":"https:\/\/appsaf.apieproject.com\/news\/fr\/2022\/05\/11\/le-premier-festival-de-la-culture-alte-a-reuni-leaders-creatifs-emergents-du-nigeria\/","title":{"rendered":"Le premier festival de la culture Alt\u00e9 a r\u00e9uni leaders cr\u00e9atifs \u00e9mergents du Nigeria"},"content":{"rendered":"<p>Le mois dernier, de jeunes Nig\u00e9rians se sont r\u00e9unis au parc Muri Okunola, \u00e0 Lagos, pour le premier festival de la culture Alt\u00e9. Le terme \u00ab Alt\u00e9 \u00bb a \u00e9t\u00e9 utilis\u00e9 pour la premi\u00e8re fois en 2014, apr\u00e8s le succ\u00e8s de la chanson \u00ab Paper \u00bb de DRB LasGidi. , fer de lance de la mode et de la musique, Alt\u00e9 signifie alternative, et c\u2019est tout ce qui va \u00e0 l\u2019encontre de l\u2019id\u00e9ologie traditionnelle de la soci\u00e9t\u00e9.<\/p>\n<p>Depuis l\u2019\u00e9mergence de la sous-culture, des rassemblements comme Native Land, Street Souk et Homecoming Festival ont \u00e9t\u00e9 utilis\u00e9s pour mettre en lumi\u00e8re certains des esprits les plus brillants \u00e0 la t\u00eate de la sous-culture. L\u2019Alt\u00e9 Culture Festival rejoint ce calibre de rassemblements. Lady Donli, Wavy The Creator, Falana et Prettyboy D.O ont servi de t\u00eates d\u2019affiche. Outre ces noms connus, le festival a \u00e9galement pr\u00e9sent\u00e9 des artistes ind\u00e9pendants tels que Rigo Camp, Y9sir, Maka, Arb Music Band, etc.<\/p>\n<p>\u00ab Comme notre th\u00e8me \u00e9tait alternatif, nous avons d\u00e9lib\u00e9r\u00e9 sur tous ceux que nous avons amen\u00e9s \u00e0 bord pour le festival. Les artistes ind\u00e9pendants ont \u00e9t\u00e9 tri\u00e9s sur le volet parce qu\u2019ils ont des styles alternatifs \u00e0 leur musique. L\u2019une des essences du festival \u00e9tait de promouvoir \u00bb, a d\u00e9clar\u00e9 \u00e0 OkayAfrica Eunice Adeyemi, directrice cr\u00e9ative de Q21 Solutions, le cerveau du festival Alt\u00e9 Culture.<\/p>\n<p>Avant le festival Alt\u00e9 Culture, Q21 Solutions a organis\u00e9 avec succ\u00e8s une poign\u00e9e d\u2019\u00e9v\u00e9nements importants au Nigeria, tels que AMVCA (African Magic Viewer Choice Awards), Jameson Connect et Martell House. La marque d\u2019organisation d\u2019\u00e9v\u00e9nements a, au fil du temps, \u00e9t\u00e9 expos\u00e9e \u00e0 un large public de jeunes et d\u2019a\u00een\u00e9s.<\/p>\n<p>\u00ab Nous avons vu le besoin croissant d\u2019avoir une plate-forme qui incarne la mani\u00e8re authentique et alternative de faire les choses dans la musique, la mode, etc. Nous avions besoin d\u2019obtenir la soci\u00e9t\u00e9 sans trop modifier la norme, mais Sui Generis dans le style. Cette ing\u00e9niosit\u00e9 dans les pens\u00e9es a conduit au nom \u00bb, a d\u00e9clar\u00e9 Adeyemi.<\/p>\n","protected":false},"excerpt":{"rendered":"<p>Le premier festival de la culture Alt\u00e9, qui a eu lieu au parc Muri Okunola, \u00e0 Lagos, d\u00e9bordait d\u2019\u00e9nergie non conventionnelle. Voici quelques moments forts du festival.<\/p>\n","protected":false},"author":12963,"featured_media":7886,"comment_status":"open","ping_status":"open","sticky":false,"template":"","format":"standard","meta":{"footnotes":""},"categories":[53,65],"tags":[78,87,91],"class_list":{"0":"post-7683","1":"post","2":"type-post","3":"status-publish","4":"format-standard","5":"has-post-thumbnail","7":"category-culture-fr","8":"category-musique","9":"tag-apie-project-2","10":"tag-culture-2","11":"tag-musique"},"yoast_head":"<!-- This site is optimized with the Yoast SEO plugin v24.4 - https:\/\/yoast.com\/wordpress\/plugins\/seo\/ -->\n<title>Le premier festival de la culture Alt\u00e9 a r\u00e9uni leaders cr\u00e9atifs \u00e9mergents du Nigeria - APIE NEWS<\/title>\n<meta name=\"robots\" content=\"index, follow, max-snippet:-1, max-image-preview:large, max-video-preview:-1\" \/>\n<link rel=\"canonical\" href=\"https:\/\/appsaf.apieproject.com\/news\/fr\/2022\/05\/11\/le-premier-festival-de-la-culture-alte-a-reuni-leaders-creatifs-emergents-du-nigeria\/\" \/>\n<meta property=\"og:locale\" content=\"fr_FR\" \/>\n<meta property=\"og:type\" content=\"article\" \/>\n<meta property=\"og:title\" content=\"Le premier festival de la culture Alt\u00e9 a r\u00e9uni leaders cr\u00e9atifs \u00e9mergents du Nigeria - APIE NEWS\" \/>\n<meta property=\"og:description\" content=\"Le premier festival de la culture Alt\u00e9, qui a eu lieu au parc Muri Okunola, \u00e0 Lagos, d\u00e9bordait d\u2019\u00e9nergie non conventionnelle. Voici quelques moments forts du festival.\" \/>\n<meta property=\"og:url\" content=\"https:\/\/appsaf.apieproject.com\/news\/fr\/2022\/05\/11\/le-premier-festival-de-la-culture-alte-a-reuni-leaders-creatifs-emergents-du-nigeria\/\" \/>\n<meta property=\"og:site_name\" content=\"APIE NEWS\" \/>\n<meta property=\"article:publisher\" content=\"https:\/\/facebook.com\/apieproject\" \/>\n<meta property=\"article:published_time\" content=\"2022-05-11T07:17:44+00:00\" \/>\n<meta property=\"article:modified_time\" content=\"2022-05-11T07:17:46+00:00\" \/>\n<meta property=\"og:image\" content=\"https:\/\/appsaf.apieproject.com\/news\/wp-content\/uploads\/sites\/29\/2022\/05\/Alte.jpg\" \/>\n\t<meta property=\"og:image:width\" content=\"845\" \/>\n\t<meta property=\"og:image:height\" content=\"509\" \/>\n\t<meta property=\"og:image:type\" content=\"image\/jpeg\" \/>\n<meta name=\"author\" content=\"staff\" \/>\n<meta name=\"twitter:card\" content=\"summary_large_image\" \/>\n<meta name=\"twitter:creator\" content=\"@apieproject\" \/>\n<meta name=\"twitter:site\" content=\"@apieproject\" \/>\n<meta name=\"twitter:label1\" content=\"\u00c9crit par\" \/>\n\t<meta name=\"twitter:data1\" content=\"staff\" \/>\n\t<meta name=\"twitter:label2\" content=\"Dur\u00e9e de lecture estim\u00e9e\" \/>\n\t<meta name=\"twitter:data2\" content=\"2 minutes\" \/>\n<script type=\"application\/ld+json\" class=\"yoast-schema-graph\">{\"@context\":\"https:\/\/schema.org\",\"@graph\":[{\"@type\":\"Article\",\"@id\":\"https:\/\/appsaf.apieproject.com\/news\/fr\/2022\/05\/11\/le-premier-festival-de-la-culture-alte-a-reuni-leaders-creatifs-emergents-du-nigeria\/#article\",\"isPartOf\":{\"@id\":\"https:\/\/appsaf.apieproject.com\/news\/fr\/2022\/05\/11\/le-premier-festival-de-la-culture-alte-a-reuni-leaders-creatifs-emergents-du-nigeria\/\"},\"author\":{\"name\":\"staff\",\"@id\":\"https:\/\/appsaf.apieproject.com\/news\/#\/schema\/person\/399517cac378948cd7b39086f9ddc2a7\"},\"headline\":\"Le premier festival de la culture Alt\u00e9 a r\u00e9uni leaders cr\u00e9atifs \u00e9mergents du Nigeria\",\"datePublished\":\"2022-05-11T07:17:44+00:00\",\"dateModified\":\"2022-05-11T07:17:46+00:00\",\"mainEntityOfPage\":{\"@id\":\"https:\/\/appsaf.apieproject.com\/news\/fr\/2022\/05\/11\/le-premier-festival-de-la-culture-alte-a-reuni-leaders-creatifs-emergents-du-nigeria\/\"},\"wordCount\":374,\"commentCount\":0,\"publisher\":{\"@id\":\"https:\/\/appsaf.apieproject.com\/news\/#organization\"},\"image\":{\"@id\":\"https:\/\/appsaf.apieproject.com\/news\/fr\/2022\/05\/11\/le-premier-festival-de-la-culture-alte-a-reuni-leaders-creatifs-emergents-du-nigeria\/#primaryimage\"},\"thumbnailUrl\":\"https:\/\/appsaf.apieproject.com\/news\/wp-content\/uploads\/sites\/29\/2022\/05\/Alte.jpg\",\"keywords\":[\"apie project\",\"culture\",\"musique\"],\"articleSection\":[\"Culture\",\"Musique\"],\"inLanguage\":\"fr-FR\",\"potentialAction\":[{\"@type\":\"CommentAction\",\"name\":\"Comment\",\"target\":[\"https:\/\/appsaf.apieproject.com\/news\/fr\/2022\/05\/11\/le-premier-festival-de-la-culture-alte-a-reuni-leaders-creatifs-emergents-du-nigeria\/#respond\"]}]},{\"@type\":\"WebPage\",\"@id\":\"https:\/\/appsaf.apieproject.com\/news\/fr\/2022\/05\/11\/le-premier-festival-de-la-culture-alte-a-reuni-leaders-creatifs-emergents-du-nigeria\/\",\"url\":\"https:\/\/appsaf.apieproject.com\/news\/fr\/2022\/05\/11\/le-premier-festival-de-la-culture-alte-a-reuni-leaders-creatifs-emergents-du-nigeria\/\",\"name\":\"Le premier festival de la culture Alt\u00e9 a r\u00e9uni leaders cr\u00e9atifs \u00e9mergents du Nigeria - APIE NEWS\",\"isPartOf\":{\"@id\":\"https:\/\/appsaf.apieproject.com\/news\/#website\"},\"primaryImageOfPage\":{\"@id\":\"https:\/\/appsaf.apieproject.com\/news\/fr\/2022\/05\/11\/le-premier-festival-de-la-culture-alte-a-reuni-leaders-creatifs-emergents-du-nigeria\/#primaryimage\"},\"image\":{\"@id\":\"https:\/\/appsaf.apieproject.com\/news\/fr\/2022\/05\/11\/le-premier-festival-de-la-culture-alte-a-reuni-leaders-creatifs-emergents-du-nigeria\/#primaryimage\"},\"thumbnailUrl\":\"https:\/\/appsaf.apieproject.com\/news\/wp-content\/uploads\/sites\/29\/2022\/05\/Alte.jpg\",\"datePublished\":\"2022-05-11T07:17:44+00:00\",\"dateModified\":\"2022-05-11T07:17:46+00:00\",\"breadcrumb\":{\"@id\":\"https:\/\/appsaf.apieproject.com\/news\/fr\/2022\/05\/11\/le-premier-festival-de-la-culture-alte-a-reuni-leaders-creatifs-emergents-du-nigeria\/#breadcrumb\"},\"inLanguage\":\"fr-FR\",\"potentialAction\":[{\"@type\":\"ReadAction\",\"target\":[\"https:\/\/appsaf.apieproject.com\/news\/fr\/2022\/05\/11\/le-premier-festival-de-la-culture-alte-a-reuni-leaders-creatifs-emergents-du-nigeria\/\"]}]},{\"@type\":\"ImageObject\",\"inLanguage\":\"fr-FR\",\"@id\":\"https:\/\/appsaf.apieproject.com\/news\/fr\/2022\/05\/11\/le-premier-festival-de-la-culture-alte-a-reuni-leaders-creatifs-emergents-du-nigeria\/#primaryimage\",\"url\":\"https:\/\/appsaf.apieproject.com\/news\/wp-content\/uploads\/sites\/29\/2022\/05\/Alte.jpg\",\"contentUrl\":\"https:\/\/appsaf.apieproject.com\/news\/wp-content\/uploads\/sites\/29\/2022\/05\/Alte.jpg\",\"width\":845,\"height\":509},{\"@type\":\"BreadcrumbList\",\"@id\":\"https:\/\/appsaf.apieproject.com\/news\/fr\/2022\/05\/11\/le-premier-festival-de-la-culture-alte-a-reuni-leaders-creatifs-emergents-du-nigeria\/#breadcrumb\",\"itemListElement\":[{\"@type\":\"ListItem\",\"position\":1,\"name\":\"Home\",\"item\":\"https:\/\/appsaf.apieproject.com\/news\/fr\/home\/\"},{\"@type\":\"ListItem\",\"position\":2,\"name\":\"Le premier festival de la culture Alt\u00e9 a r\u00e9uni leaders cr\u00e9atifs \u00e9mergents du Nigeria\"}]},{\"@type\":\"WebSite\",\"@id\":\"https:\/\/appsaf.apieproject.com\/news\/#website\",\"url\":\"https:\/\/appsaf.apieproject.com\/news\/\",\"name\":\"APIE NEWS\",\"description\":\"PANAFRICANISM NEWS PORTAL\",\"publisher\":{\"@id\":\"https:\/\/appsaf.apieproject.com\/news\/#organization\"},\"potentialAction\":[{\"@type\":\"SearchAction\",\"target\":{\"@type\":\"EntryPoint\",\"urlTemplate\":\"https:\/\/appsaf.apieproject.com\/news\/?s={search_term_string}\"},\"query-input\":{\"@type\":\"PropertyValueSpecification\",\"valueRequired\":true,\"valueName\":\"search_term_string\"}}],\"inLanguage\":\"fr-FR\"},{\"@type\":\"Organization\",\"@id\":\"https:\/\/appsaf.apieproject.com\/news\/#organization\",\"name\":\"APIE PROJECT\",\"url\":\"https:\/\/appsaf.apieproject.com\/news\/\",\"logo\":{\"@type\":\"ImageObject\",\"inLanguage\":\"fr-FR\",\"@id\":\"https:\/\/appsaf.apieproject.com\/news\/#\/schema\/logo\/image\/\",\"url\":\"https:\/\/appsaf.apieproject.com\/news\/wp-content\/uploads\/sites\/29\/2022\/07\/logo-R-TransparentBackground.png\",\"contentUrl\":\"https:\/\/appsaf.apieproject.com\/news\/wp-content\/uploads\/sites\/29\/2022\/07\/logo-R-TransparentBackground.png\",\"width\":512,\"height\":512,\"caption\":\"APIE PROJECT\"},\"image\":{\"@id\":\"https:\/\/appsaf.apieproject.com\/news\/#\/schema\/logo\/image\/\"},\"sameAs\":[\"https:\/\/facebook.com\/apieproject\",\"https:\/\/x.com\/apieproject\"]},{\"@type\":\"Person\",\"@id\":\"https:\/\/appsaf.apieproject.com\/news\/#\/schema\/person\/399517cac378948cd7b39086f9ddc2a7\",\"name\":\"staff\",\"image\":{\"@type\":\"ImageObject\",\"inLanguage\":\"fr-FR\",\"@id\":\"https:\/\/appsaf.apieproject.com\/news\/#\/schema\/person\/image\/\",\"url\":\"https:\/\/secure.gravatar.com\/avatar\/5386283c5db150efe261184bd59f072a?s=96&d=mm&r=g\",\"contentUrl\":\"https:\/\/secure.gravatar.com\/avatar\/5386283c5db150efe261184bd59f072a?s=96&d=mm&r=g\",\"caption\":\"staff\"},\"url\":\"https:\/\/appsaf.apieproject.com\/news\/fr\/author\/staff\/\"}]}<\/script>\n<!-- \/ Yoast SEO plugin. -->","yoast_head_json":{"title":"Le premier festival de la culture Alt\u00e9 a r\u00e9uni leaders cr\u00e9atifs \u00e9mergents du Nigeria - APIE NEWS","robots":{"index":"index","follow":"follow","max-snippet":"max-snippet:-1","max-image-preview":"max-image-preview:large","max-video-preview":"max-video-preview:-1"},"canonical":"https:\/\/appsaf.apieproject.com\/news\/fr\/2022\/05\/11\/le-premier-festival-de-la-culture-alte-a-reuni-leaders-creatifs-emergents-du-nigeria\/","og_locale":"fr_FR","og_type":"article","og_title":"Le premier festival de la culture Alt\u00e9 a r\u00e9uni leaders cr\u00e9atifs \u00e9mergents du Nigeria - APIE NEWS","og_description":"Le premier festival de la culture Alt\u00e9, qui a eu lieu au parc Muri Okunola, \u00e0 Lagos, d\u00e9bordait d\u2019\u00e9nergie non conventionnelle. Voici quelques moments forts du festival.","og_url":"https:\/\/appsaf.apieproject.com\/news\/fr\/2022\/05\/11\/le-premier-festival-de-la-culture-alte-a-reuni-leaders-creatifs-emergents-du-nigeria\/","og_site_name":"APIE NEWS","article_publisher":"https:\/\/facebook.com\/apieproject","article_published_time":"2022-05-11T07:17:44+00:00","article_modified_time":"2022-05-11T07:17:46+00:00","og_image":[{"width":845,"height":509,"url":"https:\/\/appsaf.apieproject.com\/news\/wp-content\/uploads\/sites\/29\/2022\/05\/Alte.jpg","type":"image\/jpeg"}],"author":"staff","twitter_card":"summary_large_image","twitter_creator":"@apieproject","twitter_site":"@apieproject","twitter_misc":{"\u00c9crit par":"staff","Dur\u00e9e de lecture estim\u00e9e":"2 minutes"},"schema":{"@context":"https:\/\/schema.org","@graph":[{"@type":"Article","@id":"https:\/\/appsaf.apieproject.com\/news\/fr\/2022\/05\/11\/le-premier-festival-de-la-culture-alte-a-reuni-leaders-creatifs-emergents-du-nigeria\/#article","isPartOf":{"@id":"https:\/\/appsaf.apieproject.com\/news\/fr\/2022\/05\/11\/le-premier-festival-de-la-culture-alte-a-reuni-leaders-creatifs-emergents-du-nigeria\/"},"author":{"name":"staff","@id":"https:\/\/appsaf.apieproject.com\/news\/#\/schema\/person\/399517cac378948cd7b39086f9ddc2a7"},"headline":"Le premier festival de la culture Alt\u00e9 a r\u00e9uni leaders cr\u00e9atifs \u00e9mergents du Nigeria","datePublished":"2022-05-11T07:17:44+00:00","dateModified":"2022-05-11T07:17:46+00:00","mainEntityOfPage":{"@id":"https:\/\/appsaf.apieproject.com\/news\/fr\/2022\/05\/11\/le-premier-festival-de-la-culture-alte-a-reuni-leaders-creatifs-emergents-du-nigeria\/"},"wordCount":374,"commentCount":0,"publisher":{"@id":"https:\/\/appsaf.apieproject.com\/news\/#organization"},"image":{"@id":"https:\/\/appsaf.apieproject.com\/news\/fr\/2022\/05\/11\/le-premier-festival-de-la-culture-alte-a-reuni-leaders-creatifs-emergents-du-nigeria\/#primaryimage"},"thumbnailUrl":"https:\/\/appsaf.apieproject.com\/news\/wp-content\/uploads\/sites\/29\/2022\/05\/Alte.jpg","keywords":["apie project","culture","musique"],"articleSection":["Culture","Musique"],"inLanguage":"fr-FR","potentialAction":[{"@type":"CommentAction","name":"Comment","target":["https:\/\/appsaf.apieproject.com\/news\/fr\/2022\/05\/11\/le-premier-festival-de-la-culture-alte-a-reuni-leaders-creatifs-emergents-du-nigeria\/#respond"]}]},{"@type":"WebPage","@id":"https:\/\/appsaf.apieproject.com\/news\/fr\/2022\/05\/11\/le-premier-festival-de-la-culture-alte-a-reuni-leaders-creatifs-emergents-du-nigeria\/","url":"https:\/\/appsaf.apieproject.com\/news\/fr\/2022\/05\/11\/le-premier-festival-de-la-culture-alte-a-reuni-leaders-creatifs-emergents-du-nigeria\/","name":"Le premier festival de la culture Alt\u00e9 a r\u00e9uni leaders cr\u00e9atifs \u00e9mergents du Nigeria - APIE NEWS","isPartOf":{"@id":"https:\/\/appsaf.apieproject.com\/news\/#website"},"primaryImageOfPage":{"@id":"https:\/\/appsaf.apieproject.com\/news\/fr\/2022\/05\/11\/le-premier-festival-de-la-culture-alte-a-reuni-leaders-creatifs-emergents-du-nigeria\/#primaryimage"},"image":{"@id":"https:\/\/appsaf.apieproject.com\/news\/fr\/2022\/05\/11\/le-premier-festival-de-la-culture-alte-a-reuni-leaders-creatifs-emergents-du-nigeria\/#primaryimage"},"thumbnailUrl":"https:\/\/appsaf.apieproject.com\/news\/wp-content\/uploads\/sites\/29\/2022\/05\/Alte.jpg","datePublished":"2022-05-11T07:17:44+00:00","dateModified":"2022-05-11T07:17:46+00:00","breadcrumb":{"@id":"https:\/\/appsaf.apieproject.com\/news\/fr\/2022\/05\/11\/le-premier-festival-de-la-culture-alte-a-reuni-leaders-creatifs-emergents-du-nigeria\/#breadcrumb"},"inLanguage":"fr-FR","potentialAction":[{"@type":"ReadAction","target":["https:\/\/appsaf.apieproject.com\/news\/fr\/2022\/05\/11\/le-premier-festival-de-la-culture-alte-a-reuni-leaders-creatifs-emergents-du-nigeria\/"]}]},{"@type":"ImageObject","inLanguage":"fr-FR","@id":"https:\/\/appsaf.apieproject.com\/news\/fr\/2022\/05\/11\/le-premier-festival-de-la-culture-alte-a-reuni-leaders-creatifs-emergents-du-nigeria\/#primaryimage","url":"https:\/\/appsaf.apieproject.com\/news\/wp-content\/uploads\/sites\/29\/2022\/05\/Alte.jpg","contentUrl":"https:\/\/appsaf.apieproject.com\/news\/wp-content\/uploads\/sites\/29\/2022\/05\/Alte.jpg","width":845,"height":509},{"@type":"BreadcrumbList","@id":"https:\/\/appsaf.apieproject.com\/news\/fr\/2022\/05\/11\/le-premier-festival-de-la-culture-alte-a-reuni-leaders-creatifs-emergents-du-nigeria\/#breadcrumb","itemListElement":[{"@type":"ListItem","position":1,"name":"Home","item":"https:\/\/appsaf.apieproject.com\/news\/fr\/home\/"},{"@type":"ListItem","position":2,"name":"Le premier festival de la culture Alt\u00e9 a r\u00e9uni leaders cr\u00e9atifs \u00e9mergents du Nigeria"}]},{"@type":"WebSite","@id":"https:\/\/appsaf.apieproject.com\/news\/#website","url":"https:\/\/appsaf.apieproject.com\/news\/","name":"APIE NEWS","description":"PANAFRICANISM NEWS PORTAL","publisher":{"@id":"https:\/\/appsaf.apieproject.com\/news\/#organization"},"potentialAction":[{"@type":"SearchAction","target":{"@type":"EntryPoint","urlTemplate":"https:\/\/appsaf.apieproject.com\/news\/?s={search_term_string}"},"query-input":{"@type":"PropertyValueSpecification","valueRequired":true,"valueName":"search_term_string"}}],"inLanguage":"fr-FR"},{"@type":"Organization","@id":"https:\/\/appsaf.apieproject.com\/news\/#organization","name":"APIE PROJECT","url":"https:\/\/appsaf.apieproject.com\/news\/","logo":{"@type":"ImageObject","inLanguage":"fr-FR","@id":"https:\/\/appsaf.apieproject.com\/news\/#\/schema\/logo\/image\/","url":"https:\/\/appsaf.apieproject.com\/news\/wp-content\/uploads\/sites\/29\/2022\/07\/logo-R-TransparentBackground.png","contentUrl":"https:\/\/appsaf.apieproject.com\/news\/wp-content\/uploads\/sites\/29\/2022\/07\/logo-R-TransparentBackground.png","width":512,"height":512,"caption":"APIE PROJECT"},"image":{"@id":"https:\/\/appsaf.apieproject.com\/news\/#\/schema\/logo\/image\/"},"sameAs":["https:\/\/facebook.com\/apieproject","https:\/\/x.com\/apieproject"]},{"@type":"Person","@id":"https:\/\/appsaf.apieproject.com\/news\/#\/schema\/person\/399517cac378948cd7b39086f9ddc2a7","name":"staff","image":{"@type":"ImageObject","inLanguage":"fr-FR","@id":"https:\/\/appsaf.apieproject.com\/news\/#\/schema\/person\/image\/","url":"https:\/\/secure.gravatar.com\/avatar\/5386283c5db150efe261184bd59f072a?s=96&d=mm&r=g","contentUrl":"https:\/\/secure.gravatar.com\/avatar\/5386283c5db150efe261184bd59f072a?s=96&d=mm&r=g","caption":"staff"},"url":"https:\/\/appsaf.apieproject.com\/news\/fr\/author\/staff\/"}]}},"_links":{"self":[{"href":"https:\/\/appsaf.apieproject.com\/news\/fr\/wp-json\/wp\/v2\/posts\/7683","targetHints":{"allow":["GET"]}}],"collection":[{"href":"https:\/\/appsaf.apieproject.com\/news\/fr\/wp-json\/wp\/v2\/posts"}],"about":[{"href":"https:\/\/appsaf.apieproject.com\/news\/fr\/wp-json\/wp\/v2\/types\/post"}],"author":[{"embeddable":true,"href":"https:\/\/appsaf.apieproject.com\/news\/fr\/wp-json\/wp\/v2\/users\/12963"}],"replies":[{"embeddable":true,"href":"https:\/\/appsaf.apieproject.com\/news\/fr\/wp-json\/wp\/v2\/comments?post=7683"}],"version-history":[{"count":1,"href":"https:\/\/appsaf.apieproject.com\/news\/fr\/wp-json\/wp\/v2\/posts\/7683\/revisions"}],"predecessor-version":[{"id":7889,"href":"https:\/\/appsaf.apieproject.com\/news\/fr\/wp-json\/wp\/v2\/posts\/7683\/revisions\/7889"}],"wp:featuredmedia":[{"embeddable":true,"href":"https:\/\/appsaf.apieproject.com\/news\/fr\/wp-json\/wp\/v2\/media\/7886"}],"wp:attachment":[{"href":"https:\/\/appsaf.apieproject.com\/news\/fr\/wp-json\/wp\/v2\/media?parent=7683"}],"wp:term":[{"taxonomy":"category","embeddable":true,"href":"https:\/\/appsaf.apieproject.com\/news\/fr\/wp-json\/wp\/v2\/categories?post=7683"},{"taxonomy":"post_tag","embeddable":true,"href":"https:\/\/appsaf.apieproject.com\/news\/fr\/wp-json\/wp\/v2\/tags?post=7683"}],"curies":[{"name":"wp","href":"https:\/\/api.w.org\/{rel}","templated":true}]}}