{"id":7964,"date":"2022-05-14T08:04:53","date_gmt":"2022-05-14T08:04:53","guid":{"rendered":"https:\/\/appsaf.apieproject.com\/news\/?p=7964"},"modified":"2022-05-14T08:04:55","modified_gmt":"2022-05-14T08:04:55","slug":"couleurs-dafrique-a-elbeuf-un-festival-pour-decouvrir-les-cultures-dafrique-et-rassembler","status":"publish","type":"post","link":"https:\/\/appsaf.apieproject.com\/news\/fr\/2022\/05\/14\/couleurs-dafrique-a-elbeuf-un-festival-pour-decouvrir-les-cultures-dafrique-et-rassembler\/","title":{"rendered":"Couleurs d\u2019Afrique \u00e0 Elbeuf. Un festival pour d\u00e9couvrir les cultures d\u2019Afrique et \u00ab rassembler \u00bb"},"content":{"rendered":"<p>C\u2019est la 19e \u00e9dition de Couleurs d\u2019Afrique qui va se tenir \u00e0 Elbeuf du 16 au 21 mai. Un immense festival qui va se tenir dans toute la ville durant une semaine. Avec pour objectif de faire d\u00e9couvrir la culture de diff\u00e9rents pays africains. Rapprocher les continents. \u00ab Quand certains divisent, nous, on rassemble \u00bb, exprime Djoud\u00e9 Merabet, le maire d\u2019Elbeuf. Ville dont \u00ab une partie de la population est originaire de cet autre continent \u00bb, a-t-il ajout\u00e9. \u00ab On veut montrer la culture africaine dans tout le territoire \u00bb, pr\u00e9cise Magali Adam, adjointe \u00e0 l\u2019animation.<\/p>\n<p>Convention entre Bokidiawe et Elbeuf<\/p>\n<p>Cette ann\u00e9e, un partenariat va \u00eatre tissu entre Elbeuf et une ville s\u00e9n\u00e9galaise. Il s\u2019agit m\u00eame plus pr\u00e9cis\u00e9ment d\u2019une \u00ab charte de coop\u00e9ration d\u00e9centralis\u00e9e \u00bb entre les villes de Bokidiawe et d\u2019Elbeuf. Le maire de la commune, Kalidou Wague sera d\u2019ailleurs pr\u00e9sent. La ville d\u2019Elbeuf va apporter ses connaissances pour \u00ab accompagner les femmes teinturi\u00e8res [de cette ville] dans leur d\u00e9veloppement commercial. On va les mettre en relation et leur faire visiter des lieux de fabrication \u00bb, pr\u00e9cise l\u2019adjointe.<\/p>\n<p>Le programme<\/p>\n<p>Lundi 16 mai, de 18 h \u00e0 20 h, \u00e0 la Structure (61, cours Carnot). Inauguration du festival, exposition Au c\u0153ur de l\u2019Afrique noire et projection d\u2019un documentaire.<\/p>\n<p>Mardi 17 mai, de 18 h 30 \u00e0 21 h, au Grand Mercure. Projection tout public du documentaire Marcher sur l\u2019eau. \u00c9change \u00e0 la suite du film avec le CCFD Solidaire.<\/p>\n<p>Mercredi 18 mai, de 14 h 30 \u00e0 17 h 30, au centre social du Puchot. Activit\u00e9s manuelles en famille : cuisine, masques, sacs en wax, fresque collective.<\/p>\n<p>De 17 h \u00e0 21 h. F\u00eate orientale autour d\u2019un couscous partag\u00e9. Places limit\u00e9es, inscription obligatoire au 02 35 77 87 34.<\/p>\n<p>Jeudi 19 mai, de 18 h \u00e0 20 h, \u00e0 la P\u00e9niche. Daouda, conteur s\u00e9n\u00e9galais et de sp\u00e9cialit\u00e9s culinaires s\u00e9n\u00e9galaises sur place.<\/p>\n","protected":false},"excerpt":{"rendered":"<p>Couleurs d\u2019Afrique, la f\u00eate d\u00e9di\u00e9e \u00e0 la culture africaine est de retour \u00e0 Elbeuf du 16 au 21 mai. Au programme, des ateliers, des expositions, un concert\u2026<\/p>\n","protected":false},"author":12963,"featured_media":7961,"comment_status":"open","ping_status":"open","sticky":false,"template":"","format":"standard","meta":{"footnotes":""},"categories":[67,53],"tags":[81,78,87],"class_list":{"0":"post-7964","1":"post","2":"type-post","3":"status-publish","4":"format-standard","5":"has-post-thumbnail","7":"category-actualites","8":"category-culture-fr","9":"tag-actualites","10":"tag-apie-project-2","11":"tag-culture-2"},"yoast_head":"<!-- This site is optimized with the Yoast SEO plugin v24.4 - https:\/\/yoast.com\/wordpress\/plugins\/seo\/ -->\n<title>Couleurs d\u2019Afrique \u00e0 Elbeuf. Un festival pour d\u00e9couvrir les cultures d\u2019Afrique et \u00ab rassembler \u00bb - APIE NEWS<\/title>\n<meta name=\"robots\" content=\"index, follow, max-snippet:-1, max-image-preview:large, max-video-preview:-1\" \/>\n<link rel=\"canonical\" href=\"https:\/\/appsaf.apieproject.com\/news\/fr\/2022\/05\/14\/couleurs-dafrique-a-elbeuf-un-festival-pour-decouvrir-les-cultures-dafrique-et-rassembler\/\" \/>\n<meta property=\"og:locale\" content=\"fr_FR\" \/>\n<meta property=\"og:type\" content=\"article\" \/>\n<meta property=\"og:title\" content=\"Couleurs d\u2019Afrique \u00e0 Elbeuf. Un festival pour d\u00e9couvrir les cultures d\u2019Afrique et \u00ab rassembler \u00bb - APIE NEWS\" \/>\n<meta property=\"og:description\" content=\"Couleurs d\u2019Afrique, la f\u00eate d\u00e9di\u00e9e \u00e0 la culture africaine est de retour \u00e0 Elbeuf du 16 au 21 mai. Au programme, des ateliers, des expositions, un concert\u2026\" \/>\n<meta property=\"og:url\" content=\"https:\/\/appsaf.apieproject.com\/news\/fr\/2022\/05\/14\/couleurs-dafrique-a-elbeuf-un-festival-pour-decouvrir-les-cultures-dafrique-et-rassembler\/\" \/>\n<meta property=\"og:site_name\" content=\"APIE NEWS\" \/>\n<meta property=\"article:publisher\" content=\"https:\/\/facebook.com\/apieproject\" \/>\n<meta property=\"article:published_time\" content=\"2022-05-14T08:04:53+00:00\" \/>\n<meta property=\"article:modified_time\" content=\"2022-05-14T08:04:55+00:00\" \/>\n<meta property=\"og:image\" content=\"https:\/\/appsaf.apieproject.com\/news\/wp-content\/uploads\/sites\/29\/2022\/05\/couleurs-dafrique1-960x640-f2d983f4594a0a752051cbd4e97bf755.jpg\" \/>\n\t<meta property=\"og:image:width\" content=\"960\" \/>\n\t<meta property=\"og:image:height\" content=\"640\" \/>\n\t<meta property=\"og:image:type\" content=\"image\/jpeg\" \/>\n<meta name=\"author\" content=\"staff\" \/>\n<meta name=\"twitter:card\" content=\"summary_large_image\" \/>\n<meta name=\"twitter:creator\" content=\"@apieproject\" \/>\n<meta name=\"twitter:site\" content=\"@apieproject\" \/>\n<meta name=\"twitter:label1\" content=\"\u00c9crit par\" \/>\n\t<meta name=\"twitter:data1\" content=\"staff\" \/>\n\t<meta name=\"twitter:label2\" content=\"Dur\u00e9e de lecture estim\u00e9e\" \/>\n\t<meta name=\"twitter:data2\" content=\"2 minutes\" \/>\n<script type=\"application\/ld+json\" class=\"yoast-schema-graph\">{\"@context\":\"https:\/\/schema.org\",\"@graph\":[{\"@type\":\"Article\",\"@id\":\"https:\/\/appsaf.apieproject.com\/news\/fr\/2022\/05\/14\/couleurs-dafrique-a-elbeuf-un-festival-pour-decouvrir-les-cultures-dafrique-et-rassembler\/#article\",\"isPartOf\":{\"@id\":\"https:\/\/appsaf.apieproject.com\/news\/fr\/2022\/05\/14\/couleurs-dafrique-a-elbeuf-un-festival-pour-decouvrir-les-cultures-dafrique-et-rassembler\/\"},\"author\":{\"name\":\"staff\",\"@id\":\"https:\/\/appsaf.apieproject.com\/news\/#\/schema\/person\/399517cac378948cd7b39086f9ddc2a7\"},\"headline\":\"Couleurs d\u2019Afrique \u00e0 Elbeuf. Un festival pour d\u00e9couvrir les cultures d\u2019Afrique et \u00ab rassembler \u00bb\",\"datePublished\":\"2022-05-14T08:04:53+00:00\",\"dateModified\":\"2022-05-14T08:04:55+00:00\",\"mainEntityOfPage\":{\"@id\":\"https:\/\/appsaf.apieproject.com\/news\/fr\/2022\/05\/14\/couleurs-dafrique-a-elbeuf-un-festival-pour-decouvrir-les-cultures-dafrique-et-rassembler\/\"},\"wordCount\":323,\"commentCount\":0,\"publisher\":{\"@id\":\"https:\/\/appsaf.apieproject.com\/news\/#organization\"},\"image\":{\"@id\":\"https:\/\/appsaf.apieproject.com\/news\/fr\/2022\/05\/14\/couleurs-dafrique-a-elbeuf-un-festival-pour-decouvrir-les-cultures-dafrique-et-rassembler\/#primaryimage\"},\"thumbnailUrl\":\"https:\/\/appsaf.apieproject.com\/news\/wp-content\/uploads\/sites\/29\/2022\/05\/couleurs-dafrique1-960x640-f2d983f4594a0a752051cbd4e97bf755.jpg\",\"keywords\":[\"actualites\",\"apie project\",\"culture\"],\"articleSection\":[\"Actualit\u00e9s\",\"Culture\"],\"inLanguage\":\"fr-FR\",\"potentialAction\":[{\"@type\":\"CommentAction\",\"name\":\"Comment\",\"target\":[\"https:\/\/appsaf.apieproject.com\/news\/fr\/2022\/05\/14\/couleurs-dafrique-a-elbeuf-un-festival-pour-decouvrir-les-cultures-dafrique-et-rassembler\/#respond\"]}]},{\"@type\":\"WebPage\",\"@id\":\"https:\/\/appsaf.apieproject.com\/news\/fr\/2022\/05\/14\/couleurs-dafrique-a-elbeuf-un-festival-pour-decouvrir-les-cultures-dafrique-et-rassembler\/\",\"url\":\"https:\/\/appsaf.apieproject.com\/news\/fr\/2022\/05\/14\/couleurs-dafrique-a-elbeuf-un-festival-pour-decouvrir-les-cultures-dafrique-et-rassembler\/\",\"name\":\"Couleurs d\u2019Afrique \u00e0 Elbeuf. Un festival pour d\u00e9couvrir les cultures d\u2019Afrique et \u00ab rassembler \u00bb - APIE NEWS\",\"isPartOf\":{\"@id\":\"https:\/\/appsaf.apieproject.com\/news\/#website\"},\"primaryImageOfPage\":{\"@id\":\"https:\/\/appsaf.apieproject.com\/news\/fr\/2022\/05\/14\/couleurs-dafrique-a-elbeuf-un-festival-pour-decouvrir-les-cultures-dafrique-et-rassembler\/#primaryimage\"},\"image\":{\"@id\":\"https:\/\/appsaf.apieproject.com\/news\/fr\/2022\/05\/14\/couleurs-dafrique-a-elbeuf-un-festival-pour-decouvrir-les-cultures-dafrique-et-rassembler\/#primaryimage\"},\"thumbnailUrl\":\"https:\/\/appsaf.apieproject.com\/news\/wp-content\/uploads\/sites\/29\/2022\/05\/couleurs-dafrique1-960x640-f2d983f4594a0a752051cbd4e97bf755.jpg\",\"datePublished\":\"2022-05-14T08:04:53+00:00\",\"dateModified\":\"2022-05-14T08:04:55+00:00\",\"breadcrumb\":{\"@id\":\"https:\/\/appsaf.apieproject.com\/news\/fr\/2022\/05\/14\/couleurs-dafrique-a-elbeuf-un-festival-pour-decouvrir-les-cultures-dafrique-et-rassembler\/#breadcrumb\"},\"inLanguage\":\"fr-FR\",\"potentialAction\":[{\"@type\":\"ReadAction\",\"target\":[\"https:\/\/appsaf.apieproject.com\/news\/fr\/2022\/05\/14\/couleurs-dafrique-a-elbeuf-un-festival-pour-decouvrir-les-cultures-dafrique-et-rassembler\/\"]}]},{\"@type\":\"ImageObject\",\"inLanguage\":\"fr-FR\",\"@id\":\"https:\/\/appsaf.apieproject.com\/news\/fr\/2022\/05\/14\/couleurs-dafrique-a-elbeuf-un-festival-pour-decouvrir-les-cultures-dafrique-et-rassembler\/#primaryimage\",\"url\":\"https:\/\/appsaf.apieproject.com\/news\/wp-content\/uploads\/sites\/29\/2022\/05\/couleurs-dafrique1-960x640-f2d983f4594a0a752051cbd4e97bf755.jpg\",\"contentUrl\":\"https:\/\/appsaf.apieproject.com\/news\/wp-content\/uploads\/sites\/29\/2022\/05\/couleurs-dafrique1-960x640-f2d983f4594a0a752051cbd4e97bf755.jpg\",\"width\":960,\"height\":640},{\"@type\":\"BreadcrumbList\",\"@id\":\"https:\/\/appsaf.apieproject.com\/news\/fr\/2022\/05\/14\/couleurs-dafrique-a-elbeuf-un-festival-pour-decouvrir-les-cultures-dafrique-et-rassembler\/#breadcrumb\",\"itemListElement\":[{\"@type\":\"ListItem\",\"position\":1,\"name\":\"Home\",\"item\":\"https:\/\/appsaf.apieproject.com\/news\/fr\/home\/\"},{\"@type\":\"ListItem\",\"position\":2,\"name\":\"Couleurs d\u2019Afrique \u00e0 Elbeuf. Un festival pour d\u00e9couvrir les cultures d\u2019Afrique et \u00ab rassembler \u00bb\"}]},{\"@type\":\"WebSite\",\"@id\":\"https:\/\/appsaf.apieproject.com\/news\/#website\",\"url\":\"https:\/\/appsaf.apieproject.com\/news\/\",\"name\":\"APIE NEWS\",\"description\":\"PANAFRICANISM NEWS PORTAL\",\"publisher\":{\"@id\":\"https:\/\/appsaf.apieproject.com\/news\/#organization\"},\"potentialAction\":[{\"@type\":\"SearchAction\",\"target\":{\"@type\":\"EntryPoint\",\"urlTemplate\":\"https:\/\/appsaf.apieproject.com\/news\/?s={search_term_string}\"},\"query-input\":{\"@type\":\"PropertyValueSpecification\",\"valueRequired\":true,\"valueName\":\"search_term_string\"}}],\"inLanguage\":\"fr-FR\"},{\"@type\":\"Organization\",\"@id\":\"https:\/\/appsaf.apieproject.com\/news\/#organization\",\"name\":\"APIE PROJECT\",\"url\":\"https:\/\/appsaf.apieproject.com\/news\/\",\"logo\":{\"@type\":\"ImageObject\",\"inLanguage\":\"fr-FR\",\"@id\":\"https:\/\/appsaf.apieproject.com\/news\/#\/schema\/logo\/image\/\",\"url\":\"https:\/\/appsaf.apieproject.com\/news\/wp-content\/uploads\/sites\/29\/2022\/07\/logo-R-TransparentBackground.png\",\"contentUrl\":\"https:\/\/appsaf.apieproject.com\/news\/wp-content\/uploads\/sites\/29\/2022\/07\/logo-R-TransparentBackground.png\",\"width\":512,\"height\":512,\"caption\":\"APIE PROJECT\"},\"image\":{\"@id\":\"https:\/\/appsaf.apieproject.com\/news\/#\/schema\/logo\/image\/\"},\"sameAs\":[\"https:\/\/facebook.com\/apieproject\",\"https:\/\/x.com\/apieproject\"]},{\"@type\":\"Person\",\"@id\":\"https:\/\/appsaf.apieproject.com\/news\/#\/schema\/person\/399517cac378948cd7b39086f9ddc2a7\",\"name\":\"staff\",\"image\":{\"@type\":\"ImageObject\",\"inLanguage\":\"fr-FR\",\"@id\":\"https:\/\/appsaf.apieproject.com\/news\/#\/schema\/person\/image\/\",\"url\":\"https:\/\/secure.gravatar.com\/avatar\/5386283c5db150efe261184bd59f072a?s=96&d=mm&r=g\",\"contentUrl\":\"https:\/\/secure.gravatar.com\/avatar\/5386283c5db150efe261184bd59f072a?s=96&d=mm&r=g\",\"caption\":\"staff\"},\"url\":\"https:\/\/appsaf.apieproject.com\/news\/fr\/author\/staff\/\"}]}<\/script>\n<!-- \/ Yoast SEO plugin. -->","yoast_head_json":{"title":"Couleurs d\u2019Afrique \u00e0 Elbeuf. Un festival pour d\u00e9couvrir les cultures d\u2019Afrique et \u00ab rassembler \u00bb - APIE NEWS","robots":{"index":"index","follow":"follow","max-snippet":"max-snippet:-1","max-image-preview":"max-image-preview:large","max-video-preview":"max-video-preview:-1"},"canonical":"https:\/\/appsaf.apieproject.com\/news\/fr\/2022\/05\/14\/couleurs-dafrique-a-elbeuf-un-festival-pour-decouvrir-les-cultures-dafrique-et-rassembler\/","og_locale":"fr_FR","og_type":"article","og_title":"Couleurs d\u2019Afrique \u00e0 Elbeuf. Un festival pour d\u00e9couvrir les cultures d\u2019Afrique et \u00ab rassembler \u00bb - APIE NEWS","og_description":"Couleurs d\u2019Afrique, la f\u00eate d\u00e9di\u00e9e \u00e0 la culture africaine est de retour \u00e0 Elbeuf du 16 au 21 mai. Au programme, des ateliers, des expositions, un concert\u2026","og_url":"https:\/\/appsaf.apieproject.com\/news\/fr\/2022\/05\/14\/couleurs-dafrique-a-elbeuf-un-festival-pour-decouvrir-les-cultures-dafrique-et-rassembler\/","og_site_name":"APIE NEWS","article_publisher":"https:\/\/facebook.com\/apieproject","article_published_time":"2022-05-14T08:04:53+00:00","article_modified_time":"2022-05-14T08:04:55+00:00","og_image":[{"width":960,"height":640,"url":"https:\/\/appsaf.apieproject.com\/news\/wp-content\/uploads\/sites\/29\/2022\/05\/couleurs-dafrique1-960x640-f2d983f4594a0a752051cbd4e97bf755.jpg","type":"image\/jpeg"}],"author":"staff","twitter_card":"summary_large_image","twitter_creator":"@apieproject","twitter_site":"@apieproject","twitter_misc":{"\u00c9crit par":"staff","Dur\u00e9e de lecture estim\u00e9e":"2 minutes"},"schema":{"@context":"https:\/\/schema.org","@graph":[{"@type":"Article","@id":"https:\/\/appsaf.apieproject.com\/news\/fr\/2022\/05\/14\/couleurs-dafrique-a-elbeuf-un-festival-pour-decouvrir-les-cultures-dafrique-et-rassembler\/#article","isPartOf":{"@id":"https:\/\/appsaf.apieproject.com\/news\/fr\/2022\/05\/14\/couleurs-dafrique-a-elbeuf-un-festival-pour-decouvrir-les-cultures-dafrique-et-rassembler\/"},"author":{"name":"staff","@id":"https:\/\/appsaf.apieproject.com\/news\/#\/schema\/person\/399517cac378948cd7b39086f9ddc2a7"},"headline":"Couleurs d\u2019Afrique \u00e0 Elbeuf. Un festival pour d\u00e9couvrir les cultures d\u2019Afrique et \u00ab rassembler \u00bb","datePublished":"2022-05-14T08:04:53+00:00","dateModified":"2022-05-14T08:04:55+00:00","mainEntityOfPage":{"@id":"https:\/\/appsaf.apieproject.com\/news\/fr\/2022\/05\/14\/couleurs-dafrique-a-elbeuf-un-festival-pour-decouvrir-les-cultures-dafrique-et-rassembler\/"},"wordCount":323,"commentCount":0,"publisher":{"@id":"https:\/\/appsaf.apieproject.com\/news\/#organization"},"image":{"@id":"https:\/\/appsaf.apieproject.com\/news\/fr\/2022\/05\/14\/couleurs-dafrique-a-elbeuf-un-festival-pour-decouvrir-les-cultures-dafrique-et-rassembler\/#primaryimage"},"thumbnailUrl":"https:\/\/appsaf.apieproject.com\/news\/wp-content\/uploads\/sites\/29\/2022\/05\/couleurs-dafrique1-960x640-f2d983f4594a0a752051cbd4e97bf755.jpg","keywords":["actualites","apie project","culture"],"articleSection":["Actualit\u00e9s","Culture"],"inLanguage":"fr-FR","potentialAction":[{"@type":"CommentAction","name":"Comment","target":["https:\/\/appsaf.apieproject.com\/news\/fr\/2022\/05\/14\/couleurs-dafrique-a-elbeuf-un-festival-pour-decouvrir-les-cultures-dafrique-et-rassembler\/#respond"]}]},{"@type":"WebPage","@id":"https:\/\/appsaf.apieproject.com\/news\/fr\/2022\/05\/14\/couleurs-dafrique-a-elbeuf-un-festival-pour-decouvrir-les-cultures-dafrique-et-rassembler\/","url":"https:\/\/appsaf.apieproject.com\/news\/fr\/2022\/05\/14\/couleurs-dafrique-a-elbeuf-un-festival-pour-decouvrir-les-cultures-dafrique-et-rassembler\/","name":"Couleurs d\u2019Afrique \u00e0 Elbeuf. Un festival pour d\u00e9couvrir les cultures d\u2019Afrique et \u00ab rassembler \u00bb - APIE NEWS","isPartOf":{"@id":"https:\/\/appsaf.apieproject.com\/news\/#website"},"primaryImageOfPage":{"@id":"https:\/\/appsaf.apieproject.com\/news\/fr\/2022\/05\/14\/couleurs-dafrique-a-elbeuf-un-festival-pour-decouvrir-les-cultures-dafrique-et-rassembler\/#primaryimage"},"image":{"@id":"https:\/\/appsaf.apieproject.com\/news\/fr\/2022\/05\/14\/couleurs-dafrique-a-elbeuf-un-festival-pour-decouvrir-les-cultures-dafrique-et-rassembler\/#primaryimage"},"thumbnailUrl":"https:\/\/appsaf.apieproject.com\/news\/wp-content\/uploads\/sites\/29\/2022\/05\/couleurs-dafrique1-960x640-f2d983f4594a0a752051cbd4e97bf755.jpg","datePublished":"2022-05-14T08:04:53+00:00","dateModified":"2022-05-14T08:04:55+00:00","breadcrumb":{"@id":"https:\/\/appsaf.apieproject.com\/news\/fr\/2022\/05\/14\/couleurs-dafrique-a-elbeuf-un-festival-pour-decouvrir-les-cultures-dafrique-et-rassembler\/#breadcrumb"},"inLanguage":"fr-FR","potentialAction":[{"@type":"ReadAction","target":["https:\/\/appsaf.apieproject.com\/news\/fr\/2022\/05\/14\/couleurs-dafrique-a-elbeuf-un-festival-pour-decouvrir-les-cultures-dafrique-et-rassembler\/"]}]},{"@type":"ImageObject","inLanguage":"fr-FR","@id":"https:\/\/appsaf.apieproject.com\/news\/fr\/2022\/05\/14\/couleurs-dafrique-a-elbeuf-un-festival-pour-decouvrir-les-cultures-dafrique-et-rassembler\/#primaryimage","url":"https:\/\/appsaf.apieproject.com\/news\/wp-content\/uploads\/sites\/29\/2022\/05\/couleurs-dafrique1-960x640-f2d983f4594a0a752051cbd4e97bf755.jpg","contentUrl":"https:\/\/appsaf.apieproject.com\/news\/wp-content\/uploads\/sites\/29\/2022\/05\/couleurs-dafrique1-960x640-f2d983f4594a0a752051cbd4e97bf755.jpg","width":960,"height":640},{"@type":"BreadcrumbList","@id":"https:\/\/appsaf.apieproject.com\/news\/fr\/2022\/05\/14\/couleurs-dafrique-a-elbeuf-un-festival-pour-decouvrir-les-cultures-dafrique-et-rassembler\/#breadcrumb","itemListElement":[{"@type":"ListItem","position":1,"name":"Home","item":"https:\/\/appsaf.apieproject.com\/news\/fr\/home\/"},{"@type":"ListItem","position":2,"name":"Couleurs d\u2019Afrique \u00e0 Elbeuf. Un festival pour d\u00e9couvrir les cultures d\u2019Afrique et \u00ab rassembler \u00bb"}]},{"@type":"WebSite","@id":"https:\/\/appsaf.apieproject.com\/news\/#website","url":"https:\/\/appsaf.apieproject.com\/news\/","name":"APIE NEWS","description":"PANAFRICANISM NEWS PORTAL","publisher":{"@id":"https:\/\/appsaf.apieproject.com\/news\/#organization"},"potentialAction":[{"@type":"SearchAction","target":{"@type":"EntryPoint","urlTemplate":"https:\/\/appsaf.apieproject.com\/news\/?s={search_term_string}"},"query-input":{"@type":"PropertyValueSpecification","valueRequired":true,"valueName":"search_term_string"}}],"inLanguage":"fr-FR"},{"@type":"Organization","@id":"https:\/\/appsaf.apieproject.com\/news\/#organization","name":"APIE PROJECT","url":"https:\/\/appsaf.apieproject.com\/news\/","logo":{"@type":"ImageObject","inLanguage":"fr-FR","@id":"https:\/\/appsaf.apieproject.com\/news\/#\/schema\/logo\/image\/","url":"https:\/\/appsaf.apieproject.com\/news\/wp-content\/uploads\/sites\/29\/2022\/07\/logo-R-TransparentBackground.png","contentUrl":"https:\/\/appsaf.apieproject.com\/news\/wp-content\/uploads\/sites\/29\/2022\/07\/logo-R-TransparentBackground.png","width":512,"height":512,"caption":"APIE PROJECT"},"image":{"@id":"https:\/\/appsaf.apieproject.com\/news\/#\/schema\/logo\/image\/"},"sameAs":["https:\/\/facebook.com\/apieproject","https:\/\/x.com\/apieproject"]},{"@type":"Person","@id":"https:\/\/appsaf.apieproject.com\/news\/#\/schema\/person\/399517cac378948cd7b39086f9ddc2a7","name":"staff","image":{"@type":"ImageObject","inLanguage":"fr-FR","@id":"https:\/\/appsaf.apieproject.com\/news\/#\/schema\/person\/image\/","url":"https:\/\/secure.gravatar.com\/avatar\/5386283c5db150efe261184bd59f072a?s=96&d=mm&r=g","contentUrl":"https:\/\/secure.gravatar.com\/avatar\/5386283c5db150efe261184bd59f072a?s=96&d=mm&r=g","caption":"staff"},"url":"https:\/\/appsaf.apieproject.com\/news\/fr\/author\/staff\/"}]}},"_links":{"self":[{"href":"https:\/\/appsaf.apieproject.com\/news\/fr\/wp-json\/wp\/v2\/posts\/7964","targetHints":{"allow":["GET"]}}],"collection":[{"href":"https:\/\/appsaf.apieproject.com\/news\/fr\/wp-json\/wp\/v2\/posts"}],"about":[{"href":"https:\/\/appsaf.apieproject.com\/news\/fr\/wp-json\/wp\/v2\/types\/post"}],"author":[{"embeddable":true,"href":"https:\/\/appsaf.apieproject.com\/news\/fr\/wp-json\/wp\/v2\/users\/12963"}],"replies":[{"embeddable":true,"href":"https:\/\/appsaf.apieproject.com\/news\/fr\/wp-json\/wp\/v2\/comments?post=7964"}],"version-history":[{"count":1,"href":"https:\/\/appsaf.apieproject.com\/news\/fr\/wp-json\/wp\/v2\/posts\/7964\/revisions"}],"predecessor-version":[{"id":8190,"href":"https:\/\/appsaf.apieproject.com\/news\/fr\/wp-json\/wp\/v2\/posts\/7964\/revisions\/8190"}],"wp:featuredmedia":[{"embeddable":true,"href":"https:\/\/appsaf.apieproject.com\/news\/fr\/wp-json\/wp\/v2\/media\/7961"}],"wp:attachment":[{"href":"https:\/\/appsaf.apieproject.com\/news\/fr\/wp-json\/wp\/v2\/media?parent=7964"}],"wp:term":[{"taxonomy":"category","embeddable":true,"href":"https:\/\/appsaf.apieproject.com\/news\/fr\/wp-json\/wp\/v2\/categories?post=7964"},{"taxonomy":"post_tag","embeddable":true,"href":"https:\/\/appsaf.apieproject.com\/news\/fr\/wp-json\/wp\/v2\/tags?post=7964"}],"curies":[{"name":"wp","href":"https:\/\/api.w.org\/{rel}","templated":true}]}}