{"id":8934,"date":"2022-05-30T02:56:36","date_gmt":"2022-05-30T02:56:36","guid":{"rendered":"https:\/\/appsaf.apieproject.com\/news\/?p=8934"},"modified":"2022-05-30T02:56:37","modified_gmt":"2022-05-30T02:56:37","slug":"afrique-du-sud-une-manifestation-anti-france-organisee-dans-les-rues-de-pretoria","status":"publish","type":"post","link":"https:\/\/appsaf.apieproject.com\/news\/fr\/2022\/05\/30\/afrique-du-sud-une-manifestation-anti-france-organisee-dans-les-rues-de-pretoria\/","title":{"rendered":"Afrique du Sud : une manifestation anti France organis\u00e9e dans les rues de Pretoria"},"content":{"rendered":"<p>Ce mercredi 25 mai 2022, des milliers de personnes militants et sympathisants d\u2019un parti politique de gauche radicale ont organis\u00e9 une manifestation dans la capitale sud-africaine, Pretoria. Le pr\u00e9texte de cette marche \u00e9tait de demander le d\u00e9part imm\u00e9diat de la France du continent africain.<\/p>\n<p>Tax\u00e9e d\u2019imp\u00e9rialiste, la France n\u2019est plus la bienvenue dans de nombreux pays d\u2019Afrique y compris l\u2019Afrique du Sud. C\u2019est ainsi qu\u2019au cours de cette manifestation, les membres et sympathisants du parti Combattants pour la libert\u00e9 \u00e9conomique (EFF), un parti dirig\u00e9 par Julius Malema, arborant des t-shirts et casquettes rouges marqu\u00e9s par un logo en forme d\u2019Afrique, ont brandi des pancartes sur lesquelles ont pouvait lire divers messages tels que : \u2018\u2019La France dehors\u2019\u2019, \u2018\u2019La richesse de la France sur le dos des Africains\u2019\u2019 ou encore \u2018\u2019R\u00e9parations pour les crimes coloniaux\u2019\u2019. Arriv\u00e9s \u00e0 bord de plusieurs bus pr\u00e9vus pour la circonstance, les manifestants, au rang desquels, des Congolais et Camerounais, se sont rendus dans les rues jouxtant l\u2019ambassade de France en Afrique du Sud pour d\u00e9buter leur manifestation. Plus tard, ils ont \u00e9t\u00e9 rejoints par une petite communaut\u00e9 malienne. Ces derniers arboraient des t-shirts en hommage au colonel Assimi Go\u00efta.<\/p>\n<p>Un camion ouvert a servi de podium aux leaders de la manifestation. L\u2019un d\u2019eux, perch\u00e9 sur ce podium a scand\u00e9 \u00e0 plusieurs reprises \u2018\u2019Va te faire foutre la France, va te faire foutre\u2019\u2019. Les foules en extase ont repris en ch\u0153ur ce slogan. Julius Malema lui-m\u00eame est mont\u00e9 sur l\u2019estrade et a invit\u00e9 l\u2019ambassadeur fran\u00e7ais \u00e0 venir recevoir un m\u00e9morandum en ces termes : \u00ab Personne ne va vous frapper. Vous avez tu\u00e9 beaucoup de monde en Afrique. Pourquoi avez-vous peur, aujourd&rsquo;hui, de sortir et d&rsquo;affronter des Africains ? Combattants ! Chantons, car nous ne partirons pas \u00bb<\/p>\n<p>Puis les manifestants se sont approch\u00e9s des grilles de l\u2019ambassade qui \u00e9taient minutieusement prot\u00e9g\u00e9es par un cordon de policiers d\u00e9ploy\u00e9s pour la circonstance. Au rang des manifestants, on note la pr\u00e9sence d\u2019Egountchi Behanzin, cr\u00e9ateur de la Ligue de d\u00e9fense noire africaine. Une organisation dissoute par le gouvernement fran\u00e7ais, qui le consid\u00e9rait comme raciste et appelant \u00e0 la haine.<br \/>\nAu micro des journalistes, Leigh-Ann Mathys, une porte-parole du parti de gauche a d\u00e9clar\u00e9 que : \u00ab La France a ses sales petits doigts encore profond\u00e9ment enfonc\u00e9s dans ses anciennes colonies fran\u00e7aises. Les pays africains ne peuvent pas respirer. Il n&rsquo;y a pas que la France, mais la France est l\u00e0 en premi\u00e8re ligne. Aujourd&rsquo;hui, nous disons \u00e0 la France de laisser l&rsquo;Afrique g\u00e9rer ses affaires de mani\u00e8re ind\u00e9pendante \u00bb. Lui emboitant le pas, un autre leader au nom de Sinawo Thambo ajoute que : \u00ab L&rsquo;EFF luttera toujours contre l&rsquo;imp\u00e9rialisme de l&rsquo;Occident. La relation France-Afrique doit changer, les pays africains doivent \u00eatre consid\u00e9r\u00e9s comme des partenaires et pas seulement comme des fournisseurs de mati\u00e8res premi\u00e8res. \u00bb<\/p>\n<p>R\u00e9agissant \u00e0 cette manifestation, l\u2019ambassade de France en Afrique a pr\u00e9cis\u00e9 que la France reste un partenaire solide de l\u2019Afrique du Sud et que le pays de Macron respecte pleinement l\u2019int\u00e9grit\u00e9, la souverainet\u00e9 et l\u2019ind\u00e9pendance de toutes les nations africaines. Le communique mentionne par la suite que les deux pays travaillent ensemble dans de nombreux secteurs et qu\u2019ils travailleront \u00e0 renforcer leurs liens et leur coop\u00e9ration.<\/p>\n<p>Le parti de Julius Malema rejoint ainsi la junte malienne dirig\u00e9e par le colonel Assimi Go\u00efta. Ce dernier et son gouvernement de transition, a presque \u00e9radiqu\u00e9 l\u2019action fran\u00e7aise dans son pays. Ceci en commettant des actes forts tels le renvoie de l\u2019ambassadeur de France au Mali dans son pays, le retrait des troupe militaires fran\u00e7aises Barkhane du pays, et l\u2019interdiction des m\u00e9dias fran\u00e7ais France 24 et Radio France Internationale (RFI) sur les terres maliennes.<\/p>\n<p>Le parti de Julius Malema a formul\u00e9 8 demandes parmi lesquelles la plus forte est l\u2019arr\u00eat du fran\u00e7ais comme langue officielle en Afrique. L\u2019EFF attend une r\u00e9ponse sous 14 jours auquel cas un programme sp\u00e9cial destin\u00e9 \u00e0 affaiblir et contrecarrer la colonisation continue de la France en Afrique sera mis sur pied.<\/p>\n","protected":false},"excerpt":{"rendered":"<p>Ce mercredi 25 mai 2022, des milliers de personnes militants et sympathisants d\u2019un parti politique de gauche radicale ont organis\u00e9 une manifestation dans la capitale sud-africaine, Pretoria. Le pr\u00e9texte de cette marche \u00e9tait de demander le d\u00e9part imm\u00e9diat de la France du continent africain. Tax\u00e9e d\u2019imp\u00e9rialiste, la France n\u2019est plus la bienvenue dans de nombreux [&hellip;]<\/p>\n","protected":false},"author":13112,"featured_media":8931,"comment_status":"open","ping_status":"open","sticky":false,"template":"","format":"standard","meta":{"footnotes":""},"categories":[67,69,59],"tags":[81,78,82],"class_list":{"0":"post-8934","1":"post","2":"type-post","3":"status-publish","4":"format-standard","5":"has-post-thumbnail","7":"category-actualites","8":"category-politique","9":"category-speciaux","10":"tag-actualites","11":"tag-apie-project-2","12":"tag-politique"},"yoast_head":"<!-- This site is optimized with the Yoast SEO plugin v24.4 - https:\/\/yoast.com\/wordpress\/plugins\/seo\/ -->\n<title>Afrique du Sud : une manifestation anti France organis\u00e9e dans les rues de Pretoria - APIE NEWS<\/title>\n<meta name=\"robots\" content=\"index, follow, max-snippet:-1, max-image-preview:large, max-video-preview:-1\" \/>\n<link rel=\"canonical\" href=\"https:\/\/appsaf.apieproject.com\/news\/fr\/2022\/05\/30\/afrique-du-sud-une-manifestation-anti-france-organisee-dans-les-rues-de-pretoria\/\" \/>\n<meta property=\"og:locale\" content=\"fr_FR\" \/>\n<meta property=\"og:type\" content=\"article\" \/>\n<meta property=\"og:title\" content=\"Afrique du Sud : une manifestation anti France organis\u00e9e dans les rues de Pretoria - APIE NEWS\" \/>\n<meta property=\"og:description\" content=\"Ce mercredi 25 mai 2022, des milliers de personnes militants et sympathisants d\u2019un parti politique de gauche radicale ont organis\u00e9 une manifestation dans la capitale sud-africaine, Pretoria. Le pr\u00e9texte de cette marche \u00e9tait de demander le d\u00e9part imm\u00e9diat de la France du continent africain. Tax\u00e9e d\u2019imp\u00e9rialiste, la France n\u2019est plus la bienvenue dans de nombreux [&hellip;]\" \/>\n<meta property=\"og:url\" content=\"https:\/\/appsaf.apieproject.com\/news\/fr\/2022\/05\/30\/afrique-du-sud-une-manifestation-anti-france-organisee-dans-les-rues-de-pretoria\/\" \/>\n<meta property=\"og:site_name\" content=\"APIE NEWS\" \/>\n<meta property=\"article:publisher\" content=\"https:\/\/facebook.com\/apieproject\" \/>\n<meta property=\"article:published_time\" content=\"2022-05-30T02:56:36+00:00\" \/>\n<meta property=\"article:modified_time\" content=\"2022-05-30T02:56:37+00:00\" \/>\n<meta property=\"og:image\" content=\"https:\/\/appsaf.apieproject.com\/news\/wp-content\/uploads\/sites\/29\/2022\/05\/telechargement-2022-05-26T231021.719-ee41287f4bf09f309a6073232edab6bd.jpg\" \/>\n\t<meta property=\"og:image:width\" content=\"275\" \/>\n\t<meta property=\"og:image:height\" content=\"183\" \/>\n\t<meta property=\"og:image:type\" content=\"image\/jpeg\" \/>\n<meta name=\"author\" content=\"guyetom\" \/>\n<meta name=\"twitter:card\" content=\"summary_large_image\" \/>\n<meta name=\"twitter:creator\" content=\"@apieproject\" \/>\n<meta name=\"twitter:site\" content=\"@apieproject\" \/>\n<meta name=\"twitter:label1\" content=\"\u00c9crit par\" \/>\n\t<meta name=\"twitter:data1\" content=\"guyetom\" \/>\n\t<meta name=\"twitter:label2\" content=\"Dur\u00e9e de lecture estim\u00e9e\" \/>\n\t<meta name=\"twitter:data2\" content=\"4 minutes\" \/>\n<script type=\"application\/ld+json\" class=\"yoast-schema-graph\">{\"@context\":\"https:\/\/schema.org\",\"@graph\":[{\"@type\":\"Article\",\"@id\":\"https:\/\/appsaf.apieproject.com\/news\/fr\/2022\/05\/30\/afrique-du-sud-une-manifestation-anti-france-organisee-dans-les-rues-de-pretoria\/#article\",\"isPartOf\":{\"@id\":\"https:\/\/appsaf.apieproject.com\/news\/fr\/2022\/05\/30\/afrique-du-sud-une-manifestation-anti-france-organisee-dans-les-rues-de-pretoria\/\"},\"author\":{\"name\":\"guyetom\",\"@id\":\"https:\/\/appsaf.apieproject.com\/news\/#\/schema\/person\/94d8f4e561b283d434da551498c8cb39\"},\"headline\":\"Afrique du Sud : une manifestation anti France organis\u00e9e dans les rues de Pretoria\",\"datePublished\":\"2022-05-30T02:56:36+00:00\",\"dateModified\":\"2022-05-30T02:56:37+00:00\",\"mainEntityOfPage\":{\"@id\":\"https:\/\/appsaf.apieproject.com\/news\/fr\/2022\/05\/30\/afrique-du-sud-une-manifestation-anti-france-organisee-dans-les-rues-de-pretoria\/\"},\"wordCount\":733,\"commentCount\":0,\"publisher\":{\"@id\":\"https:\/\/appsaf.apieproject.com\/news\/#organization\"},\"image\":{\"@id\":\"https:\/\/appsaf.apieproject.com\/news\/fr\/2022\/05\/30\/afrique-du-sud-une-manifestation-anti-france-organisee-dans-les-rues-de-pretoria\/#primaryimage\"},\"thumbnailUrl\":\"https:\/\/appsaf.apieproject.com\/news\/wp-content\/uploads\/sites\/29\/2022\/05\/telechargement-2022-05-26T231021.719-ee41287f4bf09f309a6073232edab6bd.jpg\",\"keywords\":[\"actualites\",\"apie project\",\"politique\"],\"articleSection\":[\"Actualit\u00e9s\",\"Politique\",\"Sp\u00e9ciaux\"],\"inLanguage\":\"fr-FR\",\"potentialAction\":[{\"@type\":\"CommentAction\",\"name\":\"Comment\",\"target\":[\"https:\/\/appsaf.apieproject.com\/news\/fr\/2022\/05\/30\/afrique-du-sud-une-manifestation-anti-france-organisee-dans-les-rues-de-pretoria\/#respond\"]}]},{\"@type\":\"WebPage\",\"@id\":\"https:\/\/appsaf.apieproject.com\/news\/fr\/2022\/05\/30\/afrique-du-sud-une-manifestation-anti-france-organisee-dans-les-rues-de-pretoria\/\",\"url\":\"https:\/\/appsaf.apieproject.com\/news\/fr\/2022\/05\/30\/afrique-du-sud-une-manifestation-anti-france-organisee-dans-les-rues-de-pretoria\/\",\"name\":\"Afrique du Sud : une manifestation anti France organis\u00e9e dans les rues de Pretoria - APIE NEWS\",\"isPartOf\":{\"@id\":\"https:\/\/appsaf.apieproject.com\/news\/#website\"},\"primaryImageOfPage\":{\"@id\":\"https:\/\/appsaf.apieproject.com\/news\/fr\/2022\/05\/30\/afrique-du-sud-une-manifestation-anti-france-organisee-dans-les-rues-de-pretoria\/#primaryimage\"},\"image\":{\"@id\":\"https:\/\/appsaf.apieproject.com\/news\/fr\/2022\/05\/30\/afrique-du-sud-une-manifestation-anti-france-organisee-dans-les-rues-de-pretoria\/#primaryimage\"},\"thumbnailUrl\":\"https:\/\/appsaf.apieproject.com\/news\/wp-content\/uploads\/sites\/29\/2022\/05\/telechargement-2022-05-26T231021.719-ee41287f4bf09f309a6073232edab6bd.jpg\",\"datePublished\":\"2022-05-30T02:56:36+00:00\",\"dateModified\":\"2022-05-30T02:56:37+00:00\",\"breadcrumb\":{\"@id\":\"https:\/\/appsaf.apieproject.com\/news\/fr\/2022\/05\/30\/afrique-du-sud-une-manifestation-anti-france-organisee-dans-les-rues-de-pretoria\/#breadcrumb\"},\"inLanguage\":\"fr-FR\",\"potentialAction\":[{\"@type\":\"ReadAction\",\"target\":[\"https:\/\/appsaf.apieproject.com\/news\/fr\/2022\/05\/30\/afrique-du-sud-une-manifestation-anti-france-organisee-dans-les-rues-de-pretoria\/\"]}]},{\"@type\":\"ImageObject\",\"inLanguage\":\"fr-FR\",\"@id\":\"https:\/\/appsaf.apieproject.com\/news\/fr\/2022\/05\/30\/afrique-du-sud-une-manifestation-anti-france-organisee-dans-les-rues-de-pretoria\/#primaryimage\",\"url\":\"https:\/\/appsaf.apieproject.com\/news\/wp-content\/uploads\/sites\/29\/2022\/05\/telechargement-2022-05-26T231021.719-ee41287f4bf09f309a6073232edab6bd.jpg\",\"contentUrl\":\"https:\/\/appsaf.apieproject.com\/news\/wp-content\/uploads\/sites\/29\/2022\/05\/telechargement-2022-05-26T231021.719-ee41287f4bf09f309a6073232edab6bd.jpg\",\"width\":275,\"height\":183},{\"@type\":\"BreadcrumbList\",\"@id\":\"https:\/\/appsaf.apieproject.com\/news\/fr\/2022\/05\/30\/afrique-du-sud-une-manifestation-anti-france-organisee-dans-les-rues-de-pretoria\/#breadcrumb\",\"itemListElement\":[{\"@type\":\"ListItem\",\"position\":1,\"name\":\"Home\",\"item\":\"https:\/\/appsaf.apieproject.com\/news\/fr\/home\/\"},{\"@type\":\"ListItem\",\"position\":2,\"name\":\"Afrique du Sud : une manifestation anti France organis\u00e9e dans les rues de Pretoria\"}]},{\"@type\":\"WebSite\",\"@id\":\"https:\/\/appsaf.apieproject.com\/news\/#website\",\"url\":\"https:\/\/appsaf.apieproject.com\/news\/\",\"name\":\"APIE NEWS\",\"description\":\"PANAFRICANISM NEWS PORTAL\",\"publisher\":{\"@id\":\"https:\/\/appsaf.apieproject.com\/news\/#organization\"},\"potentialAction\":[{\"@type\":\"SearchAction\",\"target\":{\"@type\":\"EntryPoint\",\"urlTemplate\":\"https:\/\/appsaf.apieproject.com\/news\/?s={search_term_string}\"},\"query-input\":{\"@type\":\"PropertyValueSpecification\",\"valueRequired\":true,\"valueName\":\"search_term_string\"}}],\"inLanguage\":\"fr-FR\"},{\"@type\":\"Organization\",\"@id\":\"https:\/\/appsaf.apieproject.com\/news\/#organization\",\"name\":\"APIE PROJECT\",\"url\":\"https:\/\/appsaf.apieproject.com\/news\/\",\"logo\":{\"@type\":\"ImageObject\",\"inLanguage\":\"fr-FR\",\"@id\":\"https:\/\/appsaf.apieproject.com\/news\/#\/schema\/logo\/image\/\",\"url\":\"https:\/\/appsaf.apieproject.com\/news\/wp-content\/uploads\/sites\/29\/2022\/07\/logo-R-TransparentBackground.png\",\"contentUrl\":\"https:\/\/appsaf.apieproject.com\/news\/wp-content\/uploads\/sites\/29\/2022\/07\/logo-R-TransparentBackground.png\",\"width\":512,\"height\":512,\"caption\":\"APIE PROJECT\"},\"image\":{\"@id\":\"https:\/\/appsaf.apieproject.com\/news\/#\/schema\/logo\/image\/\"},\"sameAs\":[\"https:\/\/facebook.com\/apieproject\",\"https:\/\/x.com\/apieproject\"]},{\"@type\":\"Person\",\"@id\":\"https:\/\/appsaf.apieproject.com\/news\/#\/schema\/person\/94d8f4e561b283d434da551498c8cb39\",\"name\":\"guyetom\",\"image\":{\"@type\":\"ImageObject\",\"inLanguage\":\"fr-FR\",\"@id\":\"https:\/\/appsaf.apieproject.com\/news\/#\/schema\/person\/image\/\",\"url\":\"https:\/\/secure.gravatar.com\/avatar\/f36d884530ee45302c1f7eadb3f86562?s=96&d=mm&r=g\",\"contentUrl\":\"https:\/\/secure.gravatar.com\/avatar\/f36d884530ee45302c1f7eadb3f86562?s=96&d=mm&r=g\",\"caption\":\"guyetom\"},\"url\":\"https:\/\/appsaf.apieproject.com\/news\/fr\/author\/guyetom\/\"}]}<\/script>\n<!-- \/ Yoast SEO plugin. -->","yoast_head_json":{"title":"Afrique du Sud : une manifestation anti France organis\u00e9e dans les rues de Pretoria - APIE NEWS","robots":{"index":"index","follow":"follow","max-snippet":"max-snippet:-1","max-image-preview":"max-image-preview:large","max-video-preview":"max-video-preview:-1"},"canonical":"https:\/\/appsaf.apieproject.com\/news\/fr\/2022\/05\/30\/afrique-du-sud-une-manifestation-anti-france-organisee-dans-les-rues-de-pretoria\/","og_locale":"fr_FR","og_type":"article","og_title":"Afrique du Sud : une manifestation anti France organis\u00e9e dans les rues de Pretoria - APIE NEWS","og_description":"Ce mercredi 25 mai 2022, des milliers de personnes militants et sympathisants d\u2019un parti politique de gauche radicale ont organis\u00e9 une manifestation dans la capitale sud-africaine, Pretoria. Le pr\u00e9texte de cette marche \u00e9tait de demander le d\u00e9part imm\u00e9diat de la France du continent africain. Tax\u00e9e d\u2019imp\u00e9rialiste, la France n\u2019est plus la bienvenue dans de nombreux [&hellip;]","og_url":"https:\/\/appsaf.apieproject.com\/news\/fr\/2022\/05\/30\/afrique-du-sud-une-manifestation-anti-france-organisee-dans-les-rues-de-pretoria\/","og_site_name":"APIE NEWS","article_publisher":"https:\/\/facebook.com\/apieproject","article_published_time":"2022-05-30T02:56:36+00:00","article_modified_time":"2022-05-30T02:56:37+00:00","og_image":[{"width":275,"height":183,"url":"https:\/\/appsaf.apieproject.com\/news\/wp-content\/uploads\/sites\/29\/2022\/05\/telechargement-2022-05-26T231021.719-ee41287f4bf09f309a6073232edab6bd.jpg","type":"image\/jpeg"}],"author":"guyetom","twitter_card":"summary_large_image","twitter_creator":"@apieproject","twitter_site":"@apieproject","twitter_misc":{"\u00c9crit par":"guyetom","Dur\u00e9e de lecture estim\u00e9e":"4 minutes"},"schema":{"@context":"https:\/\/schema.org","@graph":[{"@type":"Article","@id":"https:\/\/appsaf.apieproject.com\/news\/fr\/2022\/05\/30\/afrique-du-sud-une-manifestation-anti-france-organisee-dans-les-rues-de-pretoria\/#article","isPartOf":{"@id":"https:\/\/appsaf.apieproject.com\/news\/fr\/2022\/05\/30\/afrique-du-sud-une-manifestation-anti-france-organisee-dans-les-rues-de-pretoria\/"},"author":{"name":"guyetom","@id":"https:\/\/appsaf.apieproject.com\/news\/#\/schema\/person\/94d8f4e561b283d434da551498c8cb39"},"headline":"Afrique du Sud : une manifestation anti France organis\u00e9e dans les rues de Pretoria","datePublished":"2022-05-30T02:56:36+00:00","dateModified":"2022-05-30T02:56:37+00:00","mainEntityOfPage":{"@id":"https:\/\/appsaf.apieproject.com\/news\/fr\/2022\/05\/30\/afrique-du-sud-une-manifestation-anti-france-organisee-dans-les-rues-de-pretoria\/"},"wordCount":733,"commentCount":0,"publisher":{"@id":"https:\/\/appsaf.apieproject.com\/news\/#organization"},"image":{"@id":"https:\/\/appsaf.apieproject.com\/news\/fr\/2022\/05\/30\/afrique-du-sud-une-manifestation-anti-france-organisee-dans-les-rues-de-pretoria\/#primaryimage"},"thumbnailUrl":"https:\/\/appsaf.apieproject.com\/news\/wp-content\/uploads\/sites\/29\/2022\/05\/telechargement-2022-05-26T231021.719-ee41287f4bf09f309a6073232edab6bd.jpg","keywords":["actualites","apie project","politique"],"articleSection":["Actualit\u00e9s","Politique","Sp\u00e9ciaux"],"inLanguage":"fr-FR","potentialAction":[{"@type":"CommentAction","name":"Comment","target":["https:\/\/appsaf.apieproject.com\/news\/fr\/2022\/05\/30\/afrique-du-sud-une-manifestation-anti-france-organisee-dans-les-rues-de-pretoria\/#respond"]}]},{"@type":"WebPage","@id":"https:\/\/appsaf.apieproject.com\/news\/fr\/2022\/05\/30\/afrique-du-sud-une-manifestation-anti-france-organisee-dans-les-rues-de-pretoria\/","url":"https:\/\/appsaf.apieproject.com\/news\/fr\/2022\/05\/30\/afrique-du-sud-une-manifestation-anti-france-organisee-dans-les-rues-de-pretoria\/","name":"Afrique du Sud : une manifestation anti France organis\u00e9e dans les rues de Pretoria - APIE NEWS","isPartOf":{"@id":"https:\/\/appsaf.apieproject.com\/news\/#website"},"primaryImageOfPage":{"@id":"https:\/\/appsaf.apieproject.com\/news\/fr\/2022\/05\/30\/afrique-du-sud-une-manifestation-anti-france-organisee-dans-les-rues-de-pretoria\/#primaryimage"},"image":{"@id":"https:\/\/appsaf.apieproject.com\/news\/fr\/2022\/05\/30\/afrique-du-sud-une-manifestation-anti-france-organisee-dans-les-rues-de-pretoria\/#primaryimage"},"thumbnailUrl":"https:\/\/appsaf.apieproject.com\/news\/wp-content\/uploads\/sites\/29\/2022\/05\/telechargement-2022-05-26T231021.719-ee41287f4bf09f309a6073232edab6bd.jpg","datePublished":"2022-05-30T02:56:36+00:00","dateModified":"2022-05-30T02:56:37+00:00","breadcrumb":{"@id":"https:\/\/appsaf.apieproject.com\/news\/fr\/2022\/05\/30\/afrique-du-sud-une-manifestation-anti-france-organisee-dans-les-rues-de-pretoria\/#breadcrumb"},"inLanguage":"fr-FR","potentialAction":[{"@type":"ReadAction","target":["https:\/\/appsaf.apieproject.com\/news\/fr\/2022\/05\/30\/afrique-du-sud-une-manifestation-anti-france-organisee-dans-les-rues-de-pretoria\/"]}]},{"@type":"ImageObject","inLanguage":"fr-FR","@id":"https:\/\/appsaf.apieproject.com\/news\/fr\/2022\/05\/30\/afrique-du-sud-une-manifestation-anti-france-organisee-dans-les-rues-de-pretoria\/#primaryimage","url":"https:\/\/appsaf.apieproject.com\/news\/wp-content\/uploads\/sites\/29\/2022\/05\/telechargement-2022-05-26T231021.719-ee41287f4bf09f309a6073232edab6bd.jpg","contentUrl":"https:\/\/appsaf.apieproject.com\/news\/wp-content\/uploads\/sites\/29\/2022\/05\/telechargement-2022-05-26T231021.719-ee41287f4bf09f309a6073232edab6bd.jpg","width":275,"height":183},{"@type":"BreadcrumbList","@id":"https:\/\/appsaf.apieproject.com\/news\/fr\/2022\/05\/30\/afrique-du-sud-une-manifestation-anti-france-organisee-dans-les-rues-de-pretoria\/#breadcrumb","itemListElement":[{"@type":"ListItem","position":1,"name":"Home","item":"https:\/\/appsaf.apieproject.com\/news\/fr\/home\/"},{"@type":"ListItem","position":2,"name":"Afrique du Sud : une manifestation anti France organis\u00e9e dans les rues de Pretoria"}]},{"@type":"WebSite","@id":"https:\/\/appsaf.apieproject.com\/news\/#website","url":"https:\/\/appsaf.apieproject.com\/news\/","name":"APIE NEWS","description":"PANAFRICANISM NEWS PORTAL","publisher":{"@id":"https:\/\/appsaf.apieproject.com\/news\/#organization"},"potentialAction":[{"@type":"SearchAction","target":{"@type":"EntryPoint","urlTemplate":"https:\/\/appsaf.apieproject.com\/news\/?s={search_term_string}"},"query-input":{"@type":"PropertyValueSpecification","valueRequired":true,"valueName":"search_term_string"}}],"inLanguage":"fr-FR"},{"@type":"Organization","@id":"https:\/\/appsaf.apieproject.com\/news\/#organization","name":"APIE PROJECT","url":"https:\/\/appsaf.apieproject.com\/news\/","logo":{"@type":"ImageObject","inLanguage":"fr-FR","@id":"https:\/\/appsaf.apieproject.com\/news\/#\/schema\/logo\/image\/","url":"https:\/\/appsaf.apieproject.com\/news\/wp-content\/uploads\/sites\/29\/2022\/07\/logo-R-TransparentBackground.png","contentUrl":"https:\/\/appsaf.apieproject.com\/news\/wp-content\/uploads\/sites\/29\/2022\/07\/logo-R-TransparentBackground.png","width":512,"height":512,"caption":"APIE PROJECT"},"image":{"@id":"https:\/\/appsaf.apieproject.com\/news\/#\/schema\/logo\/image\/"},"sameAs":["https:\/\/facebook.com\/apieproject","https:\/\/x.com\/apieproject"]},{"@type":"Person","@id":"https:\/\/appsaf.apieproject.com\/news\/#\/schema\/person\/94d8f4e561b283d434da551498c8cb39","name":"guyetom","image":{"@type":"ImageObject","inLanguage":"fr-FR","@id":"https:\/\/appsaf.apieproject.com\/news\/#\/schema\/person\/image\/","url":"https:\/\/secure.gravatar.com\/avatar\/f36d884530ee45302c1f7eadb3f86562?s=96&d=mm&r=g","contentUrl":"https:\/\/secure.gravatar.com\/avatar\/f36d884530ee45302c1f7eadb3f86562?s=96&d=mm&r=g","caption":"guyetom"},"url":"https:\/\/appsaf.apieproject.com\/news\/fr\/author\/guyetom\/"}]}},"_links":{"self":[{"href":"https:\/\/appsaf.apieproject.com\/news\/fr\/wp-json\/wp\/v2\/posts\/8934","targetHints":{"allow":["GET"]}}],"collection":[{"href":"https:\/\/appsaf.apieproject.com\/news\/fr\/wp-json\/wp\/v2\/posts"}],"about":[{"href":"https:\/\/appsaf.apieproject.com\/news\/fr\/wp-json\/wp\/v2\/types\/post"}],"author":[{"embeddable":true,"href":"https:\/\/appsaf.apieproject.com\/news\/fr\/wp-json\/wp\/v2\/users\/13112"}],"replies":[{"embeddable":true,"href":"https:\/\/appsaf.apieproject.com\/news\/fr\/wp-json\/wp\/v2\/comments?post=8934"}],"version-history":[{"count":1,"href":"https:\/\/appsaf.apieproject.com\/news\/fr\/wp-json\/wp\/v2\/posts\/8934\/revisions"}],"predecessor-version":[{"id":9192,"href":"https:\/\/appsaf.apieproject.com\/news\/fr\/wp-json\/wp\/v2\/posts\/8934\/revisions\/9192"}],"wp:featuredmedia":[{"embeddable":true,"href":"https:\/\/appsaf.apieproject.com\/news\/fr\/wp-json\/wp\/v2\/media\/8931"}],"wp:attachment":[{"href":"https:\/\/appsaf.apieproject.com\/news\/fr\/wp-json\/wp\/v2\/media?parent=8934"}],"wp:term":[{"taxonomy":"category","embeddable":true,"href":"https:\/\/appsaf.apieproject.com\/news\/fr\/wp-json\/wp\/v2\/categories?post=8934"},{"taxonomy":"post_tag","embeddable":true,"href":"https:\/\/appsaf.apieproject.com\/news\/fr\/wp-json\/wp\/v2\/tags?post=8934"}],"curies":[{"name":"wp","href":"https:\/\/api.w.org\/{rel}","templated":true}]}}