{"id":8982,"date":"2022-05-30T02:38:04","date_gmt":"2022-05-30T02:38:04","guid":{"rendered":"https:\/\/appsaf.apieproject.com\/news\/?p=8982"},"modified":"2022-05-30T02:38:05","modified_gmt":"2022-05-30T02:38:05","slug":"patrimoine-urbain-en-afrique-entre-defis-de-sauvegarde-et-enjeux-de-developpement","status":"publish","type":"post","link":"https:\/\/appsaf.apieproject.com\/news\/fr\/2022\/05\/30\/patrimoine-urbain-en-afrique-entre-defis-de-sauvegarde-et-enjeux-de-developpement\/","title":{"rendered":"Patrimoine urbain en Afrique: entre d\u00e9fis de sauvegarde et enjeux de d\u00e9veloppement"},"content":{"rendered":"<p>La rencontre a \u00e9t\u00e9 inaugur\u00e9e par la ministre de l\u2019Am\u00e9nagement du territoire national, de l\u2019Urbanisme, de l\u2019Habitat et de la Politique de la ville, le ministre de la Jeunesse, de la Culture et de la Communication, et l\u2019UNESCO repr\u00e9sent\u00e9 par le directeur du Centre du patrimoine mondial, Lazare Eloundou Assomo.<\/p>\n<p>Ont assist\u00e9 \u00e0 cette rencontre, urbanistes, architectes, universitaires, chercheurs, institutionnels et repr\u00e9sentants des parties prenantes et acteurs concern\u00e9s. La rencontre a \u00e9t\u00e9 en outre relay\u00e9e simultan\u00e9ment en visioconf\u00e9rence, montrant ainsi le grand int\u00e9r\u00eat soulev\u00e9 par ce sujet d\u00e9terminant pour la qualit\u00e9 des actes de sauvegarde du patrimoine dans toutes ses formes d\u2019expression.<\/p>\n<p>Neuf experts venant de diff\u00e9rents horizons et disciplines ont anim\u00e9 la rencontre dans le but d\u2019introduire la notion de la sauvegarde du patrimoine urbain par sa reconnaissance en premier lieu et ensuite l\u2019adaptation des mesures de sa protection selon ses contextes et probl\u00e9matiques. Les intervenants ont pr\u00e9sent\u00e9 diff\u00e9rentes \u00e9tudes de cas de riches ensembles patrimoniaux en Afrique (S\u00e9n\u00e9gal, Tunisie, C\u00f4te d\u2019Ivoire, \u00c9rythr\u00e9e, B\u00e9nin, Mauritanie, Maroc\u2026), qui ont prouv\u00e9 que toute architecture est l\u2019aboutissement d\u2019une approche urbaine. La sauvegarde du patrimoine architectural se fait dans une d\u00e9marche urbaine et la ville de Rabat est un des exemples les plus r\u00e9ussis. La rencontre s\u2019est pass\u00e9e en deux panels : le premier a trait\u00e9 le cas des centres urbains anciens et le deuxi\u00e8me pr\u00e9sentera des t\u00e9moignages du patrimoine moderne. Ce dernier sera anim\u00e9 par des interventions qui mettront en lumi\u00e8re le r\u00f4le de la Convention de 1972 dans la sauvegarde du patrimoine ancien et moderne dans son expression architecturale et urbaine ainsi que l\u2019approche centr\u00e9e sur le paysage urbain historique et son r\u00f4le dans la conciliation des strates historiques des villes.<\/p>\n<p>L\u2019enjeu consiste a\u0300 pr\u00e9server, pour les g\u00e9n\u00e9rations futures, l\u2019identit\u00e9 des villes africaines, le t\u00e9moignage physique des multiples facettes de leur histoire ainsi que les valeurs culturelles qu\u2019elles incarnent, tout en pr\u00e9servant leur accessibilit\u00e9\u0301 a\u0300 tous. Aujourd\u2019hui, des strat\u00e9gies urbaines respectueuses des cultures sont essentielles pour cr\u00e9er des villes r\u00e9silientes et inclusives. La rencontre \u00e9tait riche en bonnes pratiques et exp\u00e9riences de sauvegarde du patrimoine urbain, qui peuvent \u00eatre source d\u2019inspiration pour des approches inclusives et holistiques de d\u00e9veloppement des villes historiques africaines, et poser les bases d\u2019outils de planification et de gestion dans des perspectives durables et responsables.<\/p>\n<p>La conf\u00e9rence entre dans le programme \u00abAtelier de la Fondation\u00bb, qui porte la volont\u00e9 de cette institution de f\u00e9d\u00e9rer les acteurs du patrimoine en cr\u00e9ant des plateformes d\u2019\u00e9change nationales et internationales entre praticiens, chercheurs, institutionnels et soci\u00e9t\u00e9 civile. Se pr\u00e9sentant sous de multiples configurations (ateliers, rencontres, conf\u00e9rences ou encore tables rondes), ces \u00e9changes favorisent la circulation d\u2019expertises, d\u2019informations et de bonnes pratiques tout en renfor\u00e7ant les r\u00e9seaux et en encourageant les collaborations et les partenariats. Toutes ces plateformes sont port\u00e9es par la volont\u00e9 de la Fondation de cr\u00e9er les conditions optimales d\u2019un dialogue v\u00e9ritable et d\u2019une \u00e9coute attentive, a\u0300 m\u00eame de favoriser la convergence des points de vue des diff\u00e9rents acteurs et de d\u00e9velopper l\u2019intelligence collective.<\/p>\n","protected":false},"excerpt":{"rendered":"<p>La Fondation pour la sauvegarde du patrimoine culturel de Rabat a organis\u00e9 ce mercredi 25 mai 2022 une conf\u00e9rence sous le th\u00e8me \u00abPatrimoine urbain en Afrique : entre d\u00e9fis de sauvegarde et enjeux de d\u00e9veloppement\u00bb en partenariat avec le minist\u00e8re de l\u2019Am\u00e9nagement du territoire national, de l\u2019Urbanisme, de l\u2019Habitat et de la Politique de la ville, le minist\u00e8re de la Jeunesse, de la Culture et de la Communication, et l\u2019UNESCO. Elle s\u2019inscrit dans le cadre des c\u00e9l\u00e9brations de \u00abRabat, capitale africaine de la culture\u00bb, \u00ab10ans de Rabat sur la liste du patrimoine mondial\u00bb et les \u00ab50ans de la Convention de 1972\u00bb.<\/p>\n","protected":false},"author":12963,"featured_media":8979,"comment_status":"open","ping_status":"open","sticky":false,"template":"","format":"standard","meta":{"footnotes":""},"categories":[67,53],"tags":[81,78,87],"class_list":{"0":"post-8982","1":"post","2":"type-post","3":"status-publish","4":"format-standard","5":"has-post-thumbnail","7":"category-actualites","8":"category-culture-fr","9":"tag-actualites","10":"tag-apie-project-2","11":"tag-culture-2"},"yoast_head":"<!-- This site is optimized with the Yoast SEO plugin v24.4 - https:\/\/yoast.com\/wordpress\/plugins\/seo\/ -->\n<title>Patrimoine urbain en Afrique: entre d\u00e9fis de sauvegarde et enjeux de d\u00e9veloppement - APIE NEWS<\/title>\n<meta name=\"robots\" content=\"index, follow, max-snippet:-1, max-image-preview:large, max-video-preview:-1\" \/>\n<link rel=\"canonical\" href=\"https:\/\/appsaf.apieproject.com\/news\/fr\/2022\/05\/30\/patrimoine-urbain-en-afrique-entre-defis-de-sauvegarde-et-enjeux-de-developpement\/\" \/>\n<meta property=\"og:locale\" content=\"fr_FR\" \/>\n<meta property=\"og:type\" content=\"article\" \/>\n<meta property=\"og:title\" content=\"Patrimoine urbain en Afrique: entre d\u00e9fis de sauvegarde et enjeux de d\u00e9veloppement - APIE NEWS\" \/>\n<meta property=\"og:description\" content=\"La Fondation pour la sauvegarde du patrimoine culturel de Rabat a organis\u00e9 ce mercredi 25 mai 2022 une conf\u00e9rence sous le th\u00e8me \u00abPatrimoine urbain en Afrique : entre d\u00e9fis de sauvegarde et enjeux de d\u00e9veloppement\u00bb en partenariat avec le minist\u00e8re de l\u2019Am\u00e9nagement du territoire national, de l\u2019Urbanisme, de l\u2019Habitat et de la Politique de la ville, le minist\u00e8re de la Jeunesse, de la Culture et de la Communication, et l\u2019UNESCO. Elle s\u2019inscrit dans le cadre des c\u00e9l\u00e9brations de \u00abRabat, capitale africaine de la culture\u00bb, \u00ab10ans de Rabat sur la liste du patrimoine mondial\u00bb et les \u00ab50ans de la Convention de 1972\u00bb.\" \/>\n<meta property=\"og:url\" content=\"https:\/\/appsaf.apieproject.com\/news\/fr\/2022\/05\/30\/patrimoine-urbain-en-afrique-entre-defis-de-sauvegarde-et-enjeux-de-developpement\/\" \/>\n<meta property=\"og:site_name\" content=\"APIE NEWS\" \/>\n<meta property=\"article:publisher\" content=\"https:\/\/facebook.com\/apieproject\" \/>\n<meta property=\"article:published_time\" content=\"2022-05-30T02:38:04+00:00\" \/>\n<meta property=\"article:modified_time\" content=\"2022-05-30T02:38:05+00:00\" \/>\n<meta property=\"og:image\" content=\"https:\/\/appsaf.apieproject.com\/news\/wp-content\/uploads\/sites\/29\/2022\/05\/628f4de957a54_patrimoine-urbain-e19e4d97bf1a28104097df672c2c1384.jpg\" \/>\n\t<meta property=\"og:image:width\" content=\"508\" \/>\n\t<meta property=\"og:image:height\" content=\"300\" \/>\n\t<meta property=\"og:image:type\" content=\"image\/jpeg\" \/>\n<meta name=\"author\" content=\"staff\" \/>\n<meta name=\"twitter:card\" content=\"summary_large_image\" \/>\n<meta name=\"twitter:creator\" content=\"@apieproject\" \/>\n<meta name=\"twitter:site\" content=\"@apieproject\" \/>\n<meta name=\"twitter:label1\" content=\"\u00c9crit par\" \/>\n\t<meta name=\"twitter:data1\" content=\"staff\" \/>\n\t<meta name=\"twitter:label2\" content=\"Dur\u00e9e de lecture estim\u00e9e\" \/>\n\t<meta name=\"twitter:data2\" content=\"3 minutes\" \/>\n<script type=\"application\/ld+json\" class=\"yoast-schema-graph\">{\"@context\":\"https:\/\/schema.org\",\"@graph\":[{\"@type\":\"Article\",\"@id\":\"https:\/\/appsaf.apieproject.com\/news\/fr\/2022\/05\/30\/patrimoine-urbain-en-afrique-entre-defis-de-sauvegarde-et-enjeux-de-developpement\/#article\",\"isPartOf\":{\"@id\":\"https:\/\/appsaf.apieproject.com\/news\/fr\/2022\/05\/30\/patrimoine-urbain-en-afrique-entre-defis-de-sauvegarde-et-enjeux-de-developpement\/\"},\"author\":{\"name\":\"staff\",\"@id\":\"https:\/\/appsaf.apieproject.com\/news\/#\/schema\/person\/399517cac378948cd7b39086f9ddc2a7\"},\"headline\":\"Patrimoine urbain en Afrique: entre d\u00e9fis de sauvegarde et enjeux de d\u00e9veloppement\",\"datePublished\":\"2022-05-30T02:38:04+00:00\",\"dateModified\":\"2022-05-30T02:38:05+00:00\",\"mainEntityOfPage\":{\"@id\":\"https:\/\/appsaf.apieproject.com\/news\/fr\/2022\/05\/30\/patrimoine-urbain-en-afrique-entre-defis-de-sauvegarde-et-enjeux-de-developpement\/\"},\"wordCount\":584,\"commentCount\":0,\"publisher\":{\"@id\":\"https:\/\/appsaf.apieproject.com\/news\/#organization\"},\"image\":{\"@id\":\"https:\/\/appsaf.apieproject.com\/news\/fr\/2022\/05\/30\/patrimoine-urbain-en-afrique-entre-defis-de-sauvegarde-et-enjeux-de-developpement\/#primaryimage\"},\"thumbnailUrl\":\"https:\/\/appsaf.apieproject.com\/news\/wp-content\/uploads\/sites\/29\/2022\/05\/628f4de957a54_patrimoine-urbain-e19e4d97bf1a28104097df672c2c1384.jpg\",\"keywords\":[\"actualites\",\"apie project\",\"culture\"],\"articleSection\":[\"Actualit\u00e9s\",\"Culture\"],\"inLanguage\":\"fr-FR\",\"potentialAction\":[{\"@type\":\"CommentAction\",\"name\":\"Comment\",\"target\":[\"https:\/\/appsaf.apieproject.com\/news\/fr\/2022\/05\/30\/patrimoine-urbain-en-afrique-entre-defis-de-sauvegarde-et-enjeux-de-developpement\/#respond\"]}]},{\"@type\":\"WebPage\",\"@id\":\"https:\/\/appsaf.apieproject.com\/news\/fr\/2022\/05\/30\/patrimoine-urbain-en-afrique-entre-defis-de-sauvegarde-et-enjeux-de-developpement\/\",\"url\":\"https:\/\/appsaf.apieproject.com\/news\/fr\/2022\/05\/30\/patrimoine-urbain-en-afrique-entre-defis-de-sauvegarde-et-enjeux-de-developpement\/\",\"name\":\"Patrimoine urbain en Afrique: entre d\u00e9fis de sauvegarde et enjeux de d\u00e9veloppement - APIE NEWS\",\"isPartOf\":{\"@id\":\"https:\/\/appsaf.apieproject.com\/news\/#website\"},\"primaryImageOfPage\":{\"@id\":\"https:\/\/appsaf.apieproject.com\/news\/fr\/2022\/05\/30\/patrimoine-urbain-en-afrique-entre-defis-de-sauvegarde-et-enjeux-de-developpement\/#primaryimage\"},\"image\":{\"@id\":\"https:\/\/appsaf.apieproject.com\/news\/fr\/2022\/05\/30\/patrimoine-urbain-en-afrique-entre-defis-de-sauvegarde-et-enjeux-de-developpement\/#primaryimage\"},\"thumbnailUrl\":\"https:\/\/appsaf.apieproject.com\/news\/wp-content\/uploads\/sites\/29\/2022\/05\/628f4de957a54_patrimoine-urbain-e19e4d97bf1a28104097df672c2c1384.jpg\",\"datePublished\":\"2022-05-30T02:38:04+00:00\",\"dateModified\":\"2022-05-30T02:38:05+00:00\",\"breadcrumb\":{\"@id\":\"https:\/\/appsaf.apieproject.com\/news\/fr\/2022\/05\/30\/patrimoine-urbain-en-afrique-entre-defis-de-sauvegarde-et-enjeux-de-developpement\/#breadcrumb\"},\"inLanguage\":\"fr-FR\",\"potentialAction\":[{\"@type\":\"ReadAction\",\"target\":[\"https:\/\/appsaf.apieproject.com\/news\/fr\/2022\/05\/30\/patrimoine-urbain-en-afrique-entre-defis-de-sauvegarde-et-enjeux-de-developpement\/\"]}]},{\"@type\":\"ImageObject\",\"inLanguage\":\"fr-FR\",\"@id\":\"https:\/\/appsaf.apieproject.com\/news\/fr\/2022\/05\/30\/patrimoine-urbain-en-afrique-entre-defis-de-sauvegarde-et-enjeux-de-developpement\/#primaryimage\",\"url\":\"https:\/\/appsaf.apieproject.com\/news\/wp-content\/uploads\/sites\/29\/2022\/05\/628f4de957a54_patrimoine-urbain-e19e4d97bf1a28104097df672c2c1384.jpg\",\"contentUrl\":\"https:\/\/appsaf.apieproject.com\/news\/wp-content\/uploads\/sites\/29\/2022\/05\/628f4de957a54_patrimoine-urbain-e19e4d97bf1a28104097df672c2c1384.jpg\",\"width\":508,\"height\":300},{\"@type\":\"BreadcrumbList\",\"@id\":\"https:\/\/appsaf.apieproject.com\/news\/fr\/2022\/05\/30\/patrimoine-urbain-en-afrique-entre-defis-de-sauvegarde-et-enjeux-de-developpement\/#breadcrumb\",\"itemListElement\":[{\"@type\":\"ListItem\",\"position\":1,\"name\":\"Home\",\"item\":\"https:\/\/appsaf.apieproject.com\/news\/fr\/home\/\"},{\"@type\":\"ListItem\",\"position\":2,\"name\":\"Patrimoine urbain en Afrique: entre d\u00e9fis de sauvegarde et enjeux de d\u00e9veloppement\"}]},{\"@type\":\"WebSite\",\"@id\":\"https:\/\/appsaf.apieproject.com\/news\/#website\",\"url\":\"https:\/\/appsaf.apieproject.com\/news\/\",\"name\":\"APIE NEWS\",\"description\":\"PANAFRICANISM NEWS PORTAL\",\"publisher\":{\"@id\":\"https:\/\/appsaf.apieproject.com\/news\/#organization\"},\"potentialAction\":[{\"@type\":\"SearchAction\",\"target\":{\"@type\":\"EntryPoint\",\"urlTemplate\":\"https:\/\/appsaf.apieproject.com\/news\/?s={search_term_string}\"},\"query-input\":{\"@type\":\"PropertyValueSpecification\",\"valueRequired\":true,\"valueName\":\"search_term_string\"}}],\"inLanguage\":\"fr-FR\"},{\"@type\":\"Organization\",\"@id\":\"https:\/\/appsaf.apieproject.com\/news\/#organization\",\"name\":\"APIE PROJECT\",\"url\":\"https:\/\/appsaf.apieproject.com\/news\/\",\"logo\":{\"@type\":\"ImageObject\",\"inLanguage\":\"fr-FR\",\"@id\":\"https:\/\/appsaf.apieproject.com\/news\/#\/schema\/logo\/image\/\",\"url\":\"https:\/\/appsaf.apieproject.com\/news\/wp-content\/uploads\/sites\/29\/2022\/07\/logo-R-TransparentBackground.png\",\"contentUrl\":\"https:\/\/appsaf.apieproject.com\/news\/wp-content\/uploads\/sites\/29\/2022\/07\/logo-R-TransparentBackground.png\",\"width\":512,\"height\":512,\"caption\":\"APIE PROJECT\"},\"image\":{\"@id\":\"https:\/\/appsaf.apieproject.com\/news\/#\/schema\/logo\/image\/\"},\"sameAs\":[\"https:\/\/facebook.com\/apieproject\",\"https:\/\/x.com\/apieproject\"]},{\"@type\":\"Person\",\"@id\":\"https:\/\/appsaf.apieproject.com\/news\/#\/schema\/person\/399517cac378948cd7b39086f9ddc2a7\",\"name\":\"staff\",\"image\":{\"@type\":\"ImageObject\",\"inLanguage\":\"fr-FR\",\"@id\":\"https:\/\/appsaf.apieproject.com\/news\/#\/schema\/person\/image\/\",\"url\":\"https:\/\/secure.gravatar.com\/avatar\/5386283c5db150efe261184bd59f072a?s=96&d=mm&r=g\",\"contentUrl\":\"https:\/\/secure.gravatar.com\/avatar\/5386283c5db150efe261184bd59f072a?s=96&d=mm&r=g\",\"caption\":\"staff\"},\"url\":\"https:\/\/appsaf.apieproject.com\/news\/fr\/author\/staff\/\"}]}<\/script>\n<!-- \/ Yoast SEO plugin. -->","yoast_head_json":{"title":"Patrimoine urbain en Afrique: entre d\u00e9fis de sauvegarde et enjeux de d\u00e9veloppement - APIE NEWS","robots":{"index":"index","follow":"follow","max-snippet":"max-snippet:-1","max-image-preview":"max-image-preview:large","max-video-preview":"max-video-preview:-1"},"canonical":"https:\/\/appsaf.apieproject.com\/news\/fr\/2022\/05\/30\/patrimoine-urbain-en-afrique-entre-defis-de-sauvegarde-et-enjeux-de-developpement\/","og_locale":"fr_FR","og_type":"article","og_title":"Patrimoine urbain en Afrique: entre d\u00e9fis de sauvegarde et enjeux de d\u00e9veloppement - APIE NEWS","og_description":"La Fondation pour la sauvegarde du patrimoine culturel de Rabat a organis\u00e9 ce mercredi 25 mai 2022 une conf\u00e9rence sous le th\u00e8me \u00abPatrimoine urbain en Afrique : entre d\u00e9fis de sauvegarde et enjeux de d\u00e9veloppement\u00bb en partenariat avec le minist\u00e8re de l\u2019Am\u00e9nagement du territoire national, de l\u2019Urbanisme, de l\u2019Habitat et de la Politique de la ville, le minist\u00e8re de la Jeunesse, de la Culture et de la Communication, et l\u2019UNESCO. Elle s\u2019inscrit dans le cadre des c\u00e9l\u00e9brations de \u00abRabat, capitale africaine de la culture\u00bb, \u00ab10ans de Rabat sur la liste du patrimoine mondial\u00bb et les \u00ab50ans de la Convention de 1972\u00bb.","og_url":"https:\/\/appsaf.apieproject.com\/news\/fr\/2022\/05\/30\/patrimoine-urbain-en-afrique-entre-defis-de-sauvegarde-et-enjeux-de-developpement\/","og_site_name":"APIE NEWS","article_publisher":"https:\/\/facebook.com\/apieproject","article_published_time":"2022-05-30T02:38:04+00:00","article_modified_time":"2022-05-30T02:38:05+00:00","og_image":[{"width":508,"height":300,"url":"https:\/\/appsaf.apieproject.com\/news\/wp-content\/uploads\/sites\/29\/2022\/05\/628f4de957a54_patrimoine-urbain-e19e4d97bf1a28104097df672c2c1384.jpg","type":"image\/jpeg"}],"author":"staff","twitter_card":"summary_large_image","twitter_creator":"@apieproject","twitter_site":"@apieproject","twitter_misc":{"\u00c9crit par":"staff","Dur\u00e9e de lecture estim\u00e9e":"3 minutes"},"schema":{"@context":"https:\/\/schema.org","@graph":[{"@type":"Article","@id":"https:\/\/appsaf.apieproject.com\/news\/fr\/2022\/05\/30\/patrimoine-urbain-en-afrique-entre-defis-de-sauvegarde-et-enjeux-de-developpement\/#article","isPartOf":{"@id":"https:\/\/appsaf.apieproject.com\/news\/fr\/2022\/05\/30\/patrimoine-urbain-en-afrique-entre-defis-de-sauvegarde-et-enjeux-de-developpement\/"},"author":{"name":"staff","@id":"https:\/\/appsaf.apieproject.com\/news\/#\/schema\/person\/399517cac378948cd7b39086f9ddc2a7"},"headline":"Patrimoine urbain en Afrique: entre d\u00e9fis de sauvegarde et enjeux de d\u00e9veloppement","datePublished":"2022-05-30T02:38:04+00:00","dateModified":"2022-05-30T02:38:05+00:00","mainEntityOfPage":{"@id":"https:\/\/appsaf.apieproject.com\/news\/fr\/2022\/05\/30\/patrimoine-urbain-en-afrique-entre-defis-de-sauvegarde-et-enjeux-de-developpement\/"},"wordCount":584,"commentCount":0,"publisher":{"@id":"https:\/\/appsaf.apieproject.com\/news\/#organization"},"image":{"@id":"https:\/\/appsaf.apieproject.com\/news\/fr\/2022\/05\/30\/patrimoine-urbain-en-afrique-entre-defis-de-sauvegarde-et-enjeux-de-developpement\/#primaryimage"},"thumbnailUrl":"https:\/\/appsaf.apieproject.com\/news\/wp-content\/uploads\/sites\/29\/2022\/05\/628f4de957a54_patrimoine-urbain-e19e4d97bf1a28104097df672c2c1384.jpg","keywords":["actualites","apie project","culture"],"articleSection":["Actualit\u00e9s","Culture"],"inLanguage":"fr-FR","potentialAction":[{"@type":"CommentAction","name":"Comment","target":["https:\/\/appsaf.apieproject.com\/news\/fr\/2022\/05\/30\/patrimoine-urbain-en-afrique-entre-defis-de-sauvegarde-et-enjeux-de-developpement\/#respond"]}]},{"@type":"WebPage","@id":"https:\/\/appsaf.apieproject.com\/news\/fr\/2022\/05\/30\/patrimoine-urbain-en-afrique-entre-defis-de-sauvegarde-et-enjeux-de-developpement\/","url":"https:\/\/appsaf.apieproject.com\/news\/fr\/2022\/05\/30\/patrimoine-urbain-en-afrique-entre-defis-de-sauvegarde-et-enjeux-de-developpement\/","name":"Patrimoine urbain en Afrique: entre d\u00e9fis de sauvegarde et enjeux de d\u00e9veloppement - APIE NEWS","isPartOf":{"@id":"https:\/\/appsaf.apieproject.com\/news\/#website"},"primaryImageOfPage":{"@id":"https:\/\/appsaf.apieproject.com\/news\/fr\/2022\/05\/30\/patrimoine-urbain-en-afrique-entre-defis-de-sauvegarde-et-enjeux-de-developpement\/#primaryimage"},"image":{"@id":"https:\/\/appsaf.apieproject.com\/news\/fr\/2022\/05\/30\/patrimoine-urbain-en-afrique-entre-defis-de-sauvegarde-et-enjeux-de-developpement\/#primaryimage"},"thumbnailUrl":"https:\/\/appsaf.apieproject.com\/news\/wp-content\/uploads\/sites\/29\/2022\/05\/628f4de957a54_patrimoine-urbain-e19e4d97bf1a28104097df672c2c1384.jpg","datePublished":"2022-05-30T02:38:04+00:00","dateModified":"2022-05-30T02:38:05+00:00","breadcrumb":{"@id":"https:\/\/appsaf.apieproject.com\/news\/fr\/2022\/05\/30\/patrimoine-urbain-en-afrique-entre-defis-de-sauvegarde-et-enjeux-de-developpement\/#breadcrumb"},"inLanguage":"fr-FR","potentialAction":[{"@type":"ReadAction","target":["https:\/\/appsaf.apieproject.com\/news\/fr\/2022\/05\/30\/patrimoine-urbain-en-afrique-entre-defis-de-sauvegarde-et-enjeux-de-developpement\/"]}]},{"@type":"ImageObject","inLanguage":"fr-FR","@id":"https:\/\/appsaf.apieproject.com\/news\/fr\/2022\/05\/30\/patrimoine-urbain-en-afrique-entre-defis-de-sauvegarde-et-enjeux-de-developpement\/#primaryimage","url":"https:\/\/appsaf.apieproject.com\/news\/wp-content\/uploads\/sites\/29\/2022\/05\/628f4de957a54_patrimoine-urbain-e19e4d97bf1a28104097df672c2c1384.jpg","contentUrl":"https:\/\/appsaf.apieproject.com\/news\/wp-content\/uploads\/sites\/29\/2022\/05\/628f4de957a54_patrimoine-urbain-e19e4d97bf1a28104097df672c2c1384.jpg","width":508,"height":300},{"@type":"BreadcrumbList","@id":"https:\/\/appsaf.apieproject.com\/news\/fr\/2022\/05\/30\/patrimoine-urbain-en-afrique-entre-defis-de-sauvegarde-et-enjeux-de-developpement\/#breadcrumb","itemListElement":[{"@type":"ListItem","position":1,"name":"Home","item":"https:\/\/appsaf.apieproject.com\/news\/fr\/home\/"},{"@type":"ListItem","position":2,"name":"Patrimoine urbain en Afrique: entre d\u00e9fis de sauvegarde et enjeux de d\u00e9veloppement"}]},{"@type":"WebSite","@id":"https:\/\/appsaf.apieproject.com\/news\/#website","url":"https:\/\/appsaf.apieproject.com\/news\/","name":"APIE NEWS","description":"PANAFRICANISM NEWS PORTAL","publisher":{"@id":"https:\/\/appsaf.apieproject.com\/news\/#organization"},"potentialAction":[{"@type":"SearchAction","target":{"@type":"EntryPoint","urlTemplate":"https:\/\/appsaf.apieproject.com\/news\/?s={search_term_string}"},"query-input":{"@type":"PropertyValueSpecification","valueRequired":true,"valueName":"search_term_string"}}],"inLanguage":"fr-FR"},{"@type":"Organization","@id":"https:\/\/appsaf.apieproject.com\/news\/#organization","name":"APIE PROJECT","url":"https:\/\/appsaf.apieproject.com\/news\/","logo":{"@type":"ImageObject","inLanguage":"fr-FR","@id":"https:\/\/appsaf.apieproject.com\/news\/#\/schema\/logo\/image\/","url":"https:\/\/appsaf.apieproject.com\/news\/wp-content\/uploads\/sites\/29\/2022\/07\/logo-R-TransparentBackground.png","contentUrl":"https:\/\/appsaf.apieproject.com\/news\/wp-content\/uploads\/sites\/29\/2022\/07\/logo-R-TransparentBackground.png","width":512,"height":512,"caption":"APIE PROJECT"},"image":{"@id":"https:\/\/appsaf.apieproject.com\/news\/#\/schema\/logo\/image\/"},"sameAs":["https:\/\/facebook.com\/apieproject","https:\/\/x.com\/apieproject"]},{"@type":"Person","@id":"https:\/\/appsaf.apieproject.com\/news\/#\/schema\/person\/399517cac378948cd7b39086f9ddc2a7","name":"staff","image":{"@type":"ImageObject","inLanguage":"fr-FR","@id":"https:\/\/appsaf.apieproject.com\/news\/#\/schema\/person\/image\/","url":"https:\/\/secure.gravatar.com\/avatar\/5386283c5db150efe261184bd59f072a?s=96&d=mm&r=g","contentUrl":"https:\/\/secure.gravatar.com\/avatar\/5386283c5db150efe261184bd59f072a?s=96&d=mm&r=g","caption":"staff"},"url":"https:\/\/appsaf.apieproject.com\/news\/fr\/author\/staff\/"}]}},"_links":{"self":[{"href":"https:\/\/appsaf.apieproject.com\/news\/fr\/wp-json\/wp\/v2\/posts\/8982","targetHints":{"allow":["GET"]}}],"collection":[{"href":"https:\/\/appsaf.apieproject.com\/news\/fr\/wp-json\/wp\/v2\/posts"}],"about":[{"href":"https:\/\/appsaf.apieproject.com\/news\/fr\/wp-json\/wp\/v2\/types\/post"}],"author":[{"embeddable":true,"href":"https:\/\/appsaf.apieproject.com\/news\/fr\/wp-json\/wp\/v2\/users\/12963"}],"replies":[{"embeddable":true,"href":"https:\/\/appsaf.apieproject.com\/news\/fr\/wp-json\/wp\/v2\/comments?post=8982"}],"version-history":[{"count":1,"href":"https:\/\/appsaf.apieproject.com\/news\/fr\/wp-json\/wp\/v2\/posts\/8982\/revisions"}],"predecessor-version":[{"id":9177,"href":"https:\/\/appsaf.apieproject.com\/news\/fr\/wp-json\/wp\/v2\/posts\/8982\/revisions\/9177"}],"wp:featuredmedia":[{"embeddable":true,"href":"https:\/\/appsaf.apieproject.com\/news\/fr\/wp-json\/wp\/v2\/media\/8979"}],"wp:attachment":[{"href":"https:\/\/appsaf.apieproject.com\/news\/fr\/wp-json\/wp\/v2\/media?parent=8982"}],"wp:term":[{"taxonomy":"category","embeddable":true,"href":"https:\/\/appsaf.apieproject.com\/news\/fr\/wp-json\/wp\/v2\/categories?post=8982"},{"taxonomy":"post_tag","embeddable":true,"href":"https:\/\/appsaf.apieproject.com\/news\/fr\/wp-json\/wp\/v2\/tags?post=8982"}],"curies":[{"name":"wp","href":"https:\/\/api.w.org\/{rel}","templated":true}]}}