{"id":9550,"date":"2022-06-12T08:12:12","date_gmt":"2022-06-12T08:12:12","guid":{"rendered":"https:\/\/appsaf.apieproject.com\/news\/?p=9550"},"modified":"2022-06-12T08:12:13","modified_gmt":"2022-06-12T08:12:13","slug":"uemoa-la-bceao-tient-son-nouveau-gouverneur-en-la-personne-de-livoirien-jean-claude-brou","status":"publish","type":"post","link":"https:\/\/appsaf.apieproject.com\/news\/fr\/2022\/06\/12\/uemoa-la-bceao-tient-son-nouveau-gouverneur-en-la-personne-de-livoirien-jean-claude-brou\/","title":{"rendered":"UEMOA : La BCEAO tient son nouveau gouverneur en la personne de l\u2019ivoirien Jean-Claude Brou"},"content":{"rendered":"<p>C\u2019est le 4 juin dernier que l\u2019ensemble des pays membres de l\u2019Union \u00e9conomique et mon\u00e9taire ouest africaine (UEMOA) r\u00e9unis \u00e0 Accra au Ghana, ont d\u00e9sign\u00e9 l\u2019ivoirien Jean-Claude Brou comme nouveau gouverneur de la Banque centrale des \u00c9tats de l\u2019Afrique de l\u2019Ouest (BCEAO). Ce dernier prendra les rennes de l\u2019\u00e9tablissement financier le 4 juillet 2022.<\/p>\n<p>C\u2019est lors du sommet extraordinaire de l\u2019UEMOA que les huit pays partageant en commun la monnaie franc CFA ont d\u00e9cid\u00e9 de nommer Jean-Claude Brou gouverneur de la BCEAO. Ce dernier occupait jusqu\u2019ici le poste de pr\u00e9sident de la Commission de la Cedeao. Il remplace \u00e0 ce poste un autre Ivoirien, Ti\u00e9moko Meyliet Kon\u00e9, promu vice-pr\u00e9sident de la Cote d\u2019Ivoire. Ce dernier \u00e0 \u00e9t\u00e9 \u00e0 la t\u00eate de l\u2019instance financi\u00e8re ouest africaine pendant plus de 10 ans.<\/p>\n<p>Les dirigeants de l\u2019UEMOA n\u2019ont pas manqu\u00e9 de f\u00e9liciter le d\u00e9sormais ex-gouverneur de la Banque pour l\u2019ensemble des r\u00e9formes apport\u00e9es. Notamment la r\u00e9forme du franc CFA. Ils n\u2019ont pas manqu\u00e9 d\u2019appr\u00e9cier son d\u00e9vouement pour la relance des \u00e9conomies de l\u2019Union, \u00e0 travers la mise en place des obligations de relance pour barrer la voie aux effets financiers d\u00e9vastateurs de la crise du Covid. Les pays de l\u2019union ont r\u00e9alis\u00e9 durant les ann\u00e9es pr\u00e9c\u00e9dant le covid, de fortes progressions de leurs PIB. Par exemple en 2016, la croissance a atteint 7%, soit la plus forte progression de toute l\u2019Afrique.<\/p>\n<p>Un responsable de l\u2019UEMOA a d\u00e9clar\u00e9 que : \u00ab Si les chefs d\u2019\u00c9tat l\u2019ont choisi, en particulier Ouattara, c\u2019est qu\u2019il (Brou) incarnera la continuit\u00e9 de l\u2019\u0153uvre entreprise par le gouverneur Kon\u00e9 \u00bb. Le nouveau gouverneur quant \u00e0 lui, s\u2019est engag\u00e9 \u00e0 travailler \u00e0 la bonne tenue de la monnaie et surtout \u00e0 \u00eatre un gouverneur au service de la croissance des \u00e9conomies de l\u2019Union, apr\u00e8s avoir remerci\u00e9 les chefs d\u2019Etats pour sa nomination.<\/p>\n<p>Ancien ministre ivoirien de l\u2019Industrie et des Mines, Jean-Claude Brou avait \u00e9t\u00e9 nomm\u00e9 \u00e0 la pr\u00e9sidence de la Commission de la Cedeao en d\u00e9cembre 2017. Les quatre ans et demi de mandat de l\u2019Ivoirien ont \u00e9t\u00e9 notamment marqu\u00e9s par la gestion de plusieurs crises politiques avec la r\u00e9surgence des coups d\u2019\u00c9tat au Mali, au Burkina ou encore en Guin\u00e9e. Il faut cependant noter que le mandat du pr\u00e9sident sortant de la Commission de la Cedeao a aussi \u00e9t\u00e9 marqu\u00e9 par la mise en place du march\u00e9 r\u00e9gional de l\u2019\u00e9lectricit\u00e9, celle d\u2019un visa unique ou encore l\u2019avancement du gigantesque projet d\u2019autoroute entre Lagos et Abidjan, pour lequel les investisseurs ont r\u00e9cemment promis pr\u00e8s de 15 milliards de dollars (13,99 milliards d\u2019euros).<\/p>\n","protected":false},"excerpt":{"rendered":"<p>C\u2019est le 4 juin dernier que l\u2019ensemble des pays membres de l\u2019Union \u00e9conomique et mon\u00e9taire ouest africaine (UEMOA) r\u00e9unis \u00e0 Accra au Ghana, ont d\u00e9sign\u00e9 l\u2019ivoirien Jean-Claude Brou comme nouveau gouverneur de la Banque centrale des \u00c9tats de l\u2019Afrique de l\u2019Ouest (BCEAO). Ce dernier prendra les rennes de l\u2019\u00e9tablissement financier le 4 juillet 2022. C\u2019est [&hellip;]<\/p>\n","protected":false},"author":13112,"featured_media":9547,"comment_status":"open","ping_status":"open","sticky":false,"template":"","format":"standard","meta":{"footnotes":""},"categories":[67,69],"tags":[81,78,82],"class_list":{"0":"post-9550","1":"post","2":"type-post","3":"status-publish","4":"format-standard","5":"has-post-thumbnail","7":"category-actualites","8":"category-politique","9":"tag-actualites","10":"tag-apie-project-2","11":"tag-politique"},"yoast_head":"<!-- This site is optimized with the Yoast SEO plugin v24.4 - https:\/\/yoast.com\/wordpress\/plugins\/seo\/ -->\n<title>UEMOA : La BCEAO tient son nouveau gouverneur en la personne de l\u2019ivoirien Jean-Claude Brou - APIE NEWS<\/title>\n<meta name=\"robots\" content=\"index, follow, max-snippet:-1, max-image-preview:large, max-video-preview:-1\" \/>\n<link rel=\"canonical\" href=\"https:\/\/appsaf.apieproject.com\/news\/fr\/2022\/06\/12\/uemoa-la-bceao-tient-son-nouveau-gouverneur-en-la-personne-de-livoirien-jean-claude-brou\/\" \/>\n<meta property=\"og:locale\" content=\"fr_FR\" \/>\n<meta property=\"og:type\" content=\"article\" \/>\n<meta property=\"og:title\" content=\"UEMOA : La BCEAO tient son nouveau gouverneur en la personne de l\u2019ivoirien Jean-Claude Brou - APIE NEWS\" \/>\n<meta property=\"og:description\" content=\"C\u2019est le 4 juin dernier que l\u2019ensemble des pays membres de l\u2019Union \u00e9conomique et mon\u00e9taire ouest africaine (UEMOA) r\u00e9unis \u00e0 Accra au Ghana, ont d\u00e9sign\u00e9 l\u2019ivoirien Jean-Claude Brou comme nouveau gouverneur de la Banque centrale des \u00c9tats de l\u2019Afrique de l\u2019Ouest (BCEAO). Ce dernier prendra les rennes de l\u2019\u00e9tablissement financier le 4 juillet 2022. C\u2019est [&hellip;]\" \/>\n<meta property=\"og:url\" content=\"https:\/\/appsaf.apieproject.com\/news\/fr\/2022\/06\/12\/uemoa-la-bceao-tient-son-nouveau-gouverneur-en-la-personne-de-livoirien-jean-claude-brou\/\" \/>\n<meta property=\"og:site_name\" content=\"APIE NEWS\" \/>\n<meta property=\"article:publisher\" content=\"https:\/\/facebook.com\/apieproject\" \/>\n<meta property=\"article:published_time\" content=\"2022-06-12T08:12:12+00:00\" \/>\n<meta property=\"article:modified_time\" content=\"2022-06-12T08:12:13+00:00\" \/>\n<meta property=\"og:image\" content=\"https:\/\/appsaf.apieproject.com\/news\/wp-content\/uploads\/sites\/29\/2022\/06\/jad2022414-objectif-afouest-cedeao-brou-1-592x296-1654514148-1ca0310bb5609c7afaa234bf67333bd9.jpg\" \/>\n\t<meta property=\"og:image:width\" content=\"592\" \/>\n\t<meta property=\"og:image:height\" content=\"296\" \/>\n\t<meta property=\"og:image:type\" content=\"image\/jpeg\" \/>\n<meta name=\"author\" content=\"guyetom\" \/>\n<meta name=\"twitter:card\" content=\"summary_large_image\" \/>\n<meta name=\"twitter:creator\" content=\"@apieproject\" \/>\n<meta name=\"twitter:site\" content=\"@apieproject\" \/>\n<meta name=\"twitter:label1\" content=\"\u00c9crit par\" \/>\n\t<meta name=\"twitter:data1\" content=\"guyetom\" \/>\n\t<meta name=\"twitter:label2\" content=\"Dur\u00e9e de lecture estim\u00e9e\" \/>\n\t<meta name=\"twitter:data2\" content=\"2 minutes\" \/>\n<script type=\"application\/ld+json\" class=\"yoast-schema-graph\">{\"@context\":\"https:\/\/schema.org\",\"@graph\":[{\"@type\":\"Article\",\"@id\":\"https:\/\/appsaf.apieproject.com\/news\/fr\/2022\/06\/12\/uemoa-la-bceao-tient-son-nouveau-gouverneur-en-la-personne-de-livoirien-jean-claude-brou\/#article\",\"isPartOf\":{\"@id\":\"https:\/\/appsaf.apieproject.com\/news\/fr\/2022\/06\/12\/uemoa-la-bceao-tient-son-nouveau-gouverneur-en-la-personne-de-livoirien-jean-claude-brou\/\"},\"author\":{\"name\":\"guyetom\",\"@id\":\"https:\/\/appsaf.apieproject.com\/news\/#\/schema\/person\/94d8f4e561b283d434da551498c8cb39\"},\"headline\":\"UEMOA : La BCEAO tient son nouveau gouverneur en la personne de l\u2019ivoirien Jean-Claude Brou\",\"datePublished\":\"2022-06-12T08:12:12+00:00\",\"dateModified\":\"2022-06-12T08:12:13+00:00\",\"mainEntityOfPage\":{\"@id\":\"https:\/\/appsaf.apieproject.com\/news\/fr\/2022\/06\/12\/uemoa-la-bceao-tient-son-nouveau-gouverneur-en-la-personne-de-livoirien-jean-claude-brou\/\"},\"wordCount\":483,\"commentCount\":0,\"publisher\":{\"@id\":\"https:\/\/appsaf.apieproject.com\/news\/#organization\"},\"image\":{\"@id\":\"https:\/\/appsaf.apieproject.com\/news\/fr\/2022\/06\/12\/uemoa-la-bceao-tient-son-nouveau-gouverneur-en-la-personne-de-livoirien-jean-claude-brou\/#primaryimage\"},\"thumbnailUrl\":\"https:\/\/appsaf.apieproject.com\/news\/wp-content\/uploads\/sites\/29\/2022\/06\/jad2022414-objectif-afouest-cedeao-brou-1-592x296-1654514148-1ca0310bb5609c7afaa234bf67333bd9.jpg\",\"keywords\":[\"actualites\",\"apie project\",\"politique\"],\"articleSection\":[\"Actualit\u00e9s\",\"Politique\"],\"inLanguage\":\"fr-FR\",\"potentialAction\":[{\"@type\":\"CommentAction\",\"name\":\"Comment\",\"target\":[\"https:\/\/appsaf.apieproject.com\/news\/fr\/2022\/06\/12\/uemoa-la-bceao-tient-son-nouveau-gouverneur-en-la-personne-de-livoirien-jean-claude-brou\/#respond\"]}]},{\"@type\":\"WebPage\",\"@id\":\"https:\/\/appsaf.apieproject.com\/news\/fr\/2022\/06\/12\/uemoa-la-bceao-tient-son-nouveau-gouverneur-en-la-personne-de-livoirien-jean-claude-brou\/\",\"url\":\"https:\/\/appsaf.apieproject.com\/news\/fr\/2022\/06\/12\/uemoa-la-bceao-tient-son-nouveau-gouverneur-en-la-personne-de-livoirien-jean-claude-brou\/\",\"name\":\"UEMOA : La BCEAO tient son nouveau gouverneur en la personne de l\u2019ivoirien Jean-Claude Brou - APIE NEWS\",\"isPartOf\":{\"@id\":\"https:\/\/appsaf.apieproject.com\/news\/#website\"},\"primaryImageOfPage\":{\"@id\":\"https:\/\/appsaf.apieproject.com\/news\/fr\/2022\/06\/12\/uemoa-la-bceao-tient-son-nouveau-gouverneur-en-la-personne-de-livoirien-jean-claude-brou\/#primaryimage\"},\"image\":{\"@id\":\"https:\/\/appsaf.apieproject.com\/news\/fr\/2022\/06\/12\/uemoa-la-bceao-tient-son-nouveau-gouverneur-en-la-personne-de-livoirien-jean-claude-brou\/#primaryimage\"},\"thumbnailUrl\":\"https:\/\/appsaf.apieproject.com\/news\/wp-content\/uploads\/sites\/29\/2022\/06\/jad2022414-objectif-afouest-cedeao-brou-1-592x296-1654514148-1ca0310bb5609c7afaa234bf67333bd9.jpg\",\"datePublished\":\"2022-06-12T08:12:12+00:00\",\"dateModified\":\"2022-06-12T08:12:13+00:00\",\"breadcrumb\":{\"@id\":\"https:\/\/appsaf.apieproject.com\/news\/fr\/2022\/06\/12\/uemoa-la-bceao-tient-son-nouveau-gouverneur-en-la-personne-de-livoirien-jean-claude-brou\/#breadcrumb\"},\"inLanguage\":\"fr-FR\",\"potentialAction\":[{\"@type\":\"ReadAction\",\"target\":[\"https:\/\/appsaf.apieproject.com\/news\/fr\/2022\/06\/12\/uemoa-la-bceao-tient-son-nouveau-gouverneur-en-la-personne-de-livoirien-jean-claude-brou\/\"]}]},{\"@type\":\"ImageObject\",\"inLanguage\":\"fr-FR\",\"@id\":\"https:\/\/appsaf.apieproject.com\/news\/fr\/2022\/06\/12\/uemoa-la-bceao-tient-son-nouveau-gouverneur-en-la-personne-de-livoirien-jean-claude-brou\/#primaryimage\",\"url\":\"https:\/\/appsaf.apieproject.com\/news\/wp-content\/uploads\/sites\/29\/2022\/06\/jad2022414-objectif-afouest-cedeao-brou-1-592x296-1654514148-1ca0310bb5609c7afaa234bf67333bd9.jpg\",\"contentUrl\":\"https:\/\/appsaf.apieproject.com\/news\/wp-content\/uploads\/sites\/29\/2022\/06\/jad2022414-objectif-afouest-cedeao-brou-1-592x296-1654514148-1ca0310bb5609c7afaa234bf67333bd9.jpg\",\"width\":592,\"height\":296},{\"@type\":\"BreadcrumbList\",\"@id\":\"https:\/\/appsaf.apieproject.com\/news\/fr\/2022\/06\/12\/uemoa-la-bceao-tient-son-nouveau-gouverneur-en-la-personne-de-livoirien-jean-claude-brou\/#breadcrumb\",\"itemListElement\":[{\"@type\":\"ListItem\",\"position\":1,\"name\":\"Home\",\"item\":\"https:\/\/appsaf.apieproject.com\/news\/fr\/home\/\"},{\"@type\":\"ListItem\",\"position\":2,\"name\":\"UEMOA : La BCEAO tient son nouveau gouverneur en la personne de l\u2019ivoirien Jean-Claude Brou\"}]},{\"@type\":\"WebSite\",\"@id\":\"https:\/\/appsaf.apieproject.com\/news\/#website\",\"url\":\"https:\/\/appsaf.apieproject.com\/news\/\",\"name\":\"APIE NEWS\",\"description\":\"PANAFRICANISM NEWS PORTAL\",\"publisher\":{\"@id\":\"https:\/\/appsaf.apieproject.com\/news\/#organization\"},\"potentialAction\":[{\"@type\":\"SearchAction\",\"target\":{\"@type\":\"EntryPoint\",\"urlTemplate\":\"https:\/\/appsaf.apieproject.com\/news\/?s={search_term_string}\"},\"query-input\":{\"@type\":\"PropertyValueSpecification\",\"valueRequired\":true,\"valueName\":\"search_term_string\"}}],\"inLanguage\":\"fr-FR\"},{\"@type\":\"Organization\",\"@id\":\"https:\/\/appsaf.apieproject.com\/news\/#organization\",\"name\":\"APIE PROJECT\",\"url\":\"https:\/\/appsaf.apieproject.com\/news\/\",\"logo\":{\"@type\":\"ImageObject\",\"inLanguage\":\"fr-FR\",\"@id\":\"https:\/\/appsaf.apieproject.com\/news\/#\/schema\/logo\/image\/\",\"url\":\"https:\/\/appsaf.apieproject.com\/news\/wp-content\/uploads\/sites\/29\/2022\/07\/logo-R-TransparentBackground.png\",\"contentUrl\":\"https:\/\/appsaf.apieproject.com\/news\/wp-content\/uploads\/sites\/29\/2022\/07\/logo-R-TransparentBackground.png\",\"width\":512,\"height\":512,\"caption\":\"APIE PROJECT\"},\"image\":{\"@id\":\"https:\/\/appsaf.apieproject.com\/news\/#\/schema\/logo\/image\/\"},\"sameAs\":[\"https:\/\/facebook.com\/apieproject\",\"https:\/\/x.com\/apieproject\"]},{\"@type\":\"Person\",\"@id\":\"https:\/\/appsaf.apieproject.com\/news\/#\/schema\/person\/94d8f4e561b283d434da551498c8cb39\",\"name\":\"guyetom\",\"image\":{\"@type\":\"ImageObject\",\"inLanguage\":\"fr-FR\",\"@id\":\"https:\/\/appsaf.apieproject.com\/news\/#\/schema\/person\/image\/\",\"url\":\"https:\/\/secure.gravatar.com\/avatar\/f36d884530ee45302c1f7eadb3f86562?s=96&d=mm&r=g\",\"contentUrl\":\"https:\/\/secure.gravatar.com\/avatar\/f36d884530ee45302c1f7eadb3f86562?s=96&d=mm&r=g\",\"caption\":\"guyetom\"},\"url\":\"https:\/\/appsaf.apieproject.com\/news\/fr\/author\/guyetom\/\"}]}<\/script>\n<!-- \/ Yoast SEO plugin. -->","yoast_head_json":{"title":"UEMOA : La BCEAO tient son nouveau gouverneur en la personne de l\u2019ivoirien Jean-Claude Brou - APIE NEWS","robots":{"index":"index","follow":"follow","max-snippet":"max-snippet:-1","max-image-preview":"max-image-preview:large","max-video-preview":"max-video-preview:-1"},"canonical":"https:\/\/appsaf.apieproject.com\/news\/fr\/2022\/06\/12\/uemoa-la-bceao-tient-son-nouveau-gouverneur-en-la-personne-de-livoirien-jean-claude-brou\/","og_locale":"fr_FR","og_type":"article","og_title":"UEMOA : La BCEAO tient son nouveau gouverneur en la personne de l\u2019ivoirien Jean-Claude Brou - APIE NEWS","og_description":"C\u2019est le 4 juin dernier que l\u2019ensemble des pays membres de l\u2019Union \u00e9conomique et mon\u00e9taire ouest africaine (UEMOA) r\u00e9unis \u00e0 Accra au Ghana, ont d\u00e9sign\u00e9 l\u2019ivoirien Jean-Claude Brou comme nouveau gouverneur de la Banque centrale des \u00c9tats de l\u2019Afrique de l\u2019Ouest (BCEAO). Ce dernier prendra les rennes de l\u2019\u00e9tablissement financier le 4 juillet 2022. C\u2019est [&hellip;]","og_url":"https:\/\/appsaf.apieproject.com\/news\/fr\/2022\/06\/12\/uemoa-la-bceao-tient-son-nouveau-gouverneur-en-la-personne-de-livoirien-jean-claude-brou\/","og_site_name":"APIE NEWS","article_publisher":"https:\/\/facebook.com\/apieproject","article_published_time":"2022-06-12T08:12:12+00:00","article_modified_time":"2022-06-12T08:12:13+00:00","og_image":[{"width":592,"height":296,"url":"https:\/\/appsaf.apieproject.com\/news\/wp-content\/uploads\/sites\/29\/2022\/06\/jad2022414-objectif-afouest-cedeao-brou-1-592x296-1654514148-1ca0310bb5609c7afaa234bf67333bd9.jpg","type":"image\/jpeg"}],"author":"guyetom","twitter_card":"summary_large_image","twitter_creator":"@apieproject","twitter_site":"@apieproject","twitter_misc":{"\u00c9crit par":"guyetom","Dur\u00e9e de lecture estim\u00e9e":"2 minutes"},"schema":{"@context":"https:\/\/schema.org","@graph":[{"@type":"Article","@id":"https:\/\/appsaf.apieproject.com\/news\/fr\/2022\/06\/12\/uemoa-la-bceao-tient-son-nouveau-gouverneur-en-la-personne-de-livoirien-jean-claude-brou\/#article","isPartOf":{"@id":"https:\/\/appsaf.apieproject.com\/news\/fr\/2022\/06\/12\/uemoa-la-bceao-tient-son-nouveau-gouverneur-en-la-personne-de-livoirien-jean-claude-brou\/"},"author":{"name":"guyetom","@id":"https:\/\/appsaf.apieproject.com\/news\/#\/schema\/person\/94d8f4e561b283d434da551498c8cb39"},"headline":"UEMOA : La BCEAO tient son nouveau gouverneur en la personne de l\u2019ivoirien Jean-Claude Brou","datePublished":"2022-06-12T08:12:12+00:00","dateModified":"2022-06-12T08:12:13+00:00","mainEntityOfPage":{"@id":"https:\/\/appsaf.apieproject.com\/news\/fr\/2022\/06\/12\/uemoa-la-bceao-tient-son-nouveau-gouverneur-en-la-personne-de-livoirien-jean-claude-brou\/"},"wordCount":483,"commentCount":0,"publisher":{"@id":"https:\/\/appsaf.apieproject.com\/news\/#organization"},"image":{"@id":"https:\/\/appsaf.apieproject.com\/news\/fr\/2022\/06\/12\/uemoa-la-bceao-tient-son-nouveau-gouverneur-en-la-personne-de-livoirien-jean-claude-brou\/#primaryimage"},"thumbnailUrl":"https:\/\/appsaf.apieproject.com\/news\/wp-content\/uploads\/sites\/29\/2022\/06\/jad2022414-objectif-afouest-cedeao-brou-1-592x296-1654514148-1ca0310bb5609c7afaa234bf67333bd9.jpg","keywords":["actualites","apie project","politique"],"articleSection":["Actualit\u00e9s","Politique"],"inLanguage":"fr-FR","potentialAction":[{"@type":"CommentAction","name":"Comment","target":["https:\/\/appsaf.apieproject.com\/news\/fr\/2022\/06\/12\/uemoa-la-bceao-tient-son-nouveau-gouverneur-en-la-personne-de-livoirien-jean-claude-brou\/#respond"]}]},{"@type":"WebPage","@id":"https:\/\/appsaf.apieproject.com\/news\/fr\/2022\/06\/12\/uemoa-la-bceao-tient-son-nouveau-gouverneur-en-la-personne-de-livoirien-jean-claude-brou\/","url":"https:\/\/appsaf.apieproject.com\/news\/fr\/2022\/06\/12\/uemoa-la-bceao-tient-son-nouveau-gouverneur-en-la-personne-de-livoirien-jean-claude-brou\/","name":"UEMOA : La BCEAO tient son nouveau gouverneur en la personne de l\u2019ivoirien Jean-Claude Brou - APIE NEWS","isPartOf":{"@id":"https:\/\/appsaf.apieproject.com\/news\/#website"},"primaryImageOfPage":{"@id":"https:\/\/appsaf.apieproject.com\/news\/fr\/2022\/06\/12\/uemoa-la-bceao-tient-son-nouveau-gouverneur-en-la-personne-de-livoirien-jean-claude-brou\/#primaryimage"},"image":{"@id":"https:\/\/appsaf.apieproject.com\/news\/fr\/2022\/06\/12\/uemoa-la-bceao-tient-son-nouveau-gouverneur-en-la-personne-de-livoirien-jean-claude-brou\/#primaryimage"},"thumbnailUrl":"https:\/\/appsaf.apieproject.com\/news\/wp-content\/uploads\/sites\/29\/2022\/06\/jad2022414-objectif-afouest-cedeao-brou-1-592x296-1654514148-1ca0310bb5609c7afaa234bf67333bd9.jpg","datePublished":"2022-06-12T08:12:12+00:00","dateModified":"2022-06-12T08:12:13+00:00","breadcrumb":{"@id":"https:\/\/appsaf.apieproject.com\/news\/fr\/2022\/06\/12\/uemoa-la-bceao-tient-son-nouveau-gouverneur-en-la-personne-de-livoirien-jean-claude-brou\/#breadcrumb"},"inLanguage":"fr-FR","potentialAction":[{"@type":"ReadAction","target":["https:\/\/appsaf.apieproject.com\/news\/fr\/2022\/06\/12\/uemoa-la-bceao-tient-son-nouveau-gouverneur-en-la-personne-de-livoirien-jean-claude-brou\/"]}]},{"@type":"ImageObject","inLanguage":"fr-FR","@id":"https:\/\/appsaf.apieproject.com\/news\/fr\/2022\/06\/12\/uemoa-la-bceao-tient-son-nouveau-gouverneur-en-la-personne-de-livoirien-jean-claude-brou\/#primaryimage","url":"https:\/\/appsaf.apieproject.com\/news\/wp-content\/uploads\/sites\/29\/2022\/06\/jad2022414-objectif-afouest-cedeao-brou-1-592x296-1654514148-1ca0310bb5609c7afaa234bf67333bd9.jpg","contentUrl":"https:\/\/appsaf.apieproject.com\/news\/wp-content\/uploads\/sites\/29\/2022\/06\/jad2022414-objectif-afouest-cedeao-brou-1-592x296-1654514148-1ca0310bb5609c7afaa234bf67333bd9.jpg","width":592,"height":296},{"@type":"BreadcrumbList","@id":"https:\/\/appsaf.apieproject.com\/news\/fr\/2022\/06\/12\/uemoa-la-bceao-tient-son-nouveau-gouverneur-en-la-personne-de-livoirien-jean-claude-brou\/#breadcrumb","itemListElement":[{"@type":"ListItem","position":1,"name":"Home","item":"https:\/\/appsaf.apieproject.com\/news\/fr\/home\/"},{"@type":"ListItem","position":2,"name":"UEMOA : La BCEAO tient son nouveau gouverneur en la personne de l\u2019ivoirien Jean-Claude Brou"}]},{"@type":"WebSite","@id":"https:\/\/appsaf.apieproject.com\/news\/#website","url":"https:\/\/appsaf.apieproject.com\/news\/","name":"APIE NEWS","description":"PANAFRICANISM NEWS PORTAL","publisher":{"@id":"https:\/\/appsaf.apieproject.com\/news\/#organization"},"potentialAction":[{"@type":"SearchAction","target":{"@type":"EntryPoint","urlTemplate":"https:\/\/appsaf.apieproject.com\/news\/?s={search_term_string}"},"query-input":{"@type":"PropertyValueSpecification","valueRequired":true,"valueName":"search_term_string"}}],"inLanguage":"fr-FR"},{"@type":"Organization","@id":"https:\/\/appsaf.apieproject.com\/news\/#organization","name":"APIE PROJECT","url":"https:\/\/appsaf.apieproject.com\/news\/","logo":{"@type":"ImageObject","inLanguage":"fr-FR","@id":"https:\/\/appsaf.apieproject.com\/news\/#\/schema\/logo\/image\/","url":"https:\/\/appsaf.apieproject.com\/news\/wp-content\/uploads\/sites\/29\/2022\/07\/logo-R-TransparentBackground.png","contentUrl":"https:\/\/appsaf.apieproject.com\/news\/wp-content\/uploads\/sites\/29\/2022\/07\/logo-R-TransparentBackground.png","width":512,"height":512,"caption":"APIE PROJECT"},"image":{"@id":"https:\/\/appsaf.apieproject.com\/news\/#\/schema\/logo\/image\/"},"sameAs":["https:\/\/facebook.com\/apieproject","https:\/\/x.com\/apieproject"]},{"@type":"Person","@id":"https:\/\/appsaf.apieproject.com\/news\/#\/schema\/person\/94d8f4e561b283d434da551498c8cb39","name":"guyetom","image":{"@type":"ImageObject","inLanguage":"fr-FR","@id":"https:\/\/appsaf.apieproject.com\/news\/#\/schema\/person\/image\/","url":"https:\/\/secure.gravatar.com\/avatar\/f36d884530ee45302c1f7eadb3f86562?s=96&d=mm&r=g","contentUrl":"https:\/\/secure.gravatar.com\/avatar\/f36d884530ee45302c1f7eadb3f86562?s=96&d=mm&r=g","caption":"guyetom"},"url":"https:\/\/appsaf.apieproject.com\/news\/fr\/author\/guyetom\/"}]}},"_links":{"self":[{"href":"https:\/\/appsaf.apieproject.com\/news\/fr\/wp-json\/wp\/v2\/posts\/9550","targetHints":{"allow":["GET"]}}],"collection":[{"href":"https:\/\/appsaf.apieproject.com\/news\/fr\/wp-json\/wp\/v2\/posts"}],"about":[{"href":"https:\/\/appsaf.apieproject.com\/news\/fr\/wp-json\/wp\/v2\/types\/post"}],"author":[{"embeddable":true,"href":"https:\/\/appsaf.apieproject.com\/news\/fr\/wp-json\/wp\/v2\/users\/13112"}],"replies":[{"embeddable":true,"href":"https:\/\/appsaf.apieproject.com\/news\/fr\/wp-json\/wp\/v2\/comments?post=9550"}],"version-history":[{"count":1,"href":"https:\/\/appsaf.apieproject.com\/news\/fr\/wp-json\/wp\/v2\/posts\/9550\/revisions"}],"predecessor-version":[{"id":9577,"href":"https:\/\/appsaf.apieproject.com\/news\/fr\/wp-json\/wp\/v2\/posts\/9550\/revisions\/9577"}],"wp:featuredmedia":[{"embeddable":true,"href":"https:\/\/appsaf.apieproject.com\/news\/fr\/wp-json\/wp\/v2\/media\/9547"}],"wp:attachment":[{"href":"https:\/\/appsaf.apieproject.com\/news\/fr\/wp-json\/wp\/v2\/media?parent=9550"}],"wp:term":[{"taxonomy":"category","embeddable":true,"href":"https:\/\/appsaf.apieproject.com\/news\/fr\/wp-json\/wp\/v2\/categories?post=9550"},{"taxonomy":"post_tag","embeddable":true,"href":"https:\/\/appsaf.apieproject.com\/news\/fr\/wp-json\/wp\/v2\/tags?post=9550"}],"curies":[{"name":"wp","href":"https:\/\/api.w.org\/{rel}","templated":true}]}}