{"id":9558,"date":"2022-06-12T08:08:05","date_gmt":"2022-06-12T08:08:05","guid":{"rendered":"https:\/\/appsaf.apieproject.com\/news\/?p=9558"},"modified":"2022-06-12T08:08:06","modified_gmt":"2022-06-12T08:08:06","slug":"mali-la-junte-annonce-que-la-periode-de-transition-durera-2-ans","status":"publish","type":"post","link":"https:\/\/appsaf.apieproject.com\/news\/fr\/2022\/06\/12\/mali-la-junte-annonce-que-la-periode-de-transition-durera-2-ans\/","title":{"rendered":"Mali : La junte annonce que la p\u00e9riode de transition durera 2 ans"},"content":{"rendered":"<p>La junte actuellement au pouvoir au Mali a d\u00e9cid\u00e9 de rendre le pouvoir au civil en 2024. L\u2019annonce a \u00e9t\u00e9 faite via un d\u00e9cret sign\u00e9 du Colonel Assimi Go\u00efta ce lundi 6 juin. Une d\u00e9cision qui prend de cours la C\u00e9d\u00e9ao alors que les discussions pour trouver un arrangement ont toujours lieu. De son cot\u00e9, la junte semble avoir tranch\u00e9.<\/p>\n<p>Le bras de fer entre le Mali et la Communaut\u00e9 \u00e9conomique des \u00c9tats de l\u2019Afrique de l\u2019Ouest (C\u00e9d\u00e9ao) se poursuit. D\u00e9but\u00e9 depuis la prise du pouvoir par la junte militaire, cet \u00e9pisode entre les deux entit\u00e9s a connu un nouveau tournant ce 6 juin. Le patron de la junte, le colonel Assimi Go\u00efta a sign\u00e9 un d\u00e9cret ce 6 juin fixant la dur\u00e9e de la transition \u00e0 24 mois \u00e0 partir du 26 mars 2022. Ce d\u00e9cret a d\u2019ailleurs \u00e9t\u00e9 lu en direct de la t\u00e9l\u00e9vision nationale.<\/p>\n<p>La junte revient donc sur sa d\u00e9cision de f\u00e9vrier. En effet, elle avait fix\u00e9 la dur\u00e9e de la transition \u00e0 5 ans. D\u00e9cision que la C\u00e9d\u00e9ao a qualifi\u00e9e de totalement inacceptable. Les discussions s\u2019\u00e9taient alors poursuivies entre les deux parties sans toute fois aboutir \u00e0 un consensus. La junte vient avec cette d\u00e9cision de mettre fin aux d\u00e9bats.<\/p>\n<p>Le moment choisi pour cette annonce n\u2019est pas anodin. En effet, le gouvernement du colonel Go\u00efta a sign\u00e9 ce d\u00e9cret deux jours apr\u00e8s le sommet de la C\u00e9d\u00e9ao au Ghana. Ce sommet \u00e9tait consacr\u00e9 \u00e0 statuer sur l\u2019\u00e9volution des situations politiques au Mali, en Guin\u00e9e et au Burkina Faso. Mais les discussions n\u2019ont abouti \u00e0 rien de concret et la C\u00e9d\u00e9ao a d\u00fb ajourner ses prises de d\u00e9cisions pour le prochain sommet pr\u00e9vu le juillet 2022.<\/p>\n<p>Cette d\u00e9cision de la junte est per\u00e7ue comme une mani\u00e8re de r\u00e9it\u00e9rer sa souverainet\u00e9 aux yeux du monde. Elle vient donc couper l\u2019herbe sous le pied de la C\u00e9d\u00e9ao et continue de lui tenir t\u00eate ainsi qu\u2019\u00e0 la communaut\u00e9 internationale. D\u2019un autre c\u00f4t\u00e9, cette d\u00e9cision peut aussi \u00eatre une technique pour mettre la pression \u00e0 l\u2019organisation ouest africaine. En effet, le message de la junte est clair, si la C\u00e9d\u00e9ao ne r\u00e9vise pas sa position dict\u00e9e par les puissances \u00e9trang\u00e8res, le Mali est pr\u00eat \u00e0 d\u00e9cider de son propre sort.<\/p>\n<p>Naturellement, la C\u00e9d\u00e9ao a r\u00e9agi au d\u00e9cret de la junte par voie de communiqu\u00e9. Elle a dit \u00ab\u00a0prendre acte de la signature\u00a0\u00bb du d\u00e9cret prolongeant la p\u00e9riode de transition au Mali. \u00ab\u00a0La C\u00e9d\u00e9ao regrette que cette d\u00e9cision ait \u00e9t\u00e9 prise \u00e0 un moment o\u00f9 les n\u00e9gociations se d\u00e9roulent encore, en vue de parvenir \u00e0 un consensus\u00a0\u00bb, pr\u00e9cise aussi le communiqu\u00e9, qui ajoute que les \u00e9changes vont se poursuivre avec les autorit\u00e9s maliennes.<\/p>\n<p>Le porte-parole du gouvernement, le colonel Abdoulaye Maiga a assur\u00e9 ne pas craindre un exc\u00e8s de tension avec l\u2019organisation ouest africaine. \u00ab Au contraire, le d\u00e9cret \u00ab\u00a0est une preuve tr\u00e8s \u00e9loquente de la volont\u00e9 de dialogue\u00a0\u00bb, en le justifiant par la volont\u00e9 de trouver un \u00ab\u00a0compromis\u00a0\u00bb entre les \u00ab\u00a0exigences\u00a0\u00bb de la C\u00e9d\u00e9ao et les \u00ab\u00a0aspirations\u00a0\u00bb des Maliens \u00e0 des r\u00e9formes avant la tenue d&rsquo;\u00e9lections \u00e0 la fin de la transition. \u00bb a-t-il affirm\u00e9.<\/p>\n","protected":false},"excerpt":{"rendered":"<p>La junte actuellement au pouvoir au Mali a d\u00e9cid\u00e9 de rendre le pouvoir au civil en 2024. L\u2019annonce a \u00e9t\u00e9 faite via un d\u00e9cret sign\u00e9 du Colonel Assimi Go\u00efta ce lundi 6 juin. Une d\u00e9cision qui prend de cours la C\u00e9d\u00e9ao alors que les discussions pour trouver un arrangement ont toujours lieu. De son cot\u00e9, [&hellip;]<\/p>\n","protected":false},"author":13112,"featured_media":9555,"comment_status":"open","ping_status":"open","sticky":false,"template":"","format":"standard","meta":{"footnotes":""},"categories":[67,69,59],"tags":[81,78,82],"class_list":{"0":"post-9558","1":"post","2":"type-post","3":"status-publish","4":"format-standard","5":"has-post-thumbnail","7":"category-actualites","8":"category-politique","9":"category-speciaux","10":"tag-actualites","11":"tag-apie-project-2","12":"tag-politique"},"yoast_head":"<!-- This site is optimized with the Yoast SEO plugin v24.4 - https:\/\/yoast.com\/wordpress\/plugins\/seo\/ -->\n<title>Mali : La junte annonce que la p\u00e9riode de transition durera 2 ans - APIE NEWS<\/title>\n<meta name=\"robots\" content=\"index, follow, max-snippet:-1, max-image-preview:large, max-video-preview:-1\" \/>\n<link rel=\"canonical\" href=\"https:\/\/appsaf.apieproject.com\/news\/fr\/2022\/06\/12\/mali-la-junte-annonce-que-la-periode-de-transition-durera-2-ans\/\" \/>\n<meta property=\"og:locale\" content=\"fr_FR\" \/>\n<meta property=\"og:type\" content=\"article\" \/>\n<meta property=\"og:title\" content=\"Mali : La junte annonce que la p\u00e9riode de transition durera 2 ans - APIE NEWS\" \/>\n<meta property=\"og:description\" content=\"La junte actuellement au pouvoir au Mali a d\u00e9cid\u00e9 de rendre le pouvoir au civil en 2024. L\u2019annonce a \u00e9t\u00e9 faite via un d\u00e9cret sign\u00e9 du Colonel Assimi Go\u00efta ce lundi 6 juin. Une d\u00e9cision qui prend de cours la C\u00e9d\u00e9ao alors que les discussions pour trouver un arrangement ont toujours lieu. De son cot\u00e9, [&hellip;]\" \/>\n<meta property=\"og:url\" content=\"https:\/\/appsaf.apieproject.com\/news\/fr\/2022\/06\/12\/mali-la-junte-annonce-que-la-periode-de-transition-durera-2-ans\/\" \/>\n<meta property=\"og:site_name\" content=\"APIE NEWS\" \/>\n<meta property=\"article:publisher\" content=\"https:\/\/facebook.com\/apieproject\" \/>\n<meta property=\"article:published_time\" content=\"2022-06-12T08:08:05+00:00\" \/>\n<meta property=\"article:modified_time\" content=\"2022-06-12T08:08:06+00:00\" \/>\n<meta property=\"og:image\" content=\"https:\/\/appsaf.apieproject.com\/news\/wp-content\/uploads\/sites\/29\/2022\/06\/telechargement-2022-06-09T235544.833-97dce03af93414044e40e8bafe1d9fec.jpg\" \/>\n\t<meta property=\"og:image:width\" content=\"300\" \/>\n\t<meta property=\"og:image:height\" content=\"168\" \/>\n\t<meta property=\"og:image:type\" content=\"image\/jpeg\" \/>\n<meta name=\"author\" content=\"guyetom\" \/>\n<meta name=\"twitter:card\" content=\"summary_large_image\" \/>\n<meta name=\"twitter:creator\" content=\"@apieproject\" \/>\n<meta name=\"twitter:site\" content=\"@apieproject\" \/>\n<meta name=\"twitter:label1\" content=\"\u00c9crit par\" \/>\n\t<meta name=\"twitter:data1\" content=\"guyetom\" \/>\n\t<meta name=\"twitter:label2\" content=\"Dur\u00e9e de lecture estim\u00e9e\" \/>\n\t<meta name=\"twitter:data2\" content=\"3 minutes\" \/>\n<script type=\"application\/ld+json\" class=\"yoast-schema-graph\">{\"@context\":\"https:\/\/schema.org\",\"@graph\":[{\"@type\":\"Article\",\"@id\":\"https:\/\/appsaf.apieproject.com\/news\/fr\/2022\/06\/12\/mali-la-junte-annonce-que-la-periode-de-transition-durera-2-ans\/#article\",\"isPartOf\":{\"@id\":\"https:\/\/appsaf.apieproject.com\/news\/fr\/2022\/06\/12\/mali-la-junte-annonce-que-la-periode-de-transition-durera-2-ans\/\"},\"author\":{\"name\":\"guyetom\",\"@id\":\"https:\/\/appsaf.apieproject.com\/news\/#\/schema\/person\/94d8f4e561b283d434da551498c8cb39\"},\"headline\":\"Mali : La junte annonce que la p\u00e9riode de transition durera 2 ans\",\"datePublished\":\"2022-06-12T08:08:05+00:00\",\"dateModified\":\"2022-06-12T08:08:06+00:00\",\"mainEntityOfPage\":{\"@id\":\"https:\/\/appsaf.apieproject.com\/news\/fr\/2022\/06\/12\/mali-la-junte-annonce-que-la-periode-de-transition-durera-2-ans\/\"},\"wordCount\":589,\"commentCount\":0,\"publisher\":{\"@id\":\"https:\/\/appsaf.apieproject.com\/news\/#organization\"},\"image\":{\"@id\":\"https:\/\/appsaf.apieproject.com\/news\/fr\/2022\/06\/12\/mali-la-junte-annonce-que-la-periode-de-transition-durera-2-ans\/#primaryimage\"},\"thumbnailUrl\":\"https:\/\/appsaf.apieproject.com\/news\/wp-content\/uploads\/sites\/29\/2022\/06\/telechargement-2022-06-09T235544.833-97dce03af93414044e40e8bafe1d9fec.jpg\",\"keywords\":[\"actualites\",\"apie project\",\"politique\"],\"articleSection\":[\"Actualit\u00e9s\",\"Politique\",\"Sp\u00e9ciaux\"],\"inLanguage\":\"fr-FR\",\"potentialAction\":[{\"@type\":\"CommentAction\",\"name\":\"Comment\",\"target\":[\"https:\/\/appsaf.apieproject.com\/news\/fr\/2022\/06\/12\/mali-la-junte-annonce-que-la-periode-de-transition-durera-2-ans\/#respond\"]}]},{\"@type\":\"WebPage\",\"@id\":\"https:\/\/appsaf.apieproject.com\/news\/fr\/2022\/06\/12\/mali-la-junte-annonce-que-la-periode-de-transition-durera-2-ans\/\",\"url\":\"https:\/\/appsaf.apieproject.com\/news\/fr\/2022\/06\/12\/mali-la-junte-annonce-que-la-periode-de-transition-durera-2-ans\/\",\"name\":\"Mali : La junte annonce que la p\u00e9riode de transition durera 2 ans - APIE NEWS\",\"isPartOf\":{\"@id\":\"https:\/\/appsaf.apieproject.com\/news\/#website\"},\"primaryImageOfPage\":{\"@id\":\"https:\/\/appsaf.apieproject.com\/news\/fr\/2022\/06\/12\/mali-la-junte-annonce-que-la-periode-de-transition-durera-2-ans\/#primaryimage\"},\"image\":{\"@id\":\"https:\/\/appsaf.apieproject.com\/news\/fr\/2022\/06\/12\/mali-la-junte-annonce-que-la-periode-de-transition-durera-2-ans\/#primaryimage\"},\"thumbnailUrl\":\"https:\/\/appsaf.apieproject.com\/news\/wp-content\/uploads\/sites\/29\/2022\/06\/telechargement-2022-06-09T235544.833-97dce03af93414044e40e8bafe1d9fec.jpg\",\"datePublished\":\"2022-06-12T08:08:05+00:00\",\"dateModified\":\"2022-06-12T08:08:06+00:00\",\"breadcrumb\":{\"@id\":\"https:\/\/appsaf.apieproject.com\/news\/fr\/2022\/06\/12\/mali-la-junte-annonce-que-la-periode-de-transition-durera-2-ans\/#breadcrumb\"},\"inLanguage\":\"fr-FR\",\"potentialAction\":[{\"@type\":\"ReadAction\",\"target\":[\"https:\/\/appsaf.apieproject.com\/news\/fr\/2022\/06\/12\/mali-la-junte-annonce-que-la-periode-de-transition-durera-2-ans\/\"]}]},{\"@type\":\"ImageObject\",\"inLanguage\":\"fr-FR\",\"@id\":\"https:\/\/appsaf.apieproject.com\/news\/fr\/2022\/06\/12\/mali-la-junte-annonce-que-la-periode-de-transition-durera-2-ans\/#primaryimage\",\"url\":\"https:\/\/appsaf.apieproject.com\/news\/wp-content\/uploads\/sites\/29\/2022\/06\/telechargement-2022-06-09T235544.833-97dce03af93414044e40e8bafe1d9fec.jpg\",\"contentUrl\":\"https:\/\/appsaf.apieproject.com\/news\/wp-content\/uploads\/sites\/29\/2022\/06\/telechargement-2022-06-09T235544.833-97dce03af93414044e40e8bafe1d9fec.jpg\",\"width\":300,\"height\":168},{\"@type\":\"BreadcrumbList\",\"@id\":\"https:\/\/appsaf.apieproject.com\/news\/fr\/2022\/06\/12\/mali-la-junte-annonce-que-la-periode-de-transition-durera-2-ans\/#breadcrumb\",\"itemListElement\":[{\"@type\":\"ListItem\",\"position\":1,\"name\":\"Home\",\"item\":\"https:\/\/appsaf.apieproject.com\/news\/fr\/home\/\"},{\"@type\":\"ListItem\",\"position\":2,\"name\":\"Mali : La junte annonce que la p\u00e9riode de transition durera 2 ans\"}]},{\"@type\":\"WebSite\",\"@id\":\"https:\/\/appsaf.apieproject.com\/news\/#website\",\"url\":\"https:\/\/appsaf.apieproject.com\/news\/\",\"name\":\"APIE NEWS\",\"description\":\"PANAFRICANISM NEWS PORTAL\",\"publisher\":{\"@id\":\"https:\/\/appsaf.apieproject.com\/news\/#organization\"},\"potentialAction\":[{\"@type\":\"SearchAction\",\"target\":{\"@type\":\"EntryPoint\",\"urlTemplate\":\"https:\/\/appsaf.apieproject.com\/news\/?s={search_term_string}\"},\"query-input\":{\"@type\":\"PropertyValueSpecification\",\"valueRequired\":true,\"valueName\":\"search_term_string\"}}],\"inLanguage\":\"fr-FR\"},{\"@type\":\"Organization\",\"@id\":\"https:\/\/appsaf.apieproject.com\/news\/#organization\",\"name\":\"APIE PROJECT\",\"url\":\"https:\/\/appsaf.apieproject.com\/news\/\",\"logo\":{\"@type\":\"ImageObject\",\"inLanguage\":\"fr-FR\",\"@id\":\"https:\/\/appsaf.apieproject.com\/news\/#\/schema\/logo\/image\/\",\"url\":\"https:\/\/appsaf.apieproject.com\/news\/wp-content\/uploads\/sites\/29\/2022\/07\/logo-R-TransparentBackground.png\",\"contentUrl\":\"https:\/\/appsaf.apieproject.com\/news\/wp-content\/uploads\/sites\/29\/2022\/07\/logo-R-TransparentBackground.png\",\"width\":512,\"height\":512,\"caption\":\"APIE PROJECT\"},\"image\":{\"@id\":\"https:\/\/appsaf.apieproject.com\/news\/#\/schema\/logo\/image\/\"},\"sameAs\":[\"https:\/\/facebook.com\/apieproject\",\"https:\/\/x.com\/apieproject\"]},{\"@type\":\"Person\",\"@id\":\"https:\/\/appsaf.apieproject.com\/news\/#\/schema\/person\/94d8f4e561b283d434da551498c8cb39\",\"name\":\"guyetom\",\"image\":{\"@type\":\"ImageObject\",\"inLanguage\":\"fr-FR\",\"@id\":\"https:\/\/appsaf.apieproject.com\/news\/#\/schema\/person\/image\/\",\"url\":\"https:\/\/secure.gravatar.com\/avatar\/f36d884530ee45302c1f7eadb3f86562?s=96&d=mm&r=g\",\"contentUrl\":\"https:\/\/secure.gravatar.com\/avatar\/f36d884530ee45302c1f7eadb3f86562?s=96&d=mm&r=g\",\"caption\":\"guyetom\"},\"url\":\"https:\/\/appsaf.apieproject.com\/news\/fr\/author\/guyetom\/\"}]}<\/script>\n<!-- \/ Yoast SEO plugin. -->","yoast_head_json":{"title":"Mali : La junte annonce que la p\u00e9riode de transition durera 2 ans - APIE NEWS","robots":{"index":"index","follow":"follow","max-snippet":"max-snippet:-1","max-image-preview":"max-image-preview:large","max-video-preview":"max-video-preview:-1"},"canonical":"https:\/\/appsaf.apieproject.com\/news\/fr\/2022\/06\/12\/mali-la-junte-annonce-que-la-periode-de-transition-durera-2-ans\/","og_locale":"fr_FR","og_type":"article","og_title":"Mali : La junte annonce que la p\u00e9riode de transition durera 2 ans - APIE NEWS","og_description":"La junte actuellement au pouvoir au Mali a d\u00e9cid\u00e9 de rendre le pouvoir au civil en 2024. L\u2019annonce a \u00e9t\u00e9 faite via un d\u00e9cret sign\u00e9 du Colonel Assimi Go\u00efta ce lundi 6 juin. Une d\u00e9cision qui prend de cours la C\u00e9d\u00e9ao alors que les discussions pour trouver un arrangement ont toujours lieu. De son cot\u00e9, [&hellip;]","og_url":"https:\/\/appsaf.apieproject.com\/news\/fr\/2022\/06\/12\/mali-la-junte-annonce-que-la-periode-de-transition-durera-2-ans\/","og_site_name":"APIE NEWS","article_publisher":"https:\/\/facebook.com\/apieproject","article_published_time":"2022-06-12T08:08:05+00:00","article_modified_time":"2022-06-12T08:08:06+00:00","og_image":[{"width":300,"height":168,"url":"https:\/\/appsaf.apieproject.com\/news\/wp-content\/uploads\/sites\/29\/2022\/06\/telechargement-2022-06-09T235544.833-97dce03af93414044e40e8bafe1d9fec.jpg","type":"image\/jpeg"}],"author":"guyetom","twitter_card":"summary_large_image","twitter_creator":"@apieproject","twitter_site":"@apieproject","twitter_misc":{"\u00c9crit par":"guyetom","Dur\u00e9e de lecture estim\u00e9e":"3 minutes"},"schema":{"@context":"https:\/\/schema.org","@graph":[{"@type":"Article","@id":"https:\/\/appsaf.apieproject.com\/news\/fr\/2022\/06\/12\/mali-la-junte-annonce-que-la-periode-de-transition-durera-2-ans\/#article","isPartOf":{"@id":"https:\/\/appsaf.apieproject.com\/news\/fr\/2022\/06\/12\/mali-la-junte-annonce-que-la-periode-de-transition-durera-2-ans\/"},"author":{"name":"guyetom","@id":"https:\/\/appsaf.apieproject.com\/news\/#\/schema\/person\/94d8f4e561b283d434da551498c8cb39"},"headline":"Mali : La junte annonce que la p\u00e9riode de transition durera 2 ans","datePublished":"2022-06-12T08:08:05+00:00","dateModified":"2022-06-12T08:08:06+00:00","mainEntityOfPage":{"@id":"https:\/\/appsaf.apieproject.com\/news\/fr\/2022\/06\/12\/mali-la-junte-annonce-que-la-periode-de-transition-durera-2-ans\/"},"wordCount":589,"commentCount":0,"publisher":{"@id":"https:\/\/appsaf.apieproject.com\/news\/#organization"},"image":{"@id":"https:\/\/appsaf.apieproject.com\/news\/fr\/2022\/06\/12\/mali-la-junte-annonce-que-la-periode-de-transition-durera-2-ans\/#primaryimage"},"thumbnailUrl":"https:\/\/appsaf.apieproject.com\/news\/wp-content\/uploads\/sites\/29\/2022\/06\/telechargement-2022-06-09T235544.833-97dce03af93414044e40e8bafe1d9fec.jpg","keywords":["actualites","apie project","politique"],"articleSection":["Actualit\u00e9s","Politique","Sp\u00e9ciaux"],"inLanguage":"fr-FR","potentialAction":[{"@type":"CommentAction","name":"Comment","target":["https:\/\/appsaf.apieproject.com\/news\/fr\/2022\/06\/12\/mali-la-junte-annonce-que-la-periode-de-transition-durera-2-ans\/#respond"]}]},{"@type":"WebPage","@id":"https:\/\/appsaf.apieproject.com\/news\/fr\/2022\/06\/12\/mali-la-junte-annonce-que-la-periode-de-transition-durera-2-ans\/","url":"https:\/\/appsaf.apieproject.com\/news\/fr\/2022\/06\/12\/mali-la-junte-annonce-que-la-periode-de-transition-durera-2-ans\/","name":"Mali : La junte annonce que la p\u00e9riode de transition durera 2 ans - APIE NEWS","isPartOf":{"@id":"https:\/\/appsaf.apieproject.com\/news\/#website"},"primaryImageOfPage":{"@id":"https:\/\/appsaf.apieproject.com\/news\/fr\/2022\/06\/12\/mali-la-junte-annonce-que-la-periode-de-transition-durera-2-ans\/#primaryimage"},"image":{"@id":"https:\/\/appsaf.apieproject.com\/news\/fr\/2022\/06\/12\/mali-la-junte-annonce-que-la-periode-de-transition-durera-2-ans\/#primaryimage"},"thumbnailUrl":"https:\/\/appsaf.apieproject.com\/news\/wp-content\/uploads\/sites\/29\/2022\/06\/telechargement-2022-06-09T235544.833-97dce03af93414044e40e8bafe1d9fec.jpg","datePublished":"2022-06-12T08:08:05+00:00","dateModified":"2022-06-12T08:08:06+00:00","breadcrumb":{"@id":"https:\/\/appsaf.apieproject.com\/news\/fr\/2022\/06\/12\/mali-la-junte-annonce-que-la-periode-de-transition-durera-2-ans\/#breadcrumb"},"inLanguage":"fr-FR","potentialAction":[{"@type":"ReadAction","target":["https:\/\/appsaf.apieproject.com\/news\/fr\/2022\/06\/12\/mali-la-junte-annonce-que-la-periode-de-transition-durera-2-ans\/"]}]},{"@type":"ImageObject","inLanguage":"fr-FR","@id":"https:\/\/appsaf.apieproject.com\/news\/fr\/2022\/06\/12\/mali-la-junte-annonce-que-la-periode-de-transition-durera-2-ans\/#primaryimage","url":"https:\/\/appsaf.apieproject.com\/news\/wp-content\/uploads\/sites\/29\/2022\/06\/telechargement-2022-06-09T235544.833-97dce03af93414044e40e8bafe1d9fec.jpg","contentUrl":"https:\/\/appsaf.apieproject.com\/news\/wp-content\/uploads\/sites\/29\/2022\/06\/telechargement-2022-06-09T235544.833-97dce03af93414044e40e8bafe1d9fec.jpg","width":300,"height":168},{"@type":"BreadcrumbList","@id":"https:\/\/appsaf.apieproject.com\/news\/fr\/2022\/06\/12\/mali-la-junte-annonce-que-la-periode-de-transition-durera-2-ans\/#breadcrumb","itemListElement":[{"@type":"ListItem","position":1,"name":"Home","item":"https:\/\/appsaf.apieproject.com\/news\/fr\/home\/"},{"@type":"ListItem","position":2,"name":"Mali : La junte annonce que la p\u00e9riode de transition durera 2 ans"}]},{"@type":"WebSite","@id":"https:\/\/appsaf.apieproject.com\/news\/#website","url":"https:\/\/appsaf.apieproject.com\/news\/","name":"APIE NEWS","description":"PANAFRICANISM NEWS PORTAL","publisher":{"@id":"https:\/\/appsaf.apieproject.com\/news\/#organization"},"potentialAction":[{"@type":"SearchAction","target":{"@type":"EntryPoint","urlTemplate":"https:\/\/appsaf.apieproject.com\/news\/?s={search_term_string}"},"query-input":{"@type":"PropertyValueSpecification","valueRequired":true,"valueName":"search_term_string"}}],"inLanguage":"fr-FR"},{"@type":"Organization","@id":"https:\/\/appsaf.apieproject.com\/news\/#organization","name":"APIE PROJECT","url":"https:\/\/appsaf.apieproject.com\/news\/","logo":{"@type":"ImageObject","inLanguage":"fr-FR","@id":"https:\/\/appsaf.apieproject.com\/news\/#\/schema\/logo\/image\/","url":"https:\/\/appsaf.apieproject.com\/news\/wp-content\/uploads\/sites\/29\/2022\/07\/logo-R-TransparentBackground.png","contentUrl":"https:\/\/appsaf.apieproject.com\/news\/wp-content\/uploads\/sites\/29\/2022\/07\/logo-R-TransparentBackground.png","width":512,"height":512,"caption":"APIE PROJECT"},"image":{"@id":"https:\/\/appsaf.apieproject.com\/news\/#\/schema\/logo\/image\/"},"sameAs":["https:\/\/facebook.com\/apieproject","https:\/\/x.com\/apieproject"]},{"@type":"Person","@id":"https:\/\/appsaf.apieproject.com\/news\/#\/schema\/person\/94d8f4e561b283d434da551498c8cb39","name":"guyetom","image":{"@type":"ImageObject","inLanguage":"fr-FR","@id":"https:\/\/appsaf.apieproject.com\/news\/#\/schema\/person\/image\/","url":"https:\/\/secure.gravatar.com\/avatar\/f36d884530ee45302c1f7eadb3f86562?s=96&d=mm&r=g","contentUrl":"https:\/\/secure.gravatar.com\/avatar\/f36d884530ee45302c1f7eadb3f86562?s=96&d=mm&r=g","caption":"guyetom"},"url":"https:\/\/appsaf.apieproject.com\/news\/fr\/author\/guyetom\/"}]}},"_links":{"self":[{"href":"https:\/\/appsaf.apieproject.com\/news\/fr\/wp-json\/wp\/v2\/posts\/9558","targetHints":{"allow":["GET"]}}],"collection":[{"href":"https:\/\/appsaf.apieproject.com\/news\/fr\/wp-json\/wp\/v2\/posts"}],"about":[{"href":"https:\/\/appsaf.apieproject.com\/news\/fr\/wp-json\/wp\/v2\/types\/post"}],"author":[{"embeddable":true,"href":"https:\/\/appsaf.apieproject.com\/news\/fr\/wp-json\/wp\/v2\/users\/13112"}],"replies":[{"embeddable":true,"href":"https:\/\/appsaf.apieproject.com\/news\/fr\/wp-json\/wp\/v2\/comments?post=9558"}],"version-history":[{"count":1,"href":"https:\/\/appsaf.apieproject.com\/news\/fr\/wp-json\/wp\/v2\/posts\/9558\/revisions"}],"predecessor-version":[{"id":9576,"href":"https:\/\/appsaf.apieproject.com\/news\/fr\/wp-json\/wp\/v2\/posts\/9558\/revisions\/9576"}],"wp:featuredmedia":[{"embeddable":true,"href":"https:\/\/appsaf.apieproject.com\/news\/fr\/wp-json\/wp\/v2\/media\/9555"}],"wp:attachment":[{"href":"https:\/\/appsaf.apieproject.com\/news\/fr\/wp-json\/wp\/v2\/media?parent=9558"}],"wp:term":[{"taxonomy":"category","embeddable":true,"href":"https:\/\/appsaf.apieproject.com\/news\/fr\/wp-json\/wp\/v2\/categories?post=9558"},{"taxonomy":"post_tag","embeddable":true,"href":"https:\/\/appsaf.apieproject.com\/news\/fr\/wp-json\/wp\/v2\/tags?post=9558"}],"curies":[{"name":"wp","href":"https:\/\/api.w.org\/{rel}","templated":true}]}}