{"id":666,"date":"2022-01-15T07:12:13","date_gmt":"2022-01-15T07:12:13","guid":{"rendered":"https:\/\/appsaf.apieproject.com\/news\/?p=666"},"modified":"2022-01-15T07:12:14","modified_gmt":"2022-01-15T07:12:14","slug":"cabo-verde-devera-assumir-presidencia-das-bolsas-na-africa-ocidental","status":"publish","type":"post","link":"https:\/\/appsaf.apieproject.com\/news\/pt-pt\/2022\/01\/15\/cabo-verde-devera-assumir-presidencia-das-bolsas-na-africa-ocidental\/","title":{"rendered":"Cabo Verde dever\u00e1 assumir presid\u00eancia das bolsas na \u00c1frica Ocidental"},"content":{"rendered":"\n<p>Cabo Verde vai receber no segundo semestre do ano a reuni\u00e3o do conselho para a integra\u00e7\u00e3o dos mercados de capitais na \u00c1frica Ocidental e assumir, pela primeira vez, a presid\u00eancia da organiza\u00e7\u00e3o regional, disse hoje fonte oficial.<\/p>\n\n\n\n<p>Perspetivamos a realiza\u00e7\u00e3o em Cabo Verde do segundo &#8216;meeting&#8217; da WACMIC [West African Capital Markets Integrations Couincil], em que se prev\u00ea, pela primeira vez, a elei\u00e7\u00e3o de Cabo Verde para a presid\u00eancia&#8221;, anunciou, na cidade da Praia, o presidente da Bolsa de Valores de Cabo Verde (BVC).<\/p>\n\n\n\n<p>Segundo Miguel Monteiro, o encontro em Cabo Verde dever\u00e1 ser realizado entre julho e setembro.<\/p>\n\n\n\n<p>A WACMIC \u00e9 uma organiza\u00e7\u00e3o que contempla as bolsas de valores da \u00c1frica Ocidental, estando ativas atualmente a bolsa de Cabo Verde, a Ghana Stock Exchange (GSE), a Nigeria Stock Exchange (NGX) e a BRVM, que representa a Uni\u00e3o Econ\u00f3mica e Monet\u00e1ria do Oeste Africano (oito pa\u00edses, principalmente franc\u00f3fonos)<\/p>\n","protected":false},"excerpt":{"rendered":"<p>Cabo Verde vai receber no segundo semestre do ano a reuni\u00e3o do conselho para a integra\u00e7\u00e3o dos mercados de capitais na \u00c1frica Ocidental e assumir, pela primeira vez, a presid\u00eancia da organiza\u00e7\u00e3o regional, disse hoje fonte oficial. Perspetivamos a realiza\u00e7\u00e3o em Cabo Verde do segundo &#8216;meeting&#8217; da WACMIC [West African Capital Markets Integrations Couincil], em [&hellip;]<\/p>\n","protected":false},"author":1,"featured_media":667,"comment_status":"open","ping_status":"open","sticky":false,"template":"","format":"standard","meta":{"footnotes":""},"categories":[54,60,64,68],"tags":[106,104,100,97],"class_list":{"0":"post-666","1":"post","2":"type-post","3":"status-publish","4":"format-standard","5":"has-post-thumbnail","7":"category-cultura","8":"category-destaque","9":"category-estilo-de-vida","10":"category-noticias","11":"tag-cabo-verde","12":"tag-cultura-2","13":"tag-estilo-de-vida","14":"tag-noticias"},"yoast_head":"<!-- This site is optimized with the Yoast SEO plugin v24.4 - https:\/\/yoast.com\/wordpress\/plugins\/seo\/ -->\n<title>Cabo Verde dever\u00e1 assumir presid\u00eancia das bolsas na \u00c1frica Ocidental - APIE NEWS<\/title>\n<meta name=\"robots\" content=\"index, follow, max-snippet:-1, max-image-preview:large, max-video-preview:-1\" \/>\n<link rel=\"canonical\" href=\"https:\/\/appsaf.apieproject.com\/news\/pt-pt\/2022\/01\/15\/cabo-verde-devera-assumir-presidencia-das-bolsas-na-africa-ocidental\/\" \/>\n<meta property=\"og:locale\" content=\"pt_PT\" \/>\n<meta property=\"og:type\" content=\"article\" \/>\n<meta property=\"og:title\" content=\"Cabo Verde dever\u00e1 assumir presid\u00eancia das bolsas na \u00c1frica Ocidental - APIE NEWS\" \/>\n<meta property=\"og:description\" content=\"Cabo Verde vai receber no segundo semestre do ano a reuni\u00e3o do conselho para a integra\u00e7\u00e3o dos mercados de capitais na \u00c1frica Ocidental e assumir, pela primeira vez, a presid\u00eancia da organiza\u00e7\u00e3o regional, disse hoje fonte oficial. Perspetivamos a realiza\u00e7\u00e3o em Cabo Verde do segundo &#8216;meeting&#8217; da WACMIC [West African Capital Markets Integrations Couincil], em [&hellip;]\" \/>\n<meta property=\"og:url\" content=\"https:\/\/appsaf.apieproject.com\/news\/pt-pt\/2022\/01\/15\/cabo-verde-devera-assumir-presidencia-das-bolsas-na-africa-ocidental\/\" \/>\n<meta property=\"og:site_name\" content=\"APIE NEWS\" \/>\n<meta property=\"article:publisher\" content=\"https:\/\/facebook.com\/apieproject\" \/>\n<meta property=\"article:published_time\" content=\"2022-01-15T07:12:13+00:00\" \/>\n<meta property=\"article:modified_time\" content=\"2022-01-15T07:12:14+00:00\" \/>\n<meta property=\"og:image\" content=\"https:\/\/appsaf.apieproject.com\/news\/wp-content\/uploads\/sites\/29\/2022\/01\/Bolsas.jpg\" \/>\n\t<meta property=\"og:image:width\" content=\"1920\" \/>\n\t<meta property=\"og:image:height\" content=\"1080\" \/>\n\t<meta property=\"og:image:type\" content=\"image\/jpeg\" \/>\n<meta name=\"author\" content=\"apieproject\" \/>\n<meta name=\"twitter:card\" content=\"summary_large_image\" \/>\n<meta name=\"twitter:creator\" content=\"@apieproject\" \/>\n<meta name=\"twitter:site\" content=\"@apieproject\" \/>\n<meta name=\"twitter:label1\" content=\"Escrito por\" \/>\n\t<meta name=\"twitter:data1\" content=\"apieproject\" \/>\n\t<meta name=\"twitter:label2\" content=\"Tempo estimado de leitura\" \/>\n\t<meta name=\"twitter:data2\" content=\"1 minuto\" \/>\n<script type=\"application\/ld+json\" class=\"yoast-schema-graph\">{\"@context\":\"https:\/\/schema.org\",\"@graph\":[{\"@type\":\"Article\",\"@id\":\"https:\/\/appsaf.apieproject.com\/news\/pt-pt\/2022\/01\/15\/cabo-verde-devera-assumir-presidencia-das-bolsas-na-africa-ocidental\/#article\",\"isPartOf\":{\"@id\":\"https:\/\/appsaf.apieproject.com\/news\/pt-pt\/2022\/01\/15\/cabo-verde-devera-assumir-presidencia-das-bolsas-na-africa-ocidental\/\"},\"author\":{\"name\":\"apieproject\",\"@id\":\"https:\/\/appsaf.apieproject.com\/news\/#\/schema\/person\/ad5502ca15531a327ebd9865992b8492\"},\"headline\":\"Cabo Verde dever\u00e1 assumir presid\u00eancia das bolsas na \u00c1frica Ocidental\",\"datePublished\":\"2022-01-15T07:12:13+00:00\",\"dateModified\":\"2022-01-15T07:12:14+00:00\",\"mainEntityOfPage\":{\"@id\":\"https:\/\/appsaf.apieproject.com\/news\/pt-pt\/2022\/01\/15\/cabo-verde-devera-assumir-presidencia-das-bolsas-na-africa-ocidental\/\"},\"wordCount\":171,\"commentCount\":0,\"publisher\":{\"@id\":\"https:\/\/appsaf.apieproject.com\/news\/#organization\"},\"image\":{\"@id\":\"https:\/\/appsaf.apieproject.com\/news\/pt-pt\/2022\/01\/15\/cabo-verde-devera-assumir-presidencia-das-bolsas-na-africa-ocidental\/#primaryimage\"},\"thumbnailUrl\":\"https:\/\/appsaf.apieproject.com\/news\/wp-content\/uploads\/sites\/29\/2022\/01\/Bolsas.jpg\",\"keywords\":[\"cabo verde\",\"cultura\",\"estilo de vida\",\"noticias\"],\"articleSection\":[\"Cultura\",\"Destaque\",\"Estilo de Vida\",\"Not\u00edcias\"],\"inLanguage\":\"pt-PT\",\"potentialAction\":[{\"@type\":\"CommentAction\",\"name\":\"Comment\",\"target\":[\"https:\/\/appsaf.apieproject.com\/news\/pt-pt\/2022\/01\/15\/cabo-verde-devera-assumir-presidencia-das-bolsas-na-africa-ocidental\/#respond\"]}]},{\"@type\":\"WebPage\",\"@id\":\"https:\/\/appsaf.apieproject.com\/news\/pt-pt\/2022\/01\/15\/cabo-verde-devera-assumir-presidencia-das-bolsas-na-africa-ocidental\/\",\"url\":\"https:\/\/appsaf.apieproject.com\/news\/pt-pt\/2022\/01\/15\/cabo-verde-devera-assumir-presidencia-das-bolsas-na-africa-ocidental\/\",\"name\":\"Cabo Verde dever\u00e1 assumir presid\u00eancia das bolsas na \u00c1frica Ocidental - APIE NEWS\",\"isPartOf\":{\"@id\":\"https:\/\/appsaf.apieproject.com\/news\/#website\"},\"primaryImageOfPage\":{\"@id\":\"https:\/\/appsaf.apieproject.com\/news\/pt-pt\/2022\/01\/15\/cabo-verde-devera-assumir-presidencia-das-bolsas-na-africa-ocidental\/#primaryimage\"},\"image\":{\"@id\":\"https:\/\/appsaf.apieproject.com\/news\/pt-pt\/2022\/01\/15\/cabo-verde-devera-assumir-presidencia-das-bolsas-na-africa-ocidental\/#primaryimage\"},\"thumbnailUrl\":\"https:\/\/appsaf.apieproject.com\/news\/wp-content\/uploads\/sites\/29\/2022\/01\/Bolsas.jpg\",\"datePublished\":\"2022-01-15T07:12:13+00:00\",\"dateModified\":\"2022-01-15T07:12:14+00:00\",\"breadcrumb\":{\"@id\":\"https:\/\/appsaf.apieproject.com\/news\/pt-pt\/2022\/01\/15\/cabo-verde-devera-assumir-presidencia-das-bolsas-na-africa-ocidental\/#breadcrumb\"},\"inLanguage\":\"pt-PT\",\"potentialAction\":[{\"@type\":\"ReadAction\",\"target\":[\"https:\/\/appsaf.apieproject.com\/news\/pt-pt\/2022\/01\/15\/cabo-verde-devera-assumir-presidencia-das-bolsas-na-africa-ocidental\/\"]}]},{\"@type\":\"ImageObject\",\"inLanguage\":\"pt-PT\",\"@id\":\"https:\/\/appsaf.apieproject.com\/news\/pt-pt\/2022\/01\/15\/cabo-verde-devera-assumir-presidencia-das-bolsas-na-africa-ocidental\/#primaryimage\",\"url\":\"https:\/\/appsaf.apieproject.com\/news\/wp-content\/uploads\/sites\/29\/2022\/01\/Bolsas.jpg\",\"contentUrl\":\"https:\/\/appsaf.apieproject.com\/news\/wp-content\/uploads\/sites\/29\/2022\/01\/Bolsas.jpg\",\"width\":1920,\"height\":1080},{\"@type\":\"BreadcrumbList\",\"@id\":\"https:\/\/appsaf.apieproject.com\/news\/pt-pt\/2022\/01\/15\/cabo-verde-devera-assumir-presidencia-das-bolsas-na-africa-ocidental\/#breadcrumb\",\"itemListElement\":[{\"@type\":\"ListItem\",\"position\":1,\"name\":\"Home\",\"item\":\"https:\/\/appsaf.apieproject.com\/news\/pt-pt\/\"},{\"@type\":\"ListItem\",\"position\":2,\"name\":\"Cabo Verde dever\u00e1 assumir presid\u00eancia das bolsas na \u00c1frica Ocidental\"}]},{\"@type\":\"WebSite\",\"@id\":\"https:\/\/appsaf.apieproject.com\/news\/#website\",\"url\":\"https:\/\/appsaf.apieproject.com\/news\/\",\"name\":\"APIE NEWS\",\"description\":\"PANAFRICANISM NEWS PORTAL\",\"publisher\":{\"@id\":\"https:\/\/appsaf.apieproject.com\/news\/#organization\"},\"potentialAction\":[{\"@type\":\"SearchAction\",\"target\":{\"@type\":\"EntryPoint\",\"urlTemplate\":\"https:\/\/appsaf.apieproject.com\/news\/?s={search_term_string}\"},\"query-input\":{\"@type\":\"PropertyValueSpecification\",\"valueRequired\":true,\"valueName\":\"search_term_string\"}}],\"inLanguage\":\"pt-PT\"},{\"@type\":\"Organization\",\"@id\":\"https:\/\/appsaf.apieproject.com\/news\/#organization\",\"name\":\"APIE PROJECT\",\"url\":\"https:\/\/appsaf.apieproject.com\/news\/\",\"logo\":{\"@type\":\"ImageObject\",\"inLanguage\":\"pt-PT\",\"@id\":\"https:\/\/appsaf.apieproject.com\/news\/#\/schema\/logo\/image\/\",\"url\":\"https:\/\/appsaf.apieproject.com\/news\/wp-content\/uploads\/sites\/29\/2022\/07\/logo-R-TransparentBackground.png\",\"contentUrl\":\"https:\/\/appsaf.apieproject.com\/news\/wp-content\/uploads\/sites\/29\/2022\/07\/logo-R-TransparentBackground.png\",\"width\":512,\"height\":512,\"caption\":\"APIE PROJECT\"},\"image\":{\"@id\":\"https:\/\/appsaf.apieproject.com\/news\/#\/schema\/logo\/image\/\"},\"sameAs\":[\"https:\/\/facebook.com\/apieproject\",\"https:\/\/x.com\/apieproject\"]},{\"@type\":\"Person\",\"@id\":\"https:\/\/appsaf.apieproject.com\/news\/#\/schema\/person\/ad5502ca15531a327ebd9865992b8492\",\"name\":\"apieproject\",\"image\":{\"@type\":\"ImageObject\",\"inLanguage\":\"pt-PT\",\"@id\":\"https:\/\/appsaf.apieproject.com\/news\/#\/schema\/person\/image\/\",\"url\":\"https:\/\/secure.gravatar.com\/avatar\/8da820f890920c54e6a9a30087a8b9ec?s=96&d=mm&r=g\",\"contentUrl\":\"https:\/\/secure.gravatar.com\/avatar\/8da820f890920c54e6a9a30087a8b9ec?s=96&d=mm&r=g\",\"caption\":\"apieproject\"},\"url\":\"https:\/\/appsaf.apieproject.com\/news\/pt-pt\/author\/apieproject\/\"}]}<\/script>\n<!-- \/ Yoast SEO plugin. -->","yoast_head_json":{"title":"Cabo Verde dever\u00e1 assumir presid\u00eancia das bolsas na \u00c1frica Ocidental - APIE NEWS","robots":{"index":"index","follow":"follow","max-snippet":"max-snippet:-1","max-image-preview":"max-image-preview:large","max-video-preview":"max-video-preview:-1"},"canonical":"https:\/\/appsaf.apieproject.com\/news\/pt-pt\/2022\/01\/15\/cabo-verde-devera-assumir-presidencia-das-bolsas-na-africa-ocidental\/","og_locale":"pt_PT","og_type":"article","og_title":"Cabo Verde dever\u00e1 assumir presid\u00eancia das bolsas na \u00c1frica Ocidental - APIE NEWS","og_description":"Cabo Verde vai receber no segundo semestre do ano a reuni\u00e3o do conselho para a integra\u00e7\u00e3o dos mercados de capitais na \u00c1frica Ocidental e assumir, pela primeira vez, a presid\u00eancia da organiza\u00e7\u00e3o regional, disse hoje fonte oficial. Perspetivamos a realiza\u00e7\u00e3o em Cabo Verde do segundo &#8216;meeting&#8217; da WACMIC [West African Capital Markets Integrations Couincil], em [&hellip;]","og_url":"https:\/\/appsaf.apieproject.com\/news\/pt-pt\/2022\/01\/15\/cabo-verde-devera-assumir-presidencia-das-bolsas-na-africa-ocidental\/","og_site_name":"APIE NEWS","article_publisher":"https:\/\/facebook.com\/apieproject","article_published_time":"2022-01-15T07:12:13+00:00","article_modified_time":"2022-01-15T07:12:14+00:00","og_image":[{"width":1920,"height":1080,"url":"https:\/\/appsaf.apieproject.com\/news\/wp-content\/uploads\/sites\/29\/2022\/01\/Bolsas.jpg","type":"image\/jpeg"}],"author":"apieproject","twitter_card":"summary_large_image","twitter_creator":"@apieproject","twitter_site":"@apieproject","twitter_misc":{"Escrito por":"apieproject","Tempo estimado de leitura":"1 minuto"},"schema":{"@context":"https:\/\/schema.org","@graph":[{"@type":"Article","@id":"https:\/\/appsaf.apieproject.com\/news\/pt-pt\/2022\/01\/15\/cabo-verde-devera-assumir-presidencia-das-bolsas-na-africa-ocidental\/#article","isPartOf":{"@id":"https:\/\/appsaf.apieproject.com\/news\/pt-pt\/2022\/01\/15\/cabo-verde-devera-assumir-presidencia-das-bolsas-na-africa-ocidental\/"},"author":{"name":"apieproject","@id":"https:\/\/appsaf.apieproject.com\/news\/#\/schema\/person\/ad5502ca15531a327ebd9865992b8492"},"headline":"Cabo Verde dever\u00e1 assumir presid\u00eancia das bolsas na \u00c1frica Ocidental","datePublished":"2022-01-15T07:12:13+00:00","dateModified":"2022-01-15T07:12:14+00:00","mainEntityOfPage":{"@id":"https:\/\/appsaf.apieproject.com\/news\/pt-pt\/2022\/01\/15\/cabo-verde-devera-assumir-presidencia-das-bolsas-na-africa-ocidental\/"},"wordCount":171,"commentCount":0,"publisher":{"@id":"https:\/\/appsaf.apieproject.com\/news\/#organization"},"image":{"@id":"https:\/\/appsaf.apieproject.com\/news\/pt-pt\/2022\/01\/15\/cabo-verde-devera-assumir-presidencia-das-bolsas-na-africa-ocidental\/#primaryimage"},"thumbnailUrl":"https:\/\/appsaf.apieproject.com\/news\/wp-content\/uploads\/sites\/29\/2022\/01\/Bolsas.jpg","keywords":["cabo verde","cultura","estilo de vida","noticias"],"articleSection":["Cultura","Destaque","Estilo de Vida","Not\u00edcias"],"inLanguage":"pt-PT","potentialAction":[{"@type":"CommentAction","name":"Comment","target":["https:\/\/appsaf.apieproject.com\/news\/pt-pt\/2022\/01\/15\/cabo-verde-devera-assumir-presidencia-das-bolsas-na-africa-ocidental\/#respond"]}]},{"@type":"WebPage","@id":"https:\/\/appsaf.apieproject.com\/news\/pt-pt\/2022\/01\/15\/cabo-verde-devera-assumir-presidencia-das-bolsas-na-africa-ocidental\/","url":"https:\/\/appsaf.apieproject.com\/news\/pt-pt\/2022\/01\/15\/cabo-verde-devera-assumir-presidencia-das-bolsas-na-africa-ocidental\/","name":"Cabo Verde dever\u00e1 assumir presid\u00eancia das bolsas na \u00c1frica Ocidental - APIE NEWS","isPartOf":{"@id":"https:\/\/appsaf.apieproject.com\/news\/#website"},"primaryImageOfPage":{"@id":"https:\/\/appsaf.apieproject.com\/news\/pt-pt\/2022\/01\/15\/cabo-verde-devera-assumir-presidencia-das-bolsas-na-africa-ocidental\/#primaryimage"},"image":{"@id":"https:\/\/appsaf.apieproject.com\/news\/pt-pt\/2022\/01\/15\/cabo-verde-devera-assumir-presidencia-das-bolsas-na-africa-ocidental\/#primaryimage"},"thumbnailUrl":"https:\/\/appsaf.apieproject.com\/news\/wp-content\/uploads\/sites\/29\/2022\/01\/Bolsas.jpg","datePublished":"2022-01-15T07:12:13+00:00","dateModified":"2022-01-15T07:12:14+00:00","breadcrumb":{"@id":"https:\/\/appsaf.apieproject.com\/news\/pt-pt\/2022\/01\/15\/cabo-verde-devera-assumir-presidencia-das-bolsas-na-africa-ocidental\/#breadcrumb"},"inLanguage":"pt-PT","potentialAction":[{"@type":"ReadAction","target":["https:\/\/appsaf.apieproject.com\/news\/pt-pt\/2022\/01\/15\/cabo-verde-devera-assumir-presidencia-das-bolsas-na-africa-ocidental\/"]}]},{"@type":"ImageObject","inLanguage":"pt-PT","@id":"https:\/\/appsaf.apieproject.com\/news\/pt-pt\/2022\/01\/15\/cabo-verde-devera-assumir-presidencia-das-bolsas-na-africa-ocidental\/#primaryimage","url":"https:\/\/appsaf.apieproject.com\/news\/wp-content\/uploads\/sites\/29\/2022\/01\/Bolsas.jpg","contentUrl":"https:\/\/appsaf.apieproject.com\/news\/wp-content\/uploads\/sites\/29\/2022\/01\/Bolsas.jpg","width":1920,"height":1080},{"@type":"BreadcrumbList","@id":"https:\/\/appsaf.apieproject.com\/news\/pt-pt\/2022\/01\/15\/cabo-verde-devera-assumir-presidencia-das-bolsas-na-africa-ocidental\/#breadcrumb","itemListElement":[{"@type":"ListItem","position":1,"name":"Home","item":"https:\/\/appsaf.apieproject.com\/news\/pt-pt\/"},{"@type":"ListItem","position":2,"name":"Cabo Verde dever\u00e1 assumir presid\u00eancia das bolsas na \u00c1frica Ocidental"}]},{"@type":"WebSite","@id":"https:\/\/appsaf.apieproject.com\/news\/#website","url":"https:\/\/appsaf.apieproject.com\/news\/","name":"APIE NEWS","description":"PANAFRICANISM NEWS PORTAL","publisher":{"@id":"https:\/\/appsaf.apieproject.com\/news\/#organization"},"potentialAction":[{"@type":"SearchAction","target":{"@type":"EntryPoint","urlTemplate":"https:\/\/appsaf.apieproject.com\/news\/?s={search_term_string}"},"query-input":{"@type":"PropertyValueSpecification","valueRequired":true,"valueName":"search_term_string"}}],"inLanguage":"pt-PT"},{"@type":"Organization","@id":"https:\/\/appsaf.apieproject.com\/news\/#organization","name":"APIE PROJECT","url":"https:\/\/appsaf.apieproject.com\/news\/","logo":{"@type":"ImageObject","inLanguage":"pt-PT","@id":"https:\/\/appsaf.apieproject.com\/news\/#\/schema\/logo\/image\/","url":"https:\/\/appsaf.apieproject.com\/news\/wp-content\/uploads\/sites\/29\/2022\/07\/logo-R-TransparentBackground.png","contentUrl":"https:\/\/appsaf.apieproject.com\/news\/wp-content\/uploads\/sites\/29\/2022\/07\/logo-R-TransparentBackground.png","width":512,"height":512,"caption":"APIE PROJECT"},"image":{"@id":"https:\/\/appsaf.apieproject.com\/news\/#\/schema\/logo\/image\/"},"sameAs":["https:\/\/facebook.com\/apieproject","https:\/\/x.com\/apieproject"]},{"@type":"Person","@id":"https:\/\/appsaf.apieproject.com\/news\/#\/schema\/person\/ad5502ca15531a327ebd9865992b8492","name":"apieproject","image":{"@type":"ImageObject","inLanguage":"pt-PT","@id":"https:\/\/appsaf.apieproject.com\/news\/#\/schema\/person\/image\/","url":"https:\/\/secure.gravatar.com\/avatar\/8da820f890920c54e6a9a30087a8b9ec?s=96&d=mm&r=g","contentUrl":"https:\/\/secure.gravatar.com\/avatar\/8da820f890920c54e6a9a30087a8b9ec?s=96&d=mm&r=g","caption":"apieproject"},"url":"https:\/\/appsaf.apieproject.com\/news\/pt-pt\/author\/apieproject\/"}]}},"_links":{"self":[{"href":"https:\/\/appsaf.apieproject.com\/news\/pt-pt\/wp-json\/wp\/v2\/posts\/666","targetHints":{"allow":["GET"]}}],"collection":[{"href":"https:\/\/appsaf.apieproject.com\/news\/pt-pt\/wp-json\/wp\/v2\/posts"}],"about":[{"href":"https:\/\/appsaf.apieproject.com\/news\/pt-pt\/wp-json\/wp\/v2\/types\/post"}],"author":[{"embeddable":true,"href":"https:\/\/appsaf.apieproject.com\/news\/pt-pt\/wp-json\/wp\/v2\/users\/1"}],"replies":[{"embeddable":true,"href":"https:\/\/appsaf.apieproject.com\/news\/pt-pt\/wp-json\/wp\/v2\/comments?post=666"}],"version-history":[{"count":1,"href":"https:\/\/appsaf.apieproject.com\/news\/pt-pt\/wp-json\/wp\/v2\/posts\/666\/revisions"}],"predecessor-version":[{"id":670,"href":"https:\/\/appsaf.apieproject.com\/news\/pt-pt\/wp-json\/wp\/v2\/posts\/666\/revisions\/670"}],"wp:featuredmedia":[{"embeddable":true,"href":"https:\/\/appsaf.apieproject.com\/news\/pt-pt\/wp-json\/wp\/v2\/media\/667"}],"wp:attachment":[{"href":"https:\/\/appsaf.apieproject.com\/news\/pt-pt\/wp-json\/wp\/v2\/media?parent=666"}],"wp:term":[{"taxonomy":"category","embeddable":true,"href":"https:\/\/appsaf.apieproject.com\/news\/pt-pt\/wp-json\/wp\/v2\/categories?post=666"},{"taxonomy":"post_tag","embeddable":true,"href":"https:\/\/appsaf.apieproject.com\/news\/pt-pt\/wp-json\/wp\/v2\/tags?post=666"}],"curies":[{"name":"wp","href":"https:\/\/api.w.org\/{rel}","templated":true}]}}