{"id":676,"date":"2022-01-15T07:23:50","date_gmt":"2022-01-15T07:23:50","guid":{"rendered":"https:\/\/appsaf.apieproject.com\/news\/?p=676"},"modified":"2022-01-15T07:23:51","modified_gmt":"2022-01-15T07:23:51","slug":"guitarrista-que-deu-ritmo-especial-a-musica-de-stp-foi-homenageado","status":"publish","type":"post","link":"https:\/\/appsaf.apieproject.com\/news\/pt-pt\/2022\/01\/15\/guitarrista-que-deu-ritmo-especial-a-musica-de-stp-foi-homenageado\/","title":{"rendered":"Guitarrista que deu ritmo especial \u00e0 m\u00fasica de STP foi homenageado"},"content":{"rendered":"\n<p>Leon\u00eddio Barros \u00e9 um dos nomes de S\u00e3o Tom\u00e9 e Pr\u00edncipe que marca o ritmo das m\u00fasicas do arquip\u00e9lago. Um m\u00fasico que come\u00e7ou a despontar-se no ano 1978 atrav\u00e9s do agrupamento musical \u201c \u00c1frica Negra\u201d.<\/p>\n\n\n\n<p>\u00abIniciei no conjunto \u00c1frica Negra, mais concretamente numa festa de S\u00e3o Jo\u00e3o dos Angolares realizada na ro\u00e7a S\u00e3o Jo\u00e3o\u2026.Logo ap\u00f3s algumas semanas, comecei a ganhar muita fama por causa de alguns ritmos escaldantes que fazia alegrar muitos cora\u00e7\u00f5es na altura, principalmente aos militares das for\u00e7as armadas angolanas que estavam destacados em S\u00e3o Tom\u00e9, as FAPLA\u00bb, recordou o m\u00fasico Leonidio Barros.<\/p>\n\n\n\n<p>Segundo o guitarrista os seus ritmos contribu\u00edram para o surgimento em S\u00e3o Tom\u00e9 da dan\u00e7a \u201cCabetula\u201d. Uma dan\u00e7a imposta nos terra\u00e7os da altura pelos militares angolanos (FAPLA). \u00abFoi assim que nos anos 80, o conjunto \u00c1frica Negra tornou-se famoso no estrangeiro ao ponto de recebermos v\u00e1rios convites. Pois, lembro-me de termos ido 9 vezes \u00e0 Angola. Tamb\u00e9m fomos a Portugal no ano 1981, \u00a0Cabo Verde em 1987, e para o Gab\u00e3o em 1992\u00bb,relatou Leon\u00eddio Barros.<\/p>\n","protected":false},"excerpt":{"rendered":"<p>Leon\u00eddio Barros \u00e9 um dos nomes de S\u00e3o Tom\u00e9 e Pr\u00edncipe que marca o ritmo das m\u00fasicas do arquip\u00e9lago. Um m\u00fasico que come\u00e7ou a despontar-se no ano 1978 atrav\u00e9s do agrupamento musical \u201c \u00c1frica Negra\u201d. \u00abIniciei no conjunto \u00c1frica Negra, mais concretamente numa festa de S\u00e3o Jo\u00e3o dos Angolares realizada na ro\u00e7a S\u00e3o Jo\u00e3o\u2026.Logo ap\u00f3s [&hellip;]<\/p>\n","protected":false},"author":1,"featured_media":677,"comment_status":"open","ping_status":"open","sticky":false,"template":"","format":"standard","meta":{"footnotes":""},"categories":[54,56,64],"tags":[104,105,100,107],"class_list":{"0":"post-676","1":"post","2":"type-post","3":"status-publish","4":"format-standard","5":"has-post-thumbnail","7":"category-cultura","8":"category-entretenimento","9":"category-estilo-de-vida","10":"tag-cultura-2","11":"tag-entretenimento","12":"tag-estilo-de-vida","13":"tag-sao-tome-e-principe"},"yoast_head":"<!-- This site is optimized with the Yoast SEO plugin v24.4 - https:\/\/yoast.com\/wordpress\/plugins\/seo\/ -->\n<title>Guitarrista que deu ritmo especial \u00e0 m\u00fasica de STP foi homenageado - APIE NEWS<\/title>\n<meta name=\"robots\" content=\"index, follow, max-snippet:-1, max-image-preview:large, max-video-preview:-1\" \/>\n<link rel=\"canonical\" href=\"https:\/\/appsaf.apieproject.com\/news\/pt-pt\/2022\/01\/15\/guitarrista-que-deu-ritmo-especial-a-musica-de-stp-foi-homenageado\/\" \/>\n<meta property=\"og:locale\" content=\"pt_PT\" \/>\n<meta property=\"og:type\" content=\"article\" \/>\n<meta property=\"og:title\" content=\"Guitarrista que deu ritmo especial \u00e0 m\u00fasica de STP foi homenageado - APIE NEWS\" \/>\n<meta property=\"og:description\" content=\"Leon\u00eddio Barros \u00e9 um dos nomes de S\u00e3o Tom\u00e9 e Pr\u00edncipe que marca o ritmo das m\u00fasicas do arquip\u00e9lago. Um m\u00fasico que come\u00e7ou a despontar-se no ano 1978 atrav\u00e9s do agrupamento musical \u201c \u00c1frica Negra\u201d. \u00abIniciei no conjunto \u00c1frica Negra, mais concretamente numa festa de S\u00e3o Jo\u00e3o dos Angolares realizada na ro\u00e7a S\u00e3o Jo\u00e3o\u2026.Logo ap\u00f3s [&hellip;]\" \/>\n<meta property=\"og:url\" content=\"https:\/\/appsaf.apieproject.com\/news\/pt-pt\/2022\/01\/15\/guitarrista-que-deu-ritmo-especial-a-musica-de-stp-foi-homenageado\/\" \/>\n<meta property=\"og:site_name\" content=\"APIE NEWS\" \/>\n<meta property=\"article:publisher\" content=\"https:\/\/facebook.com\/apieproject\" \/>\n<meta property=\"article:published_time\" content=\"2022-01-15T07:23:50+00:00\" \/>\n<meta property=\"article:modified_time\" content=\"2022-01-15T07:23:51+00:00\" \/>\n<meta property=\"og:image\" content=\"https:\/\/appsaf.apieproject.com\/news\/wp-content\/uploads\/sites\/29\/2022\/01\/guitarrista.jpeg\" \/>\n\t<meta property=\"og:image:width\" content=\"1628\" \/>\n\t<meta property=\"og:image:height\" content=\"1223\" \/>\n\t<meta property=\"og:image:type\" content=\"image\/jpeg\" \/>\n<meta name=\"author\" content=\"apieproject\" \/>\n<meta name=\"twitter:card\" content=\"summary_large_image\" \/>\n<meta name=\"twitter:creator\" content=\"@apieproject\" \/>\n<meta name=\"twitter:site\" content=\"@apieproject\" \/>\n<meta name=\"twitter:label1\" content=\"Escrito por\" \/>\n\t<meta name=\"twitter:data1\" content=\"apieproject\" \/>\n\t<meta name=\"twitter:label2\" content=\"Tempo estimado de leitura\" \/>\n\t<meta name=\"twitter:data2\" content=\"1 minuto\" \/>\n<script type=\"application\/ld+json\" class=\"yoast-schema-graph\">{\"@context\":\"https:\/\/schema.org\",\"@graph\":[{\"@type\":\"Article\",\"@id\":\"https:\/\/appsaf.apieproject.com\/news\/pt-pt\/2022\/01\/15\/guitarrista-que-deu-ritmo-especial-a-musica-de-stp-foi-homenageado\/#article\",\"isPartOf\":{\"@id\":\"https:\/\/appsaf.apieproject.com\/news\/pt-pt\/2022\/01\/15\/guitarrista-que-deu-ritmo-especial-a-musica-de-stp-foi-homenageado\/\"},\"author\":{\"name\":\"apieproject\",\"@id\":\"https:\/\/appsaf.apieproject.com\/news\/#\/schema\/person\/ad5502ca15531a327ebd9865992b8492\"},\"headline\":\"Guitarrista que deu ritmo especial \u00e0 m\u00fasica de STP foi homenageado\",\"datePublished\":\"2022-01-15T07:23:50+00:00\",\"dateModified\":\"2022-01-15T07:23:51+00:00\",\"mainEntityOfPage\":{\"@id\":\"https:\/\/appsaf.apieproject.com\/news\/pt-pt\/2022\/01\/15\/guitarrista-que-deu-ritmo-especial-a-musica-de-stp-foi-homenageado\/\"},\"wordCount\":201,\"commentCount\":0,\"publisher\":{\"@id\":\"https:\/\/appsaf.apieproject.com\/news\/#organization\"},\"image\":{\"@id\":\"https:\/\/appsaf.apieproject.com\/news\/pt-pt\/2022\/01\/15\/guitarrista-que-deu-ritmo-especial-a-musica-de-stp-foi-homenageado\/#primaryimage\"},\"thumbnailUrl\":\"https:\/\/appsaf.apieproject.com\/news\/wp-content\/uploads\/sites\/29\/2022\/01\/guitarrista.jpeg\",\"keywords\":[\"cultura\",\"entretenimento\",\"estilo de vida\",\"S\u00e3o Tom\u00e9 e Principe\"],\"articleSection\":[\"Cultura\",\"Entretenimento\",\"Estilo de Vida\"],\"inLanguage\":\"pt-PT\",\"potentialAction\":[{\"@type\":\"CommentAction\",\"name\":\"Comment\",\"target\":[\"https:\/\/appsaf.apieproject.com\/news\/pt-pt\/2022\/01\/15\/guitarrista-que-deu-ritmo-especial-a-musica-de-stp-foi-homenageado\/#respond\"]}]},{\"@type\":\"WebPage\",\"@id\":\"https:\/\/appsaf.apieproject.com\/news\/pt-pt\/2022\/01\/15\/guitarrista-que-deu-ritmo-especial-a-musica-de-stp-foi-homenageado\/\",\"url\":\"https:\/\/appsaf.apieproject.com\/news\/pt-pt\/2022\/01\/15\/guitarrista-que-deu-ritmo-especial-a-musica-de-stp-foi-homenageado\/\",\"name\":\"Guitarrista que deu ritmo especial \u00e0 m\u00fasica de STP foi homenageado - APIE NEWS\",\"isPartOf\":{\"@id\":\"https:\/\/appsaf.apieproject.com\/news\/#website\"},\"primaryImageOfPage\":{\"@id\":\"https:\/\/appsaf.apieproject.com\/news\/pt-pt\/2022\/01\/15\/guitarrista-que-deu-ritmo-especial-a-musica-de-stp-foi-homenageado\/#primaryimage\"},\"image\":{\"@id\":\"https:\/\/appsaf.apieproject.com\/news\/pt-pt\/2022\/01\/15\/guitarrista-que-deu-ritmo-especial-a-musica-de-stp-foi-homenageado\/#primaryimage\"},\"thumbnailUrl\":\"https:\/\/appsaf.apieproject.com\/news\/wp-content\/uploads\/sites\/29\/2022\/01\/guitarrista.jpeg\",\"datePublished\":\"2022-01-15T07:23:50+00:00\",\"dateModified\":\"2022-01-15T07:23:51+00:00\",\"breadcrumb\":{\"@id\":\"https:\/\/appsaf.apieproject.com\/news\/pt-pt\/2022\/01\/15\/guitarrista-que-deu-ritmo-especial-a-musica-de-stp-foi-homenageado\/#breadcrumb\"},\"inLanguage\":\"pt-PT\",\"potentialAction\":[{\"@type\":\"ReadAction\",\"target\":[\"https:\/\/appsaf.apieproject.com\/news\/pt-pt\/2022\/01\/15\/guitarrista-que-deu-ritmo-especial-a-musica-de-stp-foi-homenageado\/\"]}]},{\"@type\":\"ImageObject\",\"inLanguage\":\"pt-PT\",\"@id\":\"https:\/\/appsaf.apieproject.com\/news\/pt-pt\/2022\/01\/15\/guitarrista-que-deu-ritmo-especial-a-musica-de-stp-foi-homenageado\/#primaryimage\",\"url\":\"https:\/\/appsaf.apieproject.com\/news\/wp-content\/uploads\/sites\/29\/2022\/01\/guitarrista.jpeg\",\"contentUrl\":\"https:\/\/appsaf.apieproject.com\/news\/wp-content\/uploads\/sites\/29\/2022\/01\/guitarrista.jpeg\",\"width\":1628,\"height\":1223},{\"@type\":\"BreadcrumbList\",\"@id\":\"https:\/\/appsaf.apieproject.com\/news\/pt-pt\/2022\/01\/15\/guitarrista-que-deu-ritmo-especial-a-musica-de-stp-foi-homenageado\/#breadcrumb\",\"itemListElement\":[{\"@type\":\"ListItem\",\"position\":1,\"name\":\"Home\",\"item\":\"https:\/\/appsaf.apieproject.com\/news\/pt-pt\/\"},{\"@type\":\"ListItem\",\"position\":2,\"name\":\"Guitarrista que deu ritmo especial \u00e0 m\u00fasica de STP foi homenageado\"}]},{\"@type\":\"WebSite\",\"@id\":\"https:\/\/appsaf.apieproject.com\/news\/#website\",\"url\":\"https:\/\/appsaf.apieproject.com\/news\/\",\"name\":\"APIE NEWS\",\"description\":\"PANAFRICANISM NEWS PORTAL\",\"publisher\":{\"@id\":\"https:\/\/appsaf.apieproject.com\/news\/#organization\"},\"potentialAction\":[{\"@type\":\"SearchAction\",\"target\":{\"@type\":\"EntryPoint\",\"urlTemplate\":\"https:\/\/appsaf.apieproject.com\/news\/?s={search_term_string}\"},\"query-input\":{\"@type\":\"PropertyValueSpecification\",\"valueRequired\":true,\"valueName\":\"search_term_string\"}}],\"inLanguage\":\"pt-PT\"},{\"@type\":\"Organization\",\"@id\":\"https:\/\/appsaf.apieproject.com\/news\/#organization\",\"name\":\"APIE PROJECT\",\"url\":\"https:\/\/appsaf.apieproject.com\/news\/\",\"logo\":{\"@type\":\"ImageObject\",\"inLanguage\":\"pt-PT\",\"@id\":\"https:\/\/appsaf.apieproject.com\/news\/#\/schema\/logo\/image\/\",\"url\":\"https:\/\/appsaf.apieproject.com\/news\/wp-content\/uploads\/sites\/29\/2022\/07\/logo-R-TransparentBackground.png\",\"contentUrl\":\"https:\/\/appsaf.apieproject.com\/news\/wp-content\/uploads\/sites\/29\/2022\/07\/logo-R-TransparentBackground.png\",\"width\":512,\"height\":512,\"caption\":\"APIE PROJECT\"},\"image\":{\"@id\":\"https:\/\/appsaf.apieproject.com\/news\/#\/schema\/logo\/image\/\"},\"sameAs\":[\"https:\/\/facebook.com\/apieproject\",\"https:\/\/x.com\/apieproject\"]},{\"@type\":\"Person\",\"@id\":\"https:\/\/appsaf.apieproject.com\/news\/#\/schema\/person\/ad5502ca15531a327ebd9865992b8492\",\"name\":\"apieproject\",\"image\":{\"@type\":\"ImageObject\",\"inLanguage\":\"pt-PT\",\"@id\":\"https:\/\/appsaf.apieproject.com\/news\/#\/schema\/person\/image\/\",\"url\":\"https:\/\/secure.gravatar.com\/avatar\/8da820f890920c54e6a9a30087a8b9ec?s=96&d=mm&r=g\",\"contentUrl\":\"https:\/\/secure.gravatar.com\/avatar\/8da820f890920c54e6a9a30087a8b9ec?s=96&d=mm&r=g\",\"caption\":\"apieproject\"},\"url\":\"https:\/\/appsaf.apieproject.com\/news\/pt-pt\/author\/apieproject\/\"}]}<\/script>\n<!-- \/ Yoast SEO plugin. -->","yoast_head_json":{"title":"Guitarrista que deu ritmo especial \u00e0 m\u00fasica de STP foi homenageado - APIE NEWS","robots":{"index":"index","follow":"follow","max-snippet":"max-snippet:-1","max-image-preview":"max-image-preview:large","max-video-preview":"max-video-preview:-1"},"canonical":"https:\/\/appsaf.apieproject.com\/news\/pt-pt\/2022\/01\/15\/guitarrista-que-deu-ritmo-especial-a-musica-de-stp-foi-homenageado\/","og_locale":"pt_PT","og_type":"article","og_title":"Guitarrista que deu ritmo especial \u00e0 m\u00fasica de STP foi homenageado - APIE NEWS","og_description":"Leon\u00eddio Barros \u00e9 um dos nomes de S\u00e3o Tom\u00e9 e Pr\u00edncipe que marca o ritmo das m\u00fasicas do arquip\u00e9lago. Um m\u00fasico que come\u00e7ou a despontar-se no ano 1978 atrav\u00e9s do agrupamento musical \u201c \u00c1frica Negra\u201d. \u00abIniciei no conjunto \u00c1frica Negra, mais concretamente numa festa de S\u00e3o Jo\u00e3o dos Angolares realizada na ro\u00e7a S\u00e3o Jo\u00e3o\u2026.Logo ap\u00f3s [&hellip;]","og_url":"https:\/\/appsaf.apieproject.com\/news\/pt-pt\/2022\/01\/15\/guitarrista-que-deu-ritmo-especial-a-musica-de-stp-foi-homenageado\/","og_site_name":"APIE NEWS","article_publisher":"https:\/\/facebook.com\/apieproject","article_published_time":"2022-01-15T07:23:50+00:00","article_modified_time":"2022-01-15T07:23:51+00:00","og_image":[{"width":1628,"height":1223,"url":"https:\/\/appsaf.apieproject.com\/news\/wp-content\/uploads\/sites\/29\/2022\/01\/guitarrista.jpeg","type":"image\/jpeg"}],"author":"apieproject","twitter_card":"summary_large_image","twitter_creator":"@apieproject","twitter_site":"@apieproject","twitter_misc":{"Escrito por":"apieproject","Tempo estimado de leitura":"1 minuto"},"schema":{"@context":"https:\/\/schema.org","@graph":[{"@type":"Article","@id":"https:\/\/appsaf.apieproject.com\/news\/pt-pt\/2022\/01\/15\/guitarrista-que-deu-ritmo-especial-a-musica-de-stp-foi-homenageado\/#article","isPartOf":{"@id":"https:\/\/appsaf.apieproject.com\/news\/pt-pt\/2022\/01\/15\/guitarrista-que-deu-ritmo-especial-a-musica-de-stp-foi-homenageado\/"},"author":{"name":"apieproject","@id":"https:\/\/appsaf.apieproject.com\/news\/#\/schema\/person\/ad5502ca15531a327ebd9865992b8492"},"headline":"Guitarrista que deu ritmo especial \u00e0 m\u00fasica de STP foi homenageado","datePublished":"2022-01-15T07:23:50+00:00","dateModified":"2022-01-15T07:23:51+00:00","mainEntityOfPage":{"@id":"https:\/\/appsaf.apieproject.com\/news\/pt-pt\/2022\/01\/15\/guitarrista-que-deu-ritmo-especial-a-musica-de-stp-foi-homenageado\/"},"wordCount":201,"commentCount":0,"publisher":{"@id":"https:\/\/appsaf.apieproject.com\/news\/#organization"},"image":{"@id":"https:\/\/appsaf.apieproject.com\/news\/pt-pt\/2022\/01\/15\/guitarrista-que-deu-ritmo-especial-a-musica-de-stp-foi-homenageado\/#primaryimage"},"thumbnailUrl":"https:\/\/appsaf.apieproject.com\/news\/wp-content\/uploads\/sites\/29\/2022\/01\/guitarrista.jpeg","keywords":["cultura","entretenimento","estilo de vida","S\u00e3o Tom\u00e9 e Principe"],"articleSection":["Cultura","Entretenimento","Estilo de Vida"],"inLanguage":"pt-PT","potentialAction":[{"@type":"CommentAction","name":"Comment","target":["https:\/\/appsaf.apieproject.com\/news\/pt-pt\/2022\/01\/15\/guitarrista-que-deu-ritmo-especial-a-musica-de-stp-foi-homenageado\/#respond"]}]},{"@type":"WebPage","@id":"https:\/\/appsaf.apieproject.com\/news\/pt-pt\/2022\/01\/15\/guitarrista-que-deu-ritmo-especial-a-musica-de-stp-foi-homenageado\/","url":"https:\/\/appsaf.apieproject.com\/news\/pt-pt\/2022\/01\/15\/guitarrista-que-deu-ritmo-especial-a-musica-de-stp-foi-homenageado\/","name":"Guitarrista que deu ritmo especial \u00e0 m\u00fasica de STP foi homenageado - APIE NEWS","isPartOf":{"@id":"https:\/\/appsaf.apieproject.com\/news\/#website"},"primaryImageOfPage":{"@id":"https:\/\/appsaf.apieproject.com\/news\/pt-pt\/2022\/01\/15\/guitarrista-que-deu-ritmo-especial-a-musica-de-stp-foi-homenageado\/#primaryimage"},"image":{"@id":"https:\/\/appsaf.apieproject.com\/news\/pt-pt\/2022\/01\/15\/guitarrista-que-deu-ritmo-especial-a-musica-de-stp-foi-homenageado\/#primaryimage"},"thumbnailUrl":"https:\/\/appsaf.apieproject.com\/news\/wp-content\/uploads\/sites\/29\/2022\/01\/guitarrista.jpeg","datePublished":"2022-01-15T07:23:50+00:00","dateModified":"2022-01-15T07:23:51+00:00","breadcrumb":{"@id":"https:\/\/appsaf.apieproject.com\/news\/pt-pt\/2022\/01\/15\/guitarrista-que-deu-ritmo-especial-a-musica-de-stp-foi-homenageado\/#breadcrumb"},"inLanguage":"pt-PT","potentialAction":[{"@type":"ReadAction","target":["https:\/\/appsaf.apieproject.com\/news\/pt-pt\/2022\/01\/15\/guitarrista-que-deu-ritmo-especial-a-musica-de-stp-foi-homenageado\/"]}]},{"@type":"ImageObject","inLanguage":"pt-PT","@id":"https:\/\/appsaf.apieproject.com\/news\/pt-pt\/2022\/01\/15\/guitarrista-que-deu-ritmo-especial-a-musica-de-stp-foi-homenageado\/#primaryimage","url":"https:\/\/appsaf.apieproject.com\/news\/wp-content\/uploads\/sites\/29\/2022\/01\/guitarrista.jpeg","contentUrl":"https:\/\/appsaf.apieproject.com\/news\/wp-content\/uploads\/sites\/29\/2022\/01\/guitarrista.jpeg","width":1628,"height":1223},{"@type":"BreadcrumbList","@id":"https:\/\/appsaf.apieproject.com\/news\/pt-pt\/2022\/01\/15\/guitarrista-que-deu-ritmo-especial-a-musica-de-stp-foi-homenageado\/#breadcrumb","itemListElement":[{"@type":"ListItem","position":1,"name":"Home","item":"https:\/\/appsaf.apieproject.com\/news\/pt-pt\/"},{"@type":"ListItem","position":2,"name":"Guitarrista que deu ritmo especial \u00e0 m\u00fasica de STP foi homenageado"}]},{"@type":"WebSite","@id":"https:\/\/appsaf.apieproject.com\/news\/#website","url":"https:\/\/appsaf.apieproject.com\/news\/","name":"APIE NEWS","description":"PANAFRICANISM NEWS PORTAL","publisher":{"@id":"https:\/\/appsaf.apieproject.com\/news\/#organization"},"potentialAction":[{"@type":"SearchAction","target":{"@type":"EntryPoint","urlTemplate":"https:\/\/appsaf.apieproject.com\/news\/?s={search_term_string}"},"query-input":{"@type":"PropertyValueSpecification","valueRequired":true,"valueName":"search_term_string"}}],"inLanguage":"pt-PT"},{"@type":"Organization","@id":"https:\/\/appsaf.apieproject.com\/news\/#organization","name":"APIE PROJECT","url":"https:\/\/appsaf.apieproject.com\/news\/","logo":{"@type":"ImageObject","inLanguage":"pt-PT","@id":"https:\/\/appsaf.apieproject.com\/news\/#\/schema\/logo\/image\/","url":"https:\/\/appsaf.apieproject.com\/news\/wp-content\/uploads\/sites\/29\/2022\/07\/logo-R-TransparentBackground.png","contentUrl":"https:\/\/appsaf.apieproject.com\/news\/wp-content\/uploads\/sites\/29\/2022\/07\/logo-R-TransparentBackground.png","width":512,"height":512,"caption":"APIE PROJECT"},"image":{"@id":"https:\/\/appsaf.apieproject.com\/news\/#\/schema\/logo\/image\/"},"sameAs":["https:\/\/facebook.com\/apieproject","https:\/\/x.com\/apieproject"]},{"@type":"Person","@id":"https:\/\/appsaf.apieproject.com\/news\/#\/schema\/person\/ad5502ca15531a327ebd9865992b8492","name":"apieproject","image":{"@type":"ImageObject","inLanguage":"pt-PT","@id":"https:\/\/appsaf.apieproject.com\/news\/#\/schema\/person\/image\/","url":"https:\/\/secure.gravatar.com\/avatar\/8da820f890920c54e6a9a30087a8b9ec?s=96&d=mm&r=g","contentUrl":"https:\/\/secure.gravatar.com\/avatar\/8da820f890920c54e6a9a30087a8b9ec?s=96&d=mm&r=g","caption":"apieproject"},"url":"https:\/\/appsaf.apieproject.com\/news\/pt-pt\/author\/apieproject\/"}]}},"_links":{"self":[{"href":"https:\/\/appsaf.apieproject.com\/news\/pt-pt\/wp-json\/wp\/v2\/posts\/676","targetHints":{"allow":["GET"]}}],"collection":[{"href":"https:\/\/appsaf.apieproject.com\/news\/pt-pt\/wp-json\/wp\/v2\/posts"}],"about":[{"href":"https:\/\/appsaf.apieproject.com\/news\/pt-pt\/wp-json\/wp\/v2\/types\/post"}],"author":[{"embeddable":true,"href":"https:\/\/appsaf.apieproject.com\/news\/pt-pt\/wp-json\/wp\/v2\/users\/1"}],"replies":[{"embeddable":true,"href":"https:\/\/appsaf.apieproject.com\/news\/pt-pt\/wp-json\/wp\/v2\/comments?post=676"}],"version-history":[{"count":1,"href":"https:\/\/appsaf.apieproject.com\/news\/pt-pt\/wp-json\/wp\/v2\/posts\/676\/revisions"}],"predecessor-version":[{"id":680,"href":"https:\/\/appsaf.apieproject.com\/news\/pt-pt\/wp-json\/wp\/v2\/posts\/676\/revisions\/680"}],"wp:featuredmedia":[{"embeddable":true,"href":"https:\/\/appsaf.apieproject.com\/news\/pt-pt\/wp-json\/wp\/v2\/media\/677"}],"wp:attachment":[{"href":"https:\/\/appsaf.apieproject.com\/news\/pt-pt\/wp-json\/wp\/v2\/media?parent=676"}],"wp:term":[{"taxonomy":"category","embeddable":true,"href":"https:\/\/appsaf.apieproject.com\/news\/pt-pt\/wp-json\/wp\/v2\/categories?post=676"},{"taxonomy":"post_tag","embeddable":true,"href":"https:\/\/appsaf.apieproject.com\/news\/pt-pt\/wp-json\/wp\/v2\/tags?post=676"}],"curies":[{"name":"wp","href":"https:\/\/api.w.org\/{rel}","templated":true}]}}