{"id":797,"date":"2022-01-16T03:46:31","date_gmt":"2022-01-16T03:46:31","guid":{"rendered":"https:\/\/appsaf.apieproject.com\/news\/?p=797"},"modified":"2022-01-16T03:46:33","modified_gmt":"2022-01-16T03:46:33","slug":"el-comite-ejecutivo-de-la-caf-aprueba-un-aumento-de-premios-de-la-copa-africana-de-naciones","status":"publish","type":"post","link":"https:\/\/appsaf.apieproject.com\/news\/pt-pt\/2022\/01\/16\/el-comite-ejecutivo-de-la-caf-aprueba-un-aumento-de-premios-de-la-copa-africana-de-naciones\/","title":{"rendered":"El Comit\u00e9 Ejecutivo de la CAF aprueba un aumento de premios de la Copa Africana de Naciones"},"content":{"rendered":"\n<p>El Comit\u00e9 Ejecutivo de la Confederaci\u00f3n Africana de Futbol (CAF) ha decidido incrementar el premio en met\u00e1lico de la Copa Africana de Naciones de TotalEnergies Camer\u00fan 2021.<\/p>\n\n\n\n<p>La decisi\u00f3n fue tomada en la reuni\u00f3n del Comit\u00e9 Ejecutivo presidida por el Presidente, Dr. Patrice Motsepe en Douala, Camer\u00fan.<\/p>\n\n\n\n<p>El aumento est\u00e1 en l\u00ednea con el compromiso de CAF de recompensar el desempe\u00f1o por m\u00e9rito y mejorar el estado de la Copa Africana de Naciones de TotalEnergies, y entrar\u00e1 en vigencia en la pr\u00f3xima edici\u00f3n que comenzar\u00e1 en el Estadio Olembe, Yaund\u00e9, el 9 de enero de 2022.<\/p>\n\n\n\n<p>El nuevo premio de la Copa Africana de Naciones de TotalEnergies:<\/p>\n\n\n\n<ul class=\"wp-block-list\"><li>\u00b7 Ganador: USD 5 millones (un aumento de USD 500 000)<\/li><li>\u00b7 Subcampe\u00f3n: USD 2,75 millones (un aumento de USD 250 000)<\/li><li>\u00b7 Semifinalistas: USD 2,2 millones (un aumento de USD 200 000)<\/li><li>\u00b7 Cuartofinalistas: USD 1.175 millones (un aumento de USD 175 000)<\/li><\/ul>\n\n\n\n<p>Esto representa un aumento total en el premio en met\u00e1lico de la Copa Africana de Naciones de TotalEnergies de USD 1.850 millones.<\/p>\n","protected":false},"excerpt":{"rendered":"<p>El Comit\u00e9 Ejecutivo de la Confederaci\u00f3n Africana de Futbol (CAF) ha decidido incrementar el premio en met\u00e1lico de la Copa Africana de Naciones de TotalEnergies Camer\u00fan 2021. La decisi\u00f3n fue tomada en la reuni\u00f3n del Comit\u00e9 Ejecutivo presidida por el Presidente, Dr. Patrice Motsepe en Douala, Camer\u00fan. El aumento est\u00e1 en l\u00ednea con el compromiso [&hellip;]<\/p>\n","protected":false},"author":1,"featured_media":798,"comment_status":"open","ping_status":"open","sticky":false,"template":"","format":"standard","meta":{"footnotes":""},"categories":[56,72,68],"tags":[114,104,109,105,97],"class_list":{"0":"post-797","1":"post","2":"type-post","3":"status-publish","4":"format-standard","5":"has-post-thumbnail","7":"category-entretenimento","8":"category-esportes","9":"category-noticias","10":"tag-apie-project-3","11":"tag-cultura-2","12":"tag-desportes","13":"tag-entretenimento","14":"tag-noticias"},"yoast_head":"<!-- This site is optimized with the Yoast SEO plugin v24.4 - https:\/\/yoast.com\/wordpress\/plugins\/seo\/ -->\n<title>El Comit\u00e9 Ejecutivo de la CAF aprueba un aumento de premios de la Copa Africana de Naciones - APIE NEWS<\/title>\n<meta name=\"robots\" content=\"index, follow, max-snippet:-1, max-image-preview:large, max-video-preview:-1\" \/>\n<link rel=\"canonical\" href=\"https:\/\/appsaf.apieproject.com\/news\/pt-pt\/2022\/01\/16\/el-comite-ejecutivo-de-la-caf-aprueba-un-aumento-de-premios-de-la-copa-africana-de-naciones\/\" \/>\n<meta property=\"og:locale\" content=\"pt_PT\" \/>\n<meta property=\"og:type\" content=\"article\" \/>\n<meta property=\"og:title\" content=\"El Comit\u00e9 Ejecutivo de la CAF aprueba un aumento de premios de la Copa Africana de Naciones - APIE NEWS\" \/>\n<meta property=\"og:description\" content=\"El Comit\u00e9 Ejecutivo de la Confederaci\u00f3n Africana de Futbol (CAF) ha decidido incrementar el premio en met\u00e1lico de la Copa Africana de Naciones de TotalEnergies Camer\u00fan 2021. La decisi\u00f3n fue tomada en la reuni\u00f3n del Comit\u00e9 Ejecutivo presidida por el Presidente, Dr. Patrice Motsepe en Douala, Camer\u00fan. El aumento est\u00e1 en l\u00ednea con el compromiso [&hellip;]\" \/>\n<meta property=\"og:url\" content=\"https:\/\/appsaf.apieproject.com\/news\/pt-pt\/2022\/01\/16\/el-comite-ejecutivo-de-la-caf-aprueba-un-aumento-de-premios-de-la-copa-africana-de-naciones\/\" \/>\n<meta property=\"og:site_name\" content=\"APIE NEWS\" \/>\n<meta property=\"article:publisher\" content=\"https:\/\/facebook.com\/apieproject\" \/>\n<meta property=\"article:published_time\" content=\"2022-01-16T03:46:31+00:00\" \/>\n<meta property=\"article:modified_time\" content=\"2022-01-16T03:46:33+00:00\" \/>\n<meta property=\"og:image\" content=\"https:\/\/appsaf.apieproject.com\/news\/wp-content\/uploads\/sites\/29\/2022\/01\/CAF.png\" \/>\n\t<meta property=\"og:image:width\" content=\"696\" \/>\n\t<meta property=\"og:image:height\" content=\"392\" \/>\n\t<meta property=\"og:image:type\" content=\"image\/png\" \/>\n<meta name=\"author\" content=\"apieproject\" \/>\n<meta name=\"twitter:card\" content=\"summary_large_image\" \/>\n<meta name=\"twitter:creator\" content=\"@apieproject\" \/>\n<meta name=\"twitter:site\" content=\"@apieproject\" \/>\n<meta name=\"twitter:label1\" content=\"Escrito por\" \/>\n\t<meta name=\"twitter:data1\" content=\"apieproject\" \/>\n\t<meta name=\"twitter:label2\" content=\"Tempo estimado de leitura\" \/>\n\t<meta name=\"twitter:data2\" content=\"1 minuto\" \/>\n<script type=\"application\/ld+json\" class=\"yoast-schema-graph\">{\"@context\":\"https:\/\/schema.org\",\"@graph\":[{\"@type\":\"Article\",\"@id\":\"https:\/\/appsaf.apieproject.com\/news\/pt-pt\/2022\/01\/16\/el-comite-ejecutivo-de-la-caf-aprueba-un-aumento-de-premios-de-la-copa-africana-de-naciones\/#article\",\"isPartOf\":{\"@id\":\"https:\/\/appsaf.apieproject.com\/news\/pt-pt\/2022\/01\/16\/el-comite-ejecutivo-de-la-caf-aprueba-un-aumento-de-premios-de-la-copa-africana-de-naciones\/\"},\"author\":{\"name\":\"apieproject\",\"@id\":\"https:\/\/appsaf.apieproject.com\/news\/#\/schema\/person\/ad5502ca15531a327ebd9865992b8492\"},\"headline\":\"El Comit\u00e9 Ejecutivo de la CAF aprueba un aumento de premios de la Copa Africana de Naciones\",\"datePublished\":\"2022-01-16T03:46:31+00:00\",\"dateModified\":\"2022-01-16T03:46:33+00:00\",\"mainEntityOfPage\":{\"@id\":\"https:\/\/appsaf.apieproject.com\/news\/pt-pt\/2022\/01\/16\/el-comite-ejecutivo-de-la-caf-aprueba-un-aumento-de-premios-de-la-copa-africana-de-naciones\/\"},\"wordCount\":183,\"commentCount\":0,\"publisher\":{\"@id\":\"https:\/\/appsaf.apieproject.com\/news\/#organization\"},\"image\":{\"@id\":\"https:\/\/appsaf.apieproject.com\/news\/pt-pt\/2022\/01\/16\/el-comite-ejecutivo-de-la-caf-aprueba-un-aumento-de-premios-de-la-copa-africana-de-naciones\/#primaryimage\"},\"thumbnailUrl\":\"https:\/\/appsaf.apieproject.com\/news\/wp-content\/uploads\/sites\/29\/2022\/01\/CAF.png\",\"keywords\":[\"apie project\",\"cultura\",\"desportes\",\"entretenimento\",\"noticias\"],\"articleSection\":[\"Entretenimento\",\"Esportes\",\"Not\u00edcias\"],\"inLanguage\":\"pt-PT\",\"potentialAction\":[{\"@type\":\"CommentAction\",\"name\":\"Comment\",\"target\":[\"https:\/\/appsaf.apieproject.com\/news\/pt-pt\/2022\/01\/16\/el-comite-ejecutivo-de-la-caf-aprueba-un-aumento-de-premios-de-la-copa-africana-de-naciones\/#respond\"]}]},{\"@type\":\"WebPage\",\"@id\":\"https:\/\/appsaf.apieproject.com\/news\/pt-pt\/2022\/01\/16\/el-comite-ejecutivo-de-la-caf-aprueba-un-aumento-de-premios-de-la-copa-africana-de-naciones\/\",\"url\":\"https:\/\/appsaf.apieproject.com\/news\/pt-pt\/2022\/01\/16\/el-comite-ejecutivo-de-la-caf-aprueba-un-aumento-de-premios-de-la-copa-africana-de-naciones\/\",\"name\":\"El Comit\u00e9 Ejecutivo de la CAF aprueba un aumento de premios de la Copa Africana de Naciones - APIE NEWS\",\"isPartOf\":{\"@id\":\"https:\/\/appsaf.apieproject.com\/news\/#website\"},\"primaryImageOfPage\":{\"@id\":\"https:\/\/appsaf.apieproject.com\/news\/pt-pt\/2022\/01\/16\/el-comite-ejecutivo-de-la-caf-aprueba-un-aumento-de-premios-de-la-copa-africana-de-naciones\/#primaryimage\"},\"image\":{\"@id\":\"https:\/\/appsaf.apieproject.com\/news\/pt-pt\/2022\/01\/16\/el-comite-ejecutivo-de-la-caf-aprueba-un-aumento-de-premios-de-la-copa-africana-de-naciones\/#primaryimage\"},\"thumbnailUrl\":\"https:\/\/appsaf.apieproject.com\/news\/wp-content\/uploads\/sites\/29\/2022\/01\/CAF.png\",\"datePublished\":\"2022-01-16T03:46:31+00:00\",\"dateModified\":\"2022-01-16T03:46:33+00:00\",\"breadcrumb\":{\"@id\":\"https:\/\/appsaf.apieproject.com\/news\/pt-pt\/2022\/01\/16\/el-comite-ejecutivo-de-la-caf-aprueba-un-aumento-de-premios-de-la-copa-africana-de-naciones\/#breadcrumb\"},\"inLanguage\":\"pt-PT\",\"potentialAction\":[{\"@type\":\"ReadAction\",\"target\":[\"https:\/\/appsaf.apieproject.com\/news\/pt-pt\/2022\/01\/16\/el-comite-ejecutivo-de-la-caf-aprueba-un-aumento-de-premios-de-la-copa-africana-de-naciones\/\"]}]},{\"@type\":\"ImageObject\",\"inLanguage\":\"pt-PT\",\"@id\":\"https:\/\/appsaf.apieproject.com\/news\/pt-pt\/2022\/01\/16\/el-comite-ejecutivo-de-la-caf-aprueba-un-aumento-de-premios-de-la-copa-africana-de-naciones\/#primaryimage\",\"url\":\"https:\/\/appsaf.apieproject.com\/news\/wp-content\/uploads\/sites\/29\/2022\/01\/CAF.png\",\"contentUrl\":\"https:\/\/appsaf.apieproject.com\/news\/wp-content\/uploads\/sites\/29\/2022\/01\/CAF.png\",\"width\":696,\"height\":392},{\"@type\":\"BreadcrumbList\",\"@id\":\"https:\/\/appsaf.apieproject.com\/news\/pt-pt\/2022\/01\/16\/el-comite-ejecutivo-de-la-caf-aprueba-un-aumento-de-premios-de-la-copa-africana-de-naciones\/#breadcrumb\",\"itemListElement\":[{\"@type\":\"ListItem\",\"position\":1,\"name\":\"Home\",\"item\":\"https:\/\/appsaf.apieproject.com\/news\/pt-pt\/\"},{\"@type\":\"ListItem\",\"position\":2,\"name\":\"El Comit\u00e9 Ejecutivo de la CAF aprueba un aumento de premios de la Copa Africana de Naciones\"}]},{\"@type\":\"WebSite\",\"@id\":\"https:\/\/appsaf.apieproject.com\/news\/#website\",\"url\":\"https:\/\/appsaf.apieproject.com\/news\/\",\"name\":\"APIE NEWS\",\"description\":\"PANAFRICANISM NEWS PORTAL\",\"publisher\":{\"@id\":\"https:\/\/appsaf.apieproject.com\/news\/#organization\"},\"potentialAction\":[{\"@type\":\"SearchAction\",\"target\":{\"@type\":\"EntryPoint\",\"urlTemplate\":\"https:\/\/appsaf.apieproject.com\/news\/?s={search_term_string}\"},\"query-input\":{\"@type\":\"PropertyValueSpecification\",\"valueRequired\":true,\"valueName\":\"search_term_string\"}}],\"inLanguage\":\"pt-PT\"},{\"@type\":\"Organization\",\"@id\":\"https:\/\/appsaf.apieproject.com\/news\/#organization\",\"name\":\"APIE PROJECT\",\"url\":\"https:\/\/appsaf.apieproject.com\/news\/\",\"logo\":{\"@type\":\"ImageObject\",\"inLanguage\":\"pt-PT\",\"@id\":\"https:\/\/appsaf.apieproject.com\/news\/#\/schema\/logo\/image\/\",\"url\":\"https:\/\/appsaf.apieproject.com\/news\/wp-content\/uploads\/sites\/29\/2022\/07\/logo-R-TransparentBackground.png\",\"contentUrl\":\"https:\/\/appsaf.apieproject.com\/news\/wp-content\/uploads\/sites\/29\/2022\/07\/logo-R-TransparentBackground.png\",\"width\":512,\"height\":512,\"caption\":\"APIE PROJECT\"},\"image\":{\"@id\":\"https:\/\/appsaf.apieproject.com\/news\/#\/schema\/logo\/image\/\"},\"sameAs\":[\"https:\/\/facebook.com\/apieproject\",\"https:\/\/x.com\/apieproject\"]},{\"@type\":\"Person\",\"@id\":\"https:\/\/appsaf.apieproject.com\/news\/#\/schema\/person\/ad5502ca15531a327ebd9865992b8492\",\"name\":\"apieproject\",\"image\":{\"@type\":\"ImageObject\",\"inLanguage\":\"pt-PT\",\"@id\":\"https:\/\/appsaf.apieproject.com\/news\/#\/schema\/person\/image\/\",\"url\":\"https:\/\/secure.gravatar.com\/avatar\/8da820f890920c54e6a9a30087a8b9ec?s=96&d=mm&r=g\",\"contentUrl\":\"https:\/\/secure.gravatar.com\/avatar\/8da820f890920c54e6a9a30087a8b9ec?s=96&d=mm&r=g\",\"caption\":\"apieproject\"},\"url\":\"https:\/\/appsaf.apieproject.com\/news\/pt-pt\/author\/apieproject\/\"}]}<\/script>\n<!-- \/ Yoast SEO plugin. -->","yoast_head_json":{"title":"El Comit\u00e9 Ejecutivo de la CAF aprueba un aumento de premios de la Copa Africana de Naciones - APIE NEWS","robots":{"index":"index","follow":"follow","max-snippet":"max-snippet:-1","max-image-preview":"max-image-preview:large","max-video-preview":"max-video-preview:-1"},"canonical":"https:\/\/appsaf.apieproject.com\/news\/pt-pt\/2022\/01\/16\/el-comite-ejecutivo-de-la-caf-aprueba-un-aumento-de-premios-de-la-copa-africana-de-naciones\/","og_locale":"pt_PT","og_type":"article","og_title":"El Comit\u00e9 Ejecutivo de la CAF aprueba un aumento de premios de la Copa Africana de Naciones - APIE NEWS","og_description":"El Comit\u00e9 Ejecutivo de la Confederaci\u00f3n Africana de Futbol (CAF) ha decidido incrementar el premio en met\u00e1lico de la Copa Africana de Naciones de TotalEnergies Camer\u00fan 2021. La decisi\u00f3n fue tomada en la reuni\u00f3n del Comit\u00e9 Ejecutivo presidida por el Presidente, Dr. Patrice Motsepe en Douala, Camer\u00fan. El aumento est\u00e1 en l\u00ednea con el compromiso [&hellip;]","og_url":"https:\/\/appsaf.apieproject.com\/news\/pt-pt\/2022\/01\/16\/el-comite-ejecutivo-de-la-caf-aprueba-un-aumento-de-premios-de-la-copa-africana-de-naciones\/","og_site_name":"APIE NEWS","article_publisher":"https:\/\/facebook.com\/apieproject","article_published_time":"2022-01-16T03:46:31+00:00","article_modified_time":"2022-01-16T03:46:33+00:00","og_image":[{"width":696,"height":392,"url":"https:\/\/appsaf.apieproject.com\/news\/wp-content\/uploads\/sites\/29\/2022\/01\/CAF.png","type":"image\/png"}],"author":"apieproject","twitter_card":"summary_large_image","twitter_creator":"@apieproject","twitter_site":"@apieproject","twitter_misc":{"Escrito por":"apieproject","Tempo estimado de leitura":"1 minuto"},"schema":{"@context":"https:\/\/schema.org","@graph":[{"@type":"Article","@id":"https:\/\/appsaf.apieproject.com\/news\/pt-pt\/2022\/01\/16\/el-comite-ejecutivo-de-la-caf-aprueba-un-aumento-de-premios-de-la-copa-africana-de-naciones\/#article","isPartOf":{"@id":"https:\/\/appsaf.apieproject.com\/news\/pt-pt\/2022\/01\/16\/el-comite-ejecutivo-de-la-caf-aprueba-un-aumento-de-premios-de-la-copa-africana-de-naciones\/"},"author":{"name":"apieproject","@id":"https:\/\/appsaf.apieproject.com\/news\/#\/schema\/person\/ad5502ca15531a327ebd9865992b8492"},"headline":"El Comit\u00e9 Ejecutivo de la CAF aprueba un aumento de premios de la Copa Africana de Naciones","datePublished":"2022-01-16T03:46:31+00:00","dateModified":"2022-01-16T03:46:33+00:00","mainEntityOfPage":{"@id":"https:\/\/appsaf.apieproject.com\/news\/pt-pt\/2022\/01\/16\/el-comite-ejecutivo-de-la-caf-aprueba-un-aumento-de-premios-de-la-copa-africana-de-naciones\/"},"wordCount":183,"commentCount":0,"publisher":{"@id":"https:\/\/appsaf.apieproject.com\/news\/#organization"},"image":{"@id":"https:\/\/appsaf.apieproject.com\/news\/pt-pt\/2022\/01\/16\/el-comite-ejecutivo-de-la-caf-aprueba-un-aumento-de-premios-de-la-copa-africana-de-naciones\/#primaryimage"},"thumbnailUrl":"https:\/\/appsaf.apieproject.com\/news\/wp-content\/uploads\/sites\/29\/2022\/01\/CAF.png","keywords":["apie project","cultura","desportes","entretenimento","noticias"],"articleSection":["Entretenimento","Esportes","Not\u00edcias"],"inLanguage":"pt-PT","potentialAction":[{"@type":"CommentAction","name":"Comment","target":["https:\/\/appsaf.apieproject.com\/news\/pt-pt\/2022\/01\/16\/el-comite-ejecutivo-de-la-caf-aprueba-un-aumento-de-premios-de-la-copa-africana-de-naciones\/#respond"]}]},{"@type":"WebPage","@id":"https:\/\/appsaf.apieproject.com\/news\/pt-pt\/2022\/01\/16\/el-comite-ejecutivo-de-la-caf-aprueba-un-aumento-de-premios-de-la-copa-africana-de-naciones\/","url":"https:\/\/appsaf.apieproject.com\/news\/pt-pt\/2022\/01\/16\/el-comite-ejecutivo-de-la-caf-aprueba-un-aumento-de-premios-de-la-copa-africana-de-naciones\/","name":"El Comit\u00e9 Ejecutivo de la CAF aprueba un aumento de premios de la Copa Africana de Naciones - APIE NEWS","isPartOf":{"@id":"https:\/\/appsaf.apieproject.com\/news\/#website"},"primaryImageOfPage":{"@id":"https:\/\/appsaf.apieproject.com\/news\/pt-pt\/2022\/01\/16\/el-comite-ejecutivo-de-la-caf-aprueba-un-aumento-de-premios-de-la-copa-africana-de-naciones\/#primaryimage"},"image":{"@id":"https:\/\/appsaf.apieproject.com\/news\/pt-pt\/2022\/01\/16\/el-comite-ejecutivo-de-la-caf-aprueba-un-aumento-de-premios-de-la-copa-africana-de-naciones\/#primaryimage"},"thumbnailUrl":"https:\/\/appsaf.apieproject.com\/news\/wp-content\/uploads\/sites\/29\/2022\/01\/CAF.png","datePublished":"2022-01-16T03:46:31+00:00","dateModified":"2022-01-16T03:46:33+00:00","breadcrumb":{"@id":"https:\/\/appsaf.apieproject.com\/news\/pt-pt\/2022\/01\/16\/el-comite-ejecutivo-de-la-caf-aprueba-un-aumento-de-premios-de-la-copa-africana-de-naciones\/#breadcrumb"},"inLanguage":"pt-PT","potentialAction":[{"@type":"ReadAction","target":["https:\/\/appsaf.apieproject.com\/news\/pt-pt\/2022\/01\/16\/el-comite-ejecutivo-de-la-caf-aprueba-un-aumento-de-premios-de-la-copa-africana-de-naciones\/"]}]},{"@type":"ImageObject","inLanguage":"pt-PT","@id":"https:\/\/appsaf.apieproject.com\/news\/pt-pt\/2022\/01\/16\/el-comite-ejecutivo-de-la-caf-aprueba-un-aumento-de-premios-de-la-copa-africana-de-naciones\/#primaryimage","url":"https:\/\/appsaf.apieproject.com\/news\/wp-content\/uploads\/sites\/29\/2022\/01\/CAF.png","contentUrl":"https:\/\/appsaf.apieproject.com\/news\/wp-content\/uploads\/sites\/29\/2022\/01\/CAF.png","width":696,"height":392},{"@type":"BreadcrumbList","@id":"https:\/\/appsaf.apieproject.com\/news\/pt-pt\/2022\/01\/16\/el-comite-ejecutivo-de-la-caf-aprueba-un-aumento-de-premios-de-la-copa-africana-de-naciones\/#breadcrumb","itemListElement":[{"@type":"ListItem","position":1,"name":"Home","item":"https:\/\/appsaf.apieproject.com\/news\/pt-pt\/"},{"@type":"ListItem","position":2,"name":"El Comit\u00e9 Ejecutivo de la CAF aprueba un aumento de premios de la Copa Africana de Naciones"}]},{"@type":"WebSite","@id":"https:\/\/appsaf.apieproject.com\/news\/#website","url":"https:\/\/appsaf.apieproject.com\/news\/","name":"APIE NEWS","description":"PANAFRICANISM NEWS PORTAL","publisher":{"@id":"https:\/\/appsaf.apieproject.com\/news\/#organization"},"potentialAction":[{"@type":"SearchAction","target":{"@type":"EntryPoint","urlTemplate":"https:\/\/appsaf.apieproject.com\/news\/?s={search_term_string}"},"query-input":{"@type":"PropertyValueSpecification","valueRequired":true,"valueName":"search_term_string"}}],"inLanguage":"pt-PT"},{"@type":"Organization","@id":"https:\/\/appsaf.apieproject.com\/news\/#organization","name":"APIE PROJECT","url":"https:\/\/appsaf.apieproject.com\/news\/","logo":{"@type":"ImageObject","inLanguage":"pt-PT","@id":"https:\/\/appsaf.apieproject.com\/news\/#\/schema\/logo\/image\/","url":"https:\/\/appsaf.apieproject.com\/news\/wp-content\/uploads\/sites\/29\/2022\/07\/logo-R-TransparentBackground.png","contentUrl":"https:\/\/appsaf.apieproject.com\/news\/wp-content\/uploads\/sites\/29\/2022\/07\/logo-R-TransparentBackground.png","width":512,"height":512,"caption":"APIE PROJECT"},"image":{"@id":"https:\/\/appsaf.apieproject.com\/news\/#\/schema\/logo\/image\/"},"sameAs":["https:\/\/facebook.com\/apieproject","https:\/\/x.com\/apieproject"]},{"@type":"Person","@id":"https:\/\/appsaf.apieproject.com\/news\/#\/schema\/person\/ad5502ca15531a327ebd9865992b8492","name":"apieproject","image":{"@type":"ImageObject","inLanguage":"pt-PT","@id":"https:\/\/appsaf.apieproject.com\/news\/#\/schema\/person\/image\/","url":"https:\/\/secure.gravatar.com\/avatar\/8da820f890920c54e6a9a30087a8b9ec?s=96&d=mm&r=g","contentUrl":"https:\/\/secure.gravatar.com\/avatar\/8da820f890920c54e6a9a30087a8b9ec?s=96&d=mm&r=g","caption":"apieproject"},"url":"https:\/\/appsaf.apieproject.com\/news\/pt-pt\/author\/apieproject\/"}]}},"_links":{"self":[{"href":"https:\/\/appsaf.apieproject.com\/news\/pt-pt\/wp-json\/wp\/v2\/posts\/797","targetHints":{"allow":["GET"]}}],"collection":[{"href":"https:\/\/appsaf.apieproject.com\/news\/pt-pt\/wp-json\/wp\/v2\/posts"}],"about":[{"href":"https:\/\/appsaf.apieproject.com\/news\/pt-pt\/wp-json\/wp\/v2\/types\/post"}],"author":[{"embeddable":true,"href":"https:\/\/appsaf.apieproject.com\/news\/pt-pt\/wp-json\/wp\/v2\/users\/1"}],"replies":[{"embeddable":true,"href":"https:\/\/appsaf.apieproject.com\/news\/pt-pt\/wp-json\/wp\/v2\/comments?post=797"}],"version-history":[{"count":1,"href":"https:\/\/appsaf.apieproject.com\/news\/pt-pt\/wp-json\/wp\/v2\/posts\/797\/revisions"}],"predecessor-version":[{"id":801,"href":"https:\/\/appsaf.apieproject.com\/news\/pt-pt\/wp-json\/wp\/v2\/posts\/797\/revisions\/801"}],"wp:featuredmedia":[{"embeddable":true,"href":"https:\/\/appsaf.apieproject.com\/news\/pt-pt\/wp-json\/wp\/v2\/media\/798"}],"wp:attachment":[{"href":"https:\/\/appsaf.apieproject.com\/news\/pt-pt\/wp-json\/wp\/v2\/media?parent=797"}],"wp:term":[{"taxonomy":"category","embeddable":true,"href":"https:\/\/appsaf.apieproject.com\/news\/pt-pt\/wp-json\/wp\/v2\/categories?post=797"},{"taxonomy":"post_tag","embeddable":true,"href":"https:\/\/appsaf.apieproject.com\/news\/pt-pt\/wp-json\/wp\/v2\/tags?post=797"}],"curies":[{"name":"wp","href":"https:\/\/api.w.org\/{rel}","templated":true}]}}